{"id":31607,"date":"2025-02-08T18:32:40","date_gmt":"2025-02-08T17:32:40","guid":{"rendered":"https:\/\/www.article-marketing.eu\/comunicatistampa\/?p=31607"},"modified":"2025-02-08T18:32:40","modified_gmt":"2025-02-08T17:32:40","slug":"tim-lad-pietro-labriola-annuncia-lalleanza-con-alaian-allitw-di-torino","status":"publish","type":"post","link":"https:\/\/www.article-marketing.eu\/comunicatistampa\/tim-lad-pietro-labriola-annuncia-lalleanza-con-alaian-allitw-di-torino\/","title":{"rendered":"TIM: l\u2019AD Pietro Labriola annuncia l\u2019alleanza con Alaian all\u2019ITW di Torino"},"content":{"rendered":"<p><em><strong>A margine dell\u2019Italian Tech Week di Torino, l\u2019Amministratore Delegato di TIM <a title=\"Pietro Labriola, AD di Tim: &quot;Non siamo un istituto di carit\u00e0 e dobbiamo dare un rendimento ai nostri azionisti&quot;\" href=\"https:\/\/www.repubblica.it\/tecnologia\/dossier\/italian-tech-week-2024\/2024\/10\/02\/video\/itw_2024_labriola_tim_la_nostra_strategia_e_tornare_a_generare_utile_non_siamo_un_istituto_di_carita_e_dobbiamo_dare_un-423532025\/\">Pietro Labriola<\/a> ha rilasciato un\u2019intervista nella quale ha parlato della rivoluzione che potrebbe investire il settore tlc e del rapporto del Gruppo con le start up, alla luce anche dell\u2019annuncio dell\u2019alleanza con Alaian.<\/strong><\/em><\/p>\n<p><a title=\"Repubblica, L'AD di Tim Pietro Labriola: &quot;La nostra strategia \u00e8 tornare a generare utile&quot;\" href=\"https:\/\/www.repubblica.it\/tecnologia\/dossier\/italian-tech-week-2024\/2024\/10\/02\/video\/itw_2024_labriola_tim_la_nostra_strategia_e_tornare_a_generare_utile_non_siamo_un_istituto_di_carita_e_dobbiamo_dare_un-423532025\/\"><img loading=\"lazy\" decoding=\"async\" src=\"https:\/\/www.executivemanager.it\/images\/comprofiler\/629_6548f0e0b9ec7.jpg\" alt=\"Pietro Labriola\" width=\"300\" height=\"217\" \/><\/a><\/p>\n<h2>Pietro Labriola: \u201c<em>Siamo all\u2019alba di una possibile rivoluzione<\/em>\u201d<\/h2>\n<p>Il settore delle tlc in Italia sembra essere \u201c<em>all\u2019alba di una possibile rivoluzione<\/em>\u201d. \u00c8 quanto riferito dall\u2019Amministratore Delegato di TIM <strong>Pietro Labriola<\/strong> in un\u2019intervista rilasciata a \u201cRepubblica\u201d. Secondo il manager bisogna infatti \u201c<em>essere ottimisti<\/em>\u201d perch\u00e9 \u201c<em>dopo tanti anni si parla della necessit\u00e0 di rivedere le politiche industriali e la regolamentazione in Europa e, conseguentemente, in Italia<\/em>\u201d. Se in Paesi come Stati Uniti, Brasile, Cina e India sono presenti fino a quattro operatori, in Europa il numero \u00e8 significativamente maggiore. Inoltre, vivendo ormai in un mondo digitale, \u00e8 necessario comprendere l\u2019importanza delle reti di telecomunicazione. \u201c<em>Le reti di telecomunicazione non si costruiscono da sole<\/em>\u201d, ha evidenziato <strong>Pietro Labriola<\/strong>. Poi ha aggiunto: \u201c<em>Bisogna permettere agli operatori di telecomunicazioni di avere l\u2019adeguato ritorno sull\u2019investimento per poter tornare a investire. Le reti in fibra e le reti 5G sono fondamentali. \u00c8 chiaro che noi dobbiamo fare il nostro lavoro come aziende e avere le corrette attivit\u00e0 di marketing per spiegare cosa si pu\u00f2 fare con tutta la componente digitale<\/em>\u201d.<\/p>\n<h2>Pietro Labriola: l\u2019alleanza con Alaian e il rapporto di TIM con le start up<\/h2>\n<p>Dal palco dell\u2019Italian Tech Week di Torino, l\u2019AD <a title=\"Repubblica, l'intervista all'Amministratore Delegato di Tim Pietro Labriola a margine dell'ITW 2024\" href=\"https:\/\/www.repubblica.it\/tecnologia\/dossier\/italian-tech-week-2024\/2024\/10\/02\/video\/itw_2024_labriola_tim_la_nostra_strategia_e_tornare_a_generare_utile_non_siamo_un_istituto_di_carita_e_dobbiamo_dare_un-423532025\/\"><strong>Pietro Labriola<\/strong><\/a> ha annunciato l\u2019ingresso di TIM in Alaian, per un\u2019alleanza dedicata all\u2019open innovation. \u201c<em>Il nostro accordo con Alaian \u00e8 l\u2019esportazione di un modello che abbiamo incominciato a gestire negli ultimi due o tre anni<\/em> \u2013 ha spiegato il manager \u2013 <em>L\u2019innovazione molto spesso in aziende come la nostra non c\u2019\u00e8 pi\u00f9. Essa arriva o dai grandi fornitori oppure dalle piccole start up<\/em>\u201d. Come TIM, il Gruppo rappresenta un importante acceleratore per la crescita di queste ultime. \u201c<em>Abbiamo cominciato un po\u2019 di tempo fa a selezionare alcune start up e mettere a disposizione le nostre infrastrutture per permettergli l\u2019accelerazione e la crescita<\/em>\u201d, ha dichiarato l\u2019AD. \u201c<em>Mettendo a disposizione la nostra capacit\u00e0 di vendere, la nostra capacit\u00e0 di fatturare, il nostro brand e i nostri clienti, siamo un grandissimo acceleratore. Scegliamo le start up sulle quali riteniamo ci sia opportunit\u00e0 di crescita e mettiamo le nostre strutture a disposizione per la crescita. Lo abbiamo fatto negli ultimi due anni in Italia. Ora, attraverso questa alleanza, esportiamo il modello anche all\u2019estero, dando la possibilit\u00e0 alle start up di avere come mercato di riferimento non solo l\u2019Italia ma anche gli altri Paesi dove ci sono i nostri partner<\/em>\u201d, ha concluso <strong>Pietro Labriola<\/strong>.<\/p>\n","protected":false},"excerpt":{"rendered":"<p>L\u2019AD di TIM Pietro Labriola ha annunciato l\u2019alleanza con Alaian, mirata all\u2019open innovation. Questa collaborazione permetter\u00e0 al Gruppo di esportare un modello gi\u00e0 avviato con le start up.<\/p>\n","protected":false},"author":6477,"featured_media":0,"comment_status":"open","ping_status":"open","sticky":false,"template":"","format":"standard","meta":{"_monsterinsights_skip_tracking":false,"_monsterinsights_sitenote_active":false,"_monsterinsights_sitenote_note":"","_monsterinsights_sitenote_category":0,"footnotes":""},"categories":[355],"tags":[10949],"class_list":["post-31607","post","type-post","status-publish","format-standard","hentry","category-telecomunicazioni","tag-pietro-labriola"],"yoast_head":"<!-- This site is optimized with the Yoast SEO plugin v27.3 - https:\/\/yoast.com\/product\/yoast-seo-wordpress\/ -->\n<title>TIM: l\u2019AD Pietro Labriola annuncia l\u2019alleanza con Alaian all\u2019ITW di Torino<\/title>\n<meta name=\"description\" content=\"L\u2019AD di TIM Pietro Labriola ha annunciato l\u2019alleanza con Alaian, mirata all\u2019open innovation. Questa collaborazione permetter\u00e0 al Gruppo di esportare un modello gi\u00e0 avviato con le start up.\" \/>\n<meta name=\"robots\" content=\"index, follow, max-snippet:-1, max-image-preview:large, max-video-preview:-1\" \/>\n<link rel=\"canonical\" href=\"https:\/\/www.article-marketing.eu\/comunicatistampa\/tim-lad-pietro-labriola-annuncia-lalleanza-con-alaian-allitw-di-torino\/\" \/>\n<meta property=\"og:locale\" content=\"it_IT\" \/>\n<meta property=\"og:type\" content=\"article\" \/>\n<meta property=\"og:title\" content=\"TIM: l\u2019AD Pietro Labriola annuncia l\u2019alleanza con Alaian all\u2019ITW di Torino\" \/>\n<meta property=\"og:description\" content=\"L\u2019AD di TIM Pietro Labriola ha annunciato l\u2019alleanza con Alaian, mirata all\u2019open innovation. Questa collaborazione permetter\u00e0 al Gruppo di esportare un modello gi\u00e0 avviato con le start up.\" \/>\n<meta property=\"og:url\" content=\"https:\/\/www.article-marketing.eu\/comunicatistampa\/tim-lad-pietro-labriola-annuncia-lalleanza-con-alaian-allitw-di-torino\/\" \/>\n<meta property=\"og:site_name\" content=\"Article Marketing\" \/>\n<meta property=\"article:published_time\" content=\"2025-02-08T17:32:40+00:00\" \/>\n<meta property=\"og:image\" content=\"https:\/\/www.executivemanager.it\/images\/comprofiler\/629_6548f0e0b9ec7.jpg\" \/>\n<meta name=\"author\" content=\"articolinews\" \/>\n<meta name=\"twitter:card\" content=\"summary_large_image\" \/>\n<meta name=\"twitter:label1\" content=\"Scritto da\" \/>\n\t<meta name=\"twitter:data1\" content=\"articolinews\" \/>\n\t<meta name=\"twitter:label2\" content=\"Tempo di lettura stimato\" \/>\n\t<meta name=\"twitter:data2\" content=\"3 minuti\" \/>\n<script type=\"application\/ld+json\" class=\"yoast-schema-graph\">{\"@context\":\"https:\\\/\\\/schema.org\",\"@graph\":[{\"@type\":\"Article\",\"@id\":\"https:\\\/\\\/www.article-marketing.eu\\\/comunicatistampa\\\/tim-lad-pietro-labriola-annuncia-lalleanza-con-alaian-allitw-di-torino\\\/#article\",\"isPartOf\":{\"@id\":\"https:\\\/\\\/www.article-marketing.eu\\\/comunicatistampa\\\/tim-lad-pietro-labriola-annuncia-lalleanza-con-alaian-allitw-di-torino\\\/\"},\"author\":{\"name\":\"articolinews\",\"@id\":\"https:\\\/\\\/www.article-marketing.eu\\\/comunicatistampa\\\/#\\\/schema\\\/person\\\/2fcaf8f8f3a9eef9eb7f27532d3ca458\"},\"headline\":\"TIM: l\u2019AD Pietro Labriola annuncia l\u2019alleanza con Alaian all\u2019ITW di Torino\",\"datePublished\":\"2025-02-08T17:32:40+00:00\",\"mainEntityOfPage\":{\"@id\":\"https:\\\/\\\/www.article-marketing.eu\\\/comunicatistampa\\\/tim-lad-pietro-labriola-annuncia-lalleanza-con-alaian-allitw-di-torino\\\/\"},\"wordCount\":469,\"commentCount\":0,\"image\":{\"@id\":\"https:\\\/\\\/www.article-marketing.eu\\\/comunicatistampa\\\/tim-lad-pietro-labriola-annuncia-lalleanza-con-alaian-allitw-di-torino\\\/#primaryimage\"},\"thumbnailUrl\":\"https:\\\/\\\/www.executivemanager.it\\\/images\\\/comprofiler\\\/629_6548f0e0b9ec7.jpg\",\"keywords\":[\"Pietro Labriola\"],\"articleSection\":[\"Telecomunicazioni\"],\"inLanguage\":\"it-IT\",\"potentialAction\":[{\"@type\":\"CommentAction\",\"name\":\"Comment\",\"target\":[\"https:\\\/\\\/www.article-marketing.eu\\\/comunicatistampa\\\/tim-lad-pietro-labriola-annuncia-lalleanza-con-alaian-allitw-di-torino\\\/#respond\"]}]},{\"@type\":\"WebPage\",\"@id\":\"https:\\\/\\\/www.article-marketing.eu\\\/comunicatistampa\\\/tim-lad-pietro-labriola-annuncia-lalleanza-con-alaian-allitw-di-torino\\\/\",\"url\":\"https:\\\/\\\/www.article-marketing.eu\\\/comunicatistampa\\\/tim-lad-pietro-labriola-annuncia-lalleanza-con-alaian-allitw-di-torino\\\/\",\"name\":\"TIM: l\u2019AD Pietro Labriola annuncia l\u2019alleanza con Alaian all\u2019ITW di Torino\",\"isPartOf\":{\"@id\":\"https:\\\/\\\/www.article-marketing.eu\\\/comunicatistampa\\\/#website\"},\"primaryImageOfPage\":{\"@id\":\"https:\\\/\\\/www.article-marketing.eu\\\/comunicatistampa\\\/tim-lad-pietro-labriola-annuncia-lalleanza-con-alaian-allitw-di-torino\\\/#primaryimage\"},\"image\":{\"@id\":\"https:\\\/\\\/www.article-marketing.eu\\\/comunicatistampa\\\/tim-lad-pietro-labriola-annuncia-lalleanza-con-alaian-allitw-di-torino\\\/#primaryimage\"},\"thumbnailUrl\":\"https:\\\/\\\/www.executivemanager.it\\\/images\\\/comprofiler\\\/629_6548f0e0b9ec7.jpg\",\"datePublished\":\"2025-02-08T17:32:40+00:00\",\"author\":{\"@id\":\"https:\\\/\\\/www.article-marketing.eu\\\/comunicatistampa\\\/#\\\/schema\\\/person\\\/2fcaf8f8f3a9eef9eb7f27532d3ca458\"},\"description\":\"L\u2019AD di TIM Pietro Labriola ha annunciato l\u2019alleanza con Alaian, mirata all\u2019open innovation. Questa collaborazione permetter\u00e0 al Gruppo di esportare un modello gi\u00e0 avviato con le start up.\",\"breadcrumb\":{\"@id\":\"https:\\\/\\\/www.article-marketing.eu\\\/comunicatistampa\\\/tim-lad-pietro-labriola-annuncia-lalleanza-con-alaian-allitw-di-torino\\\/#breadcrumb\"},\"inLanguage\":\"it-IT\",\"potentialAction\":[{\"@type\":\"ReadAction\",\"target\":[\"https:\\\/\\\/www.article-marketing.eu\\\/comunicatistampa\\\/tim-lad-pietro-labriola-annuncia-lalleanza-con-alaian-allitw-di-torino\\\/\"]}]},{\"@type\":\"ImageObject\",\"inLanguage\":\"it-IT\",\"@id\":\"https:\\\/\\\/www.article-marketing.eu\\\/comunicatistampa\\\/tim-lad-pietro-labriola-annuncia-lalleanza-con-alaian-allitw-di-torino\\\/#primaryimage\",\"url\":\"https:\\\/\\\/www.executivemanager.it\\\/images\\\/comprofiler\\\/629_6548f0e0b9ec7.jpg\",\"contentUrl\":\"https:\\\/\\\/www.executivemanager.it\\\/images\\\/comprofiler\\\/629_6548f0e0b9ec7.jpg\"},{\"@type\":\"BreadcrumbList\",\"@id\":\"https:\\\/\\\/www.article-marketing.eu\\\/comunicatistampa\\\/tim-lad-pietro-labriola-annuncia-lalleanza-con-alaian-allitw-di-torino\\\/#breadcrumb\",\"itemListElement\":[{\"@type\":\"ListItem\",\"position\":1,\"name\":\"Home\",\"item\":\"https:\\\/\\\/www.article-marketing.eu\\\/comunicatistampa\\\/\"},{\"@type\":\"ListItem\",\"position\":2,\"name\":\"TIM: l\u2019AD Pietro Labriola annuncia l\u2019alleanza con Alaian all\u2019ITW di Torino\"}]},{\"@type\":\"WebSite\",\"@id\":\"https:\\\/\\\/www.article-marketing.eu\\\/comunicatistampa\\\/#website\",\"url\":\"https:\\\/\\\/www.article-marketing.eu\\\/comunicatistampa\\\/\",\"name\":\"Article Marketing\",\"description\":\"article marketing &amp; press release\",\"potentialAction\":[{\"@type\":\"SearchAction\",\"target\":{\"@type\":\"EntryPoint\",\"urlTemplate\":\"https:\\\/\\\/www.article-marketing.eu\\\/comunicatistampa\\\/?s={search_term_string}\"},\"query-input\":{\"@type\":\"PropertyValueSpecification\",\"valueRequired\":true,\"valueName\":\"search_term_string\"}}],\"inLanguage\":\"it-IT\"},{\"@type\":\"Person\",\"@id\":\"https:\\\/\\\/www.article-marketing.eu\\\/comunicatistampa\\\/#\\\/schema\\\/person\\\/2fcaf8f8f3a9eef9eb7f27532d3ca458\",\"name\":\"articolinews\",\"image\":{\"@type\":\"ImageObject\",\"inLanguage\":\"it-IT\",\"@id\":\"https:\\\/\\\/secure.gravatar.com\\\/avatar\\\/9e2a264bab04e17dea24d937c9956304649a848cb73c46747a692ff1bdeb1cb7?s=96&d=mm&r=g\",\"url\":\"https:\\\/\\\/secure.gravatar.com\\\/avatar\\\/9e2a264bab04e17dea24d937c9956304649a848cb73c46747a692ff1bdeb1cb7?s=96&d=mm&r=g\",\"contentUrl\":\"https:\\\/\\\/secure.gravatar.com\\\/avatar\\\/9e2a264bab04e17dea24d937c9956304649a848cb73c46747a692ff1bdeb1cb7?s=96&d=mm&r=g\",\"caption\":\"articolinews\"},\"url\":\"https:\\\/\\\/www.article-marketing.eu\\\/comunicatistampa\\\/author\\\/articolinews\\\/\"}]}<\/script>\n<!-- \/ Yoast SEO plugin. -->","yoast_head_json":{"title":"TIM: l\u2019AD Pietro Labriola annuncia l\u2019alleanza con Alaian all\u2019ITW di Torino","description":"L\u2019AD di TIM Pietro Labriola ha annunciato l\u2019alleanza con Alaian, mirata all\u2019open innovation. Questa collaborazione permetter\u00e0 al Gruppo di esportare un modello gi\u00e0 avviato con le start up.","robots":{"index":"index","follow":"follow","max-snippet":"max-snippet:-1","max-image-preview":"max-image-preview:large","max-video-preview":"max-video-preview:-1"},"canonical":"https:\/\/www.article-marketing.eu\/comunicatistampa\/tim-lad-pietro-labriola-annuncia-lalleanza-con-alaian-allitw-di-torino\/","og_locale":"it_IT","og_type":"article","og_title":"TIM: l\u2019AD Pietro Labriola annuncia l\u2019alleanza con Alaian all\u2019ITW di Torino","og_description":"L\u2019AD di TIM Pietro Labriola ha annunciato l\u2019alleanza con Alaian, mirata all\u2019open innovation. Questa collaborazione permetter\u00e0 al Gruppo di esportare un modello gi\u00e0 avviato con le start up.","og_url":"https:\/\/www.article-marketing.eu\/comunicatistampa\/tim-lad-pietro-labriola-annuncia-lalleanza-con-alaian-allitw-di-torino\/","og_site_name":"Article Marketing","article_published_time":"2025-02-08T17:32:40+00:00","og_image":[{"url":"https:\/\/www.executivemanager.it\/images\/comprofiler\/629_6548f0e0b9ec7.jpg","type":"","width":"","height":""}],"author":"articolinews","twitter_card":"summary_large_image","twitter_misc":{"Scritto da":"articolinews","Tempo di lettura stimato":"3 minuti"},"schema":{"@context":"https:\/\/schema.org","@graph":[{"@type":"Article","@id":"https:\/\/www.article-marketing.eu\/comunicatistampa\/tim-lad-pietro-labriola-annuncia-lalleanza-con-alaian-allitw-di-torino\/#article","isPartOf":{"@id":"https:\/\/www.article-marketing.eu\/comunicatistampa\/tim-lad-pietro-labriola-annuncia-lalleanza-con-alaian-allitw-di-torino\/"},"author":{"name":"articolinews","@id":"https:\/\/www.article-marketing.eu\/comunicatistampa\/#\/schema\/person\/2fcaf8f8f3a9eef9eb7f27532d3ca458"},"headline":"TIM: l\u2019AD Pietro Labriola annuncia l\u2019alleanza con Alaian all\u2019ITW di Torino","datePublished":"2025-02-08T17:32:40+00:00","mainEntityOfPage":{"@id":"https:\/\/www.article-marketing.eu\/comunicatistampa\/tim-lad-pietro-labriola-annuncia-lalleanza-con-alaian-allitw-di-torino\/"},"wordCount":469,"commentCount":0,"image":{"@id":"https:\/\/www.article-marketing.eu\/comunicatistampa\/tim-lad-pietro-labriola-annuncia-lalleanza-con-alaian-allitw-di-torino\/#primaryimage"},"thumbnailUrl":"https:\/\/www.executivemanager.it\/images\/comprofiler\/629_6548f0e0b9ec7.jpg","keywords":["Pietro Labriola"],"articleSection":["Telecomunicazioni"],"inLanguage":"it-IT","potentialAction":[{"@type":"CommentAction","name":"Comment","target":["https:\/\/www.article-marketing.eu\/comunicatistampa\/tim-lad-pietro-labriola-annuncia-lalleanza-con-alaian-allitw-di-torino\/#respond"]}]},{"@type":"WebPage","@id":"https:\/\/www.article-marketing.eu\/comunicatistampa\/tim-lad-pietro-labriola-annuncia-lalleanza-con-alaian-allitw-di-torino\/","url":"https:\/\/www.article-marketing.eu\/comunicatistampa\/tim-lad-pietro-labriola-annuncia-lalleanza-con-alaian-allitw-di-torino\/","name":"TIM: l\u2019AD Pietro Labriola annuncia l\u2019alleanza con Alaian all\u2019ITW di Torino","isPartOf":{"@id":"https:\/\/www.article-marketing.eu\/comunicatistampa\/#website"},"primaryImageOfPage":{"@id":"https:\/\/www.article-marketing.eu\/comunicatistampa\/tim-lad-pietro-labriola-annuncia-lalleanza-con-alaian-allitw-di-torino\/#primaryimage"},"image":{"@id":"https:\/\/www.article-marketing.eu\/comunicatistampa\/tim-lad-pietro-labriola-annuncia-lalleanza-con-alaian-allitw-di-torino\/#primaryimage"},"thumbnailUrl":"https:\/\/www.executivemanager.it\/images\/comprofiler\/629_6548f0e0b9ec7.jpg","datePublished":"2025-02-08T17:32:40+00:00","author":{"@id":"https:\/\/www.article-marketing.eu\/comunicatistampa\/#\/schema\/person\/2fcaf8f8f3a9eef9eb7f27532d3ca458"},"description":"L\u2019AD di TIM Pietro Labriola ha annunciato l\u2019alleanza con Alaian, mirata all\u2019open innovation. Questa collaborazione permetter\u00e0 al Gruppo di esportare un modello gi\u00e0 avviato con le start up.","breadcrumb":{"@id":"https:\/\/www.article-marketing.eu\/comunicatistampa\/tim-lad-pietro-labriola-annuncia-lalleanza-con-alaian-allitw-di-torino\/#breadcrumb"},"inLanguage":"it-IT","potentialAction":[{"@type":"ReadAction","target":["https:\/\/www.article-marketing.eu\/comunicatistampa\/tim-lad-pietro-labriola-annuncia-lalleanza-con-alaian-allitw-di-torino\/"]}]},{"@type":"ImageObject","inLanguage":"it-IT","@id":"https:\/\/www.article-marketing.eu\/comunicatistampa\/tim-lad-pietro-labriola-annuncia-lalleanza-con-alaian-allitw-di-torino\/#primaryimage","url":"https:\/\/www.executivemanager.it\/images\/comprofiler\/629_6548f0e0b9ec7.jpg","contentUrl":"https:\/\/www.executivemanager.it\/images\/comprofiler\/629_6548f0e0b9ec7.jpg"},{"@type":"BreadcrumbList","@id":"https:\/\/www.article-marketing.eu\/comunicatistampa\/tim-lad-pietro-labriola-annuncia-lalleanza-con-alaian-allitw-di-torino\/#breadcrumb","itemListElement":[{"@type":"ListItem","position":1,"name":"Home","item":"https:\/\/www.article-marketing.eu\/comunicatistampa\/"},{"@type":"ListItem","position":2,"name":"TIM: l\u2019AD Pietro Labriola annuncia l\u2019alleanza con Alaian all\u2019ITW di Torino"}]},{"@type":"WebSite","@id":"https:\/\/www.article-marketing.eu\/comunicatistampa\/#website","url":"https:\/\/www.article-marketing.eu\/comunicatistampa\/","name":"Article Marketing","description":"article marketing &amp; press release","potentialAction":[{"@type":"SearchAction","target":{"@type":"EntryPoint","urlTemplate":"https:\/\/www.article-marketing.eu\/comunicatistampa\/?s={search_term_string}"},"query-input":{"@type":"PropertyValueSpecification","valueRequired":true,"valueName":"search_term_string"}}],"inLanguage":"it-IT"},{"@type":"Person","@id":"https:\/\/www.article-marketing.eu\/comunicatistampa\/#\/schema\/person\/2fcaf8f8f3a9eef9eb7f27532d3ca458","name":"articolinews","image":{"@type":"ImageObject","inLanguage":"it-IT","@id":"https:\/\/secure.gravatar.com\/avatar\/9e2a264bab04e17dea24d937c9956304649a848cb73c46747a692ff1bdeb1cb7?s=96&d=mm&r=g","url":"https:\/\/secure.gravatar.com\/avatar\/9e2a264bab04e17dea24d937c9956304649a848cb73c46747a692ff1bdeb1cb7?s=96&d=mm&r=g","contentUrl":"https:\/\/secure.gravatar.com\/avatar\/9e2a264bab04e17dea24d937c9956304649a848cb73c46747a692ff1bdeb1cb7?s=96&d=mm&r=g","caption":"articolinews"},"url":"https:\/\/www.article-marketing.eu\/comunicatistampa\/author\/articolinews\/"}]}},"_links":{"self":[{"href":"https:\/\/www.article-marketing.eu\/comunicatistampa\/wp-json\/wp\/v2\/posts\/31607","targetHints":{"allow":["GET"]}}],"collection":[{"href":"https:\/\/www.article-marketing.eu\/comunicatistampa\/wp-json\/wp\/v2\/posts"}],"about":[{"href":"https:\/\/www.article-marketing.eu\/comunicatistampa\/wp-json\/wp\/v2\/types\/post"}],"author":[{"embeddable":true,"href":"https:\/\/www.article-marketing.eu\/comunicatistampa\/wp-json\/wp\/v2\/users\/6477"}],"replies":[{"embeddable":true,"href":"https:\/\/www.article-marketing.eu\/comunicatistampa\/wp-json\/wp\/v2\/comments?post=31607"}],"version-history":[{"count":3,"href":"https:\/\/www.article-marketing.eu\/comunicatistampa\/wp-json\/wp\/v2\/posts\/31607\/revisions"}],"predecessor-version":[{"id":32118,"href":"https:\/\/www.article-marketing.eu\/comunicatistampa\/wp-json\/wp\/v2\/posts\/31607\/revisions\/32118"}],"wp:attachment":[{"href":"https:\/\/www.article-marketing.eu\/comunicatistampa\/wp-json\/wp\/v2\/media?parent=31607"}],"wp:term":[{"taxonomy":"category","embeddable":true,"href":"https:\/\/www.article-marketing.eu\/comunicatistampa\/wp-json\/wp\/v2\/categories?post=31607"},{"taxonomy":"post_tag","embeddable":true,"href":"https:\/\/www.article-marketing.eu\/comunicatistampa\/wp-json\/wp\/v2\/tags?post=31607"}],"curies":[{"name":"wp","href":"https:\/\/api.w.org\/{rel}","templated":true}]}}