{"id":31611,"date":"2025-02-08T18:33:06","date_gmt":"2025-02-08T17:33:06","guid":{"rendered":"https:\/\/www.article-marketing.eu\/comunicatistampa\/?p=31611"},"modified":"2025-02-08T18:33:06","modified_gmt":"2025-02-08T17:33:06","slug":"gian-maria-mossa-vogliamo-entrare-in-una-nuova-fase-del-concetto-di-protezione-patrimoniale","status":"publish","type":"post","link":"https:\/\/www.article-marketing.eu\/comunicatistampa\/gian-maria-mossa-vogliamo-entrare-in-una-nuova-fase-del-concetto-di-protezione-patrimoniale\/","title":{"rendered":"Gian Maria Mossa: \u201cVogliamo entrare in una nuova fase del concetto di protezione patrimoniale\u201d"},"content":{"rendered":"<p><em><strong>\u201cEssere motore del sistema ci piace ancora di pi\u00f9, perch\u00e9 facciamo bene ai nostri clienti, alla banca, ma anche al Paese stesso\u201d: l\u2019intervista del \u201cCorriere della Sera\u201d all\u2019AD di Banca Generali <a title=\"L'intervista del &quot;Corriere della Sera&quot; a Gian Maria Mossa\" href=\"https:\/\/www.corriere.it\/economia\/finanza\/24_ottobre_09\/banca-generali-il-ruggito-del-leoncino-i-piani-di-mossa-dopo-l-acquisizione-di-intermonte-d5452dca-0d7c-4049-bf6f-a797b170bxlk.shtml\">Gian Maria Mossa<\/a> all\u2019indomani dell\u2019annuncio del lancio di un\u2019opa su Intermonte.<\/strong><\/em><\/p>\n<p><a title=\"&quot;Corriere della Sera&quot;: Banca Generali, i piani di Gian Maria Mossa dopo l'acquisizione di Intermonte\" href=\"https:\/\/www.corriere.it\/economia\/finanza\/24_ottobre_09\/banca-generali-il-ruggito-del-leoncino-i-piani-di-mossa-dopo-l-acquisizione-di-intermonte-d5452dca-0d7c-4049-bf6f-a797b170bxlk.shtml\"><img loading=\"lazy\" decoding=\"async\" src=\"https:\/\/h2biz.net\/images\/Plats\/crop_min_20230314064355.jpg\" alt=\"Gian Maria Mossa\" width=\"200\" height=\"200\" \/><\/a><\/p>\n<h2>Gian Maria Mossa: la vision di Banca Generali dietro l\u2019operazione su Intermonte nell\u2019intervista all\u2019AD<\/h2>\n<p>\u201c<em>Noi vogliamo entrare in una nuova fase del concetto di protezione patrimoniale\u201d<\/em>, ha spiegato l\u2019AD <strong>Gian Maria Mossa<\/strong> al \u201cCorriere della Sera\u201d parlando dell\u2019operazione su Intermonte annunciata lo scorso 16 settembre. \u201c<em>Noi siamo diventati quello che siamo perch\u00e9 siamo riusciti a costruire relazioni molto forti, di lungo periodo, tra il nostro\u00a0banker\u00a0e il cliente di riferimento. Ci rendiamo conto che sempre pi\u00f9 spesso l\u2019imprenditore ha bisogno di essere accompagnato, in una logica di protezione, a ragionare in modo pi\u00f9 ampio sull\u2019azienda e riuscire a internalizzare le competenze in quest\u2019ambito ci porta a un livello superiore di consulenza allargata, globale<\/em>\u201d, ha aggiunto <strong>Gian Maria Mossa<\/strong> sottolineando la vision dietro l\u2019operazione. Nell\u2019intervista pubblicata lo scorso 23 settembre all\u2019interno dell\u2019inserto \u201cL\u2019Economia\u201d, l\u2019AD di Banca Generali ha evidenziato anche che \u201c<em>per una banca come la nostra, che gestisce clientela rilevante e che ha quote di amministrato molto importanti, avere delle eccellenze nell\u2019intermediazione di azioni e di derivati aggiunge un pezzo alla catena del valore<\/em>\u201d.<\/p>\n<h2>Gian Maria Mossa (Banca Generali): persone di fiducia, a fianco del cliente, nel lungo periodo<\/h2>\n<p><a title=\"Gian Maria Mossa, AD di Banca Generali, intervistato dal &quot;Corriere della Sera&quot;\" href=\"https:\/\/www.corriere.it\/economia\/finanza\/24_ottobre_09\/banca-generali-il-ruggito-del-leoncino-i-piani-di-mossa-dopo-l-acquisizione-di-intermonte-d5452dca-0d7c-4049-bf6f-a797b170bxlk.shtml\"><strong>Gian Maria Mossa<\/strong><\/a> si \u00e8 quindi soffermato anche sui vantaggi per i clienti: \u201c<em>L\u2019imprenditore pu\u00f2 contare sul rapporto di fiducia con il\u00a0banker. Un rapporto di lunga data\u201d. <\/em>Il limite di alcuni operatori nel\u00a0capital market\u00a0\u00e8 il \u201c<em>mordi e fuggi<\/em>\u201d secondo l\u2019AD di Banca Generali:<em> \u201cManca l\u2019idea di dare una continuit\u00e0 alla relazione che \u00e8 invece il concetto su cui facciamo leva: persone di fiducia, a fianco del cliente, nel lungo periodo<\/em>. <em>Siamo convinti che in un contesto come questo ci sia bisogno di capitali per le imprese e c\u2019\u00e8 bisogno di affiancare l\u2019imprenditore nel momento di affrontare scelte di\u00a0governance, di passaggio generazionale e di innovazione. Internalizzare alcune\u00a0capabilities\u00a0rende pi\u00f9 solido tutto il progetto\u201d<\/em>. Nell\u2019intervista emerge inoltre anche la consapevolezza del ruolo di responsabilit\u00e0 che un Istituto come Banca Generali gioca in un momento di profondo cambiamento come quello attuale: \u201c<em>Siamo a un punto di minimo. Nel 2023 c&#8217;\u00e8 stata la grande crisi delle PMI quotate. Abbiamo per\u00f2 davanti un momento di ripresa che si prospetta sia ciclica, quindi con presupposti economici, i tassi, l&#8217;economia, sia congiunturale-politica perch\u00e9 c&#8217;\u00e8 sempre pi\u00f9 bisogno della comprensione della necessit\u00e0 di muoversi tutti nell&#8217;avvicinare i capitali alle imprese\u201d. <\/em>\u00c8 un<em> \u201ctema italiano, europeo\u201d <\/em>che occorre necessariamente svolgere per ripartire il sistema, osserva <strong>Gian Maria Mossa<\/strong>:<em> \u201cEcco che allora essere motore del sistema ci piace ancora di pi\u00f9, perch\u00e9 facciamo bene ai nostri clienti, alla banca, ma anche al Paese stesso<\/em>\u201d.<\/p>\n","protected":false},"excerpt":{"rendered":"<p>\u201cManca l\u2019idea di dare una continuit\u00e0 alla relazione che \u00e8 invece il concetto su cui facciamo leva: persone di fiducia, a fianco del cliente, nel lungo periodo\u201d, spiega l\u2019AD di Banca Generali Gian Maria Mossa al \u201cCorriere della Sera\u201d.<\/p>\n","protected":false},"author":7095,"featured_media":0,"comment_status":"open","ping_status":"open","sticky":false,"template":"","format":"standard","meta":{"_monsterinsights_skip_tracking":false,"_monsterinsights_sitenote_active":false,"_monsterinsights_sitenote_note":"","_monsterinsights_sitenote_category":0,"footnotes":""},"categories":[388],"tags":[10551],"class_list":["post-31611","post","type-post","status-publish","format-standard","hentry","category-aziende","tag-gian-maria-mossa"],"yoast_head":"<!-- This site is optimized with the Yoast SEO plugin v27.3 - https:\/\/yoast.com\/product\/yoast-seo-wordpress\/ -->\n<title>Gian Maria Mossa: \u201cVogliamo entrare in una nuova fase del concetto di protezione patrimoniale\u201d<\/title>\n<meta name=\"description\" content=\"\u201cManca l\u2019idea di dare una continuit\u00e0 alla relazione che \u00e8 invece il concetto su cui facciamo leva: persone di fiducia, a fianco del cliente, nel lungo periodo\u201d, spiega l\u2019AD di Banca Generali Gian Maria Mossa al \u201cCorriere della Sera\u201d.\" \/>\n<meta name=\"robots\" content=\"index, follow, max-snippet:-1, max-image-preview:large, max-video-preview:-1\" \/>\n<link rel=\"canonical\" href=\"https:\/\/www.article-marketing.eu\/comunicatistampa\/gian-maria-mossa-vogliamo-entrare-in-una-nuova-fase-del-concetto-di-protezione-patrimoniale\/\" \/>\n<meta property=\"og:locale\" content=\"it_IT\" \/>\n<meta property=\"og:type\" content=\"article\" \/>\n<meta property=\"og:title\" content=\"Gian Maria Mossa: \u201cVogliamo entrare in una nuova fase del concetto di protezione patrimoniale\u201d\" \/>\n<meta property=\"og:description\" content=\"\u201cManca l\u2019idea di dare una continuit\u00e0 alla relazione che \u00e8 invece il concetto su cui facciamo leva: persone di fiducia, a fianco del cliente, nel lungo periodo\u201d, spiega l\u2019AD di Banca Generali Gian Maria Mossa al \u201cCorriere della Sera\u201d.\" \/>\n<meta property=\"og:url\" content=\"https:\/\/www.article-marketing.eu\/comunicatistampa\/gian-maria-mossa-vogliamo-entrare-in-una-nuova-fase-del-concetto-di-protezione-patrimoniale\/\" \/>\n<meta property=\"og:site_name\" content=\"Article Marketing\" \/>\n<meta property=\"article:published_time\" content=\"2025-02-08T17:33:06+00:00\" \/>\n<meta property=\"og:image\" content=\"https:\/\/h2biz.net\/images\/Plats\/crop_min_20230314064355.jpg\" \/>\n<meta name=\"author\" content=\"bgmediapress\" \/>\n<meta name=\"twitter:card\" content=\"summary_large_image\" \/>\n<meta name=\"twitter:label1\" content=\"Scritto da\" \/>\n\t<meta name=\"twitter:data1\" content=\"bgmediapress\" \/>\n\t<meta name=\"twitter:label2\" content=\"Tempo di lettura stimato\" \/>\n\t<meta name=\"twitter:data2\" content=\"3 minuti\" \/>\n<script type=\"application\/ld+json\" class=\"yoast-schema-graph\">{\"@context\":\"https:\\\/\\\/schema.org\",\"@graph\":[{\"@type\":\"Article\",\"@id\":\"https:\\\/\\\/www.article-marketing.eu\\\/comunicatistampa\\\/gian-maria-mossa-vogliamo-entrare-in-una-nuova-fase-del-concetto-di-protezione-patrimoniale\\\/#article\",\"isPartOf\":{\"@id\":\"https:\\\/\\\/www.article-marketing.eu\\\/comunicatistampa\\\/gian-maria-mossa-vogliamo-entrare-in-una-nuova-fase-del-concetto-di-protezione-patrimoniale\\\/\"},\"author\":{\"name\":\"bgmediapress\",\"@id\":\"https:\\\/\\\/www.article-marketing.eu\\\/comunicatistampa\\\/#\\\/schema\\\/person\\\/404eb964bc74cb8500542618d935464e\"},\"headline\":\"Gian Maria Mossa: \u201cVogliamo entrare in una nuova fase del concetto di protezione patrimoniale\u201d\",\"datePublished\":\"2025-02-08T17:33:06+00:00\",\"mainEntityOfPage\":{\"@id\":\"https:\\\/\\\/www.article-marketing.eu\\\/comunicatistampa\\\/gian-maria-mossa-vogliamo-entrare-in-una-nuova-fase-del-concetto-di-protezione-patrimoniale\\\/\"},\"wordCount\":503,\"commentCount\":0,\"image\":{\"@id\":\"https:\\\/\\\/www.article-marketing.eu\\\/comunicatistampa\\\/gian-maria-mossa-vogliamo-entrare-in-una-nuova-fase-del-concetto-di-protezione-patrimoniale\\\/#primaryimage\"},\"thumbnailUrl\":\"https:\\\/\\\/h2biz.net\\\/images\\\/Plats\\\/crop_min_20230314064355.jpg\",\"keywords\":[\"Gian Maria Mossa\"],\"articleSection\":[\"Aziende\"],\"inLanguage\":\"it-IT\",\"potentialAction\":[{\"@type\":\"CommentAction\",\"name\":\"Comment\",\"target\":[\"https:\\\/\\\/www.article-marketing.eu\\\/comunicatistampa\\\/gian-maria-mossa-vogliamo-entrare-in-una-nuova-fase-del-concetto-di-protezione-patrimoniale\\\/#respond\"]}]},{\"@type\":\"WebPage\",\"@id\":\"https:\\\/\\\/www.article-marketing.eu\\\/comunicatistampa\\\/gian-maria-mossa-vogliamo-entrare-in-una-nuova-fase-del-concetto-di-protezione-patrimoniale\\\/\",\"url\":\"https:\\\/\\\/www.article-marketing.eu\\\/comunicatistampa\\\/gian-maria-mossa-vogliamo-entrare-in-una-nuova-fase-del-concetto-di-protezione-patrimoniale\\\/\",\"name\":\"Gian Maria Mossa: \u201cVogliamo entrare in una nuova fase del concetto di protezione patrimoniale\u201d\",\"isPartOf\":{\"@id\":\"https:\\\/\\\/www.article-marketing.eu\\\/comunicatistampa\\\/#website\"},\"primaryImageOfPage\":{\"@id\":\"https:\\\/\\\/www.article-marketing.eu\\\/comunicatistampa\\\/gian-maria-mossa-vogliamo-entrare-in-una-nuova-fase-del-concetto-di-protezione-patrimoniale\\\/#primaryimage\"},\"image\":{\"@id\":\"https:\\\/\\\/www.article-marketing.eu\\\/comunicatistampa\\\/gian-maria-mossa-vogliamo-entrare-in-una-nuova-fase-del-concetto-di-protezione-patrimoniale\\\/#primaryimage\"},\"thumbnailUrl\":\"https:\\\/\\\/h2biz.net\\\/images\\\/Plats\\\/crop_min_20230314064355.jpg\",\"datePublished\":\"2025-02-08T17:33:06+00:00\",\"author\":{\"@id\":\"https:\\\/\\\/www.article-marketing.eu\\\/comunicatistampa\\\/#\\\/schema\\\/person\\\/404eb964bc74cb8500542618d935464e\"},\"description\":\"\u201cManca l\u2019idea di dare una continuit\u00e0 alla relazione che \u00e8 invece il concetto su cui facciamo leva: persone di fiducia, a fianco del cliente, nel lungo periodo\u201d, spiega l\u2019AD di Banca Generali Gian Maria Mossa al \u201cCorriere della Sera\u201d.\",\"breadcrumb\":{\"@id\":\"https:\\\/\\\/www.article-marketing.eu\\\/comunicatistampa\\\/gian-maria-mossa-vogliamo-entrare-in-una-nuova-fase-del-concetto-di-protezione-patrimoniale\\\/#breadcrumb\"},\"inLanguage\":\"it-IT\",\"potentialAction\":[{\"@type\":\"ReadAction\",\"target\":[\"https:\\\/\\\/www.article-marketing.eu\\\/comunicatistampa\\\/gian-maria-mossa-vogliamo-entrare-in-una-nuova-fase-del-concetto-di-protezione-patrimoniale\\\/\"]}]},{\"@type\":\"ImageObject\",\"inLanguage\":\"it-IT\",\"@id\":\"https:\\\/\\\/www.article-marketing.eu\\\/comunicatistampa\\\/gian-maria-mossa-vogliamo-entrare-in-una-nuova-fase-del-concetto-di-protezione-patrimoniale\\\/#primaryimage\",\"url\":\"https:\\\/\\\/h2biz.net\\\/images\\\/Plats\\\/crop_min_20230314064355.jpg\",\"contentUrl\":\"https:\\\/\\\/h2biz.net\\\/images\\\/Plats\\\/crop_min_20230314064355.jpg\"},{\"@type\":\"BreadcrumbList\",\"@id\":\"https:\\\/\\\/www.article-marketing.eu\\\/comunicatistampa\\\/gian-maria-mossa-vogliamo-entrare-in-una-nuova-fase-del-concetto-di-protezione-patrimoniale\\\/#breadcrumb\",\"itemListElement\":[{\"@type\":\"ListItem\",\"position\":1,\"name\":\"Home\",\"item\":\"https:\\\/\\\/www.article-marketing.eu\\\/comunicatistampa\\\/\"},{\"@type\":\"ListItem\",\"position\":2,\"name\":\"Gian Maria Mossa: \u201cVogliamo entrare in una nuova fase del concetto di protezione patrimoniale\u201d\"}]},{\"@type\":\"WebSite\",\"@id\":\"https:\\\/\\\/www.article-marketing.eu\\\/comunicatistampa\\\/#website\",\"url\":\"https:\\\/\\\/www.article-marketing.eu\\\/comunicatistampa\\\/\",\"name\":\"Article Marketing\",\"description\":\"article marketing &amp; press release\",\"potentialAction\":[{\"@type\":\"SearchAction\",\"target\":{\"@type\":\"EntryPoint\",\"urlTemplate\":\"https:\\\/\\\/www.article-marketing.eu\\\/comunicatistampa\\\/?s={search_term_string}\"},\"query-input\":{\"@type\":\"PropertyValueSpecification\",\"valueRequired\":true,\"valueName\":\"search_term_string\"}}],\"inLanguage\":\"it-IT\"},{\"@type\":\"Person\",\"@id\":\"https:\\\/\\\/www.article-marketing.eu\\\/comunicatistampa\\\/#\\\/schema\\\/person\\\/404eb964bc74cb8500542618d935464e\",\"name\":\"bgmediapress\",\"image\":{\"@type\":\"ImageObject\",\"inLanguage\":\"it-IT\",\"@id\":\"https:\\\/\\\/secure.gravatar.com\\\/avatar\\\/42f75c9f82baff699c42fc56a1917154a05957e73178939d3fe6f017d6f3d0ee?s=96&d=mm&r=g\",\"url\":\"https:\\\/\\\/secure.gravatar.com\\\/avatar\\\/42f75c9f82baff699c42fc56a1917154a05957e73178939d3fe6f017d6f3d0ee?s=96&d=mm&r=g\",\"contentUrl\":\"https:\\\/\\\/secure.gravatar.com\\\/avatar\\\/42f75c9f82baff699c42fc56a1917154a05957e73178939d3fe6f017d6f3d0ee?s=96&d=mm&r=g\",\"caption\":\"bgmediapress\"},\"url\":\"https:\\\/\\\/www.article-marketing.eu\\\/comunicatistampa\\\/author\\\/bgmediapress\\\/\"}]}<\/script>\n<!-- \/ Yoast SEO plugin. -->","yoast_head_json":{"title":"Gian Maria Mossa: \u201cVogliamo entrare in una nuova fase del concetto di protezione patrimoniale\u201d","description":"\u201cManca l\u2019idea di dare una continuit\u00e0 alla relazione che \u00e8 invece il concetto su cui facciamo leva: persone di fiducia, a fianco del cliente, nel lungo periodo\u201d, spiega l\u2019AD di Banca Generali Gian Maria Mossa al \u201cCorriere della Sera\u201d.","robots":{"index":"index","follow":"follow","max-snippet":"max-snippet:-1","max-image-preview":"max-image-preview:large","max-video-preview":"max-video-preview:-1"},"canonical":"https:\/\/www.article-marketing.eu\/comunicatistampa\/gian-maria-mossa-vogliamo-entrare-in-una-nuova-fase-del-concetto-di-protezione-patrimoniale\/","og_locale":"it_IT","og_type":"article","og_title":"Gian Maria Mossa: \u201cVogliamo entrare in una nuova fase del concetto di protezione patrimoniale\u201d","og_description":"\u201cManca l\u2019idea di dare una continuit\u00e0 alla relazione che \u00e8 invece il concetto su cui facciamo leva: persone di fiducia, a fianco del cliente, nel lungo periodo\u201d, spiega l\u2019AD di Banca Generali Gian Maria Mossa al \u201cCorriere della Sera\u201d.","og_url":"https:\/\/www.article-marketing.eu\/comunicatistampa\/gian-maria-mossa-vogliamo-entrare-in-una-nuova-fase-del-concetto-di-protezione-patrimoniale\/","og_site_name":"Article Marketing","article_published_time":"2025-02-08T17:33:06+00:00","og_image":[{"url":"https:\/\/h2biz.net\/images\/Plats\/crop_min_20230314064355.jpg","type":"","width":"","height":""}],"author":"bgmediapress","twitter_card":"summary_large_image","twitter_misc":{"Scritto da":"bgmediapress","Tempo di lettura stimato":"3 minuti"},"schema":{"@context":"https:\/\/schema.org","@graph":[{"@type":"Article","@id":"https:\/\/www.article-marketing.eu\/comunicatistampa\/gian-maria-mossa-vogliamo-entrare-in-una-nuova-fase-del-concetto-di-protezione-patrimoniale\/#article","isPartOf":{"@id":"https:\/\/www.article-marketing.eu\/comunicatistampa\/gian-maria-mossa-vogliamo-entrare-in-una-nuova-fase-del-concetto-di-protezione-patrimoniale\/"},"author":{"name":"bgmediapress","@id":"https:\/\/www.article-marketing.eu\/comunicatistampa\/#\/schema\/person\/404eb964bc74cb8500542618d935464e"},"headline":"Gian Maria Mossa: \u201cVogliamo entrare in una nuova fase del concetto di protezione patrimoniale\u201d","datePublished":"2025-02-08T17:33:06+00:00","mainEntityOfPage":{"@id":"https:\/\/www.article-marketing.eu\/comunicatistampa\/gian-maria-mossa-vogliamo-entrare-in-una-nuova-fase-del-concetto-di-protezione-patrimoniale\/"},"wordCount":503,"commentCount":0,"image":{"@id":"https:\/\/www.article-marketing.eu\/comunicatistampa\/gian-maria-mossa-vogliamo-entrare-in-una-nuova-fase-del-concetto-di-protezione-patrimoniale\/#primaryimage"},"thumbnailUrl":"https:\/\/h2biz.net\/images\/Plats\/crop_min_20230314064355.jpg","keywords":["Gian Maria Mossa"],"articleSection":["Aziende"],"inLanguage":"it-IT","potentialAction":[{"@type":"CommentAction","name":"Comment","target":["https:\/\/www.article-marketing.eu\/comunicatistampa\/gian-maria-mossa-vogliamo-entrare-in-una-nuova-fase-del-concetto-di-protezione-patrimoniale\/#respond"]}]},{"@type":"WebPage","@id":"https:\/\/www.article-marketing.eu\/comunicatistampa\/gian-maria-mossa-vogliamo-entrare-in-una-nuova-fase-del-concetto-di-protezione-patrimoniale\/","url":"https:\/\/www.article-marketing.eu\/comunicatistampa\/gian-maria-mossa-vogliamo-entrare-in-una-nuova-fase-del-concetto-di-protezione-patrimoniale\/","name":"Gian Maria Mossa: \u201cVogliamo entrare in una nuova fase del concetto di protezione patrimoniale\u201d","isPartOf":{"@id":"https:\/\/www.article-marketing.eu\/comunicatistampa\/#website"},"primaryImageOfPage":{"@id":"https:\/\/www.article-marketing.eu\/comunicatistampa\/gian-maria-mossa-vogliamo-entrare-in-una-nuova-fase-del-concetto-di-protezione-patrimoniale\/#primaryimage"},"image":{"@id":"https:\/\/www.article-marketing.eu\/comunicatistampa\/gian-maria-mossa-vogliamo-entrare-in-una-nuova-fase-del-concetto-di-protezione-patrimoniale\/#primaryimage"},"thumbnailUrl":"https:\/\/h2biz.net\/images\/Plats\/crop_min_20230314064355.jpg","datePublished":"2025-02-08T17:33:06+00:00","author":{"@id":"https:\/\/www.article-marketing.eu\/comunicatistampa\/#\/schema\/person\/404eb964bc74cb8500542618d935464e"},"description":"\u201cManca l\u2019idea di dare una continuit\u00e0 alla relazione che \u00e8 invece il concetto su cui facciamo leva: persone di fiducia, a fianco del cliente, nel lungo periodo\u201d, spiega l\u2019AD di Banca Generali Gian Maria Mossa al \u201cCorriere della Sera\u201d.","breadcrumb":{"@id":"https:\/\/www.article-marketing.eu\/comunicatistampa\/gian-maria-mossa-vogliamo-entrare-in-una-nuova-fase-del-concetto-di-protezione-patrimoniale\/#breadcrumb"},"inLanguage":"it-IT","potentialAction":[{"@type":"ReadAction","target":["https:\/\/www.article-marketing.eu\/comunicatistampa\/gian-maria-mossa-vogliamo-entrare-in-una-nuova-fase-del-concetto-di-protezione-patrimoniale\/"]}]},{"@type":"ImageObject","inLanguage":"it-IT","@id":"https:\/\/www.article-marketing.eu\/comunicatistampa\/gian-maria-mossa-vogliamo-entrare-in-una-nuova-fase-del-concetto-di-protezione-patrimoniale\/#primaryimage","url":"https:\/\/h2biz.net\/images\/Plats\/crop_min_20230314064355.jpg","contentUrl":"https:\/\/h2biz.net\/images\/Plats\/crop_min_20230314064355.jpg"},{"@type":"BreadcrumbList","@id":"https:\/\/www.article-marketing.eu\/comunicatistampa\/gian-maria-mossa-vogliamo-entrare-in-una-nuova-fase-del-concetto-di-protezione-patrimoniale\/#breadcrumb","itemListElement":[{"@type":"ListItem","position":1,"name":"Home","item":"https:\/\/www.article-marketing.eu\/comunicatistampa\/"},{"@type":"ListItem","position":2,"name":"Gian Maria Mossa: \u201cVogliamo entrare in una nuova fase del concetto di protezione patrimoniale\u201d"}]},{"@type":"WebSite","@id":"https:\/\/www.article-marketing.eu\/comunicatistampa\/#website","url":"https:\/\/www.article-marketing.eu\/comunicatistampa\/","name":"Article Marketing","description":"article marketing &amp; press release","potentialAction":[{"@type":"SearchAction","target":{"@type":"EntryPoint","urlTemplate":"https:\/\/www.article-marketing.eu\/comunicatistampa\/?s={search_term_string}"},"query-input":{"@type":"PropertyValueSpecification","valueRequired":true,"valueName":"search_term_string"}}],"inLanguage":"it-IT"},{"@type":"Person","@id":"https:\/\/www.article-marketing.eu\/comunicatistampa\/#\/schema\/person\/404eb964bc74cb8500542618d935464e","name":"bgmediapress","image":{"@type":"ImageObject","inLanguage":"it-IT","@id":"https:\/\/secure.gravatar.com\/avatar\/42f75c9f82baff699c42fc56a1917154a05957e73178939d3fe6f017d6f3d0ee?s=96&d=mm&r=g","url":"https:\/\/secure.gravatar.com\/avatar\/42f75c9f82baff699c42fc56a1917154a05957e73178939d3fe6f017d6f3d0ee?s=96&d=mm&r=g","contentUrl":"https:\/\/secure.gravatar.com\/avatar\/42f75c9f82baff699c42fc56a1917154a05957e73178939d3fe6f017d6f3d0ee?s=96&d=mm&r=g","caption":"bgmediapress"},"url":"https:\/\/www.article-marketing.eu\/comunicatistampa\/author\/bgmediapress\/"}]}},"_links":{"self":[{"href":"https:\/\/www.article-marketing.eu\/comunicatistampa\/wp-json\/wp\/v2\/posts\/31611","targetHints":{"allow":["GET"]}}],"collection":[{"href":"https:\/\/www.article-marketing.eu\/comunicatistampa\/wp-json\/wp\/v2\/posts"}],"about":[{"href":"https:\/\/www.article-marketing.eu\/comunicatistampa\/wp-json\/wp\/v2\/types\/post"}],"author":[{"embeddable":true,"href":"https:\/\/www.article-marketing.eu\/comunicatistampa\/wp-json\/wp\/v2\/users\/7095"}],"replies":[{"embeddable":true,"href":"https:\/\/www.article-marketing.eu\/comunicatistampa\/wp-json\/wp\/v2\/comments?post=31611"}],"version-history":[{"count":2,"href":"https:\/\/www.article-marketing.eu\/comunicatistampa\/wp-json\/wp\/v2\/posts\/31611\/revisions"}],"predecessor-version":[{"id":32119,"href":"https:\/\/www.article-marketing.eu\/comunicatistampa\/wp-json\/wp\/v2\/posts\/31611\/revisions\/32119"}],"wp:attachment":[{"href":"https:\/\/www.article-marketing.eu\/comunicatistampa\/wp-json\/wp\/v2\/media?parent=31611"}],"wp:term":[{"taxonomy":"category","embeddable":true,"href":"https:\/\/www.article-marketing.eu\/comunicatistampa\/wp-json\/wp\/v2\/categories?post=31611"},{"taxonomy":"post_tag","embeddable":true,"href":"https:\/\/www.article-marketing.eu\/comunicatistampa\/wp-json\/wp\/v2\/tags?post=31611"}],"curies":[{"name":"wp","href":"https:\/\/api.w.org\/{rel}","templated":true}]}}