{"id":31630,"date":"2025-02-08T18:38:13","date_gmt":"2025-02-08T17:38:13","guid":{"rendered":"https:\/\/www.article-marketing.eu\/comunicatistampa\/?p=31630"},"modified":"2025-02-08T18:38:13","modified_gmt":"2025-02-08T17:38:13","slug":"enrico-vita-innovazione-e-nuove-generazioni-per-il-futuro-di-amplifon","status":"publish","type":"post","link":"https:\/\/www.article-marketing.eu\/comunicatistampa\/enrico-vita-innovazione-e-nuove-generazioni-per-il-futuro-di-amplifon\/","title":{"rendered":"Enrico Vita: innovazione e nuove generazioni per il futuro di Amplifon"},"content":{"rendered":"<p><em><strong>Intervistato dal \u201cCorriere della Sera\u201d, <a title=\"Su Executive Manager l'intervista a Enrico Vita\" href=\"https:\/\/www.executivemanager.it\/Articoli\/Post\/Amplifon-lad-Enrico-Vita-Piu-tec-454.html\">Enrico Vita<\/a> ha illustrato i prossimi passi della strategia di Amplifon, sottolineando l\u2019obiettivo di raggiungere i 3 miliardi di fatturato. L\u2019AD ha parlato, inoltre, del ruolo cruciale del mercato statunitense, in cui l\u2019azienda gestisce direttamente 400 negozi e altri 1.200 in franchising.<\/strong><\/em><\/p>\n<p><a title=\"Tecnologia e giovani, il futuro di Amplifon secondo l\u2019AD Enrico Vita\" href=\"https:\/\/www.executivemanager.it\/Articoli\/Post\/Amplifon-lad-Enrico-Vita-Piu-tec-454.html\"><img loading=\"lazy\" decoding=\"async\" src=\"https:\/\/dimages2.corriereobjects.it\/files\/main_image\/uploads\/2024\/01\/24\/65b1427848d9e.jpeg\" alt=\"Enrico Vita\" width=\"200\" height=\"150\" \/><\/a><\/p>\n<h2>Enrico Vita: l\u2019analisi sul futuro di Amplifon<\/h2>\n<p>Tecnologia, digitale e analisi dei dati sono fondamentali per servizi e prodotti sempre pi\u00f9 efficienti nei confronti dei clienti. A evidenziarlo \u00e8 <strong><a title=\"Intervista a Enrico Vita su Executive Manager\" href=\"https:\/\/www.executivemanager.it\/Articoli\/Post\/Amplifon-lad-Enrico-Vita-Piu-tec-454.html\">Enrico Vita<\/a><\/strong>, Amministratore Delegato di Amplifon, in un\u2019intervista rilasciata al \u201cCorriere della Sera\u201d in cui il manager ha delineato gli elementi su cui il Gruppo \u00e8 focalizzato: tra questi, oltre l\u2019innovazione tecnologia, anche un focus sulle risorse umane e in particolare sui giovani. <em>\u201cLa possibilit\u00e0 di connettere e scambiare i dati ha pi\u00f9 obiettivi: conoscere meglio i nostri clienti, migliorare l\u2019utilizzo degli apparecchi e la possibilit\u00e0 di arricchire l\u2019esperienza e l\u2019assistenza da remoto\u201d<\/em>, ha dichiarato l\u2019AD, specificando come la digitalizzazione <em>\u201cnon sia una questione legata all\u2019et\u00e0, le persone sono molto pi\u00f9 tech di quello che i luoghi comuni fanno pensare\u201d<\/em>. In linea con tali principi, Amplifon \u00e8 impegnata potenziando anche gli investimenti in ricerca e sviluppo: \u00e8 nato cos\u00ec, ad esempio, Amplifon X, laboratorio di innovazione che unisce talenti del software design e dell\u2019analisi. Il Gruppo ha inoltre acquisito una start-up a Napoli che ha contribuito alla nascita di un hub di innovazione. Come evidenziato da <strong>Enrico Vita<\/strong>, \u00e8 sul capitale umano che Amplifon intende puntare poich\u00e9 <em>\u201cdecisivo per garantire la qualit\u00e0 del servizio\u201d<\/em>, con attenzione specifica all\u2019ingresso dei giovani in azienda.<\/p>\n<h2>Enrico Vita: Amplifon cresce nel mondo, focus sugli Stati Uniti<\/h2>\n<p>Soffermandosi sull\u2019importanza delle nuove generazioni, <strong>Enrico Vita<\/strong> ha rimarcato come queste siano sempre pi\u00f9 attente a lavorare per aziende che abbiano uno scopo concreto e che producano impatti tangibili: Amplifon, dal canto suo, prosegue lungo una strategia focalizzata sulle risorse umane e particolarmente sui giovani. Per quanto concerne le prospettive di crescita in ambito internazionale, l\u2019AD ha illustrato come il Gruppo possa contare oggi su una rete di 10.000 punti vendita nel mondo e 20.000 dipendenti. L\u2019obiettivo \u00e8 quello della crescita puntando a raggiungere i 3 miliardi di fatturato dopo aver conquistato il secondo miliardo in soli 7 anni. Con tale prospettiva, l\u2019AD ha rimarcato anche l\u2019importanza di avere un azionariato stabile e un team dirigenziale di talento, elementi chiave per l\u2019ulteriore espansione nel mondo. La priorit\u00e0 per Amplifon rimane oggi il mercato statunitense, con lo scopo di aumentare la quota di mercato attraverso negozi diretti e in franchising. Per quanto riguarda la Cina, invece, <strong>Enrico Vita<\/strong> ne ha riconosciuto uno storico ruolo di \u2018locomotiva\u2019 in termini di crescita economica: il contesto attuale risulta tuttavia pi\u00f9 complesso ma i dati, ha dichiarato l\u2019AD in conclusione, riportano segnali di ripresa anche nel mercato dell\u2019Oriente.<\/p>\n","protected":false},"excerpt":{"rendered":"<p>Intervistato dal \u201cCorriere della Sera\u201d, Enrico Vita ha illustrato i prossimi passi della strategia di Amplifon, sottolineando l\u2019obiettivo di raggiungere i 3 miliardi di fatturato. L\u2019AD ha parlato, inoltre, del ruolo cruciale del mercato statunitense, in cui l\u2019azienda gestisce direttamente 400 negozi e altri 1.200 in franchising. Enrico Vita: l\u2019analisi sul futuro di Amplifon Tecnologia, digitale e analisi dei dati sono fondamentali per servizi e prodotti sempre pi\u00f9 efficienti nei<\/p>\n<p><a class=\"continue-reading\" href=\"https:\/\/www.article-marketing.eu\/comunicatistampa\/enrico-vita-innovazione-e-nuove-generazioni-per-il-futuro-di-amplifon\/\">Continue reading&#8230;<\/a><\/p>\n","protected":false},"author":6477,"featured_media":0,"comment_status":"open","ping_status":"open","sticky":false,"template":"","format":"standard","meta":{"_monsterinsights_skip_tracking":false,"_monsterinsights_sitenote_active":false,"_monsterinsights_sitenote_note":"","_monsterinsights_sitenote_category":0,"footnotes":""},"categories":[388],"tags":[10643],"class_list":["post-31630","post","type-post","status-publish","format-standard","hentry","category-aziende","tag-enrico-vita"],"yoast_head":"<!-- This site is optimized with the Yoast SEO plugin v27.3 - https:\/\/yoast.com\/product\/yoast-seo-wordpress\/ -->\n<title>Enrico Vita: innovazione e nuove generazioni per il futuro di Amplifon<\/title>\n<meta name=\"description\" content=\"Come evidenziato da Enrico Vita, la crescita di Amplifon passa attraverso il digitale, le nuove generazioni e un\u2019attenzione verso gli USA\" \/>\n<meta name=\"robots\" content=\"index, follow, max-snippet:-1, max-image-preview:large, max-video-preview:-1\" \/>\n<link rel=\"canonical\" href=\"https:\/\/www.article-marketing.eu\/comunicatistampa\/enrico-vita-innovazione-e-nuove-generazioni-per-il-futuro-di-amplifon\/\" \/>\n<meta property=\"og:locale\" content=\"it_IT\" \/>\n<meta property=\"og:type\" content=\"article\" \/>\n<meta property=\"og:title\" content=\"Enrico Vita: innovazione e nuove generazioni per il futuro di Amplifon\" \/>\n<meta property=\"og:description\" content=\"Come evidenziato da Enrico Vita, la crescita di Amplifon passa attraverso il digitale, le nuove generazioni e un\u2019attenzione verso gli USA\" \/>\n<meta property=\"og:url\" content=\"https:\/\/www.article-marketing.eu\/comunicatistampa\/enrico-vita-innovazione-e-nuove-generazioni-per-il-futuro-di-amplifon\/\" \/>\n<meta property=\"og:site_name\" content=\"Article Marketing\" \/>\n<meta property=\"article:published_time\" content=\"2025-02-08T17:38:13+00:00\" \/>\n<meta property=\"og:image\" content=\"https:\/\/dimages2.corriereobjects.it\/files\/main_image\/uploads\/2024\/01\/24\/65b1427848d9e.jpeg\" \/>\n<meta name=\"author\" content=\"articolinews\" \/>\n<meta name=\"twitter:card\" content=\"summary_large_image\" \/>\n<meta name=\"twitter:label1\" content=\"Scritto da\" \/>\n\t<meta name=\"twitter:data1\" content=\"articolinews\" \/>\n\t<meta name=\"twitter:label2\" content=\"Tempo di lettura stimato\" \/>\n\t<meta name=\"twitter:data2\" content=\"3 minuti\" \/>\n<script type=\"application\/ld+json\" class=\"yoast-schema-graph\">{\"@context\":\"https:\\\/\\\/schema.org\",\"@graph\":[{\"@type\":\"Article\",\"@id\":\"https:\\\/\\\/www.article-marketing.eu\\\/comunicatistampa\\\/enrico-vita-innovazione-e-nuove-generazioni-per-il-futuro-di-amplifon\\\/#article\",\"isPartOf\":{\"@id\":\"https:\\\/\\\/www.article-marketing.eu\\\/comunicatistampa\\\/enrico-vita-innovazione-e-nuove-generazioni-per-il-futuro-di-amplifon\\\/\"},\"author\":{\"name\":\"articolinews\",\"@id\":\"https:\\\/\\\/www.article-marketing.eu\\\/comunicatistampa\\\/#\\\/schema\\\/person\\\/2fcaf8f8f3a9eef9eb7f27532d3ca458\"},\"headline\":\"Enrico Vita: innovazione e nuove generazioni per il futuro di Amplifon\",\"datePublished\":\"2025-02-08T17:38:13+00:00\",\"mainEntityOfPage\":{\"@id\":\"https:\\\/\\\/www.article-marketing.eu\\\/comunicatistampa\\\/enrico-vita-innovazione-e-nuove-generazioni-per-il-futuro-di-amplifon\\\/\"},\"wordCount\":480,\"commentCount\":0,\"image\":{\"@id\":\"https:\\\/\\\/www.article-marketing.eu\\\/comunicatistampa\\\/enrico-vita-innovazione-e-nuove-generazioni-per-il-futuro-di-amplifon\\\/#primaryimage\"},\"thumbnailUrl\":\"https:\\\/\\\/dimages2.corriereobjects.it\\\/files\\\/main_image\\\/uploads\\\/2024\\\/01\\\/24\\\/65b1427848d9e.jpeg\",\"keywords\":[\"Enrico Vita\"],\"articleSection\":[\"Aziende\"],\"inLanguage\":\"it-IT\",\"potentialAction\":[{\"@type\":\"CommentAction\",\"name\":\"Comment\",\"target\":[\"https:\\\/\\\/www.article-marketing.eu\\\/comunicatistampa\\\/enrico-vita-innovazione-e-nuove-generazioni-per-il-futuro-di-amplifon\\\/#respond\"]}]},{\"@type\":\"WebPage\",\"@id\":\"https:\\\/\\\/www.article-marketing.eu\\\/comunicatistampa\\\/enrico-vita-innovazione-e-nuove-generazioni-per-il-futuro-di-amplifon\\\/\",\"url\":\"https:\\\/\\\/www.article-marketing.eu\\\/comunicatistampa\\\/enrico-vita-innovazione-e-nuove-generazioni-per-il-futuro-di-amplifon\\\/\",\"name\":\"Enrico Vita: innovazione e nuove generazioni per il futuro di Amplifon\",\"isPartOf\":{\"@id\":\"https:\\\/\\\/www.article-marketing.eu\\\/comunicatistampa\\\/#website\"},\"primaryImageOfPage\":{\"@id\":\"https:\\\/\\\/www.article-marketing.eu\\\/comunicatistampa\\\/enrico-vita-innovazione-e-nuove-generazioni-per-il-futuro-di-amplifon\\\/#primaryimage\"},\"image\":{\"@id\":\"https:\\\/\\\/www.article-marketing.eu\\\/comunicatistampa\\\/enrico-vita-innovazione-e-nuove-generazioni-per-il-futuro-di-amplifon\\\/#primaryimage\"},\"thumbnailUrl\":\"https:\\\/\\\/dimages2.corriereobjects.it\\\/files\\\/main_image\\\/uploads\\\/2024\\\/01\\\/24\\\/65b1427848d9e.jpeg\",\"datePublished\":\"2025-02-08T17:38:13+00:00\",\"author\":{\"@id\":\"https:\\\/\\\/www.article-marketing.eu\\\/comunicatistampa\\\/#\\\/schema\\\/person\\\/2fcaf8f8f3a9eef9eb7f27532d3ca458\"},\"description\":\"Come evidenziato da Enrico Vita, la crescita di Amplifon passa attraverso il digitale, le nuove generazioni e un\u2019attenzione verso gli USA\",\"breadcrumb\":{\"@id\":\"https:\\\/\\\/www.article-marketing.eu\\\/comunicatistampa\\\/enrico-vita-innovazione-e-nuove-generazioni-per-il-futuro-di-amplifon\\\/#breadcrumb\"},\"inLanguage\":\"it-IT\",\"potentialAction\":[{\"@type\":\"ReadAction\",\"target\":[\"https:\\\/\\\/www.article-marketing.eu\\\/comunicatistampa\\\/enrico-vita-innovazione-e-nuove-generazioni-per-il-futuro-di-amplifon\\\/\"]}]},{\"@type\":\"ImageObject\",\"inLanguage\":\"it-IT\",\"@id\":\"https:\\\/\\\/www.article-marketing.eu\\\/comunicatistampa\\\/enrico-vita-innovazione-e-nuove-generazioni-per-il-futuro-di-amplifon\\\/#primaryimage\",\"url\":\"https:\\\/\\\/dimages2.corriereobjects.it\\\/files\\\/main_image\\\/uploads\\\/2024\\\/01\\\/24\\\/65b1427848d9e.jpeg\",\"contentUrl\":\"https:\\\/\\\/dimages2.corriereobjects.it\\\/files\\\/main_image\\\/uploads\\\/2024\\\/01\\\/24\\\/65b1427848d9e.jpeg\"},{\"@type\":\"BreadcrumbList\",\"@id\":\"https:\\\/\\\/www.article-marketing.eu\\\/comunicatistampa\\\/enrico-vita-innovazione-e-nuove-generazioni-per-il-futuro-di-amplifon\\\/#breadcrumb\",\"itemListElement\":[{\"@type\":\"ListItem\",\"position\":1,\"name\":\"Home\",\"item\":\"https:\\\/\\\/www.article-marketing.eu\\\/comunicatistampa\\\/\"},{\"@type\":\"ListItem\",\"position\":2,\"name\":\"Enrico Vita: innovazione e nuove generazioni per il futuro di Amplifon\"}]},{\"@type\":\"WebSite\",\"@id\":\"https:\\\/\\\/www.article-marketing.eu\\\/comunicatistampa\\\/#website\",\"url\":\"https:\\\/\\\/www.article-marketing.eu\\\/comunicatistampa\\\/\",\"name\":\"Article Marketing\",\"description\":\"article marketing &amp; press release\",\"potentialAction\":[{\"@type\":\"SearchAction\",\"target\":{\"@type\":\"EntryPoint\",\"urlTemplate\":\"https:\\\/\\\/www.article-marketing.eu\\\/comunicatistampa\\\/?s={search_term_string}\"},\"query-input\":{\"@type\":\"PropertyValueSpecification\",\"valueRequired\":true,\"valueName\":\"search_term_string\"}}],\"inLanguage\":\"it-IT\"},{\"@type\":\"Person\",\"@id\":\"https:\\\/\\\/www.article-marketing.eu\\\/comunicatistampa\\\/#\\\/schema\\\/person\\\/2fcaf8f8f3a9eef9eb7f27532d3ca458\",\"name\":\"articolinews\",\"image\":{\"@type\":\"ImageObject\",\"inLanguage\":\"it-IT\",\"@id\":\"https:\\\/\\\/secure.gravatar.com\\\/avatar\\\/9e2a264bab04e17dea24d937c9956304649a848cb73c46747a692ff1bdeb1cb7?s=96&d=mm&r=g\",\"url\":\"https:\\\/\\\/secure.gravatar.com\\\/avatar\\\/9e2a264bab04e17dea24d937c9956304649a848cb73c46747a692ff1bdeb1cb7?s=96&d=mm&r=g\",\"contentUrl\":\"https:\\\/\\\/secure.gravatar.com\\\/avatar\\\/9e2a264bab04e17dea24d937c9956304649a848cb73c46747a692ff1bdeb1cb7?s=96&d=mm&r=g\",\"caption\":\"articolinews\"},\"url\":\"https:\\\/\\\/www.article-marketing.eu\\\/comunicatistampa\\\/author\\\/articolinews\\\/\"}]}<\/script>\n<!-- \/ Yoast SEO plugin. -->","yoast_head_json":{"title":"Enrico Vita: innovazione e nuove generazioni per il futuro di Amplifon","description":"Come evidenziato da Enrico Vita, la crescita di Amplifon passa attraverso il digitale, le nuove generazioni e un\u2019attenzione verso gli USA","robots":{"index":"index","follow":"follow","max-snippet":"max-snippet:-1","max-image-preview":"max-image-preview:large","max-video-preview":"max-video-preview:-1"},"canonical":"https:\/\/www.article-marketing.eu\/comunicatistampa\/enrico-vita-innovazione-e-nuove-generazioni-per-il-futuro-di-amplifon\/","og_locale":"it_IT","og_type":"article","og_title":"Enrico Vita: innovazione e nuove generazioni per il futuro di Amplifon","og_description":"Come evidenziato da Enrico Vita, la crescita di Amplifon passa attraverso il digitale, le nuove generazioni e un\u2019attenzione verso gli USA","og_url":"https:\/\/www.article-marketing.eu\/comunicatistampa\/enrico-vita-innovazione-e-nuove-generazioni-per-il-futuro-di-amplifon\/","og_site_name":"Article Marketing","article_published_time":"2025-02-08T17:38:13+00:00","og_image":[{"url":"https:\/\/dimages2.corriereobjects.it\/files\/main_image\/uploads\/2024\/01\/24\/65b1427848d9e.jpeg","type":"","width":"","height":""}],"author":"articolinews","twitter_card":"summary_large_image","twitter_misc":{"Scritto da":"articolinews","Tempo di lettura stimato":"3 minuti"},"schema":{"@context":"https:\/\/schema.org","@graph":[{"@type":"Article","@id":"https:\/\/www.article-marketing.eu\/comunicatistampa\/enrico-vita-innovazione-e-nuove-generazioni-per-il-futuro-di-amplifon\/#article","isPartOf":{"@id":"https:\/\/www.article-marketing.eu\/comunicatistampa\/enrico-vita-innovazione-e-nuove-generazioni-per-il-futuro-di-amplifon\/"},"author":{"name":"articolinews","@id":"https:\/\/www.article-marketing.eu\/comunicatistampa\/#\/schema\/person\/2fcaf8f8f3a9eef9eb7f27532d3ca458"},"headline":"Enrico Vita: innovazione e nuove generazioni per il futuro di Amplifon","datePublished":"2025-02-08T17:38:13+00:00","mainEntityOfPage":{"@id":"https:\/\/www.article-marketing.eu\/comunicatistampa\/enrico-vita-innovazione-e-nuove-generazioni-per-il-futuro-di-amplifon\/"},"wordCount":480,"commentCount":0,"image":{"@id":"https:\/\/www.article-marketing.eu\/comunicatistampa\/enrico-vita-innovazione-e-nuove-generazioni-per-il-futuro-di-amplifon\/#primaryimage"},"thumbnailUrl":"https:\/\/dimages2.corriereobjects.it\/files\/main_image\/uploads\/2024\/01\/24\/65b1427848d9e.jpeg","keywords":["Enrico Vita"],"articleSection":["Aziende"],"inLanguage":"it-IT","potentialAction":[{"@type":"CommentAction","name":"Comment","target":["https:\/\/www.article-marketing.eu\/comunicatistampa\/enrico-vita-innovazione-e-nuove-generazioni-per-il-futuro-di-amplifon\/#respond"]}]},{"@type":"WebPage","@id":"https:\/\/www.article-marketing.eu\/comunicatistampa\/enrico-vita-innovazione-e-nuove-generazioni-per-il-futuro-di-amplifon\/","url":"https:\/\/www.article-marketing.eu\/comunicatistampa\/enrico-vita-innovazione-e-nuove-generazioni-per-il-futuro-di-amplifon\/","name":"Enrico Vita: innovazione e nuove generazioni per il futuro di Amplifon","isPartOf":{"@id":"https:\/\/www.article-marketing.eu\/comunicatistampa\/#website"},"primaryImageOfPage":{"@id":"https:\/\/www.article-marketing.eu\/comunicatistampa\/enrico-vita-innovazione-e-nuove-generazioni-per-il-futuro-di-amplifon\/#primaryimage"},"image":{"@id":"https:\/\/www.article-marketing.eu\/comunicatistampa\/enrico-vita-innovazione-e-nuove-generazioni-per-il-futuro-di-amplifon\/#primaryimage"},"thumbnailUrl":"https:\/\/dimages2.corriereobjects.it\/files\/main_image\/uploads\/2024\/01\/24\/65b1427848d9e.jpeg","datePublished":"2025-02-08T17:38:13+00:00","author":{"@id":"https:\/\/www.article-marketing.eu\/comunicatistampa\/#\/schema\/person\/2fcaf8f8f3a9eef9eb7f27532d3ca458"},"description":"Come evidenziato da Enrico Vita, la crescita di Amplifon passa attraverso il digitale, le nuove generazioni e un\u2019attenzione verso gli USA","breadcrumb":{"@id":"https:\/\/www.article-marketing.eu\/comunicatistampa\/enrico-vita-innovazione-e-nuove-generazioni-per-il-futuro-di-amplifon\/#breadcrumb"},"inLanguage":"it-IT","potentialAction":[{"@type":"ReadAction","target":["https:\/\/www.article-marketing.eu\/comunicatistampa\/enrico-vita-innovazione-e-nuove-generazioni-per-il-futuro-di-amplifon\/"]}]},{"@type":"ImageObject","inLanguage":"it-IT","@id":"https:\/\/www.article-marketing.eu\/comunicatistampa\/enrico-vita-innovazione-e-nuove-generazioni-per-il-futuro-di-amplifon\/#primaryimage","url":"https:\/\/dimages2.corriereobjects.it\/files\/main_image\/uploads\/2024\/01\/24\/65b1427848d9e.jpeg","contentUrl":"https:\/\/dimages2.corriereobjects.it\/files\/main_image\/uploads\/2024\/01\/24\/65b1427848d9e.jpeg"},{"@type":"BreadcrumbList","@id":"https:\/\/www.article-marketing.eu\/comunicatistampa\/enrico-vita-innovazione-e-nuove-generazioni-per-il-futuro-di-amplifon\/#breadcrumb","itemListElement":[{"@type":"ListItem","position":1,"name":"Home","item":"https:\/\/www.article-marketing.eu\/comunicatistampa\/"},{"@type":"ListItem","position":2,"name":"Enrico Vita: innovazione e nuove generazioni per il futuro di Amplifon"}]},{"@type":"WebSite","@id":"https:\/\/www.article-marketing.eu\/comunicatistampa\/#website","url":"https:\/\/www.article-marketing.eu\/comunicatistampa\/","name":"Article Marketing","description":"article marketing &amp; press release","potentialAction":[{"@type":"SearchAction","target":{"@type":"EntryPoint","urlTemplate":"https:\/\/www.article-marketing.eu\/comunicatistampa\/?s={search_term_string}"},"query-input":{"@type":"PropertyValueSpecification","valueRequired":true,"valueName":"search_term_string"}}],"inLanguage":"it-IT"},{"@type":"Person","@id":"https:\/\/www.article-marketing.eu\/comunicatistampa\/#\/schema\/person\/2fcaf8f8f3a9eef9eb7f27532d3ca458","name":"articolinews","image":{"@type":"ImageObject","inLanguage":"it-IT","@id":"https:\/\/secure.gravatar.com\/avatar\/9e2a264bab04e17dea24d937c9956304649a848cb73c46747a692ff1bdeb1cb7?s=96&d=mm&r=g","url":"https:\/\/secure.gravatar.com\/avatar\/9e2a264bab04e17dea24d937c9956304649a848cb73c46747a692ff1bdeb1cb7?s=96&d=mm&r=g","contentUrl":"https:\/\/secure.gravatar.com\/avatar\/9e2a264bab04e17dea24d937c9956304649a848cb73c46747a692ff1bdeb1cb7?s=96&d=mm&r=g","caption":"articolinews"},"url":"https:\/\/www.article-marketing.eu\/comunicatistampa\/author\/articolinews\/"}]}},"_links":{"self":[{"href":"https:\/\/www.article-marketing.eu\/comunicatistampa\/wp-json\/wp\/v2\/posts\/31630","targetHints":{"allow":["GET"]}}],"collection":[{"href":"https:\/\/www.article-marketing.eu\/comunicatistampa\/wp-json\/wp\/v2\/posts"}],"about":[{"href":"https:\/\/www.article-marketing.eu\/comunicatistampa\/wp-json\/wp\/v2\/types\/post"}],"author":[{"embeddable":true,"href":"https:\/\/www.article-marketing.eu\/comunicatistampa\/wp-json\/wp\/v2\/users\/6477"}],"replies":[{"embeddable":true,"href":"https:\/\/www.article-marketing.eu\/comunicatistampa\/wp-json\/wp\/v2\/comments?post=31630"}],"version-history":[{"count":2,"href":"https:\/\/www.article-marketing.eu\/comunicatistampa\/wp-json\/wp\/v2\/posts\/31630\/revisions"}],"predecessor-version":[{"id":32131,"href":"https:\/\/www.article-marketing.eu\/comunicatistampa\/wp-json\/wp\/v2\/posts\/31630\/revisions\/32131"}],"wp:attachment":[{"href":"https:\/\/www.article-marketing.eu\/comunicatistampa\/wp-json\/wp\/v2\/media?parent=31630"}],"wp:term":[{"taxonomy":"category","embeddable":true,"href":"https:\/\/www.article-marketing.eu\/comunicatistampa\/wp-json\/wp\/v2\/categories?post=31630"},{"taxonomy":"post_tag","embeddable":true,"href":"https:\/\/www.article-marketing.eu\/comunicatistampa\/wp-json\/wp\/v2\/tags?post=31630"}],"curies":[{"name":"wp","href":"https:\/\/api.w.org\/{rel}","templated":true}]}}