{"id":31642,"date":"2024-11-01T23:50:07","date_gmt":"2024-11-01T22:50:07","guid":{"rendered":"https:\/\/www.article-marketing.eu\/comunicatistampa\/?p=31642"},"modified":"2024-11-01T23:50:07","modified_gmt":"2024-11-01T22:50:07","slug":"uno-sguardo-diverso-sulla-comunicazione-aziendale","status":"publish","type":"post","link":"https:\/\/www.article-marketing.eu\/comunicatistampa\/uno-sguardo-diverso-sulla-comunicazione-aziendale\/","title":{"rendered":"Uno sguardo diverso sulla comunicazione aziendale"},"content":{"rendered":"<h1>Comunicato Stampa<\/h1>\n<h1>Uno sguardo diverso sulla comunicazione aziendale<\/h1>\n<h1><\/h1>\n<p><strong><em>Un corso di 8 ore in presenza a Brescia il 4 dicembre 2024 sulla comunicazione, per farsi comprendere e farsi ascoltare in maniera efficace nelle aziende e a tutti livelli.<\/em><\/strong><\/p>\n<p>&nbsp;<\/p>\n<p>In ogni azienda la <strong>qualit\u00e0 della comunicazione<\/strong> \u00e8 molto importante. Incide direttamente sull\u2019efficienza e la produttivit\u00e0, riducendo gli errori e le incomprensioni, promuove la trasparenza accrescendo il benessere aziendale e incoraggiando la condivisione delle idee.<\/p>\n<p>Senza dimenticare che una buona comunicazione, interna ed esterna, rafforza la fiducia, l\u2019immagine aziendale e il raggiungimento degli obiettivi strategici.<\/p>\n<p>&nbsp;<\/p>\n<p>L\u2019importanza di una buona comunicazione risulta ancora pi\u00f9 evidente per chi si occupa di <strong>salute e sicurezza nei luoghi di lavoro<\/strong>, perch\u00e9 permette di diffondere in modo chiaro e tempestivo le informazioni sui rischi, sulle procedure, sulle misure preventive. Questo riduce il rischio di infortuni, garantisce che tutti sappiano come comportarsi in caso di emergenza e favorisce una cultura aziendale orientata alla prevenzione.<\/p>\n<p>&nbsp;<\/p>\n<p>Tuttavia, la comunicazione pu\u00f2 essere soggetta a <strong>criticit\u00e0<\/strong>, distorsioni e interferenze, che ne riducono la chiarezza e alimentano i conflitti.<\/p>\n<p>&nbsp;<\/p>\n<p>Per arrivare ad una <strong>comunicazione efficace<\/strong> pu\u00f2 essere necessario adottare nuovi e inaspettati punti di vista, capovolgendo il nostro atteggiamento e sperimentando un\u2019inversione dei paradigmi comunicativi tradizionali.<\/p>\n<p>&nbsp;<\/p>\n<p><strong>Esistono percorsi formativi che, ribaltando i nostri approcci e proponendo nuove tecniche comunicative, permettono di migliorare la comunicazione nel mondo del lavoro?<\/strong><\/p>\n<p><strong>\u00a0<\/strong><\/p>\n<p><strong>Il nuovo corso a Brescia per migliorare la comunicazione aziendale<\/strong><\/p>\n<p>Per migliorare la qualit\u00e0 della comunicazione aziendale, l&#8217;<strong>Associazione Italiana Formatori ed Operatori della Sicurezza sul Lavoro<\/strong> (AiFOS) organizza a <strong>Brescia<\/strong> il <strong>4 dicembre 2024 <\/strong>un nuovo corso di formazione in presenza di 8 ore.<\/p>\n<p>&nbsp;<\/p>\n<p>Il corso di formazione \u201c<strong>Upside Down della comunicazione<\/strong>\u201d nasce dall\u2019esigenza emersa in tante aule di farsi comprendere e farsi ascoltare in maniera efficace nelle aziende, a tutti livelli: come professionisti tra pari e con chi prende decisioni, datori di lavoro, ecc.<\/p>\n<p>&nbsp;<\/p>\n<p>Infatti la comunicazione per essere proficua deve essere <strong>strategica<\/strong> e presupporre <strong>cambiamenti su pi\u00f9 piani<\/strong>: relazionali e strutturali.<\/p>\n<p>&nbsp;<\/p>\n<p>Il corso permetter\u00e0 di analizzare, in maniera esperienziale, quali reattivit\u00e0, pregiudizi e preconcetti ci limitano. Si insegneranno tecniche dalla comunicazione per ridurre le criticit\u00e0 e indebolire gli ostacoli. E si parler\u00e0 degli strumenti necessari per modificare il flusso delle comunicazioni inefficaci nelle strutture organizzative, ridisegnando <strong>percorsi virtuosi<\/strong> di comunicazione circolare.<\/p>\n<p>&nbsp;<\/p>\n<p>La <strong>docente<\/strong> del corso \u00e8 <strong>Sara Cal\u00ec<\/strong>, formatrice e facilitatrice di comportamenti efficaci nelle organizzazioni, coach strategico.<\/p>\n<p>&nbsp;<\/p>\n<p><strong>Il programma del corso e le informazioni per iscriversi<\/strong><\/p>\n<p>Il <strong>4 dicembre 2024 <\/strong>si terr\u00e0, dunque, a <strong>Brescia<\/strong> \u2013 presso Aifos Service, Via Branze n. 45 c\/o CSMT, Universit\u00e0 degli studi di Brescia \u2013 il corso di 8 ore in presenza \u201c<strong>Upside Down della comunicazione<\/strong>\u201d.<\/p>\n<p>&nbsp;<\/p>\n<p>Gli <strong>obiettivi<\/strong> e le <strong>finalit\u00e0<\/strong> del corso:<\/p>\n<ul>\n<li>esplorare i paradigmi invertiti della comunicazione aziendale up down<\/li>\n<li>offrire uno sguardo provocatorio sulla comunicazione<\/li>\n<li>esplorarne i paradigmi invertiti e circolari, affinch\u00e9 la comunicazione strategica faccia da ponte nella comprensione tra le persone che appartengono a differenti reparti o vari livelli di responsabilit\u00e0 aziendali<\/li>\n<li>analizzare i modelli di comunicazione dominanti per scoprire nuove prospettive che sfidano lo status quo<\/li>\n<\/ul>\n<p>&nbsp;<\/p>\n<p>Il <strong>programma <\/strong>della giornata di formazione (8.30\/13.00 e 14.00\/17.30):<\/p>\n<ul>\n<li>analisi delle tradizionali tecniche di comunicazione all\u2019interno delle organizzazioni: identificazione dei problemi<\/li>\n<li>cosa \u00e8 la comunicazione circolare: attivit\u00e0 esperienziali<\/li>\n<li>tecniche e strumenti pratici di applicazione della \u201cComunicazione breve e strategica\u201d<\/li>\n<li>come riorganizzare le comunicazioni nelle aziende<\/li>\n<li>test di verifica dell\u2019apprendimento<\/li>\n<\/ul>\n<p>&nbsp;<\/p>\n<p>La partecipazione al corso permette di ottenere diversi <strong>crediti formativi<\/strong>: 8 ore di aggiornamento per RSPP\/ASPP, 8 ore di aggiornamento per Coordinatori alla Sicurezza e 8 ore di aggiornamento per Formatori qualificati terza area tematica.<\/p>\n<p>Il corso \u00e8 valido anche ai fini della formazione prevista per il Manager HSE e ai fini della formazione per i Consulenti AiFOS (organizzazione e gestione delle risorse umane).<\/p>\n<p>&nbsp;<\/p>\n<p>Per avere ulteriori dettagli sul corso e iscriversi, \u00e8 possibile utilizzare questo link: <a href=\"https:\/\/aifos.org\/home\/formazione\/corsi\/corsi-in-programma\/corsi-in-programma\/upside-down-della-comunicazione\">https:\/\/aifos.org\/home\/formazione\/corsi\/corsi-in-programma\/corsi-in-programma\/upside-down-della-comunicazione<\/a><\/p>\n<p>&nbsp;<\/p>\n<p>Per informazioni e iscrizioni:<\/p>\n<p><strong>Sede nazionale AiFOS<\/strong> &#8211; via Branze, 45 &#8211; 25123 Brescia c\/o CSMT, Universit\u00e0 degli Studi di Brescia &#8211; tel.030.6595035 &#8211; fax 030.6595040 &#8211; <a href=\"mailto:formarsi@aifos.it\">formarsi@aifos.it<\/a><\/p>\n<p><em>\u00a0<\/em><\/p>\n<p><em>\u00a0<\/em><\/p>\n<p><em>31 ottobre 2024<\/em><\/p>\n<p><em>\u00a0<\/em><\/p>\n<p>&nbsp;<\/p>\n<p>Ufficio Stampa di AiFOS<\/p>\n<p><a href=\"mailto:ufficiostampa@aifos.it\">ufficiostampa@aifos.it<\/a><\/p>\n<p>http:\/\/www.aifos.it\/<\/p>\n","protected":false},"excerpt":{"rendered":"<p>Comunicato Stampa Uno sguardo diverso sulla comunicazione aziendale Un corso di 8 ore in presenza a Brescia il 4 dicembre 2024 sulla comunicazione, per farsi comprendere e farsi ascoltare in maniera efficace nelle aziende e a tutti livelli. &nbsp; In ogni azienda la qualit\u00e0 della comunicazione \u00e8 molto importante. Incide direttamente sull\u2019efficienza e la produttivit\u00e0, riducendo gli errori e le incomprensioni, promuove la trasparenza accrescendo il benessere aziendale e incoraggiando<\/p>\n<p><a class=\"continue-reading\" href=\"https:\/\/www.article-marketing.eu\/comunicatistampa\/uno-sguardo-diverso-sulla-comunicazione-aziendale\/\">Continue reading&#8230;<\/a><\/p>\n","protected":false},"author":881,"featured_media":0,"comment_status":"open","ping_status":"open","sticky":false,"template":"","format":"standard","meta":{"_monsterinsights_skip_tracking":false,"_monsterinsights_sitenote_active":false,"_monsterinsights_sitenote_note":"","_monsterinsights_sitenote_category":0,"footnotes":""},"categories":[78,379,392,378],"tags":[3301,3235,11240,11237,9141,791,3538,193,11239,11238,11235,11236,11241],"class_list":["post-31642","post","type-post","status-publish","format-standard","hentry","category-comunicati-stampa","category-corsi","category-eventi","category-istruzione","tag-aifos","tag-brescia","tag-comunicazione-breve-e-strategica","tag-comunicazione-circolare","tag-corsi-in-presenza","tag-corso","tag-cultura-della-sicurezza","tag-formazione","tag-modelli-di-comunicazione","tag-paradigmi-invertiti-della-comunicazione-aziendale-up-down","tag-pubbliredazionale","tag-qualita-della-comunicazione","tag-upside-down-della-comunicazione"],"yoast_head":"<!-- This site is optimized with the Yoast SEO plugin v27.3 - https:\/\/yoast.com\/product\/yoast-seo-wordpress\/ -->\n<title>Uno sguardo diverso sulla comunicazione aziendale - Article Marketing<\/title>\n<meta name=\"robots\" content=\"index, follow, max-snippet:-1, max-image-preview:large, max-video-preview:-1\" \/>\n<link rel=\"canonical\" href=\"https:\/\/www.article-marketing.eu\/comunicatistampa\/uno-sguardo-diverso-sulla-comunicazione-aziendale\/\" \/>\n<meta property=\"og:locale\" content=\"it_IT\" \/>\n<meta property=\"og:type\" content=\"article\" \/>\n<meta property=\"og:title\" content=\"Uno sguardo diverso sulla comunicazione aziendale - Article Marketing\" \/>\n<meta property=\"og:description\" content=\"Comunicato Stampa Uno sguardo diverso sulla comunicazione aziendale Un corso di 8 ore in presenza a Brescia il 4 dicembre 2024 sulla comunicazione, per farsi comprendere e farsi ascoltare in maniera efficace nelle aziende e a tutti livelli. &nbsp; In ogni azienda la qualit\u00e0 della comunicazione \u00e8 molto importante. Incide direttamente sull\u2019efficienza e la produttivit\u00e0, riducendo gli errori e le incomprensioni, promuove la trasparenza accrescendo il benessere aziendale e incoraggiandoContinue reading...\" \/>\n<meta property=\"og:url\" content=\"https:\/\/www.article-marketing.eu\/comunicatistampa\/uno-sguardo-diverso-sulla-comunicazione-aziendale\/\" \/>\n<meta property=\"og:site_name\" content=\"Article Marketing\" \/>\n<meta property=\"article:published_time\" content=\"2024-11-01T22:50:07+00:00\" \/>\n<meta name=\"author\" content=\"AIFUS\" \/>\n<meta name=\"twitter:card\" content=\"summary_large_image\" \/>\n<meta name=\"twitter:label1\" content=\"Scritto da\" \/>\n\t<meta name=\"twitter:data1\" content=\"AIFUS\" \/>\n\t<meta name=\"twitter:label2\" content=\"Tempo di lettura stimato\" \/>\n\t<meta name=\"twitter:data2\" content=\"4 minuti\" \/>\n<script type=\"application\/ld+json\" class=\"yoast-schema-graph\">{\"@context\":\"https:\\\/\\\/schema.org\",\"@graph\":[{\"@type\":\"Article\",\"@id\":\"https:\\\/\\\/www.article-marketing.eu\\\/comunicatistampa\\\/uno-sguardo-diverso-sulla-comunicazione-aziendale\\\/#article\",\"isPartOf\":{\"@id\":\"https:\\\/\\\/www.article-marketing.eu\\\/comunicatistampa\\\/uno-sguardo-diverso-sulla-comunicazione-aziendale\\\/\"},\"author\":{\"name\":\"AIFUS\",\"@id\":\"https:\\\/\\\/www.article-marketing.eu\\\/comunicatistampa\\\/#\\\/schema\\\/person\\\/d1985c4955ff71a05f49d68e3034b3cd\"},\"headline\":\"Uno sguardo diverso sulla comunicazione aziendale\",\"datePublished\":\"2024-11-01T22:50:07+00:00\",\"mainEntityOfPage\":{\"@id\":\"https:\\\/\\\/www.article-marketing.eu\\\/comunicatistampa\\\/uno-sguardo-diverso-sulla-comunicazione-aziendale\\\/\"},\"wordCount\":690,\"commentCount\":0,\"keywords\":[\"Aifos\",\"Brescia\",\"Comunicazione breve e strategica\",\"comunicazione circolare\",\"corsi in presenza\",\"corso\",\"cultura della sicurezza\",\"formazione\",\"modelli di comunicazione\",\"paradigmi invertiti della comunicazione aziendale up down\",\"Pubbliredazionale\",\"qualit\u00e0 della comunicazione\",\"Upside Down della comunicazione\"],\"articleSection\":[\"Comunicati stampa\",\"Corsi\",\"Eventi\",\"Istruzione\"],\"inLanguage\":\"it-IT\",\"potentialAction\":[{\"@type\":\"CommentAction\",\"name\":\"Comment\",\"target\":[\"https:\\\/\\\/www.article-marketing.eu\\\/comunicatistampa\\\/uno-sguardo-diverso-sulla-comunicazione-aziendale\\\/#respond\"]}]},{\"@type\":\"WebPage\",\"@id\":\"https:\\\/\\\/www.article-marketing.eu\\\/comunicatistampa\\\/uno-sguardo-diverso-sulla-comunicazione-aziendale\\\/\",\"url\":\"https:\\\/\\\/www.article-marketing.eu\\\/comunicatistampa\\\/uno-sguardo-diverso-sulla-comunicazione-aziendale\\\/\",\"name\":\"Uno sguardo diverso sulla comunicazione aziendale - Article Marketing\",\"isPartOf\":{\"@id\":\"https:\\\/\\\/www.article-marketing.eu\\\/comunicatistampa\\\/#website\"},\"datePublished\":\"2024-11-01T22:50:07+00:00\",\"author\":{\"@id\":\"https:\\\/\\\/www.article-marketing.eu\\\/comunicatistampa\\\/#\\\/schema\\\/person\\\/d1985c4955ff71a05f49d68e3034b3cd\"},\"breadcrumb\":{\"@id\":\"https:\\\/\\\/www.article-marketing.eu\\\/comunicatistampa\\\/uno-sguardo-diverso-sulla-comunicazione-aziendale\\\/#breadcrumb\"},\"inLanguage\":\"it-IT\",\"potentialAction\":[{\"@type\":\"ReadAction\",\"target\":[\"https:\\\/\\\/www.article-marketing.eu\\\/comunicatistampa\\\/uno-sguardo-diverso-sulla-comunicazione-aziendale\\\/\"]}]},{\"@type\":\"BreadcrumbList\",\"@id\":\"https:\\\/\\\/www.article-marketing.eu\\\/comunicatistampa\\\/uno-sguardo-diverso-sulla-comunicazione-aziendale\\\/#breadcrumb\",\"itemListElement\":[{\"@type\":\"ListItem\",\"position\":1,\"name\":\"Home\",\"item\":\"https:\\\/\\\/www.article-marketing.eu\\\/comunicatistampa\\\/\"},{\"@type\":\"ListItem\",\"position\":2,\"name\":\"Uno sguardo diverso sulla comunicazione aziendale\"}]},{\"@type\":\"WebSite\",\"@id\":\"https:\\\/\\\/www.article-marketing.eu\\\/comunicatistampa\\\/#website\",\"url\":\"https:\\\/\\\/www.article-marketing.eu\\\/comunicatistampa\\\/\",\"name\":\"Article Marketing\",\"description\":\"article marketing &amp; press release\",\"potentialAction\":[{\"@type\":\"SearchAction\",\"target\":{\"@type\":\"EntryPoint\",\"urlTemplate\":\"https:\\\/\\\/www.article-marketing.eu\\\/comunicatistampa\\\/?s={search_term_string}\"},\"query-input\":{\"@type\":\"PropertyValueSpecification\",\"valueRequired\":true,\"valueName\":\"search_term_string\"}}],\"inLanguage\":\"it-IT\"},{\"@type\":\"Person\",\"@id\":\"https:\\\/\\\/www.article-marketing.eu\\\/comunicatistampa\\\/#\\\/schema\\\/person\\\/d1985c4955ff71a05f49d68e3034b3cd\",\"name\":\"AIFUS\",\"image\":{\"@type\":\"ImageObject\",\"inLanguage\":\"it-IT\",\"@id\":\"https:\\\/\\\/secure.gravatar.com\\\/avatar\\\/05cf2a2ba057667571308b94c84f00ff48766ffac95710a87491a9b3ddcee484?s=96&d=mm&r=g\",\"url\":\"https:\\\/\\\/secure.gravatar.com\\\/avatar\\\/05cf2a2ba057667571308b94c84f00ff48766ffac95710a87491a9b3ddcee484?s=96&d=mm&r=g\",\"contentUrl\":\"https:\\\/\\\/secure.gravatar.com\\\/avatar\\\/05cf2a2ba057667571308b94c84f00ff48766ffac95710a87491a9b3ddcee484?s=96&d=mm&r=g\",\"caption\":\"AIFUS\"},\"url\":\"https:\\\/\\\/www.article-marketing.eu\\\/comunicatistampa\\\/author\\\/aifus\\\/\"}]}<\/script>\n<!-- \/ Yoast SEO plugin. -->","yoast_head_json":{"title":"Uno sguardo diverso sulla comunicazione aziendale - Article Marketing","robots":{"index":"index","follow":"follow","max-snippet":"max-snippet:-1","max-image-preview":"max-image-preview:large","max-video-preview":"max-video-preview:-1"},"canonical":"https:\/\/www.article-marketing.eu\/comunicatistampa\/uno-sguardo-diverso-sulla-comunicazione-aziendale\/","og_locale":"it_IT","og_type":"article","og_title":"Uno sguardo diverso sulla comunicazione aziendale - Article Marketing","og_description":"Comunicato Stampa Uno sguardo diverso sulla comunicazione aziendale Un corso di 8 ore in presenza a Brescia il 4 dicembre 2024 sulla comunicazione, per farsi comprendere e farsi ascoltare in maniera efficace nelle aziende e a tutti livelli. &nbsp; In ogni azienda la qualit\u00e0 della comunicazione \u00e8 molto importante. Incide direttamente sull\u2019efficienza e la produttivit\u00e0, riducendo gli errori e le incomprensioni, promuove la trasparenza accrescendo il benessere aziendale e incoraggiandoContinue reading...","og_url":"https:\/\/www.article-marketing.eu\/comunicatistampa\/uno-sguardo-diverso-sulla-comunicazione-aziendale\/","og_site_name":"Article Marketing","article_published_time":"2024-11-01T22:50:07+00:00","author":"AIFUS","twitter_card":"summary_large_image","twitter_misc":{"Scritto da":"AIFUS","Tempo di lettura stimato":"4 minuti"},"schema":{"@context":"https:\/\/schema.org","@graph":[{"@type":"Article","@id":"https:\/\/www.article-marketing.eu\/comunicatistampa\/uno-sguardo-diverso-sulla-comunicazione-aziendale\/#article","isPartOf":{"@id":"https:\/\/www.article-marketing.eu\/comunicatistampa\/uno-sguardo-diverso-sulla-comunicazione-aziendale\/"},"author":{"name":"AIFUS","@id":"https:\/\/www.article-marketing.eu\/comunicatistampa\/#\/schema\/person\/d1985c4955ff71a05f49d68e3034b3cd"},"headline":"Uno sguardo diverso sulla comunicazione aziendale","datePublished":"2024-11-01T22:50:07+00:00","mainEntityOfPage":{"@id":"https:\/\/www.article-marketing.eu\/comunicatistampa\/uno-sguardo-diverso-sulla-comunicazione-aziendale\/"},"wordCount":690,"commentCount":0,"keywords":["Aifos","Brescia","Comunicazione breve e strategica","comunicazione circolare","corsi in presenza","corso","cultura della sicurezza","formazione","modelli di comunicazione","paradigmi invertiti della comunicazione aziendale up down","Pubbliredazionale","qualit\u00e0 della comunicazione","Upside Down della comunicazione"],"articleSection":["Comunicati stampa","Corsi","Eventi","Istruzione"],"inLanguage":"it-IT","potentialAction":[{"@type":"CommentAction","name":"Comment","target":["https:\/\/www.article-marketing.eu\/comunicatistampa\/uno-sguardo-diverso-sulla-comunicazione-aziendale\/#respond"]}]},{"@type":"WebPage","@id":"https:\/\/www.article-marketing.eu\/comunicatistampa\/uno-sguardo-diverso-sulla-comunicazione-aziendale\/","url":"https:\/\/www.article-marketing.eu\/comunicatistampa\/uno-sguardo-diverso-sulla-comunicazione-aziendale\/","name":"Uno sguardo diverso sulla comunicazione aziendale - Article Marketing","isPartOf":{"@id":"https:\/\/www.article-marketing.eu\/comunicatistampa\/#website"},"datePublished":"2024-11-01T22:50:07+00:00","author":{"@id":"https:\/\/www.article-marketing.eu\/comunicatistampa\/#\/schema\/person\/d1985c4955ff71a05f49d68e3034b3cd"},"breadcrumb":{"@id":"https:\/\/www.article-marketing.eu\/comunicatistampa\/uno-sguardo-diverso-sulla-comunicazione-aziendale\/#breadcrumb"},"inLanguage":"it-IT","potentialAction":[{"@type":"ReadAction","target":["https:\/\/www.article-marketing.eu\/comunicatistampa\/uno-sguardo-diverso-sulla-comunicazione-aziendale\/"]}]},{"@type":"BreadcrumbList","@id":"https:\/\/www.article-marketing.eu\/comunicatistampa\/uno-sguardo-diverso-sulla-comunicazione-aziendale\/#breadcrumb","itemListElement":[{"@type":"ListItem","position":1,"name":"Home","item":"https:\/\/www.article-marketing.eu\/comunicatistampa\/"},{"@type":"ListItem","position":2,"name":"Uno sguardo diverso sulla comunicazione aziendale"}]},{"@type":"WebSite","@id":"https:\/\/www.article-marketing.eu\/comunicatistampa\/#website","url":"https:\/\/www.article-marketing.eu\/comunicatistampa\/","name":"Article Marketing","description":"article marketing &amp; press release","potentialAction":[{"@type":"SearchAction","target":{"@type":"EntryPoint","urlTemplate":"https:\/\/www.article-marketing.eu\/comunicatistampa\/?s={search_term_string}"},"query-input":{"@type":"PropertyValueSpecification","valueRequired":true,"valueName":"search_term_string"}}],"inLanguage":"it-IT"},{"@type":"Person","@id":"https:\/\/www.article-marketing.eu\/comunicatistampa\/#\/schema\/person\/d1985c4955ff71a05f49d68e3034b3cd","name":"AIFUS","image":{"@type":"ImageObject","inLanguage":"it-IT","@id":"https:\/\/secure.gravatar.com\/avatar\/05cf2a2ba057667571308b94c84f00ff48766ffac95710a87491a9b3ddcee484?s=96&d=mm&r=g","url":"https:\/\/secure.gravatar.com\/avatar\/05cf2a2ba057667571308b94c84f00ff48766ffac95710a87491a9b3ddcee484?s=96&d=mm&r=g","contentUrl":"https:\/\/secure.gravatar.com\/avatar\/05cf2a2ba057667571308b94c84f00ff48766ffac95710a87491a9b3ddcee484?s=96&d=mm&r=g","caption":"AIFUS"},"url":"https:\/\/www.article-marketing.eu\/comunicatistampa\/author\/aifus\/"}]}},"_links":{"self":[{"href":"https:\/\/www.article-marketing.eu\/comunicatistampa\/wp-json\/wp\/v2\/posts\/31642","targetHints":{"allow":["GET"]}}],"collection":[{"href":"https:\/\/www.article-marketing.eu\/comunicatistampa\/wp-json\/wp\/v2\/posts"}],"about":[{"href":"https:\/\/www.article-marketing.eu\/comunicatistampa\/wp-json\/wp\/v2\/types\/post"}],"author":[{"embeddable":true,"href":"https:\/\/www.article-marketing.eu\/comunicatistampa\/wp-json\/wp\/v2\/users\/881"}],"replies":[{"embeddable":true,"href":"https:\/\/www.article-marketing.eu\/comunicatistampa\/wp-json\/wp\/v2\/comments?post=31642"}],"version-history":[{"count":2,"href":"https:\/\/www.article-marketing.eu\/comunicatistampa\/wp-json\/wp\/v2\/posts\/31642\/revisions"}],"predecessor-version":[{"id":31676,"href":"https:\/\/www.article-marketing.eu\/comunicatistampa\/wp-json\/wp\/v2\/posts\/31642\/revisions\/31676"}],"wp:attachment":[{"href":"https:\/\/www.article-marketing.eu\/comunicatistampa\/wp-json\/wp\/v2\/media?parent=31642"}],"wp:term":[{"taxonomy":"category","embeddable":true,"href":"https:\/\/www.article-marketing.eu\/comunicatistampa\/wp-json\/wp\/v2\/categories?post=31642"},{"taxonomy":"post_tag","embeddable":true,"href":"https:\/\/www.article-marketing.eu\/comunicatistampa\/wp-json\/wp\/v2\/tags?post=31642"}],"curies":[{"name":"wp","href":"https:\/\/api.w.org\/{rel}","templated":true}]}}