{"id":31690,"date":"2025-02-08T18:39:34","date_gmt":"2025-02-08T17:39:34","guid":{"rendered":"https:\/\/www.article-marketing.eu\/comunicatistampa\/?p=31690"},"modified":"2025-02-08T18:39:34","modified_gmt":"2025-02-08T17:39:34","slug":"valentina-pellegrini-formazione-percorso-e-visione-imprenditoriale","status":"publish","type":"post","link":"https:\/\/www.article-marketing.eu\/comunicatistampa\/valentina-pellegrini-formazione-percorso-e-visione-imprenditoriale\/","title":{"rendered":"Valentina Pellegrini: formazione, percorso e visione imprenditoriale"},"content":{"rendered":"<p>&nbsp;<\/p>\n<p><strong>Dopo la laurea in Economia, l\u2019ingresso nelle aree di Amministrazione e Gestione del Personale del Gruppo Pellegrini, poi la nomina a Vicepresidente e Consigliere Delegato: il percorso di Valentina Pellegrini.<\/strong><\/p>\n<p><em><strong><a title=\"Il percorso professionale di Valentina Pellegrini\" href=\"https:\/\/www.executivemanager.it\/Valentina-Pellegrini\/\">Valentina Pellegrini<\/a> \u00e8 un\u2019imprenditrice e una dirigente d\u2019azienda. Dal 2014 \u00e8 Vicepresidente e Consigliere Delegato del Gruppo Pellegrini, realt\u00e0 italiana attiva nel mercato dei servizi, dalla ristorazione alle forniture alimentari, dai buoni pasto al welfare aziendale, dalla distribuzione automatica alle pulizie e ai servizi integrati.<\/strong><\/em><\/p>\n<p><a title=\"Valentina Pellegrini: scopri la biografia professionale\" href=\"https:\/\/www.executivemanager.it\/Valentina-Pellegrini\/\"><img loading=\"lazy\" decoding=\"async\" src=\"https:\/\/www.h2biz.net\/images\/Plats\/crop_min_20240507153425.jpg\" alt=\"Valentina Pellegrini\" width=\"200\" height=\"200\" \/><\/a><\/p>\n<h2>Valentina Pellegrini: la formazione e l\u2019ingresso nel Gruppo<\/h2>\n<p><strong>Valentina Pellegrini<\/strong> entra nel Gruppo Pellegrini dopo aver conseguito la laurea in Economia presso l\u2019Universit\u00e0 Cattolica del Sacro Cuore di Milano nel 2010. Inizialmente impegnata nelle aree di Amministrazione e Gestione del Personale, viene nominata membro del Consiglio di Amministrazione e, nel 2014, Vicepresidente e Consigliere Delegato. La leadership di <strong>Valentina Pellegrini<\/strong> ha contribuito all\u2019espansione della societ\u00e0 e alla sua affermazione, a livello nazionale e internazionale, nel settore dei servizi. In particolare negli ambiti della ristorazione collettiva, del welfare aziendale, della distribuzione automatica, della pulizia e dei servizi integrati, delle forniture di derrate alimentari e della lavorazione delle carni fresche.<\/p>\n<h2>L\u2019impegno di Valentina Pellegrini per il sociale, l\u2019innovazione e la sostenibilit\u00e0<\/h2>\n<p>Oltre alla carriera imprenditoriale, <a title=\"La carriera di Valentina Pellegrini (Gruppo Pellegrini)\" href=\"https:\/\/www.executivemanager.it\/Valentina-Pellegrini\/\"><strong>Valentina Pellegrini<\/strong><\/a> si dedica anche al sociale. Nel 2013 su espresso desiderio di tutta la famiglia Pellegrini, viene creata la Fondazione Ernesto Pellegrini Onlus e inaugurato il ristorante solidale Ruben a Milano, per dare concretamente supporto alle persone in difficolt\u00e0 economica e sociale. La sua propensione per l\u2019innovazione e la sostenibilit\u00e0 ha contribuito al successo commerciale del Gruppo, rendendolo la principale realt\u00e0 imprenditoriale di propriet\u00e0 italiana nel settore dei servizi, e ha portato alla creazione, nel 2016, dell\u2019Accademia Pellegrini, un centro di eccellenza per la Ricerca, lo Sviluppo e la Formazione. Consigliere di Amministrazione per la Fondazione BPM dal 2020, l\u2019imprenditrice \u00e8 inoltre membro del Comitato Strategico di ORICON (Osservatorio Ristorazione Collettiva e Nutrizione) e membro del Consiglio Direttivo di Assolombarda.<\/p>\n","protected":false},"excerpt":{"rendered":"<p>&nbsp; Dopo la laurea in Economia, l\u2019ingresso nelle aree di Amministrazione e Gestione del Personale del Gruppo Pellegrini, poi la nomina a Vicepresidente e Consigliere Delegato: il percorso di Valentina Pellegrini. Valentina Pellegrini \u00e8 un\u2019imprenditrice e una dirigente d\u2019azienda. Dal 2014 \u00e8 Vicepresidente e Consigliere Delegato del Gruppo Pellegrini, realt\u00e0 italiana attiva nel mercato dei servizi, dalla ristorazione alle forniture alimentari, dai buoni pasto al welfare aziendale, dalla distribuzione automatica<\/p>\n<p><a class=\"continue-reading\" href=\"https:\/\/www.article-marketing.eu\/comunicatistampa\/valentina-pellegrini-formazione-percorso-e-visione-imprenditoriale\/\">Continue reading&#8230;<\/a><\/p>\n","protected":false},"author":6477,"featured_media":0,"comment_status":"open","ping_status":"open","sticky":false,"template":"","format":"standard","meta":{"_monsterinsights_skip_tracking":false,"_monsterinsights_sitenote_active":false,"_monsterinsights_sitenote_note":"","_monsterinsights_sitenote_category":0,"footnotes":""},"categories":[390],"tags":[11244],"class_list":["post-31690","post","type-post","status-publish","format-standard","hentry","category-professionisti","tag-valentina-pellegrini"],"yoast_head":"<!-- This site is optimized with the Yoast SEO plugin v27.3 - https:\/\/yoast.com\/product\/yoast-seo-wordpress\/ -->\n<title>Valentina Pellegrini: formazione, percorso e visione imprenditoriale - Article Marketing<\/title>\n<meta name=\"robots\" content=\"index, follow, max-snippet:-1, max-image-preview:large, max-video-preview:-1\" \/>\n<link rel=\"canonical\" href=\"https:\/\/www.article-marketing.eu\/comunicatistampa\/valentina-pellegrini-formazione-percorso-e-visione-imprenditoriale\/\" \/>\n<meta property=\"og:locale\" content=\"it_IT\" \/>\n<meta property=\"og:type\" content=\"article\" \/>\n<meta property=\"og:title\" content=\"Valentina Pellegrini: formazione, percorso e visione imprenditoriale - Article Marketing\" \/>\n<meta property=\"og:description\" content=\"&nbsp; Dopo la laurea in Economia, l\u2019ingresso nelle aree di Amministrazione e Gestione del Personale del Gruppo Pellegrini, poi la nomina a Vicepresidente e Consigliere Delegato: il percorso di Valentina Pellegrini. Valentina Pellegrini \u00e8 un\u2019imprenditrice e una dirigente d\u2019azienda. Dal 2014 \u00e8 Vicepresidente e Consigliere Delegato del Gruppo Pellegrini, realt\u00e0 italiana attiva nel mercato dei servizi, dalla ristorazione alle forniture alimentari, dai buoni pasto al welfare aziendale, dalla distribuzione automaticaContinue reading...\" \/>\n<meta property=\"og:url\" content=\"https:\/\/www.article-marketing.eu\/comunicatistampa\/valentina-pellegrini-formazione-percorso-e-visione-imprenditoriale\/\" \/>\n<meta property=\"og:site_name\" content=\"Article Marketing\" \/>\n<meta property=\"article:published_time\" content=\"2025-02-08T17:39:34+00:00\" \/>\n<meta property=\"og:image\" content=\"https:\/\/www.h2biz.net\/images\/Plats\/crop_min_20240507153425.jpg\" \/>\n<meta name=\"author\" content=\"articolinews\" \/>\n<meta name=\"twitter:card\" content=\"summary_large_image\" \/>\n<meta name=\"twitter:label1\" content=\"Scritto da\" \/>\n\t<meta name=\"twitter:data1\" content=\"articolinews\" \/>\n\t<meta name=\"twitter:label2\" content=\"Tempo di lettura stimato\" \/>\n\t<meta name=\"twitter:data2\" content=\"2 minuti\" \/>\n<script type=\"application\/ld+json\" class=\"yoast-schema-graph\">{\"@context\":\"https:\\\/\\\/schema.org\",\"@graph\":[{\"@type\":\"Article\",\"@id\":\"https:\\\/\\\/www.article-marketing.eu\\\/comunicatistampa\\\/valentina-pellegrini-formazione-percorso-e-visione-imprenditoriale\\\/#article\",\"isPartOf\":{\"@id\":\"https:\\\/\\\/www.article-marketing.eu\\\/comunicatistampa\\\/valentina-pellegrini-formazione-percorso-e-visione-imprenditoriale\\\/\"},\"author\":{\"name\":\"articolinews\",\"@id\":\"https:\\\/\\\/www.article-marketing.eu\\\/comunicatistampa\\\/#\\\/schema\\\/person\\\/2fcaf8f8f3a9eef9eb7f27532d3ca458\"},\"headline\":\"Valentina Pellegrini: formazione, percorso e visione imprenditoriale\",\"datePublished\":\"2025-02-08T17:39:34+00:00\",\"mainEntityOfPage\":{\"@id\":\"https:\\\/\\\/www.article-marketing.eu\\\/comunicatistampa\\\/valentina-pellegrini-formazione-percorso-e-visione-imprenditoriale\\\/\"},\"wordCount\":329,\"commentCount\":0,\"image\":{\"@id\":\"https:\\\/\\\/www.article-marketing.eu\\\/comunicatistampa\\\/valentina-pellegrini-formazione-percorso-e-visione-imprenditoriale\\\/#primaryimage\"},\"thumbnailUrl\":\"https:\\\/\\\/www.h2biz.net\\\/images\\\/Plats\\\/crop_min_20240507153425.jpg\",\"keywords\":[\"Valentina Pellegrini\"],\"articleSection\":[\"Professionisti\"],\"inLanguage\":\"it-IT\",\"potentialAction\":[{\"@type\":\"CommentAction\",\"name\":\"Comment\",\"target\":[\"https:\\\/\\\/www.article-marketing.eu\\\/comunicatistampa\\\/valentina-pellegrini-formazione-percorso-e-visione-imprenditoriale\\\/#respond\"]}]},{\"@type\":\"WebPage\",\"@id\":\"https:\\\/\\\/www.article-marketing.eu\\\/comunicatistampa\\\/valentina-pellegrini-formazione-percorso-e-visione-imprenditoriale\\\/\",\"url\":\"https:\\\/\\\/www.article-marketing.eu\\\/comunicatistampa\\\/valentina-pellegrini-formazione-percorso-e-visione-imprenditoriale\\\/\",\"name\":\"Valentina Pellegrini: formazione, percorso e visione imprenditoriale - Article Marketing\",\"isPartOf\":{\"@id\":\"https:\\\/\\\/www.article-marketing.eu\\\/comunicatistampa\\\/#website\"},\"primaryImageOfPage\":{\"@id\":\"https:\\\/\\\/www.article-marketing.eu\\\/comunicatistampa\\\/valentina-pellegrini-formazione-percorso-e-visione-imprenditoriale\\\/#primaryimage\"},\"image\":{\"@id\":\"https:\\\/\\\/www.article-marketing.eu\\\/comunicatistampa\\\/valentina-pellegrini-formazione-percorso-e-visione-imprenditoriale\\\/#primaryimage\"},\"thumbnailUrl\":\"https:\\\/\\\/www.h2biz.net\\\/images\\\/Plats\\\/crop_min_20240507153425.jpg\",\"datePublished\":\"2025-02-08T17:39:34+00:00\",\"author\":{\"@id\":\"https:\\\/\\\/www.article-marketing.eu\\\/comunicatistampa\\\/#\\\/schema\\\/person\\\/2fcaf8f8f3a9eef9eb7f27532d3ca458\"},\"breadcrumb\":{\"@id\":\"https:\\\/\\\/www.article-marketing.eu\\\/comunicatistampa\\\/valentina-pellegrini-formazione-percorso-e-visione-imprenditoriale\\\/#breadcrumb\"},\"inLanguage\":\"it-IT\",\"potentialAction\":[{\"@type\":\"ReadAction\",\"target\":[\"https:\\\/\\\/www.article-marketing.eu\\\/comunicatistampa\\\/valentina-pellegrini-formazione-percorso-e-visione-imprenditoriale\\\/\"]}]},{\"@type\":\"ImageObject\",\"inLanguage\":\"it-IT\",\"@id\":\"https:\\\/\\\/www.article-marketing.eu\\\/comunicatistampa\\\/valentina-pellegrini-formazione-percorso-e-visione-imprenditoriale\\\/#primaryimage\",\"url\":\"https:\\\/\\\/www.h2biz.net\\\/images\\\/Plats\\\/crop_min_20240507153425.jpg\",\"contentUrl\":\"https:\\\/\\\/www.h2biz.net\\\/images\\\/Plats\\\/crop_min_20240507153425.jpg\"},{\"@type\":\"BreadcrumbList\",\"@id\":\"https:\\\/\\\/www.article-marketing.eu\\\/comunicatistampa\\\/valentina-pellegrini-formazione-percorso-e-visione-imprenditoriale\\\/#breadcrumb\",\"itemListElement\":[{\"@type\":\"ListItem\",\"position\":1,\"name\":\"Home\",\"item\":\"https:\\\/\\\/www.article-marketing.eu\\\/comunicatistampa\\\/\"},{\"@type\":\"ListItem\",\"position\":2,\"name\":\"Valentina Pellegrini: formazione, percorso e visione imprenditoriale\"}]},{\"@type\":\"WebSite\",\"@id\":\"https:\\\/\\\/www.article-marketing.eu\\\/comunicatistampa\\\/#website\",\"url\":\"https:\\\/\\\/www.article-marketing.eu\\\/comunicatistampa\\\/\",\"name\":\"Article Marketing\",\"description\":\"article marketing &amp; press release\",\"potentialAction\":[{\"@type\":\"SearchAction\",\"target\":{\"@type\":\"EntryPoint\",\"urlTemplate\":\"https:\\\/\\\/www.article-marketing.eu\\\/comunicatistampa\\\/?s={search_term_string}\"},\"query-input\":{\"@type\":\"PropertyValueSpecification\",\"valueRequired\":true,\"valueName\":\"search_term_string\"}}],\"inLanguage\":\"it-IT\"},{\"@type\":\"Person\",\"@id\":\"https:\\\/\\\/www.article-marketing.eu\\\/comunicatistampa\\\/#\\\/schema\\\/person\\\/2fcaf8f8f3a9eef9eb7f27532d3ca458\",\"name\":\"articolinews\",\"image\":{\"@type\":\"ImageObject\",\"inLanguage\":\"it-IT\",\"@id\":\"https:\\\/\\\/secure.gravatar.com\\\/avatar\\\/9e2a264bab04e17dea24d937c9956304649a848cb73c46747a692ff1bdeb1cb7?s=96&d=mm&r=g\",\"url\":\"https:\\\/\\\/secure.gravatar.com\\\/avatar\\\/9e2a264bab04e17dea24d937c9956304649a848cb73c46747a692ff1bdeb1cb7?s=96&d=mm&r=g\",\"contentUrl\":\"https:\\\/\\\/secure.gravatar.com\\\/avatar\\\/9e2a264bab04e17dea24d937c9956304649a848cb73c46747a692ff1bdeb1cb7?s=96&d=mm&r=g\",\"caption\":\"articolinews\"},\"url\":\"https:\\\/\\\/www.article-marketing.eu\\\/comunicatistampa\\\/author\\\/articolinews\\\/\"}]}<\/script>\n<!-- \/ Yoast SEO plugin. -->","yoast_head_json":{"title":"Valentina Pellegrini: formazione, percorso e visione imprenditoriale - Article Marketing","robots":{"index":"index","follow":"follow","max-snippet":"max-snippet:-1","max-image-preview":"max-image-preview:large","max-video-preview":"max-video-preview:-1"},"canonical":"https:\/\/www.article-marketing.eu\/comunicatistampa\/valentina-pellegrini-formazione-percorso-e-visione-imprenditoriale\/","og_locale":"it_IT","og_type":"article","og_title":"Valentina Pellegrini: formazione, percorso e visione imprenditoriale - Article Marketing","og_description":"&nbsp; Dopo la laurea in Economia, l\u2019ingresso nelle aree di Amministrazione e Gestione del Personale del Gruppo Pellegrini, poi la nomina a Vicepresidente e Consigliere Delegato: il percorso di Valentina Pellegrini. Valentina Pellegrini \u00e8 un\u2019imprenditrice e una dirigente d\u2019azienda. Dal 2014 \u00e8 Vicepresidente e Consigliere Delegato del Gruppo Pellegrini, realt\u00e0 italiana attiva nel mercato dei servizi, dalla ristorazione alle forniture alimentari, dai buoni pasto al welfare aziendale, dalla distribuzione automaticaContinue reading...","og_url":"https:\/\/www.article-marketing.eu\/comunicatistampa\/valentina-pellegrini-formazione-percorso-e-visione-imprenditoriale\/","og_site_name":"Article Marketing","article_published_time":"2025-02-08T17:39:34+00:00","og_image":[{"url":"https:\/\/www.h2biz.net\/images\/Plats\/crop_min_20240507153425.jpg","type":"","width":"","height":""}],"author":"articolinews","twitter_card":"summary_large_image","twitter_misc":{"Scritto da":"articolinews","Tempo di lettura stimato":"2 minuti"},"schema":{"@context":"https:\/\/schema.org","@graph":[{"@type":"Article","@id":"https:\/\/www.article-marketing.eu\/comunicatistampa\/valentina-pellegrini-formazione-percorso-e-visione-imprenditoriale\/#article","isPartOf":{"@id":"https:\/\/www.article-marketing.eu\/comunicatistampa\/valentina-pellegrini-formazione-percorso-e-visione-imprenditoriale\/"},"author":{"name":"articolinews","@id":"https:\/\/www.article-marketing.eu\/comunicatistampa\/#\/schema\/person\/2fcaf8f8f3a9eef9eb7f27532d3ca458"},"headline":"Valentina Pellegrini: formazione, percorso e visione imprenditoriale","datePublished":"2025-02-08T17:39:34+00:00","mainEntityOfPage":{"@id":"https:\/\/www.article-marketing.eu\/comunicatistampa\/valentina-pellegrini-formazione-percorso-e-visione-imprenditoriale\/"},"wordCount":329,"commentCount":0,"image":{"@id":"https:\/\/www.article-marketing.eu\/comunicatistampa\/valentina-pellegrini-formazione-percorso-e-visione-imprenditoriale\/#primaryimage"},"thumbnailUrl":"https:\/\/www.h2biz.net\/images\/Plats\/crop_min_20240507153425.jpg","keywords":["Valentina Pellegrini"],"articleSection":["Professionisti"],"inLanguage":"it-IT","potentialAction":[{"@type":"CommentAction","name":"Comment","target":["https:\/\/www.article-marketing.eu\/comunicatistampa\/valentina-pellegrini-formazione-percorso-e-visione-imprenditoriale\/#respond"]}]},{"@type":"WebPage","@id":"https:\/\/www.article-marketing.eu\/comunicatistampa\/valentina-pellegrini-formazione-percorso-e-visione-imprenditoriale\/","url":"https:\/\/www.article-marketing.eu\/comunicatistampa\/valentina-pellegrini-formazione-percorso-e-visione-imprenditoriale\/","name":"Valentina Pellegrini: formazione, percorso e visione imprenditoriale - Article Marketing","isPartOf":{"@id":"https:\/\/www.article-marketing.eu\/comunicatistampa\/#website"},"primaryImageOfPage":{"@id":"https:\/\/www.article-marketing.eu\/comunicatistampa\/valentina-pellegrini-formazione-percorso-e-visione-imprenditoriale\/#primaryimage"},"image":{"@id":"https:\/\/www.article-marketing.eu\/comunicatistampa\/valentina-pellegrini-formazione-percorso-e-visione-imprenditoriale\/#primaryimage"},"thumbnailUrl":"https:\/\/www.h2biz.net\/images\/Plats\/crop_min_20240507153425.jpg","datePublished":"2025-02-08T17:39:34+00:00","author":{"@id":"https:\/\/www.article-marketing.eu\/comunicatistampa\/#\/schema\/person\/2fcaf8f8f3a9eef9eb7f27532d3ca458"},"breadcrumb":{"@id":"https:\/\/www.article-marketing.eu\/comunicatistampa\/valentina-pellegrini-formazione-percorso-e-visione-imprenditoriale\/#breadcrumb"},"inLanguage":"it-IT","potentialAction":[{"@type":"ReadAction","target":["https:\/\/www.article-marketing.eu\/comunicatistampa\/valentina-pellegrini-formazione-percorso-e-visione-imprenditoriale\/"]}]},{"@type":"ImageObject","inLanguage":"it-IT","@id":"https:\/\/www.article-marketing.eu\/comunicatistampa\/valentina-pellegrini-formazione-percorso-e-visione-imprenditoriale\/#primaryimage","url":"https:\/\/www.h2biz.net\/images\/Plats\/crop_min_20240507153425.jpg","contentUrl":"https:\/\/www.h2biz.net\/images\/Plats\/crop_min_20240507153425.jpg"},{"@type":"BreadcrumbList","@id":"https:\/\/www.article-marketing.eu\/comunicatistampa\/valentina-pellegrini-formazione-percorso-e-visione-imprenditoriale\/#breadcrumb","itemListElement":[{"@type":"ListItem","position":1,"name":"Home","item":"https:\/\/www.article-marketing.eu\/comunicatistampa\/"},{"@type":"ListItem","position":2,"name":"Valentina Pellegrini: formazione, percorso e visione imprenditoriale"}]},{"@type":"WebSite","@id":"https:\/\/www.article-marketing.eu\/comunicatistampa\/#website","url":"https:\/\/www.article-marketing.eu\/comunicatistampa\/","name":"Article Marketing","description":"article marketing &amp; press release","potentialAction":[{"@type":"SearchAction","target":{"@type":"EntryPoint","urlTemplate":"https:\/\/www.article-marketing.eu\/comunicatistampa\/?s={search_term_string}"},"query-input":{"@type":"PropertyValueSpecification","valueRequired":true,"valueName":"search_term_string"}}],"inLanguage":"it-IT"},{"@type":"Person","@id":"https:\/\/www.article-marketing.eu\/comunicatistampa\/#\/schema\/person\/2fcaf8f8f3a9eef9eb7f27532d3ca458","name":"articolinews","image":{"@type":"ImageObject","inLanguage":"it-IT","@id":"https:\/\/secure.gravatar.com\/avatar\/9e2a264bab04e17dea24d937c9956304649a848cb73c46747a692ff1bdeb1cb7?s=96&d=mm&r=g","url":"https:\/\/secure.gravatar.com\/avatar\/9e2a264bab04e17dea24d937c9956304649a848cb73c46747a692ff1bdeb1cb7?s=96&d=mm&r=g","contentUrl":"https:\/\/secure.gravatar.com\/avatar\/9e2a264bab04e17dea24d937c9956304649a848cb73c46747a692ff1bdeb1cb7?s=96&d=mm&r=g","caption":"articolinews"},"url":"https:\/\/www.article-marketing.eu\/comunicatistampa\/author\/articolinews\/"}]}},"_links":{"self":[{"href":"https:\/\/www.article-marketing.eu\/comunicatistampa\/wp-json\/wp\/v2\/posts\/31690","targetHints":{"allow":["GET"]}}],"collection":[{"href":"https:\/\/www.article-marketing.eu\/comunicatistampa\/wp-json\/wp\/v2\/posts"}],"about":[{"href":"https:\/\/www.article-marketing.eu\/comunicatistampa\/wp-json\/wp\/v2\/types\/post"}],"author":[{"embeddable":true,"href":"https:\/\/www.article-marketing.eu\/comunicatistampa\/wp-json\/wp\/v2\/users\/6477"}],"replies":[{"embeddable":true,"href":"https:\/\/www.article-marketing.eu\/comunicatistampa\/wp-json\/wp\/v2\/comments?post=31690"}],"version-history":[{"count":3,"href":"https:\/\/www.article-marketing.eu\/comunicatistampa\/wp-json\/wp\/v2\/posts\/31690\/revisions"}],"predecessor-version":[{"id":32136,"href":"https:\/\/www.article-marketing.eu\/comunicatistampa\/wp-json\/wp\/v2\/posts\/31690\/revisions\/32136"}],"wp:attachment":[{"href":"https:\/\/www.article-marketing.eu\/comunicatistampa\/wp-json\/wp\/v2\/media?parent=31690"}],"wp:term":[{"taxonomy":"category","embeddable":true,"href":"https:\/\/www.article-marketing.eu\/comunicatistampa\/wp-json\/wp\/v2\/categories?post=31690"},{"taxonomy":"post_tag","embeddable":true,"href":"https:\/\/www.article-marketing.eu\/comunicatistampa\/wp-json\/wp\/v2\/tags?post=31690"}],"curies":[{"name":"wp","href":"https:\/\/api.w.org\/{rel}","templated":true}]}}