{"id":31695,"date":"2025-02-08T18:40:20","date_gmt":"2025-02-08T17:40:20","guid":{"rendered":"https:\/\/www.article-marketing.eu\/comunicatistampa\/?p=31695"},"modified":"2025-02-08T18:40:20","modified_gmt":"2025-02-08T17:40:20","slug":"la-carriera-di-fabio-inzani-nelledilizia-civile-italiana","status":"publish","type":"post","link":"https:\/\/www.article-marketing.eu\/comunicatistampa\/la-carriera-di-fabio-inzani-nelledilizia-civile-italiana\/","title":{"rendered":"La carriera di Fabio Inzani nell&#8217;edilizia civile italiana"},"content":{"rendered":"<p><em><strong><a title=\"Fabio Inzani: la biografia professionale dell'ingegnere e fondatore di Tecnicaer Engineering\" href=\"https:\/\/www.executivemanager.it\/Fabio-Inzani\/\">Fabio Inzani<\/a> \u00e8 un ingegnere italiano di rilievo nel settore dell&#8217;edilizia civile e ospedaliera. Con una formazione in ingegneria aeronautica e spaziale, ha fondato e guida Tecnicaer Engineering, contribuendo significativamente a progetti complessi e innovativi in tutta Italia. La sua carriera \u00e8 caratterizzata da un forte impegno nell&#8217;innovazione tecnologica e nella sostenibilit\u00e0.<\/strong><\/em><\/p>\n<p><a title=\"La carriera professionale di Fabio Inzani\" href=\"https:\/\/www.executivemanager.it\/Fabio-Inzani\/\"><img loading=\"lazy\" decoding=\"async\" src=\"https:\/\/h2biz.net\/images\/Plats\/20190823111053.png\" alt=\"Fabio Inzani\" width=\"196\" height=\"197\" \/><\/a><\/p>\n<h2>Fabio Inzani: Tecnicaer Engineering, leader nell&#8217;ingegneria civile e ospedaliera<\/h2>\n<p><strong>Fabio Inzani<\/strong>, nato a Rimini nel 1967 e cresciuto ad Aosta, \u00e8 una figura di rilievo nel panorama dell&#8217;ingegneria civile italiana. Laureatosi in Ingegneria Aeronautica e Spaziale presso il Politecnico di Torino, ha rapidamente indirizzato la sua carriera verso il settore dell&#8217;edilizia civile e ospedaliera. Nel 2001 ha fondato <strong>Tecnicaer Engineering<\/strong>, dove ricopre il ruolo di Presidente, Amministratore Delegato e Direttore Tecnico. Sotto la sua guida, la societ\u00e0 si \u00e8 affermata nella progettazione e direzione lavori di strutture civili abitative e sanitarie, distinguendosi per innovazione e attenzione al risparmio energetico. Fabio Inzani \u00e8 inoltre Amministratore Delegato e Direttore Tecnico del Consorzio Stabile Mythos dal 2008, consolidando ulteriormente la sua posizione nel settore. La sua esperienza professionale \u00e8 arricchita da importanti incarichi, tra cui quello di Energy Manager presso il Ministero dell&#8217;Industria e di Tecnico Abilitato in materia di prevenzione incendi presso il Ministero degli Interni. Membro dell&#8217;International Federation of Hospital Engineering (IFHE), l\u2019Ingegnere ha contribuito a numerosi progetti complessi, collaborando con enti pubblici e privati in tutta Italia. Tra le opere pi\u00f9 significative il Nuovo Ospedale di Vimercate, il Nuovo Ospedale Pediatrico Buzzi di Milano e la nuova sede della Facolt\u00e0 di Veterinaria a Lodi dell&#8217;Universit\u00e0 degli Studi di Milano.<\/p>\n<h2>Fabio Inzani: la carriera nell&#8217;edilizia civile<\/h2>\n<p>La carriera di <a title=\"Fabio Inzani: il percorso professionale\" href=\"https:\/\/www.executivemanager.it\/Fabio-Inzani\/\"><strong>Fabio Inzani<\/strong><\/a> \u00e8 costellata da riconoscimenti e successi. Nel 2004 l&#8217;Universit\u00e0 Bocconi di Milano gli ha conferito il premio per i migliori progetti selezionati in sanit\u00e0 nell&#8217;ambito dell&#8217;iniziativa &#8220;Buoni Esempi&#8221;, grazie al Project Financing per la Nuova Unit\u00e0 Spinale Unipolare di Torino. Oltre alla sua attivit\u00e0 professionale, si dedica alla formazione e alla divulgazione. \u00c8 stato docente presso la Facolt\u00e0 di Architettura del Politecnico di Milano per il Master di II livello in Pianificazione, Programmazione e Progettazione dei Sistemi Ospedalieri e Socio-Sanitari. Inoltre, partecipa come relatore a numerosi convegni e ha pubblicato diversi articoli su tematiche legate alla sanit\u00e0 e all&#8217;energia. Impegnato nel Consiglio Nazionale del Centro Nazionale per l&#8217;Edilizia e la Tecnica Ospedaliera, Fabio Inzani continua a influenzare positivamente il settore dell&#8217;ingegneria civile in Italia. La sua visione innovativa e il suo approccio multidisciplinare lo rendono un punto di riferimento per professionisti e istituzioni. Inoltre, attraverso <strong>Tecnicaer Engineering<\/strong>, promuove soluzioni all&#8217;avanguardia nell&#8217;ambito dell&#8217;impiantistica avanzata, del teleriscaldamento e delle energie rinnovabili, contribuendo alla realizzazione di edifici sostenibili e tecnologicamente avanzati.<\/p>\n","protected":false},"excerpt":{"rendered":"<p>Fabio Inzani \u00e8 un ingegnere italiano di rilievo nel settore dell&#8217;edilizia civile e ospedaliera. Con una formazione in ingegneria aeronautica e spaziale, ha fondato e guida Tecnicaer Engineering, contribuendo significativamente a progetti complessi e innovativi in tutta Italia. La sua carriera \u00e8 caratterizzata da un forte impegno nell&#8217;innovazione tecnologica e nella sostenibilit\u00e0. Fabio Inzani: Tecnicaer Engineering, leader nell&#8217;ingegneria civile e ospedaliera Fabio Inzani, nato a Rimini nel 1967 e cresciuto<\/p>\n<p><a class=\"continue-reading\" href=\"https:\/\/www.article-marketing.eu\/comunicatistampa\/la-carriera-di-fabio-inzani-nelledilizia-civile-italiana\/\">Continue reading&#8230;<\/a><\/p>\n","protected":false},"author":6477,"featured_media":0,"comment_status":"open","ping_status":"open","sticky":false,"template":"","format":"standard","meta":{"_monsterinsights_skip_tracking":false,"_monsterinsights_sitenote_active":false,"_monsterinsights_sitenote_note":"","_monsterinsights_sitenote_category":0,"footnotes":""},"categories":[390],"tags":[9278,11157],"class_list":["post-31695","post","type-post","status-publish","format-standard","hentry","category-professionisti","tag-fabio-inzani","tag-tecnicaer-engineering"],"yoast_head":"<!-- This site is optimized with the Yoast SEO plugin v27.3 - https:\/\/yoast.com\/product\/yoast-seo-wordpress\/ -->\n<title>La carriera di Fabio Inzani nell&#039;edilizia civile italiana - Article Marketing<\/title>\n<meta name=\"robots\" content=\"index, follow, max-snippet:-1, max-image-preview:large, max-video-preview:-1\" \/>\n<link rel=\"canonical\" href=\"https:\/\/www.article-marketing.eu\/comunicatistampa\/la-carriera-di-fabio-inzani-nelledilizia-civile-italiana\/\" \/>\n<meta property=\"og:locale\" content=\"it_IT\" \/>\n<meta property=\"og:type\" content=\"article\" \/>\n<meta property=\"og:title\" content=\"La carriera di Fabio Inzani nell&#039;edilizia civile italiana - Article Marketing\" \/>\n<meta property=\"og:description\" content=\"Fabio Inzani \u00e8 un ingegnere italiano di rilievo nel settore dell&#8217;edilizia civile e ospedaliera. Con una formazione in ingegneria aeronautica e spaziale, ha fondato e guida Tecnicaer Engineering, contribuendo significativamente a progetti complessi e innovativi in tutta Italia. La sua carriera \u00e8 caratterizzata da un forte impegno nell&#8217;innovazione tecnologica e nella sostenibilit\u00e0. Fabio Inzani: Tecnicaer Engineering, leader nell&#8217;ingegneria civile e ospedaliera Fabio Inzani, nato a Rimini nel 1967 e cresciutoContinue reading...\" \/>\n<meta property=\"og:url\" content=\"https:\/\/www.article-marketing.eu\/comunicatistampa\/la-carriera-di-fabio-inzani-nelledilizia-civile-italiana\/\" \/>\n<meta property=\"og:site_name\" content=\"Article Marketing\" \/>\n<meta property=\"article:published_time\" content=\"2025-02-08T17:40:20+00:00\" \/>\n<meta property=\"og:image\" content=\"https:\/\/h2biz.net\/images\/Plats\/20190823111053.png\" \/>\n<meta name=\"author\" content=\"articolinews\" \/>\n<meta name=\"twitter:card\" content=\"summary_large_image\" \/>\n<meta name=\"twitter:label1\" content=\"Scritto da\" \/>\n\t<meta name=\"twitter:data1\" content=\"articolinews\" \/>\n\t<meta name=\"twitter:label2\" content=\"Tempo di lettura stimato\" \/>\n\t<meta name=\"twitter:data2\" content=\"3 minuti\" \/>\n<script type=\"application\/ld+json\" class=\"yoast-schema-graph\">{\"@context\":\"https:\\\/\\\/schema.org\",\"@graph\":[{\"@type\":\"Article\",\"@id\":\"https:\\\/\\\/www.article-marketing.eu\\\/comunicatistampa\\\/la-carriera-di-fabio-inzani-nelledilizia-civile-italiana\\\/#article\",\"isPartOf\":{\"@id\":\"https:\\\/\\\/www.article-marketing.eu\\\/comunicatistampa\\\/la-carriera-di-fabio-inzani-nelledilizia-civile-italiana\\\/\"},\"author\":{\"name\":\"articolinews\",\"@id\":\"https:\\\/\\\/www.article-marketing.eu\\\/comunicatistampa\\\/#\\\/schema\\\/person\\\/2fcaf8f8f3a9eef9eb7f27532d3ca458\"},\"headline\":\"La carriera di Fabio Inzani nell&#8217;edilizia civile italiana\",\"datePublished\":\"2025-02-08T17:40:20+00:00\",\"mainEntityOfPage\":{\"@id\":\"https:\\\/\\\/www.article-marketing.eu\\\/comunicatistampa\\\/la-carriera-di-fabio-inzani-nelledilizia-civile-italiana\\\/\"},\"wordCount\":437,\"commentCount\":0,\"image\":{\"@id\":\"https:\\\/\\\/www.article-marketing.eu\\\/comunicatistampa\\\/la-carriera-di-fabio-inzani-nelledilizia-civile-italiana\\\/#primaryimage\"},\"thumbnailUrl\":\"https:\\\/\\\/h2biz.net\\\/images\\\/Plats\\\/20190823111053.png\",\"keywords\":[\"Fabio Inzani\",\"Tecnicaer Engineering\"],\"articleSection\":[\"Professionisti\"],\"inLanguage\":\"it-IT\",\"potentialAction\":[{\"@type\":\"CommentAction\",\"name\":\"Comment\",\"target\":[\"https:\\\/\\\/www.article-marketing.eu\\\/comunicatistampa\\\/la-carriera-di-fabio-inzani-nelledilizia-civile-italiana\\\/#respond\"]}]},{\"@type\":\"WebPage\",\"@id\":\"https:\\\/\\\/www.article-marketing.eu\\\/comunicatistampa\\\/la-carriera-di-fabio-inzani-nelledilizia-civile-italiana\\\/\",\"url\":\"https:\\\/\\\/www.article-marketing.eu\\\/comunicatistampa\\\/la-carriera-di-fabio-inzani-nelledilizia-civile-italiana\\\/\",\"name\":\"La carriera di Fabio Inzani nell'edilizia civile italiana - Article Marketing\",\"isPartOf\":{\"@id\":\"https:\\\/\\\/www.article-marketing.eu\\\/comunicatistampa\\\/#website\"},\"primaryImageOfPage\":{\"@id\":\"https:\\\/\\\/www.article-marketing.eu\\\/comunicatistampa\\\/la-carriera-di-fabio-inzani-nelledilizia-civile-italiana\\\/#primaryimage\"},\"image\":{\"@id\":\"https:\\\/\\\/www.article-marketing.eu\\\/comunicatistampa\\\/la-carriera-di-fabio-inzani-nelledilizia-civile-italiana\\\/#primaryimage\"},\"thumbnailUrl\":\"https:\\\/\\\/h2biz.net\\\/images\\\/Plats\\\/20190823111053.png\",\"datePublished\":\"2025-02-08T17:40:20+00:00\",\"author\":{\"@id\":\"https:\\\/\\\/www.article-marketing.eu\\\/comunicatistampa\\\/#\\\/schema\\\/person\\\/2fcaf8f8f3a9eef9eb7f27532d3ca458\"},\"breadcrumb\":{\"@id\":\"https:\\\/\\\/www.article-marketing.eu\\\/comunicatistampa\\\/la-carriera-di-fabio-inzani-nelledilizia-civile-italiana\\\/#breadcrumb\"},\"inLanguage\":\"it-IT\",\"potentialAction\":[{\"@type\":\"ReadAction\",\"target\":[\"https:\\\/\\\/www.article-marketing.eu\\\/comunicatistampa\\\/la-carriera-di-fabio-inzani-nelledilizia-civile-italiana\\\/\"]}]},{\"@type\":\"ImageObject\",\"inLanguage\":\"it-IT\",\"@id\":\"https:\\\/\\\/www.article-marketing.eu\\\/comunicatistampa\\\/la-carriera-di-fabio-inzani-nelledilizia-civile-italiana\\\/#primaryimage\",\"url\":\"https:\\\/\\\/h2biz.net\\\/images\\\/Plats\\\/20190823111053.png\",\"contentUrl\":\"https:\\\/\\\/h2biz.net\\\/images\\\/Plats\\\/20190823111053.png\"},{\"@type\":\"BreadcrumbList\",\"@id\":\"https:\\\/\\\/www.article-marketing.eu\\\/comunicatistampa\\\/la-carriera-di-fabio-inzani-nelledilizia-civile-italiana\\\/#breadcrumb\",\"itemListElement\":[{\"@type\":\"ListItem\",\"position\":1,\"name\":\"Home\",\"item\":\"https:\\\/\\\/www.article-marketing.eu\\\/comunicatistampa\\\/\"},{\"@type\":\"ListItem\",\"position\":2,\"name\":\"La carriera di Fabio Inzani nell&#8217;edilizia civile italiana\"}]},{\"@type\":\"WebSite\",\"@id\":\"https:\\\/\\\/www.article-marketing.eu\\\/comunicatistampa\\\/#website\",\"url\":\"https:\\\/\\\/www.article-marketing.eu\\\/comunicatistampa\\\/\",\"name\":\"Article Marketing\",\"description\":\"article marketing &amp; press release\",\"potentialAction\":[{\"@type\":\"SearchAction\",\"target\":{\"@type\":\"EntryPoint\",\"urlTemplate\":\"https:\\\/\\\/www.article-marketing.eu\\\/comunicatistampa\\\/?s={search_term_string}\"},\"query-input\":{\"@type\":\"PropertyValueSpecification\",\"valueRequired\":true,\"valueName\":\"search_term_string\"}}],\"inLanguage\":\"it-IT\"},{\"@type\":\"Person\",\"@id\":\"https:\\\/\\\/www.article-marketing.eu\\\/comunicatistampa\\\/#\\\/schema\\\/person\\\/2fcaf8f8f3a9eef9eb7f27532d3ca458\",\"name\":\"articolinews\",\"image\":{\"@type\":\"ImageObject\",\"inLanguage\":\"it-IT\",\"@id\":\"https:\\\/\\\/secure.gravatar.com\\\/avatar\\\/9e2a264bab04e17dea24d937c9956304649a848cb73c46747a692ff1bdeb1cb7?s=96&d=mm&r=g\",\"url\":\"https:\\\/\\\/secure.gravatar.com\\\/avatar\\\/9e2a264bab04e17dea24d937c9956304649a848cb73c46747a692ff1bdeb1cb7?s=96&d=mm&r=g\",\"contentUrl\":\"https:\\\/\\\/secure.gravatar.com\\\/avatar\\\/9e2a264bab04e17dea24d937c9956304649a848cb73c46747a692ff1bdeb1cb7?s=96&d=mm&r=g\",\"caption\":\"articolinews\"},\"url\":\"https:\\\/\\\/www.article-marketing.eu\\\/comunicatistampa\\\/author\\\/articolinews\\\/\"}]}<\/script>\n<!-- \/ Yoast SEO plugin. -->","yoast_head_json":{"title":"La carriera di Fabio Inzani nell'edilizia civile italiana - Article Marketing","robots":{"index":"index","follow":"follow","max-snippet":"max-snippet:-1","max-image-preview":"max-image-preview:large","max-video-preview":"max-video-preview:-1"},"canonical":"https:\/\/www.article-marketing.eu\/comunicatistampa\/la-carriera-di-fabio-inzani-nelledilizia-civile-italiana\/","og_locale":"it_IT","og_type":"article","og_title":"La carriera di Fabio Inzani nell'edilizia civile italiana - Article Marketing","og_description":"Fabio Inzani \u00e8 un ingegnere italiano di rilievo nel settore dell&#8217;edilizia civile e ospedaliera. Con una formazione in ingegneria aeronautica e spaziale, ha fondato e guida Tecnicaer Engineering, contribuendo significativamente a progetti complessi e innovativi in tutta Italia. La sua carriera \u00e8 caratterizzata da un forte impegno nell&#8217;innovazione tecnologica e nella sostenibilit\u00e0. Fabio Inzani: Tecnicaer Engineering, leader nell&#8217;ingegneria civile e ospedaliera Fabio Inzani, nato a Rimini nel 1967 e cresciutoContinue reading...","og_url":"https:\/\/www.article-marketing.eu\/comunicatistampa\/la-carriera-di-fabio-inzani-nelledilizia-civile-italiana\/","og_site_name":"Article Marketing","article_published_time":"2025-02-08T17:40:20+00:00","og_image":[{"url":"https:\/\/h2biz.net\/images\/Plats\/20190823111053.png","type":"","width":"","height":""}],"author":"articolinews","twitter_card":"summary_large_image","twitter_misc":{"Scritto da":"articolinews","Tempo di lettura stimato":"3 minuti"},"schema":{"@context":"https:\/\/schema.org","@graph":[{"@type":"Article","@id":"https:\/\/www.article-marketing.eu\/comunicatistampa\/la-carriera-di-fabio-inzani-nelledilizia-civile-italiana\/#article","isPartOf":{"@id":"https:\/\/www.article-marketing.eu\/comunicatistampa\/la-carriera-di-fabio-inzani-nelledilizia-civile-italiana\/"},"author":{"name":"articolinews","@id":"https:\/\/www.article-marketing.eu\/comunicatistampa\/#\/schema\/person\/2fcaf8f8f3a9eef9eb7f27532d3ca458"},"headline":"La carriera di Fabio Inzani nell&#8217;edilizia civile italiana","datePublished":"2025-02-08T17:40:20+00:00","mainEntityOfPage":{"@id":"https:\/\/www.article-marketing.eu\/comunicatistampa\/la-carriera-di-fabio-inzani-nelledilizia-civile-italiana\/"},"wordCount":437,"commentCount":0,"image":{"@id":"https:\/\/www.article-marketing.eu\/comunicatistampa\/la-carriera-di-fabio-inzani-nelledilizia-civile-italiana\/#primaryimage"},"thumbnailUrl":"https:\/\/h2biz.net\/images\/Plats\/20190823111053.png","keywords":["Fabio Inzani","Tecnicaer Engineering"],"articleSection":["Professionisti"],"inLanguage":"it-IT","potentialAction":[{"@type":"CommentAction","name":"Comment","target":["https:\/\/www.article-marketing.eu\/comunicatistampa\/la-carriera-di-fabio-inzani-nelledilizia-civile-italiana\/#respond"]}]},{"@type":"WebPage","@id":"https:\/\/www.article-marketing.eu\/comunicatistampa\/la-carriera-di-fabio-inzani-nelledilizia-civile-italiana\/","url":"https:\/\/www.article-marketing.eu\/comunicatistampa\/la-carriera-di-fabio-inzani-nelledilizia-civile-italiana\/","name":"La carriera di Fabio Inzani nell'edilizia civile italiana - Article Marketing","isPartOf":{"@id":"https:\/\/www.article-marketing.eu\/comunicatistampa\/#website"},"primaryImageOfPage":{"@id":"https:\/\/www.article-marketing.eu\/comunicatistampa\/la-carriera-di-fabio-inzani-nelledilizia-civile-italiana\/#primaryimage"},"image":{"@id":"https:\/\/www.article-marketing.eu\/comunicatistampa\/la-carriera-di-fabio-inzani-nelledilizia-civile-italiana\/#primaryimage"},"thumbnailUrl":"https:\/\/h2biz.net\/images\/Plats\/20190823111053.png","datePublished":"2025-02-08T17:40:20+00:00","author":{"@id":"https:\/\/www.article-marketing.eu\/comunicatistampa\/#\/schema\/person\/2fcaf8f8f3a9eef9eb7f27532d3ca458"},"breadcrumb":{"@id":"https:\/\/www.article-marketing.eu\/comunicatistampa\/la-carriera-di-fabio-inzani-nelledilizia-civile-italiana\/#breadcrumb"},"inLanguage":"it-IT","potentialAction":[{"@type":"ReadAction","target":["https:\/\/www.article-marketing.eu\/comunicatistampa\/la-carriera-di-fabio-inzani-nelledilizia-civile-italiana\/"]}]},{"@type":"ImageObject","inLanguage":"it-IT","@id":"https:\/\/www.article-marketing.eu\/comunicatistampa\/la-carriera-di-fabio-inzani-nelledilizia-civile-italiana\/#primaryimage","url":"https:\/\/h2biz.net\/images\/Plats\/20190823111053.png","contentUrl":"https:\/\/h2biz.net\/images\/Plats\/20190823111053.png"},{"@type":"BreadcrumbList","@id":"https:\/\/www.article-marketing.eu\/comunicatistampa\/la-carriera-di-fabio-inzani-nelledilizia-civile-italiana\/#breadcrumb","itemListElement":[{"@type":"ListItem","position":1,"name":"Home","item":"https:\/\/www.article-marketing.eu\/comunicatistampa\/"},{"@type":"ListItem","position":2,"name":"La carriera di Fabio Inzani nell&#8217;edilizia civile italiana"}]},{"@type":"WebSite","@id":"https:\/\/www.article-marketing.eu\/comunicatistampa\/#website","url":"https:\/\/www.article-marketing.eu\/comunicatistampa\/","name":"Article Marketing","description":"article marketing &amp; press release","potentialAction":[{"@type":"SearchAction","target":{"@type":"EntryPoint","urlTemplate":"https:\/\/www.article-marketing.eu\/comunicatistampa\/?s={search_term_string}"},"query-input":{"@type":"PropertyValueSpecification","valueRequired":true,"valueName":"search_term_string"}}],"inLanguage":"it-IT"},{"@type":"Person","@id":"https:\/\/www.article-marketing.eu\/comunicatistampa\/#\/schema\/person\/2fcaf8f8f3a9eef9eb7f27532d3ca458","name":"articolinews","image":{"@type":"ImageObject","inLanguage":"it-IT","@id":"https:\/\/secure.gravatar.com\/avatar\/9e2a264bab04e17dea24d937c9956304649a848cb73c46747a692ff1bdeb1cb7?s=96&d=mm&r=g","url":"https:\/\/secure.gravatar.com\/avatar\/9e2a264bab04e17dea24d937c9956304649a848cb73c46747a692ff1bdeb1cb7?s=96&d=mm&r=g","contentUrl":"https:\/\/secure.gravatar.com\/avatar\/9e2a264bab04e17dea24d937c9956304649a848cb73c46747a692ff1bdeb1cb7?s=96&d=mm&r=g","caption":"articolinews"},"url":"https:\/\/www.article-marketing.eu\/comunicatistampa\/author\/articolinews\/"}]}},"_links":{"self":[{"href":"https:\/\/www.article-marketing.eu\/comunicatistampa\/wp-json\/wp\/v2\/posts\/31695","targetHints":{"allow":["GET"]}}],"collection":[{"href":"https:\/\/www.article-marketing.eu\/comunicatistampa\/wp-json\/wp\/v2\/posts"}],"about":[{"href":"https:\/\/www.article-marketing.eu\/comunicatistampa\/wp-json\/wp\/v2\/types\/post"}],"author":[{"embeddable":true,"href":"https:\/\/www.article-marketing.eu\/comunicatistampa\/wp-json\/wp\/v2\/users\/6477"}],"replies":[{"embeddable":true,"href":"https:\/\/www.article-marketing.eu\/comunicatistampa\/wp-json\/wp\/v2\/comments?post=31695"}],"version-history":[{"count":2,"href":"https:\/\/www.article-marketing.eu\/comunicatistampa\/wp-json\/wp\/v2\/posts\/31695\/revisions"}],"predecessor-version":[{"id":32138,"href":"https:\/\/www.article-marketing.eu\/comunicatistampa\/wp-json\/wp\/v2\/posts\/31695\/revisions\/32138"}],"wp:attachment":[{"href":"https:\/\/www.article-marketing.eu\/comunicatistampa\/wp-json\/wp\/v2\/media?parent=31695"}],"wp:term":[{"taxonomy":"category","embeddable":true,"href":"https:\/\/www.article-marketing.eu\/comunicatistampa\/wp-json\/wp\/v2\/categories?post=31695"},{"taxonomy":"post_tag","embeddable":true,"href":"https:\/\/www.article-marketing.eu\/comunicatistampa\/wp-json\/wp\/v2\/tags?post=31695"}],"curies":[{"name":"wp","href":"https:\/\/api.w.org\/{rel}","templated":true}]}}