{"id":31714,"date":"2025-02-08T18:42:12","date_gmt":"2025-02-08T17:42:12","guid":{"rendered":"https:\/\/www.article-marketing.eu\/comunicatistampa\/?p=31714"},"modified":"2025-02-08T18:42:12","modified_gmt":"2025-02-08T17:42:12","slug":"olbia-il-polo-atitech-si-prepara-ad-avviare-le-operazioni-previste-oltre-300-assunzioni","status":"publish","type":"post","link":"https:\/\/www.article-marketing.eu\/comunicatistampa\/olbia-il-polo-atitech-si-prepara-ad-avviare-le-operazioni-previste-oltre-300-assunzioni\/","title":{"rendered":"Olbia, il Polo Atitech si prepara ad avviare le operazioni. Previste oltre 300 assunzioni"},"content":{"rendered":"<p><em><strong>Il Polo <a title=\"Il Polo Atitech si prepara ad avviare le operazioni a Olbia\" href=\"https:\/\/www.lanuovasardegna.it\/olbia\/cronaca\/2024\/09\/11\/news\/olbia-il-polo-atitech-scalda-i-motori-i-300-assunti-saranno-di-piu-1.100581369\">Atitech<\/a> di Olbia \u00e8 pronto a decollare con la consegna di due nuovi hangar. Il progetto mira a ripristinare Olbia come centro nevralgico per la manutenzione aerea. Le prime attivit\u00e0 sui jet privati inizieranno in primavera.\u00a0<\/strong><\/em><\/p>\n<p><a title=\"Atitech: focus a Olbia per la manutenzione dei business jet\" href=\"https:\/\/www.lanuovasardegna.it\/olbia\/cronaca\/2024\/09\/11\/news\/olbia-il-polo-atitech-scalda-i-motori-i-300-assunti-saranno-di-piu-1.100581369\"><img loading=\"lazy\" decoding=\"async\" src=\"https:\/\/api-sites-prd.saegroup.abinsula.com\/api\/media\/image\/contentid\/policy:1.100581368:1726081639\/image\/image.jpg?f=detail_558&amp;h=720&amp;w=1280&amp;$p$f$h$w=d5eb06a\" alt=\"Gianni Lettieri, Presidente di Atitech\" width=\"267\" height=\"150\" \/><\/a><\/p>\n<h2>Il Polo Atitech di Olbia pronto a decollare<\/h2>\n<p>Era prevista proprio per quest\u2019ottobre la consegna dei due nuovi hangar con i quali <strong>Atitech <\/strong>dar\u00e0 il via alle operazioni presso il nuovo polo di Olbia. Qui, nei pressi della pista dell\u2019aeroporto Costa Smeralda, sta prendendo sempre pi\u00f9 forma il progetto, presentato lo scorso giugno, che vuole far tornare la citt\u00e0 sarda a essere un centro nevralgico per la manutenzione aerea. Le prime attivit\u00e0 di manutenzione partiranno entro la primavera e riguarderanno i jet privati, rendendo il Polo Atitech il primo in Italia ad operare in questo campo. \u201c<em>Saremo tra i pochi in Europa a fare manutenzione per i business jet<\/em> \u2013 ha sottolineato <strong>Gianni Lettieri<\/strong> \u2013 <em>e occuperemo un\u2019area geografica oggi scoperta visto che, al momento, per questo tipo di attivit\u00e0 di revisione occorre andare molto a nord<\/em>\u201d. Il progetto \u00e8 frutto di una collaborazione tra Atitech e Geasar, con il supporto della Regione Sardegna.<\/p>\n<h2>Atitech: previste oltre 300 assunzioni<\/h2>\n<p>Sul piano assunzioni, <strong><a title=\"Olbia: Polo Atitech pronto ad avviare le operazioni\" href=\"https:\/\/www.lanuovasardegna.it\/olbia\/cronaca\/2024\/09\/11\/news\/olbia-il-polo-atitech-scalda-i-motori-i-300-assunti-saranno-di-piu-1.100581369\">Atitech<\/a><\/strong> ne ha annunciate 300 sicure ma ha gi\u00e0 fatto sapere che l\u2019obiettivo \u00e8 arrivare, nei prossimi anni, a qualche migliaio di posti di lavoro. \u201c<em>Le 300 assunzioni<\/em> \u2013 ha dichiarato <strong>Gianni Lettieri<\/strong> \u2013 <em>sono il punto di partenza. Il concorrente a cui facciamo riferimento ha circa 3mila dipendenti. Un numero da loro raggiunto nel<\/em> <em>corso di decenni. Per diventare competitivi dovremo avere anche noi un numero adeguato di collaboratori altamente specializzati. Dal momento che stiamo parlando di un\u2019attivit\u00e0 nuova per il Paese sono convinto che stiamo aprendo una porta verso opportunit\u00e0 oggi inimmaginabili. Bisogna lavorare bene ed essere competitivi<\/em>\u201d. Per formare una forza lavoro altamente specializzata, Atitech ha investito importanti risorse in formazione, infrastrutture e ricerca e si avvarr\u00e0 della collaborazione di centri e istituti universitari.<\/p>\n","protected":false},"excerpt":{"rendered":"<p>Il Polo Atitech di Olbia \u00e8 pronto a decollare con la consegna di due nuovi hangar. Il progetto mira a ripristinare Olbia come centro nevralgico per la manutenzione aerea. Le prime attivit\u00e0 sui jet privati inizieranno in primavera.\u00a0 Il Polo Atitech di Olbia pronto a decollare Era prevista proprio per quest\u2019ottobre la consegna dei due nuovi hangar con i quali Atitech dar\u00e0 il via alle operazioni presso il nuovo polo<\/p>\n<p><a class=\"continue-reading\" href=\"https:\/\/www.article-marketing.eu\/comunicatistampa\/olbia-il-polo-atitech-si-prepara-ad-avviare-le-operazioni-previste-oltre-300-assunzioni\/\">Continue reading&#8230;<\/a><\/p>\n","protected":false},"author":6477,"featured_media":0,"comment_status":"open","ping_status":"open","sticky":false,"template":"","format":"standard","meta":{"_monsterinsights_skip_tracking":false,"_monsterinsights_sitenote_active":false,"_monsterinsights_sitenote_note":"","_monsterinsights_sitenote_category":0,"footnotes":""},"categories":[388],"tags":[10813,9494],"class_list":["post-31714","post","type-post","status-publish","format-standard","hentry","category-aziende","tag-atitech","tag-gianni-lettieri"],"yoast_head":"<!-- This site is optimized with the Yoast SEO plugin v27.3 - https:\/\/yoast.com\/product\/yoast-seo-wordpress\/ -->\n<title>Olbia, il Polo Atitech si prepara ad avviare le operazioni. Previste oltre 300 assunzioni<\/title>\n<meta name=\"robots\" content=\"index, follow, max-snippet:-1, max-image-preview:large, max-video-preview:-1\" \/>\n<link rel=\"canonical\" href=\"https:\/\/www.article-marketing.eu\/comunicatistampa\/olbia-il-polo-atitech-si-prepara-ad-avviare-le-operazioni-previste-oltre-300-assunzioni\/\" \/>\n<meta property=\"og:locale\" content=\"it_IT\" \/>\n<meta property=\"og:type\" content=\"article\" \/>\n<meta property=\"og:title\" content=\"Olbia, il Polo Atitech si prepara ad avviare le operazioni. Previste oltre 300 assunzioni\" \/>\n<meta property=\"og:description\" content=\"Il Polo Atitech di Olbia \u00e8 pronto a decollare con la consegna di due nuovi hangar. Il progetto mira a ripristinare Olbia come centro nevralgico per la manutenzione aerea. Le prime attivit\u00e0 sui jet privati inizieranno in primavera.\u00a0 Il Polo Atitech di Olbia pronto a decollare Era prevista proprio per quest\u2019ottobre la consegna dei due nuovi hangar con i quali Atitech dar\u00e0 il via alle operazioni presso il nuovo poloContinue reading...\" \/>\n<meta property=\"og:url\" content=\"https:\/\/www.article-marketing.eu\/comunicatistampa\/olbia-il-polo-atitech-si-prepara-ad-avviare-le-operazioni-previste-oltre-300-assunzioni\/\" \/>\n<meta property=\"og:site_name\" content=\"Article Marketing\" \/>\n<meta property=\"article:published_time\" content=\"2025-02-08T17:42:12+00:00\" \/>\n<meta property=\"og:image\" content=\"https:\/\/api-sites-prd.saegroup.abinsula.com\/api\/media\/image\/contentid\/policy:1.100581368:1726081639\/image\/image.jpg?f=detail_558&amp;h=720&amp;w=1280&amp;$p$f$h$w=d5eb06a\" \/>\n<meta name=\"author\" content=\"articolinews\" \/>\n<meta name=\"twitter:card\" content=\"summary_large_image\" \/>\n<meta name=\"twitter:label1\" content=\"Scritto da\" \/>\n\t<meta name=\"twitter:data1\" content=\"articolinews\" \/>\n\t<meta name=\"twitter:label2\" content=\"Tempo di lettura stimato\" \/>\n\t<meta name=\"twitter:data2\" content=\"2 minuti\" \/>\n<script type=\"application\/ld+json\" class=\"yoast-schema-graph\">{\"@context\":\"https:\\\/\\\/schema.org\",\"@graph\":[{\"@type\":\"Article\",\"@id\":\"https:\\\/\\\/www.article-marketing.eu\\\/comunicatistampa\\\/olbia-il-polo-atitech-si-prepara-ad-avviare-le-operazioni-previste-oltre-300-assunzioni\\\/#article\",\"isPartOf\":{\"@id\":\"https:\\\/\\\/www.article-marketing.eu\\\/comunicatistampa\\\/olbia-il-polo-atitech-si-prepara-ad-avviare-le-operazioni-previste-oltre-300-assunzioni\\\/\"},\"author\":{\"name\":\"articolinews\",\"@id\":\"https:\\\/\\\/www.article-marketing.eu\\\/comunicatistampa\\\/#\\\/schema\\\/person\\\/2fcaf8f8f3a9eef9eb7f27532d3ca458\"},\"headline\":\"Olbia, il Polo Atitech si prepara ad avviare le operazioni. Previste oltre 300 assunzioni\",\"datePublished\":\"2025-02-08T17:42:12+00:00\",\"mainEntityOfPage\":{\"@id\":\"https:\\\/\\\/www.article-marketing.eu\\\/comunicatistampa\\\/olbia-il-polo-atitech-si-prepara-ad-avviare-le-operazioni-previste-oltre-300-assunzioni\\\/\"},\"wordCount\":335,\"commentCount\":0,\"image\":{\"@id\":\"https:\\\/\\\/www.article-marketing.eu\\\/comunicatistampa\\\/olbia-il-polo-atitech-si-prepara-ad-avviare-le-operazioni-previste-oltre-300-assunzioni\\\/#primaryimage\"},\"thumbnailUrl\":\"https:\\\/\\\/api-sites-prd.saegroup.abinsula.com\\\/api\\\/media\\\/image\\\/contentid\\\/policy:1.100581368:1726081639\\\/image\\\/image.jpg?f=detail_558&amp;h=720&amp;w=1280&amp;$p$f$h$w=d5eb06a\",\"keywords\":[\"Atitech\",\"Gianni Lettieri\"],\"articleSection\":[\"Aziende\"],\"inLanguage\":\"it-IT\",\"potentialAction\":[{\"@type\":\"CommentAction\",\"name\":\"Comment\",\"target\":[\"https:\\\/\\\/www.article-marketing.eu\\\/comunicatistampa\\\/olbia-il-polo-atitech-si-prepara-ad-avviare-le-operazioni-previste-oltre-300-assunzioni\\\/#respond\"]}]},{\"@type\":\"WebPage\",\"@id\":\"https:\\\/\\\/www.article-marketing.eu\\\/comunicatistampa\\\/olbia-il-polo-atitech-si-prepara-ad-avviare-le-operazioni-previste-oltre-300-assunzioni\\\/\",\"url\":\"https:\\\/\\\/www.article-marketing.eu\\\/comunicatistampa\\\/olbia-il-polo-atitech-si-prepara-ad-avviare-le-operazioni-previste-oltre-300-assunzioni\\\/\",\"name\":\"Olbia, il Polo Atitech si prepara ad avviare le operazioni. Previste oltre 300 assunzioni\",\"isPartOf\":{\"@id\":\"https:\\\/\\\/www.article-marketing.eu\\\/comunicatistampa\\\/#website\"},\"primaryImageOfPage\":{\"@id\":\"https:\\\/\\\/www.article-marketing.eu\\\/comunicatistampa\\\/olbia-il-polo-atitech-si-prepara-ad-avviare-le-operazioni-previste-oltre-300-assunzioni\\\/#primaryimage\"},\"image\":{\"@id\":\"https:\\\/\\\/www.article-marketing.eu\\\/comunicatistampa\\\/olbia-il-polo-atitech-si-prepara-ad-avviare-le-operazioni-previste-oltre-300-assunzioni\\\/#primaryimage\"},\"thumbnailUrl\":\"https:\\\/\\\/api-sites-prd.saegroup.abinsula.com\\\/api\\\/media\\\/image\\\/contentid\\\/policy:1.100581368:1726081639\\\/image\\\/image.jpg?f=detail_558&amp;h=720&amp;w=1280&amp;$p$f$h$w=d5eb06a\",\"datePublished\":\"2025-02-08T17:42:12+00:00\",\"author\":{\"@id\":\"https:\\\/\\\/www.article-marketing.eu\\\/comunicatistampa\\\/#\\\/schema\\\/person\\\/2fcaf8f8f3a9eef9eb7f27532d3ca458\"},\"breadcrumb\":{\"@id\":\"https:\\\/\\\/www.article-marketing.eu\\\/comunicatistampa\\\/olbia-il-polo-atitech-si-prepara-ad-avviare-le-operazioni-previste-oltre-300-assunzioni\\\/#breadcrumb\"},\"inLanguage\":\"it-IT\",\"potentialAction\":[{\"@type\":\"ReadAction\",\"target\":[\"https:\\\/\\\/www.article-marketing.eu\\\/comunicatistampa\\\/olbia-il-polo-atitech-si-prepara-ad-avviare-le-operazioni-previste-oltre-300-assunzioni\\\/\"]}]},{\"@type\":\"ImageObject\",\"inLanguage\":\"it-IT\",\"@id\":\"https:\\\/\\\/www.article-marketing.eu\\\/comunicatistampa\\\/olbia-il-polo-atitech-si-prepara-ad-avviare-le-operazioni-previste-oltre-300-assunzioni\\\/#primaryimage\",\"url\":\"https:\\\/\\\/api-sites-prd.saegroup.abinsula.com\\\/api\\\/media\\\/image\\\/contentid\\\/policy:1.100581368:1726081639\\\/image\\\/image.jpg?f=detail_558&amp;h=720&amp;w=1280&amp;$p$f$h$w=d5eb06a\",\"contentUrl\":\"https:\\\/\\\/api-sites-prd.saegroup.abinsula.com\\\/api\\\/media\\\/image\\\/contentid\\\/policy:1.100581368:1726081639\\\/image\\\/image.jpg?f=detail_558&amp;h=720&amp;w=1280&amp;$p$f$h$w=d5eb06a\"},{\"@type\":\"BreadcrumbList\",\"@id\":\"https:\\\/\\\/www.article-marketing.eu\\\/comunicatistampa\\\/olbia-il-polo-atitech-si-prepara-ad-avviare-le-operazioni-previste-oltre-300-assunzioni\\\/#breadcrumb\",\"itemListElement\":[{\"@type\":\"ListItem\",\"position\":1,\"name\":\"Home\",\"item\":\"https:\\\/\\\/www.article-marketing.eu\\\/comunicatistampa\\\/\"},{\"@type\":\"ListItem\",\"position\":2,\"name\":\"Olbia, il Polo Atitech si prepara ad avviare le operazioni. Previste oltre 300 assunzioni\"}]},{\"@type\":\"WebSite\",\"@id\":\"https:\\\/\\\/www.article-marketing.eu\\\/comunicatistampa\\\/#website\",\"url\":\"https:\\\/\\\/www.article-marketing.eu\\\/comunicatistampa\\\/\",\"name\":\"Article Marketing\",\"description\":\"article marketing &amp; press release\",\"potentialAction\":[{\"@type\":\"SearchAction\",\"target\":{\"@type\":\"EntryPoint\",\"urlTemplate\":\"https:\\\/\\\/www.article-marketing.eu\\\/comunicatistampa\\\/?s={search_term_string}\"},\"query-input\":{\"@type\":\"PropertyValueSpecification\",\"valueRequired\":true,\"valueName\":\"search_term_string\"}}],\"inLanguage\":\"it-IT\"},{\"@type\":\"Person\",\"@id\":\"https:\\\/\\\/www.article-marketing.eu\\\/comunicatistampa\\\/#\\\/schema\\\/person\\\/2fcaf8f8f3a9eef9eb7f27532d3ca458\",\"name\":\"articolinews\",\"image\":{\"@type\":\"ImageObject\",\"inLanguage\":\"it-IT\",\"@id\":\"https:\\\/\\\/secure.gravatar.com\\\/avatar\\\/9e2a264bab04e17dea24d937c9956304649a848cb73c46747a692ff1bdeb1cb7?s=96&d=mm&r=g\",\"url\":\"https:\\\/\\\/secure.gravatar.com\\\/avatar\\\/9e2a264bab04e17dea24d937c9956304649a848cb73c46747a692ff1bdeb1cb7?s=96&d=mm&r=g\",\"contentUrl\":\"https:\\\/\\\/secure.gravatar.com\\\/avatar\\\/9e2a264bab04e17dea24d937c9956304649a848cb73c46747a692ff1bdeb1cb7?s=96&d=mm&r=g\",\"caption\":\"articolinews\"},\"url\":\"https:\\\/\\\/www.article-marketing.eu\\\/comunicatistampa\\\/author\\\/articolinews\\\/\"}]}<\/script>\n<!-- \/ Yoast SEO plugin. -->","yoast_head_json":{"title":"Olbia, il Polo Atitech si prepara ad avviare le operazioni. Previste oltre 300 assunzioni","robots":{"index":"index","follow":"follow","max-snippet":"max-snippet:-1","max-image-preview":"max-image-preview:large","max-video-preview":"max-video-preview:-1"},"canonical":"https:\/\/www.article-marketing.eu\/comunicatistampa\/olbia-il-polo-atitech-si-prepara-ad-avviare-le-operazioni-previste-oltre-300-assunzioni\/","og_locale":"it_IT","og_type":"article","og_title":"Olbia, il Polo Atitech si prepara ad avviare le operazioni. Previste oltre 300 assunzioni","og_description":"Il Polo Atitech di Olbia \u00e8 pronto a decollare con la consegna di due nuovi hangar. Il progetto mira a ripristinare Olbia come centro nevralgico per la manutenzione aerea. Le prime attivit\u00e0 sui jet privati inizieranno in primavera.\u00a0 Il Polo Atitech di Olbia pronto a decollare Era prevista proprio per quest\u2019ottobre la consegna dei due nuovi hangar con i quali Atitech dar\u00e0 il via alle operazioni presso il nuovo poloContinue reading...","og_url":"https:\/\/www.article-marketing.eu\/comunicatistampa\/olbia-il-polo-atitech-si-prepara-ad-avviare-le-operazioni-previste-oltre-300-assunzioni\/","og_site_name":"Article Marketing","article_published_time":"2025-02-08T17:42:12+00:00","og_image":[{"url":"https:\/\/api-sites-prd.saegroup.abinsula.com\/api\/media\/image\/contentid\/policy:1.100581368:1726081639\/image\/image.jpg?f=detail_558&amp;h=720&amp;w=1280&amp;$p$f$h$w=d5eb06a","type":"","width":"","height":""}],"author":"articolinews","twitter_card":"summary_large_image","twitter_misc":{"Scritto da":"articolinews","Tempo di lettura stimato":"2 minuti"},"schema":{"@context":"https:\/\/schema.org","@graph":[{"@type":"Article","@id":"https:\/\/www.article-marketing.eu\/comunicatistampa\/olbia-il-polo-atitech-si-prepara-ad-avviare-le-operazioni-previste-oltre-300-assunzioni\/#article","isPartOf":{"@id":"https:\/\/www.article-marketing.eu\/comunicatistampa\/olbia-il-polo-atitech-si-prepara-ad-avviare-le-operazioni-previste-oltre-300-assunzioni\/"},"author":{"name":"articolinews","@id":"https:\/\/www.article-marketing.eu\/comunicatistampa\/#\/schema\/person\/2fcaf8f8f3a9eef9eb7f27532d3ca458"},"headline":"Olbia, il Polo Atitech si prepara ad avviare le operazioni. Previste oltre 300 assunzioni","datePublished":"2025-02-08T17:42:12+00:00","mainEntityOfPage":{"@id":"https:\/\/www.article-marketing.eu\/comunicatistampa\/olbia-il-polo-atitech-si-prepara-ad-avviare-le-operazioni-previste-oltre-300-assunzioni\/"},"wordCount":335,"commentCount":0,"image":{"@id":"https:\/\/www.article-marketing.eu\/comunicatistampa\/olbia-il-polo-atitech-si-prepara-ad-avviare-le-operazioni-previste-oltre-300-assunzioni\/#primaryimage"},"thumbnailUrl":"https:\/\/api-sites-prd.saegroup.abinsula.com\/api\/media\/image\/contentid\/policy:1.100581368:1726081639\/image\/image.jpg?f=detail_558&amp;h=720&amp;w=1280&amp;$p$f$h$w=d5eb06a","keywords":["Atitech","Gianni Lettieri"],"articleSection":["Aziende"],"inLanguage":"it-IT","potentialAction":[{"@type":"CommentAction","name":"Comment","target":["https:\/\/www.article-marketing.eu\/comunicatistampa\/olbia-il-polo-atitech-si-prepara-ad-avviare-le-operazioni-previste-oltre-300-assunzioni\/#respond"]}]},{"@type":"WebPage","@id":"https:\/\/www.article-marketing.eu\/comunicatistampa\/olbia-il-polo-atitech-si-prepara-ad-avviare-le-operazioni-previste-oltre-300-assunzioni\/","url":"https:\/\/www.article-marketing.eu\/comunicatistampa\/olbia-il-polo-atitech-si-prepara-ad-avviare-le-operazioni-previste-oltre-300-assunzioni\/","name":"Olbia, il Polo Atitech si prepara ad avviare le operazioni. Previste oltre 300 assunzioni","isPartOf":{"@id":"https:\/\/www.article-marketing.eu\/comunicatistampa\/#website"},"primaryImageOfPage":{"@id":"https:\/\/www.article-marketing.eu\/comunicatistampa\/olbia-il-polo-atitech-si-prepara-ad-avviare-le-operazioni-previste-oltre-300-assunzioni\/#primaryimage"},"image":{"@id":"https:\/\/www.article-marketing.eu\/comunicatistampa\/olbia-il-polo-atitech-si-prepara-ad-avviare-le-operazioni-previste-oltre-300-assunzioni\/#primaryimage"},"thumbnailUrl":"https:\/\/api-sites-prd.saegroup.abinsula.com\/api\/media\/image\/contentid\/policy:1.100581368:1726081639\/image\/image.jpg?f=detail_558&amp;h=720&amp;w=1280&amp;$p$f$h$w=d5eb06a","datePublished":"2025-02-08T17:42:12+00:00","author":{"@id":"https:\/\/www.article-marketing.eu\/comunicatistampa\/#\/schema\/person\/2fcaf8f8f3a9eef9eb7f27532d3ca458"},"breadcrumb":{"@id":"https:\/\/www.article-marketing.eu\/comunicatistampa\/olbia-il-polo-atitech-si-prepara-ad-avviare-le-operazioni-previste-oltre-300-assunzioni\/#breadcrumb"},"inLanguage":"it-IT","potentialAction":[{"@type":"ReadAction","target":["https:\/\/www.article-marketing.eu\/comunicatistampa\/olbia-il-polo-atitech-si-prepara-ad-avviare-le-operazioni-previste-oltre-300-assunzioni\/"]}]},{"@type":"ImageObject","inLanguage":"it-IT","@id":"https:\/\/www.article-marketing.eu\/comunicatistampa\/olbia-il-polo-atitech-si-prepara-ad-avviare-le-operazioni-previste-oltre-300-assunzioni\/#primaryimage","url":"https:\/\/api-sites-prd.saegroup.abinsula.com\/api\/media\/image\/contentid\/policy:1.100581368:1726081639\/image\/image.jpg?f=detail_558&amp;h=720&amp;w=1280&amp;$p$f$h$w=d5eb06a","contentUrl":"https:\/\/api-sites-prd.saegroup.abinsula.com\/api\/media\/image\/contentid\/policy:1.100581368:1726081639\/image\/image.jpg?f=detail_558&amp;h=720&amp;w=1280&amp;$p$f$h$w=d5eb06a"},{"@type":"BreadcrumbList","@id":"https:\/\/www.article-marketing.eu\/comunicatistampa\/olbia-il-polo-atitech-si-prepara-ad-avviare-le-operazioni-previste-oltre-300-assunzioni\/#breadcrumb","itemListElement":[{"@type":"ListItem","position":1,"name":"Home","item":"https:\/\/www.article-marketing.eu\/comunicatistampa\/"},{"@type":"ListItem","position":2,"name":"Olbia, il Polo Atitech si prepara ad avviare le operazioni. Previste oltre 300 assunzioni"}]},{"@type":"WebSite","@id":"https:\/\/www.article-marketing.eu\/comunicatistampa\/#website","url":"https:\/\/www.article-marketing.eu\/comunicatistampa\/","name":"Article Marketing","description":"article marketing &amp; press release","potentialAction":[{"@type":"SearchAction","target":{"@type":"EntryPoint","urlTemplate":"https:\/\/www.article-marketing.eu\/comunicatistampa\/?s={search_term_string}"},"query-input":{"@type":"PropertyValueSpecification","valueRequired":true,"valueName":"search_term_string"}}],"inLanguage":"it-IT"},{"@type":"Person","@id":"https:\/\/www.article-marketing.eu\/comunicatistampa\/#\/schema\/person\/2fcaf8f8f3a9eef9eb7f27532d3ca458","name":"articolinews","image":{"@type":"ImageObject","inLanguage":"it-IT","@id":"https:\/\/secure.gravatar.com\/avatar\/9e2a264bab04e17dea24d937c9956304649a848cb73c46747a692ff1bdeb1cb7?s=96&d=mm&r=g","url":"https:\/\/secure.gravatar.com\/avatar\/9e2a264bab04e17dea24d937c9956304649a848cb73c46747a692ff1bdeb1cb7?s=96&d=mm&r=g","contentUrl":"https:\/\/secure.gravatar.com\/avatar\/9e2a264bab04e17dea24d937c9956304649a848cb73c46747a692ff1bdeb1cb7?s=96&d=mm&r=g","caption":"articolinews"},"url":"https:\/\/www.article-marketing.eu\/comunicatistampa\/author\/articolinews\/"}]}},"_links":{"self":[{"href":"https:\/\/www.article-marketing.eu\/comunicatistampa\/wp-json\/wp\/v2\/posts\/31714","targetHints":{"allow":["GET"]}}],"collection":[{"href":"https:\/\/www.article-marketing.eu\/comunicatistampa\/wp-json\/wp\/v2\/posts"}],"about":[{"href":"https:\/\/www.article-marketing.eu\/comunicatistampa\/wp-json\/wp\/v2\/types\/post"}],"author":[{"embeddable":true,"href":"https:\/\/www.article-marketing.eu\/comunicatistampa\/wp-json\/wp\/v2\/users\/6477"}],"replies":[{"embeddable":true,"href":"https:\/\/www.article-marketing.eu\/comunicatistampa\/wp-json\/wp\/v2\/comments?post=31714"}],"version-history":[{"count":2,"href":"https:\/\/www.article-marketing.eu\/comunicatistampa\/wp-json\/wp\/v2\/posts\/31714\/revisions"}],"predecessor-version":[{"id":32146,"href":"https:\/\/www.article-marketing.eu\/comunicatistampa\/wp-json\/wp\/v2\/posts\/31714\/revisions\/32146"}],"wp:attachment":[{"href":"https:\/\/www.article-marketing.eu\/comunicatistampa\/wp-json\/wp\/v2\/media?parent=31714"}],"wp:term":[{"taxonomy":"category","embeddable":true,"href":"https:\/\/www.article-marketing.eu\/comunicatistampa\/wp-json\/wp\/v2\/categories?post=31714"},{"taxonomy":"post_tag","embeddable":true,"href":"https:\/\/www.article-marketing.eu\/comunicatistampa\/wp-json\/wp\/v2\/tags?post=31714"}],"curies":[{"name":"wp","href":"https:\/\/api.w.org\/{rel}","templated":true}]}}