{"id":31727,"date":"2025-02-08T18:43:35","date_gmt":"2025-02-08T17:43:35","guid":{"rendered":"https:\/\/www.article-marketing.eu\/comunicatistampa\/?p=31727"},"modified":"2025-02-08T18:43:35","modified_gmt":"2025-02-08T17:43:35","slug":"auto-in-molise-leta-media-e-pari-a-13-anni-e-7-mesi-7-in-un-anno","status":"publish","type":"post","link":"https:\/\/www.article-marketing.eu\/comunicatistampa\/auto-in-molise-leta-media-e-pari-a-13-anni-e-7-mesi-7-in-un-anno\/","title":{"rendered":"Auto: in Molise l\u2019et\u00e0 media \u00e8 pari a 13 anni e 7 mesi (+7% in un anno)"},"content":{"rendered":"<p>Il <strong>parco circolante in Molise \u00e8 sempre pi\u00f9 <em>vecchio<\/em><\/strong> tanto che, secondo un\u2019analisi* di <a href=\"https:\/\/www.facile.it\/\">Facile.it<\/a>, <strong>l\u2019et\u00e0 media delle auto<\/strong> che viaggiano sulle strade della regione \u00e8 arrivata a settembre 2024 a <strong>13 anni e 7 mesi<\/strong>, addirittura il <strong>7,4% in pi\u00f9<\/strong> rispetto ad un anno prima. Il <strong>Molise<\/strong> \u00e8 risultata essere la <strong>seconda<\/strong> <strong>regione in Italia<\/strong> per anzianit\u00e0 dei veicoli; a livello nazionale l\u2019et\u00e0 media \u00e8 pari ad \u201cappena\u201d 11 anni e 8 mesi.<\/p>\n<p>Continuando nella lettura dell\u2019analisi si scopre che, vista l\u2019et\u00e0 media dei veicoli, sono tanti coloro che scelgono di aggiungere all\u2019<strong>Rc auto<\/strong> anche la <strong>copertura assistenza stradale<\/strong>; in Molise la percentuale di automobilisti che ha fatto questa scelta \u00e8 pari al <strong>35%<\/strong>.<\/p>\n<p><strong>I dati provinciali<\/strong><\/p>\n<p>Analizzando i dati a livello provinciale emerge che, in Molise le auto <strong>pi\u00f9 <em>vecchie<\/em><\/strong> circolano ad <strong>Isernia<\/strong>, dove a settembre 2024 l\u2019et\u00e0 media era pari a <strong>14 anni<\/strong>; subito dopo si posiziona <strong>Campobasso<\/strong>, provincia dove, invece, circolano i <strong>veicoli pi\u00f9 <em>giovani<\/em><\/strong>; qui le auto hanno, in media, <strong>13 anni e 5 mesi<\/strong>.<\/p>\n<p><strong>Rc auto<\/strong><\/p>\n<p><strong>L\u2019anzianit\u00e0 di una vettura<\/strong>, oltre ad essere probabile causa di <strong>minore sicurezza<\/strong> per i passeggeri e peggiore sostenibilit\u00e0 ambientale, <strong>incide sul premio pagato<\/strong> per l\u2019assicurazione Rc auto? La risposta \u00e8 <strong>s\u00ec<\/strong>. Facile.it ha preso in considerazione il profilo di un assicurato** e ha calcolato \u2013 <strong>a parit\u00e0 di condizioni<\/strong> &#8211; <strong>quanto varia il premio medio pagato<\/strong> con l\u2019anzianit\u00e0 del veicolo.<\/p>\n<p>Con un\u2019et\u00e0 media di <strong>10 anni<\/strong> la tariffa da sostenere per l\u2019Rc auto \u00e8 di circa <strong>206 euro<\/strong>, dato che sale a <strong>228 euro<\/strong> se il veicolo ha <strong>12 anni<\/strong> e raggiunge addirittura i <strong>284 euro<\/strong> in corrispondenza di un\u2019anzianit\u00e0 di 14 anni. Una differenza del <strong>38% in quattro anni<\/strong>.<\/p>\n<p><em>\u00a0<\/em><\/p>\n<p><em>* L\u2019Osservatorio auto di Facile.it calcola il premio di assicurazione Rc auto medio e le sue variazioni negli ultimi 12 mesi. Per calcolare tali dati, Facile.it si \u00e8 avvalso di un campione di\u00a027.592 preventivi effettuati in Molise dai suoi utenti tra il 1\u00b0 settembre 2023 e il 30 settembre 2024 e i relativi risultati di quotazione prodotti. Facile.it confronta le compagnie assicurative elencate a questa pagina: <\/em><a href=\"https:\/\/www.facile.it\/come-funziona.html#compagnie_confrontate\"><em>https:\/\/www.facile.it\/come-funziona.html#compagnie_confrontate<\/em><\/a><\/p>\n<p><em>** Simulazione effettuata prendendo a campione un assicurato, residente in provincia di Milano, di et\u00e0 compresa tra 50 e 60 anni, in prima classe di merito.<\/em><\/p>\n","protected":false},"excerpt":{"rendered":"<p>Il parco circolante in Molise \u00e8 sempre pi\u00f9 vecchio tanto che, secondo un\u2019analisi* di Facile.it, l\u2019et\u00e0 media delle auto che viaggiano sulle strade della regione \u00e8 arrivata a settembre 2024 a 13 anni e 7 mesi, addirittura il 7,4% in pi\u00f9 rispetto ad un anno prima. Il Molise \u00e8 risultata essere la seconda regione in Italia per anzianit\u00e0 dei veicoli; a livello nazionale l\u2019et\u00e0 media \u00e8 pari ad \u201cappena\u201d 11<\/p>\n<p><a class=\"continue-reading\" href=\"https:\/\/www.article-marketing.eu\/comunicatistampa\/auto-in-molise-leta-media-e-pari-a-13-anni-e-7-mesi-7-in-un-anno\/\">Continue reading&#8230;<\/a><\/p>\n","protected":false},"author":62,"featured_media":0,"comment_status":"open","ping_status":"open","sticky":false,"template":"","format":"standard","meta":{"_monsterinsights_skip_tracking":false,"_monsterinsights_sitenote_active":false,"_monsterinsights_sitenote_note":"","_monsterinsights_sitenote_category":0,"footnotes":""},"categories":[78,386],"tags":[8636,555],"class_list":["post-31727","post","type-post","status-publish","format-standard","hentry","category-comunicati-stampa","category-economia-e-lavoro","tag-assicurazione-rc-auto","tag-facile-it"],"yoast_head":"<!-- This site is optimized with the Yoast SEO plugin v27.3 - https:\/\/yoast.com\/product\/yoast-seo-wordpress\/ -->\n<title>Auto: in Molise l\u2019et\u00e0 media \u00e8 pari a 13 anni e 7 mesi (+7% in un anno)<\/title>\n<meta name=\"robots\" content=\"index, follow, max-snippet:-1, max-image-preview:large, max-video-preview:-1\" \/>\n<link rel=\"canonical\" href=\"https:\/\/www.article-marketing.eu\/comunicatistampa\/auto-in-molise-leta-media-e-pari-a-13-anni-e-7-mesi-7-in-un-anno\/\" \/>\n<meta property=\"og:locale\" content=\"it_IT\" \/>\n<meta property=\"og:type\" content=\"article\" \/>\n<meta property=\"og:title\" content=\"Auto: in Molise l\u2019et\u00e0 media \u00e8 pari a 13 anni e 7 mesi (+7% in un anno)\" \/>\n<meta property=\"og:description\" content=\"Il parco circolante in Molise \u00e8 sempre pi\u00f9 vecchio tanto che, secondo un\u2019analisi* di Facile.it, l\u2019et\u00e0 media delle auto che viaggiano sulle strade della regione \u00e8 arrivata a settembre 2024 a 13 anni e 7 mesi, addirittura il 7,4% in pi\u00f9 rispetto ad un anno prima. Il Molise \u00e8 risultata essere la seconda regione in Italia per anzianit\u00e0 dei veicoli; a livello nazionale l\u2019et\u00e0 media \u00e8 pari ad \u201cappena\u201d 11Continue reading...\" \/>\n<meta property=\"og:url\" content=\"https:\/\/www.article-marketing.eu\/comunicatistampa\/auto-in-molise-leta-media-e-pari-a-13-anni-e-7-mesi-7-in-un-anno\/\" \/>\n<meta property=\"og:site_name\" content=\"Article Marketing\" \/>\n<meta property=\"article:published_time\" content=\"2025-02-08T17:43:35+00:00\" \/>\n<meta name=\"author\" content=\"Facile.it\" \/>\n<meta name=\"twitter:card\" content=\"summary_large_image\" \/>\n<meta name=\"twitter:label1\" content=\"Scritto da\" \/>\n\t<meta name=\"twitter:data1\" content=\"Facile.it\" \/>\n\t<meta name=\"twitter:label2\" content=\"Tempo di lettura stimato\" \/>\n\t<meta name=\"twitter:data2\" content=\"2 minuti\" \/>\n<script type=\"application\/ld+json\" class=\"yoast-schema-graph\">{\"@context\":\"https:\\\/\\\/schema.org\",\"@graph\":[{\"@type\":\"Article\",\"@id\":\"https:\\\/\\\/www.article-marketing.eu\\\/comunicatistampa\\\/auto-in-molise-leta-media-e-pari-a-13-anni-e-7-mesi-7-in-un-anno\\\/#article\",\"isPartOf\":{\"@id\":\"https:\\\/\\\/www.article-marketing.eu\\\/comunicatistampa\\\/auto-in-molise-leta-media-e-pari-a-13-anni-e-7-mesi-7-in-un-anno\\\/\"},\"author\":{\"name\":\"Facile.it\",\"@id\":\"https:\\\/\\\/www.article-marketing.eu\\\/comunicatistampa\\\/#\\\/schema\\\/person\\\/1deca6d9e0cf173abfe76a90ef261a2a\"},\"headline\":\"Auto: in Molise l\u2019et\u00e0 media \u00e8 pari a 13 anni e 7 mesi (+7% in un anno)\",\"datePublished\":\"2025-02-08T17:43:35+00:00\",\"mainEntityOfPage\":{\"@id\":\"https:\\\/\\\/www.article-marketing.eu\\\/comunicatistampa\\\/auto-in-molise-leta-media-e-pari-a-13-anni-e-7-mesi-7-in-un-anno\\\/\"},\"wordCount\":379,\"commentCount\":0,\"keywords\":[\"assicurazione rc auto\",\"facile.it\"],\"articleSection\":[\"Comunicati stampa\",\"Economia e lavoro\"],\"inLanguage\":\"it-IT\",\"potentialAction\":[{\"@type\":\"CommentAction\",\"name\":\"Comment\",\"target\":[\"https:\\\/\\\/www.article-marketing.eu\\\/comunicatistampa\\\/auto-in-molise-leta-media-e-pari-a-13-anni-e-7-mesi-7-in-un-anno\\\/#respond\"]}]},{\"@type\":\"WebPage\",\"@id\":\"https:\\\/\\\/www.article-marketing.eu\\\/comunicatistampa\\\/auto-in-molise-leta-media-e-pari-a-13-anni-e-7-mesi-7-in-un-anno\\\/\",\"url\":\"https:\\\/\\\/www.article-marketing.eu\\\/comunicatistampa\\\/auto-in-molise-leta-media-e-pari-a-13-anni-e-7-mesi-7-in-un-anno\\\/\",\"name\":\"Auto: in Molise l\u2019et\u00e0 media \u00e8 pari a 13 anni e 7 mesi (+7% in un anno)\",\"isPartOf\":{\"@id\":\"https:\\\/\\\/www.article-marketing.eu\\\/comunicatistampa\\\/#website\"},\"datePublished\":\"2025-02-08T17:43:35+00:00\",\"author\":{\"@id\":\"https:\\\/\\\/www.article-marketing.eu\\\/comunicatistampa\\\/#\\\/schema\\\/person\\\/1deca6d9e0cf173abfe76a90ef261a2a\"},\"breadcrumb\":{\"@id\":\"https:\\\/\\\/www.article-marketing.eu\\\/comunicatistampa\\\/auto-in-molise-leta-media-e-pari-a-13-anni-e-7-mesi-7-in-un-anno\\\/#breadcrumb\"},\"inLanguage\":\"it-IT\",\"potentialAction\":[{\"@type\":\"ReadAction\",\"target\":[\"https:\\\/\\\/www.article-marketing.eu\\\/comunicatistampa\\\/auto-in-molise-leta-media-e-pari-a-13-anni-e-7-mesi-7-in-un-anno\\\/\"]}]},{\"@type\":\"BreadcrumbList\",\"@id\":\"https:\\\/\\\/www.article-marketing.eu\\\/comunicatistampa\\\/auto-in-molise-leta-media-e-pari-a-13-anni-e-7-mesi-7-in-un-anno\\\/#breadcrumb\",\"itemListElement\":[{\"@type\":\"ListItem\",\"position\":1,\"name\":\"Home\",\"item\":\"https:\\\/\\\/www.article-marketing.eu\\\/comunicatistampa\\\/\"},{\"@type\":\"ListItem\",\"position\":2,\"name\":\"Auto: in Molise l\u2019et\u00e0 media \u00e8 pari a 13 anni e 7 mesi (+7% in un anno)\"}]},{\"@type\":\"WebSite\",\"@id\":\"https:\\\/\\\/www.article-marketing.eu\\\/comunicatistampa\\\/#website\",\"url\":\"https:\\\/\\\/www.article-marketing.eu\\\/comunicatistampa\\\/\",\"name\":\"Article Marketing\",\"description\":\"article marketing &amp; press release\",\"potentialAction\":[{\"@type\":\"SearchAction\",\"target\":{\"@type\":\"EntryPoint\",\"urlTemplate\":\"https:\\\/\\\/www.article-marketing.eu\\\/comunicatistampa\\\/?s={search_term_string}\"},\"query-input\":{\"@type\":\"PropertyValueSpecification\",\"valueRequired\":true,\"valueName\":\"search_term_string\"}}],\"inLanguage\":\"it-IT\"},{\"@type\":\"Person\",\"@id\":\"https:\\\/\\\/www.article-marketing.eu\\\/comunicatistampa\\\/#\\\/schema\\\/person\\\/1deca6d9e0cf173abfe76a90ef261a2a\",\"name\":\"Facile.it\",\"image\":{\"@type\":\"ImageObject\",\"inLanguage\":\"it-IT\",\"@id\":\"https:\\\/\\\/secure.gravatar.com\\\/avatar\\\/2623775dfcd174bde1a788a4bc028e9035747fa40886953f4954f56c45cf4b34?s=96&d=mm&r=g\",\"url\":\"https:\\\/\\\/secure.gravatar.com\\\/avatar\\\/2623775dfcd174bde1a788a4bc028e9035747fa40886953f4954f56c45cf4b34?s=96&d=mm&r=g\",\"contentUrl\":\"https:\\\/\\\/secure.gravatar.com\\\/avatar\\\/2623775dfcd174bde1a788a4bc028e9035747fa40886953f4954f56c45cf4b34?s=96&d=mm&r=g\",\"caption\":\"Facile.it\"},\"url\":\"https:\\\/\\\/www.article-marketing.eu\\\/comunicatistampa\\\/author\\\/facile-it\\\/\"}]}<\/script>\n<!-- \/ Yoast SEO plugin. -->","yoast_head_json":{"title":"Auto: in Molise l\u2019et\u00e0 media \u00e8 pari a 13 anni e 7 mesi (+7% in un anno)","robots":{"index":"index","follow":"follow","max-snippet":"max-snippet:-1","max-image-preview":"max-image-preview:large","max-video-preview":"max-video-preview:-1"},"canonical":"https:\/\/www.article-marketing.eu\/comunicatistampa\/auto-in-molise-leta-media-e-pari-a-13-anni-e-7-mesi-7-in-un-anno\/","og_locale":"it_IT","og_type":"article","og_title":"Auto: in Molise l\u2019et\u00e0 media \u00e8 pari a 13 anni e 7 mesi (+7% in un anno)","og_description":"Il parco circolante in Molise \u00e8 sempre pi\u00f9 vecchio tanto che, secondo un\u2019analisi* di Facile.it, l\u2019et\u00e0 media delle auto che viaggiano sulle strade della regione \u00e8 arrivata a settembre 2024 a 13 anni e 7 mesi, addirittura il 7,4% in pi\u00f9 rispetto ad un anno prima. Il Molise \u00e8 risultata essere la seconda regione in Italia per anzianit\u00e0 dei veicoli; a livello nazionale l\u2019et\u00e0 media \u00e8 pari ad \u201cappena\u201d 11Continue reading...","og_url":"https:\/\/www.article-marketing.eu\/comunicatistampa\/auto-in-molise-leta-media-e-pari-a-13-anni-e-7-mesi-7-in-un-anno\/","og_site_name":"Article Marketing","article_published_time":"2025-02-08T17:43:35+00:00","author":"Facile.it","twitter_card":"summary_large_image","twitter_misc":{"Scritto da":"Facile.it","Tempo di lettura stimato":"2 minuti"},"schema":{"@context":"https:\/\/schema.org","@graph":[{"@type":"Article","@id":"https:\/\/www.article-marketing.eu\/comunicatistampa\/auto-in-molise-leta-media-e-pari-a-13-anni-e-7-mesi-7-in-un-anno\/#article","isPartOf":{"@id":"https:\/\/www.article-marketing.eu\/comunicatistampa\/auto-in-molise-leta-media-e-pari-a-13-anni-e-7-mesi-7-in-un-anno\/"},"author":{"name":"Facile.it","@id":"https:\/\/www.article-marketing.eu\/comunicatistampa\/#\/schema\/person\/1deca6d9e0cf173abfe76a90ef261a2a"},"headline":"Auto: in Molise l\u2019et\u00e0 media \u00e8 pari a 13 anni e 7 mesi (+7% in un anno)","datePublished":"2025-02-08T17:43:35+00:00","mainEntityOfPage":{"@id":"https:\/\/www.article-marketing.eu\/comunicatistampa\/auto-in-molise-leta-media-e-pari-a-13-anni-e-7-mesi-7-in-un-anno\/"},"wordCount":379,"commentCount":0,"keywords":["assicurazione rc auto","facile.it"],"articleSection":["Comunicati stampa","Economia e lavoro"],"inLanguage":"it-IT","potentialAction":[{"@type":"CommentAction","name":"Comment","target":["https:\/\/www.article-marketing.eu\/comunicatistampa\/auto-in-molise-leta-media-e-pari-a-13-anni-e-7-mesi-7-in-un-anno\/#respond"]}]},{"@type":"WebPage","@id":"https:\/\/www.article-marketing.eu\/comunicatistampa\/auto-in-molise-leta-media-e-pari-a-13-anni-e-7-mesi-7-in-un-anno\/","url":"https:\/\/www.article-marketing.eu\/comunicatistampa\/auto-in-molise-leta-media-e-pari-a-13-anni-e-7-mesi-7-in-un-anno\/","name":"Auto: in Molise l\u2019et\u00e0 media \u00e8 pari a 13 anni e 7 mesi (+7% in un anno)","isPartOf":{"@id":"https:\/\/www.article-marketing.eu\/comunicatistampa\/#website"},"datePublished":"2025-02-08T17:43:35+00:00","author":{"@id":"https:\/\/www.article-marketing.eu\/comunicatistampa\/#\/schema\/person\/1deca6d9e0cf173abfe76a90ef261a2a"},"breadcrumb":{"@id":"https:\/\/www.article-marketing.eu\/comunicatistampa\/auto-in-molise-leta-media-e-pari-a-13-anni-e-7-mesi-7-in-un-anno\/#breadcrumb"},"inLanguage":"it-IT","potentialAction":[{"@type":"ReadAction","target":["https:\/\/www.article-marketing.eu\/comunicatistampa\/auto-in-molise-leta-media-e-pari-a-13-anni-e-7-mesi-7-in-un-anno\/"]}]},{"@type":"BreadcrumbList","@id":"https:\/\/www.article-marketing.eu\/comunicatistampa\/auto-in-molise-leta-media-e-pari-a-13-anni-e-7-mesi-7-in-un-anno\/#breadcrumb","itemListElement":[{"@type":"ListItem","position":1,"name":"Home","item":"https:\/\/www.article-marketing.eu\/comunicatistampa\/"},{"@type":"ListItem","position":2,"name":"Auto: in Molise l\u2019et\u00e0 media \u00e8 pari a 13 anni e 7 mesi (+7% in un anno)"}]},{"@type":"WebSite","@id":"https:\/\/www.article-marketing.eu\/comunicatistampa\/#website","url":"https:\/\/www.article-marketing.eu\/comunicatistampa\/","name":"Article Marketing","description":"article marketing &amp; press release","potentialAction":[{"@type":"SearchAction","target":{"@type":"EntryPoint","urlTemplate":"https:\/\/www.article-marketing.eu\/comunicatistampa\/?s={search_term_string}"},"query-input":{"@type":"PropertyValueSpecification","valueRequired":true,"valueName":"search_term_string"}}],"inLanguage":"it-IT"},{"@type":"Person","@id":"https:\/\/www.article-marketing.eu\/comunicatistampa\/#\/schema\/person\/1deca6d9e0cf173abfe76a90ef261a2a","name":"Facile.it","image":{"@type":"ImageObject","inLanguage":"it-IT","@id":"https:\/\/secure.gravatar.com\/avatar\/2623775dfcd174bde1a788a4bc028e9035747fa40886953f4954f56c45cf4b34?s=96&d=mm&r=g","url":"https:\/\/secure.gravatar.com\/avatar\/2623775dfcd174bde1a788a4bc028e9035747fa40886953f4954f56c45cf4b34?s=96&d=mm&r=g","contentUrl":"https:\/\/secure.gravatar.com\/avatar\/2623775dfcd174bde1a788a4bc028e9035747fa40886953f4954f56c45cf4b34?s=96&d=mm&r=g","caption":"Facile.it"},"url":"https:\/\/www.article-marketing.eu\/comunicatistampa\/author\/facile-it\/"}]}},"_links":{"self":[{"href":"https:\/\/www.article-marketing.eu\/comunicatistampa\/wp-json\/wp\/v2\/posts\/31727","targetHints":{"allow":["GET"]}}],"collection":[{"href":"https:\/\/www.article-marketing.eu\/comunicatistampa\/wp-json\/wp\/v2\/posts"}],"about":[{"href":"https:\/\/www.article-marketing.eu\/comunicatistampa\/wp-json\/wp\/v2\/types\/post"}],"author":[{"embeddable":true,"href":"https:\/\/www.article-marketing.eu\/comunicatistampa\/wp-json\/wp\/v2\/users\/62"}],"replies":[{"embeddable":true,"href":"https:\/\/www.article-marketing.eu\/comunicatistampa\/wp-json\/wp\/v2\/comments?post=31727"}],"version-history":[{"count":2,"href":"https:\/\/www.article-marketing.eu\/comunicatistampa\/wp-json\/wp\/v2\/posts\/31727\/revisions"}],"predecessor-version":[{"id":32152,"href":"https:\/\/www.article-marketing.eu\/comunicatistampa\/wp-json\/wp\/v2\/posts\/31727\/revisions\/32152"}],"wp:attachment":[{"href":"https:\/\/www.article-marketing.eu\/comunicatistampa\/wp-json\/wp\/v2\/media?parent=31727"}],"wp:term":[{"taxonomy":"category","embeddable":true,"href":"https:\/\/www.article-marketing.eu\/comunicatistampa\/wp-json\/wp\/v2\/categories?post=31727"},{"taxonomy":"post_tag","embeddable":true,"href":"https:\/\/www.article-marketing.eu\/comunicatistampa\/wp-json\/wp\/v2\/tags?post=31727"}],"curies":[{"name":"wp","href":"https:\/\/api.w.org\/{rel}","templated":true}]}}