{"id":31739,"date":"2025-02-08T18:35:43","date_gmt":"2025-02-08T17:35:43","guid":{"rendered":"https:\/\/www.article-marketing.eu\/comunicatistampa\/?p=31739"},"modified":"2025-02-08T18:35:43","modified_gmt":"2025-02-08T17:35:43","slug":"ambiente-lavoro-2024-tutti-gli-eventi-di-aifos-a-bologna","status":"publish","type":"post","link":"https:\/\/www.article-marketing.eu\/comunicatistampa\/ambiente-lavoro-2024-tutti-gli-eventi-di-aifos-a-bologna\/","title":{"rendered":"Ambiente Lavoro 2024: tutti gli eventi di AiFOS a Bologna"},"content":{"rendered":"<h1>Comunicato Stampa<\/h1>\n<h1>Ambiente Lavoro 2024: tutti gli eventi di AiFOS a Bologna<\/h1>\n<h1><\/h1>\n<p><strong><em>Tutti i workshop, convegni ed eventi dell\u2019associazione AiFOS ad Ambiente Lavoro di Bologna dal 19 al 21 novembre 2024. Formazione, attrezzature, RSPP e manager HSE, cantieri, pesca, fulmini, macchinari e aggressivit\u00e0 nelle organizzazioni.<\/em><\/strong><\/p>\n<p>&nbsp;<\/p>\n<p>Per approfondire diversi temi legati alla salute e sicurezza e promuovere l&#8217;aggiornamento continuo e il confronto tra i professionisti l\u2019<strong>Associazione Italiana Formatori ed Operatori della Sicurezza sul Lavoro<\/strong> (AiFOS) partecipa attivamente ad \u201c<strong>Ambiente Lavoro<\/strong>\u201d, la manifestazione annuale di riferimento in Italia per chi si occupa di salute e sicurezza sul lavoro.<\/p>\n<p>&nbsp;<\/p>\n<p>Per la 34\u00b0 edizione di \u201c<strong>Ambiente Lavoro<\/strong>\u201d, che si terr\u00e0 a <strong>Bologna <\/strong>dal <strong>19 al 21 novembre 2024<\/strong>, l\u2019Associazione AiFOS organizza numerose iniziative: tre convegni, un seminario, sei workshop e due eventi speciali.<\/p>\n<p>&nbsp;<\/p>\n<p>Il link per avere informazioni e iscriversi agli eventi di AiFOS ad Ambiente Lavoro 2024: <a href=\"https:\/\/aifos.org\/home\/eventi\/fiere\/ambiente_lavoro_2024\">https:\/\/aifos.org\/home\/eventi\/fiere\/ambiente_lavoro_2024<\/a><\/p>\n<p>&nbsp;<\/p>\n<p><strong>I convegni di AiFOS: formazione, Rapporto AiFOS, RSPP e manager HSE <\/strong><\/p>\n<p>Marted\u00ec <strong>19 novembre 2024 <\/strong>si terr\u00e0 dalle 10:30 alle 12:30 il convegno gratuito (Sala Concerto &#8211; Blocco D) \u201c<strong>Il nuovo Accordo Stato-Regioni e la formazione per la sicurezza<\/strong>\u201d.<\/p>\n<p>Da due anni siamo in attesa dell\u2019uscita dell\u2019Accordo Stato-Regioni che riorganizza la formazione in materia di sicurezza. Quali sono le principali novit\u00e0 che ci attendono? Parliamone insieme e scopriamo come cambia la formazione attraverso il punto di vista delle Associazioni professionali del settore sicurezza che compongono la Carta di Bologna.<\/p>\n<p>&nbsp;<\/p>\n<p><em>La partecipazione al workshop conferir\u00e0 N. 2 crediti di aggiornamento valevoli per le seguenti figure professionali: FORMATORE (AREA 1), RSPP\/ASPP, CSP\/CSE, RLS<\/em><\/p>\n<p>&nbsp;<\/p>\n<p>Il <strong>19 novembre 2024 <\/strong>si terr\u00e0 anche, dalle 16:15 alle 17:30 il convegno gratuito (Saletta AiFOS &#8211; A24 &#8211; Padiglione 22) \u201c<strong>Da RSPP a Manager HSE: competenze, responsabilit\u00e0 e tutela professionale<\/strong>\u201d.<\/p>\n<p>Nella gestione della safety aziendale, soprattutto delle medie e grandi imprese, una figura ormai sempre pi\u00f9 centrale e strategica \u00e8 quella del manager HSE; frutto della lenta metamorfosi di cui \u00e8 stata oggetto quella del RSPP ancora oggi, tuttavia, non trova una precisa collocazione all\u2019interno del complesso panorama normativo anche se, almeno sul piano tecnico-prevenzionale, alcuni interessanti passi in avanti sono stati compiuti con la norma UNI 11720-2018.<\/p>\n<p>Tutto ci\u00f2 determina non poche criticit\u00e0 e incertezze per RSPP e professionisti; il Seminario &#8211; che prosegue il II Forum Nazionale RSPP 2024 di Napoli &#8211; intende, quindi, approfondire con l\u2019intervento di esperti nazionali alcune delle diverse dimensioni fondamentali di questo importante processo di cambiamento \u2013 nuove competenze, rapporto con il datore di lavoro, responsabilit\u00e0 e tutela professionale \u2013 anche alla luce delle prospettive che si aprono con l\u2019atteso nuovo Accordo Stato \u2013 Regioni sulla formazione.<\/p>\n<p>In occasione dell\u2019evento, realizzato in collaborazione con Inail Direzione Regionale Campania e FORMEDIL Napoli, sar\u00e0 presentata la III edizione del Forum Nazionale RSPP 2025.<\/p>\n<p><em>\u00a0<\/em><\/p>\n<p><em>La partecipazione al workshop conferir\u00e0 N. 1 credito di aggiornamento valevole per le seguenti figure professionali: FORMATORE (AREA 1), RSPP\/ASPP, CSP\/CSE, RLS<\/em><\/p>\n<p>&nbsp;<\/p>\n<p>Mercoled\u00ec <strong>20 novembre 2024 <\/strong>si terr\u00e0 dalle 14:30 alle 17:00 il convegno gratuito (Sala Puccini &#8211; Padiglione 22) \u201c<strong>La verifica dell&#8217;efficacia della formazione &#8211; Rapporto AiFOS 2024<\/strong>\u201d.<\/p>\n<p>Il nuovo Accordo Stato-Regioni individua \u201cle modalit\u00e0 delle verifiche di efficacia della formazione durante lo svolgimento della prestazione lavorativa\u201d, secondo quanto imposto dall\u2019art. 37 del D. Lgs. 81\/2008 successivamente alle modifiche apportate dalla L. 215\/2021.<\/p>\n<p>Emerge la consapevolezza del legislatore di considerare la valutazione dell\u2019efficacia della formazione come strumento di prevenzione.<\/p>\n<p>Questo perch\u00e9 valutare l\u2019efficacia della formazione significa verificare che ci\u00f2 che si \u00e8 appreso a livello formativo si sia tradotto nella percezione e nei comportamenti del singolo partecipante ai corsi di formazione.<\/p>\n<p>Abbiamo ritenuto, quindi, quanto mai utile ed opportuno dedicare la ricerca AiFOS del 2024 al tema della valutazione dell\u2019efficacia della formazione, al fine di indagare se e come gli operatori della sicurezza svolgano, abbiano svolto e intendano svolgere in futuro questa attivit\u00e0, che con l&#8217;emanazione del nuovo Accordo Stato-Regioni diventa obbligatoria.<\/p>\n<p><em>\u00a0<\/em><\/p>\n<p><em>La partecipazione al workshop conferir\u00e0 N. 2 crediti di aggiornamento valevoli per le seguenti figure professionali: FORMATORE (AREA 1), RSPP\/ASPP, CSP\/CSE, RLS<\/em><\/p>\n<p><strong>\u00a0<\/strong><\/p>\n<p><strong>I workshop di AiFOS: figure della sicurezza, attrezzature e cantieri<\/strong><\/p>\n<p>Marted\u00ec <strong>19 novembre 2024 <\/strong>si terr\u00e0 dalle 09:15 alle 11:15 il workshop \u201c<strong>Macchine e attrezzature di lavoro Incluse ed Escluse \u2013 Le nuove prospettive<\/strong>\u201d<strong>.<\/strong><\/p>\n<p>Dal 2012 ad oggi molto \u00e8 stato fatto in termine di formazione attrezzature di lavoro per le quali \u00e8 necessaria una specifica abilitazione (Art 73 comma 5). E con la futura uscita del Nuovo Accordo Stato-Regioni, alle 8 Attrezzature citate dall\u2019accordo Stato Regioni del 22\/02\/2022 se ne aggiungeranno altre 3: Macchine Raccogli Frutta, Caricatori per la Movimentazione dei Materiali e Carroponte. Verr\u00e0 inoltre ampliata con un nuovo modulo la formazione del carrello elevatore.<\/p>\n<p>Come prepararsi al meglio per organizzare la nuova formazione? Quali corsi verranno riconosciuti? Quali sono le novit\u00e0 previste per la valutazione finale?<\/p>\n<p>&nbsp;<\/p>\n<p><em>La partecipazione al workshop conferir\u00e0 due crediti di aggiornamento per le seguenti figure professionali: Formatore (area 2), RSPP\/ASPP, CSP\/CSE, RLS<\/em><\/p>\n<p>&nbsp;<\/p>\n<p>Sempre il <strong>19 novembre 2024 <\/strong>si terr\u00e0 dalle 11.30 alle 13:30 il workshop \u201c<strong>Le responsabilit\u00e0 delle figure della sicurezza: facciamo chiarezza<\/strong>\u201d<strong>.<\/strong><\/p>\n<p>Molto spesso i ruoli delle figure aziendali in ambito sicurezza sul lavoro non sono definiti con chiarezza; ad esempio l\u2019RSPP \u00e8 veramente la figura che deve intervenire direttamente sul campo, come molti pensano? E i preposti sono solo quelli inseriti nell\u2019organigramma aziendale? E il datore di lavoro rimane ugualmente responsabile anche in caso di delega di funzioni? E quale differenza esiste tra le contravvenzioni inserite nel Decreto 81\/2008 e la responsabilit\u00e0 penale?<\/p>\n<p>\u00c8 il momento di fare chiarezza. Il workshop ha l\u2019obiettivo di far comprendere quali siano le reali responsabilit\u00e0 delle figure della sicurezza, in virt\u00f9 della posizione ricoperta all\u2019interno dell\u2019azienda.<\/p>\n<p><em>\u00a0<\/em><\/p>\n<p><em>La partecipazione al workshop conferir\u00e0 N. 2 crediti di aggiornamento valevoli per le seguenti figure professionali: FORMATORE (area 1), RSPP\/ASPP, RLS<\/em><\/p>\n<p>&nbsp;<\/p>\n<p>Mercoled\u00ec <strong>20 novembre 2024 <\/strong>si terr\u00e0 dalle 09:15 alle 11:15 si terr\u00e0 il workshop \u201c<strong>Sicurezza cantieri: \u00e8 possibile dedicare pi\u00f9 tempo alla sicurezza dei lavoratori e meno agli aspetti burocratici?<\/strong>\u201d<strong>.<\/strong><\/p>\n<p>A partire dal 2023 molti sono i provvedimenti normativi emanati ed in corso di emanazione che stanno modificando gli adempimenti nell\u2019ambito dei cantieri: tra Codice dei Contratti, Patente a Punti, Accordi Stato Regioni sulla formazione dei datori di lavori, Contratti di settore con cadenze formative differenti rispetto alle norme, non sempre \u00e8 facile capire cosa deve essere effettivamente fatto. Nel corso del workshop si far\u00e0 una seria riflessione su questi aspetti in modo da riuscire a dedicare meno tempo agli aspetti burocratici e pi\u00f9 tempo alla sicurezza dei lavoratori.<\/p>\n<p>&nbsp;<\/p>\n<p><em>La partecipazione al workshop conferir\u00e0 due crediti di aggiornamento per le seguenti figure professionali: Formatore (area 1), RSPP\/ASPP, CSP\/CSE, RLS<\/em><\/p>\n<p>&nbsp;<\/p>\n<p>Il <strong>20 novembre 2024 <\/strong>si terr\u00e0 dalle 14.00 alle 16.00 anche il workshop \u201c<strong>Assemblaggi di macchinari in serie e in insieme: gestione tecnica, procedurale e documentale<\/strong>\u201d.<\/p>\n<p>I processi produttivi rendono spesso indispensabile l\u2019assemblaggio di macchinari, procedura talora oggetto di incentivi per gli utilizzatori. L\u2019approfondimento della normativa tecnica e documentale e il conseguente approfondimento in tema di responsabilit\u00e0 rappresentano pertanto un valido strumento conoscitivo per le aziende.<\/p>\n<p>&nbsp;<\/p>\n<p><em>La partecipazione al workshop conferir\u00e0 due crediti di aggiornamento per le seguenti figure professionali: Formatore (area 1), RSPP\/ASPP, CSP\/CSE, RLS.<\/em><\/p>\n<p>&nbsp;<\/p>\n<p>Tutti i workshop organizzati da AiFOS ad Ambiente Lavoro si terranno nella <strong>saletta AiFOS<\/strong> &#8211; A24 &#8211; Padiglione 22.<\/p>\n<p>&nbsp;<\/p>\n<p><strong>Gli altri eventi e workshop di AiFOS: fulmini, aggressivit\u00e0 e sicurezza nella pesca <\/strong><\/p>\n<p>Mercoled\u00ec <strong>20 novembre 2024 <\/strong>si terr\u00e0, presso la saletta AiFOS, dalle 11:30 alle 13:00 il seminario gratuito \u201c<strong>La formazione alla sicurezza nella pesca<\/strong>\u201d.<\/p>\n<p>Il seminario \u00e8 realizzato in collaborazione con Confsal Pesca, Sindacato lavoratori settore ittico ed agroalimentare.<\/p>\n<p>&nbsp;<\/p>\n<p><em>La partecipazione al workshop conferir\u00e0 N. 1 credito di aggiornamento valevole per le seguenti figure professionali: FORMATORE (AREA 1), RSPP\/ASPP<\/em><\/p>\n<p>&nbsp;<\/p>\n<p>Il <strong>20 novembre 2024<\/strong> si terr\u00e0, in occasione di Ambiente Lavoro, anche un <strong>evento associativo<\/strong> con la cena dei soci.<\/p>\n<p>&nbsp;<\/p>\n<p>Gioved\u00ec <strong>21 novembre 2024 <\/strong>dalle 09:15 alle 11:15, presso la saletta AiFOS, si terr\u00e0 il workshop \u201c<strong>La protezione dai fulmini delle persone all\u2019interno e all&#8217;esterno degli edifici<\/strong>\u201d.<\/p>\n<p>Il fulmine pu\u00f2 avere conseguenze particolarmente gravi sia sulle persone, soprattutto in ambiente esterno, che sugli edifici.\u00a0Il Titolo III del D.lgs 81\/08 (artt. 80 e 84) obbliga il datore di lavoro ad eseguire una valutazione del rischio da fulminazione ed individuare di conseguenza le misure di protezione da adottare contro tale eventualit\u00e0, sia per le persone che lavorano all\u2019interno degli edifici, sia per quelle che lavorano in ambienti all\u2019aperto.<\/p>\n<p>Il workshop si pone l\u2019obiettivo di descrivere il quadro normativo di riferimento applicabile e di fornire quelle conoscenze di base utili per poter valutare in quali casi il fulmine pu\u00f2 essere un problema per la vita delle persone e l\u2019efficacia di una eventuale protezione. Per effettuare una corretta e precisa valutazione del rischio possiamo fare affidamento sulle norme\u00a0CEI EN 62305 e CEI EN 62793.<\/p>\n<p><em>\u00a0<\/em><\/p>\n<p><em>La partecipazione al workshop conferir\u00e0 due <strong>crediti di aggiornamento<\/strong> per le seguenti figure professionali: Formatore (area 2), RSPP\/ASPP, CSP\/CSE, RLS<\/em><\/p>\n<p><em>\u00a0<\/em><\/p>\n<p>Sempre il <strong>21 novembre 2024<\/strong>, ma dalle 14.00 alle 16.00 si terr\u00e0 il workshop \u201c<strong>Fenomenologia dell&#8217;aggressivit\u00e0 nelle organizzazioni. Ambiti di responsabilit\u00e0, valutazione del rischio e misure di prevenzione<\/strong>\u201d.<\/p>\n<p>L\u2019aggressivit\u00e0 \u00e8 un tema multifattoriale e un fenomeno emergente a livello sociale che si riverbera nell\u2019impresa e negli enti, spesso di sommandosi alle dinamiche di gestione del personale, sempre pi\u00f9 complesse. Oggi le organizzazioni dispongono di strumenti e competenze per gestire il problema?<\/p>\n<p>L\u2019obiettivo del workshop, orientato da un approccio tecnico\/normativo\/funzionale, \u00e8 quello di accendere un faro sul fenomeno per fornire elementi di consapevolezza e i rudimenti funzionali a comprendere l\u2019impatto sulle responsabilit\u00e0 delle organizzazioni e relative figure apicali, fornendo inoltre spunti circa gli adempimenti correlati.<\/p>\n<p>&nbsp;<\/p>\n<p><em>La partecipazione al workshop conferir\u00e0 due <strong>crediti di aggiornamento<\/strong> per le seguenti figure professionali: Formatore (area 1), RSPP\/ASPP, CSP\/CSE, RLS<\/em><\/p>\n<p><em>\u00a0<\/em><\/p>\n<p>Infine, il <strong>21 novembre 2024<\/strong>, dalle 10.00 alle 12.00 si terr\u00e0 (Sala Notturno &#8211; Blocco D) un evento gratuito dal titolo \u201c<strong>Ho sempre fatto cos\u00ec! Atto unico con personaggi multipli in tema di salute e sicurezza sul lavoro<\/strong>\u201d.<\/p>\n<p>\u201cHo sempre fatto cos\u00ec\u201d \u00e8 un viaggio nelle emozioni che non sfoglia vademecum legislativi ma che vuole semplicemente ricordare che il lavoro \u00e8, nei modi e nella forma, un <em>do ut des<\/em> non tra fornitori e prestatori d\u2019opera bens\u00ec tra persone, con talenti e ambizioni diverse ma, comunque e sempre, con la stessa dignit\u00e0.<\/p>\n<p><em>\u00a0<\/em><\/p>\n<p><em>La partecipazione al workshop conferir\u00e0 N. 2 crediti di aggiornamento valevoli per le seguenti figure professionali: FORMATORE (AREA 3), RSPP\/ASPP, CSP\/CSE, RLS.<\/em><\/p>\n<p>&nbsp;<\/p>\n<p>Ricordiamo che al 34\u00b0 salone della salute e sicurezza nei luoghi di lavoro <strong>AiFOS<\/strong> sar\u00e0 presente anche con uno <strong>stand espositivo<\/strong> (<strong>stand A20, Padiglione 22<\/strong>) dedicato ai soci, alle aziende, ai CFA (Centri di Formazione AiFOS) e a tutti coloro che vogliano conoscere le attivit\u00e0 di questa attiva realt\u00e0 associativa.<\/p>\n<p>&nbsp;<\/p>\n<p>Il link per avere informazioni e iscriversi agli eventi di AiFOS ad Ambiente Lavoro 2024: <a href=\"https:\/\/aifos.org\/home\/eventi\/fiere\/ambiente_lavoro_2024\">https:\/\/aifos.org\/home\/eventi\/fiere\/ambiente_lavoro_2024<\/a><\/p>\n<p>&nbsp;<\/p>\n<p>Per informazioni:<\/p>\n<p><strong>Sede nazionale AiFOS<\/strong>: via Branze, 45 &#8211; 25123 Brescia c\/o CSMT, Universit\u00e0 degli Studi di Brescia tel.030.6595031 &#8211; fax 030.6595040 &#8211; <a href=\"mailto:info@aifos.it\">info@aifos.it<\/a>\u00a0 &#8211; convegni@aifos.it<\/p>\n<p>&nbsp;<\/p>\n<p><em>07 novembre 2024<\/em><\/p>\n<p><em>\u00a0<\/em><\/p>\n<p>&nbsp;<\/p>\n<p>Ufficio Stampa di AiFOS<\/p>\n<p>ufficiostampa@aifos.it<\/p>\n<p>http:\/\/www.aifos.it\/<\/p>\n","protected":false},"excerpt":{"rendered":"<p>Comunicato Stampa Ambiente Lavoro 2024: tutti gli eventi di AiFOS a Bologna Tutti i workshop, convegni ed eventi dell\u2019associazione AiFOS ad Ambiente Lavoro di Bologna dal 19 al 21 novembre 2024. Formazione, attrezzature, RSPP e manager HSE, cantieri, pesca, fulmini, macchinari e aggressivit\u00e0 nelle organizzazioni. &nbsp; Per approfondire diversi temi legati alla salute e sicurezza e promuovere l&#8217;aggiornamento continuo e il confronto tra i professionisti l\u2019Associazione Italiana Formatori ed Operatori<\/p>\n<p><a class=\"continue-reading\" href=\"https:\/\/www.article-marketing.eu\/comunicatistampa\/ambiente-lavoro-2024-tutti-gli-eventi-di-aifos-a-bologna\/\">Continue reading&#8230;<\/a><\/p>\n","protected":false},"author":881,"featured_media":0,"comment_status":"open","ping_status":"open","sticky":false,"template":"","format":"standard","meta":{"_monsterinsights_skip_tracking":false,"_monsterinsights_sitenote_active":false,"_monsterinsights_sitenote_note":"","_monsterinsights_sitenote_category":0,"footnotes":""},"categories":[78,379,386,392],"tags":[4851,11251,11258,3299,2074,3235,11253,11262,11264,11252,11260,11261,11139,11256,11255,11265,11259,11254,11257,11263],"class_list":["post-31739","post","type-post","status-publish","format-standard","hentry","category-comunicati-stampa","category-corsi","category-economia-e-lavoro","category-eventi","tag-ambiente-lavoro","tag-ambiente-lavoro-2024","tag-assemblaggi-di-macchinari-in-serie-e-in-insieme-gestione-tecnica","tag-associazione-aifos","tag-bologna","tag-brescia","tag-da-rspp-a-manager-hse-competenze","tag-fenomenologia-dellaggressivita-nelle-organizzazioni-ambiti-di-responsabilita","tag-ho-sempre-fatto-cosi-atto-unico-con-personaggi-multipli-in-tema-di-salute-e-sicurezza-sul-lavoro","tag-il-nuovo-accordo-stato-regioni-e-la-formazione-per-la-sicurezza","tag-la-formazione-alla-sicurezza-nella-pesca","tag-la-protezione-dai-fulmini-delle-persone-allinterno-e-allesterno-degli-edifici","tag-la-verifica-dellefficacia-della-formazione-rapporto-aifos-2024","tag-le-responsabilita-delle-figure-della-sicurezza-facciamo-chiarezza","tag-macchine-e-attrezzature-di-lavoro-incluse-ed-escluse-le-nuove-prospettive","tag-novembre-2024","tag-procedurale-e-documentale","tag-responsabilita-e-tutela-professionale","tag-sicurezza-cantieri-e-possibile-dedicare-piu-tempo-alla-sicurezza-dei-lavoratori-e-meno-agli-aspetti-burocratici","tag-valutazione-del-rischio-e-misure-di-prevenzione"],"yoast_head":"<!-- This site is optimized with the Yoast SEO plugin v27.3 - https:\/\/yoast.com\/product\/yoast-seo-wordpress\/ -->\n<title>Ambiente Lavoro 2024: tutti gli eventi di AiFOS a Bologna - Article Marketing<\/title>\n<meta name=\"robots\" content=\"index, follow, max-snippet:-1, max-image-preview:large, max-video-preview:-1\" \/>\n<link rel=\"canonical\" href=\"https:\/\/www.article-marketing.eu\/comunicatistampa\/ambiente-lavoro-2024-tutti-gli-eventi-di-aifos-a-bologna\/\" \/>\n<meta property=\"og:locale\" content=\"it_IT\" \/>\n<meta property=\"og:type\" content=\"article\" \/>\n<meta property=\"og:title\" content=\"Ambiente Lavoro 2024: tutti gli eventi di AiFOS a Bologna - Article Marketing\" \/>\n<meta property=\"og:description\" content=\"Comunicato Stampa Ambiente Lavoro 2024: tutti gli eventi di AiFOS a Bologna Tutti i workshop, convegni ed eventi dell\u2019associazione AiFOS ad Ambiente Lavoro di Bologna dal 19 al 21 novembre 2024. Formazione, attrezzature, RSPP e manager HSE, cantieri, pesca, fulmini, macchinari e aggressivit\u00e0 nelle organizzazioni. &nbsp; Per approfondire diversi temi legati alla salute e sicurezza e promuovere l&#8217;aggiornamento continuo e il confronto tra i professionisti l\u2019Associazione Italiana Formatori ed OperatoriContinue reading...\" \/>\n<meta property=\"og:url\" content=\"https:\/\/www.article-marketing.eu\/comunicatistampa\/ambiente-lavoro-2024-tutti-gli-eventi-di-aifos-a-bologna\/\" \/>\n<meta property=\"og:site_name\" content=\"Article Marketing\" \/>\n<meta property=\"article:published_time\" content=\"2025-02-08T17:35:43+00:00\" \/>\n<meta name=\"author\" content=\"AIFUS\" \/>\n<meta name=\"twitter:card\" content=\"summary_large_image\" \/>\n<meta name=\"twitter:label1\" content=\"Scritto da\" \/>\n\t<meta name=\"twitter:data1\" content=\"AIFUS\" \/>\n\t<meta name=\"twitter:label2\" content=\"Tempo di lettura stimato\" \/>\n\t<meta name=\"twitter:data2\" content=\"10 minuti\" \/>\n<script type=\"application\/ld+json\" class=\"yoast-schema-graph\">{\"@context\":\"https:\\\/\\\/schema.org\",\"@graph\":[{\"@type\":\"Article\",\"@id\":\"https:\\\/\\\/www.article-marketing.eu\\\/comunicatistampa\\\/ambiente-lavoro-2024-tutti-gli-eventi-di-aifos-a-bologna\\\/#article\",\"isPartOf\":{\"@id\":\"https:\\\/\\\/www.article-marketing.eu\\\/comunicatistampa\\\/ambiente-lavoro-2024-tutti-gli-eventi-di-aifos-a-bologna\\\/\"},\"author\":{\"name\":\"AIFUS\",\"@id\":\"https:\\\/\\\/www.article-marketing.eu\\\/comunicatistampa\\\/#\\\/schema\\\/person\\\/d1985c4955ff71a05f49d68e3034b3cd\"},\"headline\":\"Ambiente Lavoro 2024: tutti gli eventi di AiFOS a Bologna\",\"datePublished\":\"2025-02-08T17:35:43+00:00\",\"mainEntityOfPage\":{\"@id\":\"https:\\\/\\\/www.article-marketing.eu\\\/comunicatistampa\\\/ambiente-lavoro-2024-tutti-gli-eventi-di-aifos-a-bologna\\\/\"},\"wordCount\":1809,\"commentCount\":0,\"keywords\":[\"Ambiente Lavoro\",\"Ambiente Lavoro 2024\",\"Assemblaggi di macchinari in serie e in insieme: gestione tecnica\",\"Associazione AiFOS\",\"Bologna\",\"Brescia\",\"Da RSPP a Manager HSE: competenze\",\"Fenomenologia dell'aggressivit\u00e0 nelle organizzazioni. Ambiti di responsabilit\u00e0\",\"Ho sempre fatto cos\u00ec! Atto unico con personaggi multipli in tema di salute e sicurezza sul lavoro\",\"Il nuovo Accordo Stato-Regioni e la formazione per la sicurezza\",\"La formazione alla sicurezza nella pesca\",\"La protezione dai fulmini delle persone all\u2019interno e all'esterno degli edifici\",\"La verifica dell\u2019efficacia della formazione \u2013 Rapporto AiFOS 2024\",\"Le responsabilit\u00e0 delle figure della sicurezza: facciamo chiarezza\",\"Macchine e attrezzature di lavoro Incluse ed Escluse \u2013 Le nuove prospettive\",\"novembre 2024\",\"procedurale e documentale\",\"responsabilit\u00e0 e tutela professionale\",\"Sicurezza cantieri: \u00e8 possibile dedicare pi\u00f9 tempo alla sicurezza dei lavoratori e meno agli aspetti burocratici?\",\"valutazione del rischio e misure di prevenzione\"],\"articleSection\":[\"Comunicati stampa\",\"Corsi\",\"Economia e lavoro\",\"Eventi\"],\"inLanguage\":\"it-IT\",\"potentialAction\":[{\"@type\":\"CommentAction\",\"name\":\"Comment\",\"target\":[\"https:\\\/\\\/www.article-marketing.eu\\\/comunicatistampa\\\/ambiente-lavoro-2024-tutti-gli-eventi-di-aifos-a-bologna\\\/#respond\"]}]},{\"@type\":\"WebPage\",\"@id\":\"https:\\\/\\\/www.article-marketing.eu\\\/comunicatistampa\\\/ambiente-lavoro-2024-tutti-gli-eventi-di-aifos-a-bologna\\\/\",\"url\":\"https:\\\/\\\/www.article-marketing.eu\\\/comunicatistampa\\\/ambiente-lavoro-2024-tutti-gli-eventi-di-aifos-a-bologna\\\/\",\"name\":\"Ambiente Lavoro 2024: tutti gli eventi di AiFOS a Bologna - Article Marketing\",\"isPartOf\":{\"@id\":\"https:\\\/\\\/www.article-marketing.eu\\\/comunicatistampa\\\/#website\"},\"datePublished\":\"2025-02-08T17:35:43+00:00\",\"author\":{\"@id\":\"https:\\\/\\\/www.article-marketing.eu\\\/comunicatistampa\\\/#\\\/schema\\\/person\\\/d1985c4955ff71a05f49d68e3034b3cd\"},\"breadcrumb\":{\"@id\":\"https:\\\/\\\/www.article-marketing.eu\\\/comunicatistampa\\\/ambiente-lavoro-2024-tutti-gli-eventi-di-aifos-a-bologna\\\/#breadcrumb\"},\"inLanguage\":\"it-IT\",\"potentialAction\":[{\"@type\":\"ReadAction\",\"target\":[\"https:\\\/\\\/www.article-marketing.eu\\\/comunicatistampa\\\/ambiente-lavoro-2024-tutti-gli-eventi-di-aifos-a-bologna\\\/\"]}]},{\"@type\":\"BreadcrumbList\",\"@id\":\"https:\\\/\\\/www.article-marketing.eu\\\/comunicatistampa\\\/ambiente-lavoro-2024-tutti-gli-eventi-di-aifos-a-bologna\\\/#breadcrumb\",\"itemListElement\":[{\"@type\":\"ListItem\",\"position\":1,\"name\":\"Home\",\"item\":\"https:\\\/\\\/www.article-marketing.eu\\\/comunicatistampa\\\/\"},{\"@type\":\"ListItem\",\"position\":2,\"name\":\"Ambiente Lavoro 2024: tutti gli eventi di AiFOS a Bologna\"}]},{\"@type\":\"WebSite\",\"@id\":\"https:\\\/\\\/www.article-marketing.eu\\\/comunicatistampa\\\/#website\",\"url\":\"https:\\\/\\\/www.article-marketing.eu\\\/comunicatistampa\\\/\",\"name\":\"Article Marketing\",\"description\":\"article marketing &amp; press release\",\"potentialAction\":[{\"@type\":\"SearchAction\",\"target\":{\"@type\":\"EntryPoint\",\"urlTemplate\":\"https:\\\/\\\/www.article-marketing.eu\\\/comunicatistampa\\\/?s={search_term_string}\"},\"query-input\":{\"@type\":\"PropertyValueSpecification\",\"valueRequired\":true,\"valueName\":\"search_term_string\"}}],\"inLanguage\":\"it-IT\"},{\"@type\":\"Person\",\"@id\":\"https:\\\/\\\/www.article-marketing.eu\\\/comunicatistampa\\\/#\\\/schema\\\/person\\\/d1985c4955ff71a05f49d68e3034b3cd\",\"name\":\"AIFUS\",\"image\":{\"@type\":\"ImageObject\",\"inLanguage\":\"it-IT\",\"@id\":\"https:\\\/\\\/secure.gravatar.com\\\/avatar\\\/05cf2a2ba057667571308b94c84f00ff48766ffac95710a87491a9b3ddcee484?s=96&d=mm&r=g\",\"url\":\"https:\\\/\\\/secure.gravatar.com\\\/avatar\\\/05cf2a2ba057667571308b94c84f00ff48766ffac95710a87491a9b3ddcee484?s=96&d=mm&r=g\",\"contentUrl\":\"https:\\\/\\\/secure.gravatar.com\\\/avatar\\\/05cf2a2ba057667571308b94c84f00ff48766ffac95710a87491a9b3ddcee484?s=96&d=mm&r=g\",\"caption\":\"AIFUS\"},\"url\":\"https:\\\/\\\/www.article-marketing.eu\\\/comunicatistampa\\\/author\\\/aifus\\\/\"}]}<\/script>\n<!-- \/ Yoast SEO plugin. -->","yoast_head_json":{"title":"Ambiente Lavoro 2024: tutti gli eventi di AiFOS a Bologna - Article Marketing","robots":{"index":"index","follow":"follow","max-snippet":"max-snippet:-1","max-image-preview":"max-image-preview:large","max-video-preview":"max-video-preview:-1"},"canonical":"https:\/\/www.article-marketing.eu\/comunicatistampa\/ambiente-lavoro-2024-tutti-gli-eventi-di-aifos-a-bologna\/","og_locale":"it_IT","og_type":"article","og_title":"Ambiente Lavoro 2024: tutti gli eventi di AiFOS a Bologna - Article Marketing","og_description":"Comunicato Stampa Ambiente Lavoro 2024: tutti gli eventi di AiFOS a Bologna Tutti i workshop, convegni ed eventi dell\u2019associazione AiFOS ad Ambiente Lavoro di Bologna dal 19 al 21 novembre 2024. Formazione, attrezzature, RSPP e manager HSE, cantieri, pesca, fulmini, macchinari e aggressivit\u00e0 nelle organizzazioni. &nbsp; Per approfondire diversi temi legati alla salute e sicurezza e promuovere l&#8217;aggiornamento continuo e il confronto tra i professionisti l\u2019Associazione Italiana Formatori ed OperatoriContinue reading...","og_url":"https:\/\/www.article-marketing.eu\/comunicatistampa\/ambiente-lavoro-2024-tutti-gli-eventi-di-aifos-a-bologna\/","og_site_name":"Article Marketing","article_published_time":"2025-02-08T17:35:43+00:00","author":"AIFUS","twitter_card":"summary_large_image","twitter_misc":{"Scritto da":"AIFUS","Tempo di lettura stimato":"10 minuti"},"schema":{"@context":"https:\/\/schema.org","@graph":[{"@type":"Article","@id":"https:\/\/www.article-marketing.eu\/comunicatistampa\/ambiente-lavoro-2024-tutti-gli-eventi-di-aifos-a-bologna\/#article","isPartOf":{"@id":"https:\/\/www.article-marketing.eu\/comunicatistampa\/ambiente-lavoro-2024-tutti-gli-eventi-di-aifos-a-bologna\/"},"author":{"name":"AIFUS","@id":"https:\/\/www.article-marketing.eu\/comunicatistampa\/#\/schema\/person\/d1985c4955ff71a05f49d68e3034b3cd"},"headline":"Ambiente Lavoro 2024: tutti gli eventi di AiFOS a Bologna","datePublished":"2025-02-08T17:35:43+00:00","mainEntityOfPage":{"@id":"https:\/\/www.article-marketing.eu\/comunicatistampa\/ambiente-lavoro-2024-tutti-gli-eventi-di-aifos-a-bologna\/"},"wordCount":1809,"commentCount":0,"keywords":["Ambiente Lavoro","Ambiente Lavoro 2024","Assemblaggi di macchinari in serie e in insieme: gestione tecnica","Associazione AiFOS","Bologna","Brescia","Da RSPP a Manager HSE: competenze","Fenomenologia dell'aggressivit\u00e0 nelle organizzazioni. Ambiti di responsabilit\u00e0","Ho sempre fatto cos\u00ec! Atto unico con personaggi multipli in tema di salute e sicurezza sul lavoro","Il nuovo Accordo Stato-Regioni e la formazione per la sicurezza","La formazione alla sicurezza nella pesca","La protezione dai fulmini delle persone all\u2019interno e all'esterno degli edifici","La verifica dell\u2019efficacia della formazione \u2013 Rapporto AiFOS 2024","Le responsabilit\u00e0 delle figure della sicurezza: facciamo chiarezza","Macchine e attrezzature di lavoro Incluse ed Escluse \u2013 Le nuove prospettive","novembre 2024","procedurale e documentale","responsabilit\u00e0 e tutela professionale","Sicurezza cantieri: \u00e8 possibile dedicare pi\u00f9 tempo alla sicurezza dei lavoratori e meno agli aspetti burocratici?","valutazione del rischio e misure di prevenzione"],"articleSection":["Comunicati stampa","Corsi","Economia e lavoro","Eventi"],"inLanguage":"it-IT","potentialAction":[{"@type":"CommentAction","name":"Comment","target":["https:\/\/www.article-marketing.eu\/comunicatistampa\/ambiente-lavoro-2024-tutti-gli-eventi-di-aifos-a-bologna\/#respond"]}]},{"@type":"WebPage","@id":"https:\/\/www.article-marketing.eu\/comunicatistampa\/ambiente-lavoro-2024-tutti-gli-eventi-di-aifos-a-bologna\/","url":"https:\/\/www.article-marketing.eu\/comunicatistampa\/ambiente-lavoro-2024-tutti-gli-eventi-di-aifos-a-bologna\/","name":"Ambiente Lavoro 2024: tutti gli eventi di AiFOS a Bologna - Article Marketing","isPartOf":{"@id":"https:\/\/www.article-marketing.eu\/comunicatistampa\/#website"},"datePublished":"2025-02-08T17:35:43+00:00","author":{"@id":"https:\/\/www.article-marketing.eu\/comunicatistampa\/#\/schema\/person\/d1985c4955ff71a05f49d68e3034b3cd"},"breadcrumb":{"@id":"https:\/\/www.article-marketing.eu\/comunicatistampa\/ambiente-lavoro-2024-tutti-gli-eventi-di-aifos-a-bologna\/#breadcrumb"},"inLanguage":"it-IT","potentialAction":[{"@type":"ReadAction","target":["https:\/\/www.article-marketing.eu\/comunicatistampa\/ambiente-lavoro-2024-tutti-gli-eventi-di-aifos-a-bologna\/"]}]},{"@type":"BreadcrumbList","@id":"https:\/\/www.article-marketing.eu\/comunicatistampa\/ambiente-lavoro-2024-tutti-gli-eventi-di-aifos-a-bologna\/#breadcrumb","itemListElement":[{"@type":"ListItem","position":1,"name":"Home","item":"https:\/\/www.article-marketing.eu\/comunicatistampa\/"},{"@type":"ListItem","position":2,"name":"Ambiente Lavoro 2024: tutti gli eventi di AiFOS a Bologna"}]},{"@type":"WebSite","@id":"https:\/\/www.article-marketing.eu\/comunicatistampa\/#website","url":"https:\/\/www.article-marketing.eu\/comunicatistampa\/","name":"Article Marketing","description":"article marketing &amp; press release","potentialAction":[{"@type":"SearchAction","target":{"@type":"EntryPoint","urlTemplate":"https:\/\/www.article-marketing.eu\/comunicatistampa\/?s={search_term_string}"},"query-input":{"@type":"PropertyValueSpecification","valueRequired":true,"valueName":"search_term_string"}}],"inLanguage":"it-IT"},{"@type":"Person","@id":"https:\/\/www.article-marketing.eu\/comunicatistampa\/#\/schema\/person\/d1985c4955ff71a05f49d68e3034b3cd","name":"AIFUS","image":{"@type":"ImageObject","inLanguage":"it-IT","@id":"https:\/\/secure.gravatar.com\/avatar\/05cf2a2ba057667571308b94c84f00ff48766ffac95710a87491a9b3ddcee484?s=96&d=mm&r=g","url":"https:\/\/secure.gravatar.com\/avatar\/05cf2a2ba057667571308b94c84f00ff48766ffac95710a87491a9b3ddcee484?s=96&d=mm&r=g","contentUrl":"https:\/\/secure.gravatar.com\/avatar\/05cf2a2ba057667571308b94c84f00ff48766ffac95710a87491a9b3ddcee484?s=96&d=mm&r=g","caption":"AIFUS"},"url":"https:\/\/www.article-marketing.eu\/comunicatistampa\/author\/aifus\/"}]}},"_links":{"self":[{"href":"https:\/\/www.article-marketing.eu\/comunicatistampa\/wp-json\/wp\/v2\/posts\/31739","targetHints":{"allow":["GET"]}}],"collection":[{"href":"https:\/\/www.article-marketing.eu\/comunicatistampa\/wp-json\/wp\/v2\/posts"}],"about":[{"href":"https:\/\/www.article-marketing.eu\/comunicatistampa\/wp-json\/wp\/v2\/types\/post"}],"author":[{"embeddable":true,"href":"https:\/\/www.article-marketing.eu\/comunicatistampa\/wp-json\/wp\/v2\/users\/881"}],"replies":[{"embeddable":true,"href":"https:\/\/www.article-marketing.eu\/comunicatistampa\/wp-json\/wp\/v2\/comments?post=31739"}],"version-history":[{"count":2,"href":"https:\/\/www.article-marketing.eu\/comunicatistampa\/wp-json\/wp\/v2\/posts\/31739\/revisions"}],"predecessor-version":[{"id":32120,"href":"https:\/\/www.article-marketing.eu\/comunicatistampa\/wp-json\/wp\/v2\/posts\/31739\/revisions\/32120"}],"wp:attachment":[{"href":"https:\/\/www.article-marketing.eu\/comunicatistampa\/wp-json\/wp\/v2\/media?parent=31739"}],"wp:term":[{"taxonomy":"category","embeddable":true,"href":"https:\/\/www.article-marketing.eu\/comunicatistampa\/wp-json\/wp\/v2\/categories?post=31739"},{"taxonomy":"post_tag","embeddable":true,"href":"https:\/\/www.article-marketing.eu\/comunicatistampa\/wp-json\/wp\/v2\/tags?post=31739"}],"curies":[{"name":"wp","href":"https:\/\/api.w.org\/{rel}","templated":true}]}}