{"id":31757,"date":"2025-02-08T18:49:34","date_gmt":"2025-02-08T17:49:34","guid":{"rendered":"https:\/\/www.article-marketing.eu\/comunicatistampa\/?p=31757"},"modified":"2025-02-08T18:49:47","modified_gmt":"2025-02-08T17:49:47","slug":"dalla-visione-di-emilio-riva-alla-leadership-globale-nellacciaio-la-storia-di-gruppo-riva","status":"publish","type":"post","link":"https:\/\/www.article-marketing.eu\/comunicatistampa\/dalla-visione-di-emilio-riva-alla-leadership-globale-nellacciaio-la-storia-di-gruppo-riva\/","title":{"rendered":"Dalla visione di Emilio Riva alla leadership globale nell\u2019acciaio: la storia di Gruppo Riva"},"content":{"rendered":"<p><em><strong>Con un\u2019eredit\u00e0 che affonda le radici nel periodo del miracolo economico italiano del dopoguerra, <a title=\"Il profilo aziendale di Gruppo Riva\" href=\"https:\/\/www.professionistieaziende.it\/gruppo-riva\/gruppo-riva.php\">Gruppo Riva<\/a> \u00e8 cresciuto fino a diventare un leader mondiale nella produzione di acciaio, con un particolare focus su qualit\u00e0, innovazione e sostenibilit\u00e0.<\/strong><\/em><\/p>\n<p><a title=\"Gruppo Riva: le attivit\u00e0 del colosso della siderurgia\" href=\"https:\/\/www.professionistieaziende.it\/gruppo-riva\/gruppo-riva.php\"><strong><img loading=\"lazy\" decoding=\"async\" src=\"https:\/\/www.professionistieaziende.it\/gruppo-riva\/gruppo-riva.jpg\" alt=\"Gruppo Riva\" width=\"198\" height=\"198\" \/><\/strong><\/a><\/p>\n<h2>Gruppo Riva: dall\u2019intuizione di Emilio Riva alla rivoluzione tecnologica della siderurgia italiana<\/h2>\n<p>Fondato nel 1954 da Emilio Riva, con il sostegno del fratello Adriano, <strong>Gruppo Riva<\/strong> ha saputo intuire il grande potenziale del settore siderurgico in un\u2019Italia in piena ricostruzione. Inizialmente specializzata nella commercializzazione di rottami ferrosi destinati alle acciaierie a forno elettrico del bresciano, l\u2019azienda ha avviato un percorso di espansione e acquisizione che l\u2019ha portata a consolidare la propria presenza anche oltre i confini europei. La prima svolta decisiva per il Gruppo avviene nel 1956, quando Emilio Riva decide di entrare nella produzione diretta dell\u2019acciaio. Il primo stabilimento viene inaugurato a marzo 1957 a Caronno Pertusella, vicino a Milano, dotato di un forno elettrico ad arco dalla capacit\u00e0 innovativa di 25 tonnellate, superiore agli standard italiani dell\u2019epoca. Negli anni \u201860, una nuova era tecnologica si apre con l\u2019introduzione della colata continua, tecnica che rivoluziona la produzione siderurgica e permette a <strong>Gruppo Riva<\/strong> di affermarsi ulteriormente sul mercato.<\/p>\n<h2>Gruppo Riva: espansione internazionale e innovazione siderurgica<\/h2>\n<p>L\u2019espansione dell\u2019azienda non si limita all\u2019Italia: negli anni \u201870 e \u201880, <strong><a title=\"Gruppo Riva: scopri il profilo aziendale\" href=\"https:\/\/www.professionistieaziende.it\/gruppo-riva\/gruppo-riva.php\">Gruppo Riva<\/a><\/strong> comincia a guardare oltre i confini nazionali, acquisendo impianti in Spagna, Francia, Belgio e Germania. Una tappa fondamentale in questo processo di crescita internazionale \u00e8 rappresentata dall\u2019acquisizione, nel 1988, delle Acciaierie di Genova Cornigliano, la prima privatizzazione di una fabbrica siderurgica a ciclo integrale in Italia, a cui segue, nella prima parte degli anni 2000, l\u2019Accordo di Programma, siglato insieme a Governo, Enti locali e parti sociali. Tale accordo promuove la decarbonizzazione dell\u2019industria siderurgica italiana ed al contempo riesce a garantire la salvaguardia dei livelli occupazionali e degli investimenti. L\u2019operazione consente di consolidare il ruolo dell\u2019azienda come attore chiave nella siderurgia europea. La diversificazione delle attivit\u00e0 \u00e8 un altro elemento cruciale nella strategia del Gruppo. \u00c8 il 1981 quando, con l\u2019acquisizione della societ\u00e0 Officine e Fonderie Galtarossa (OFG) di Verona, l\u2019azienda entra nel mercato della vergella, ampliando ulteriormente il proprio portafoglio produttivo. Oggi, <strong>Gruppo Riva<\/strong> pu\u00f2 contare su una rete produttiva che comprende 28 stabilimenti dislocati in sei Paesi: Italia, Francia, Germania, Belgio, Spagna e Canada. Con un organico di circa 5.500 dipendenti, continua a investire in tecnologie all\u2019avanguardia, nella formazione continua del proprio personale tecnico e nel miglioramento delle condizioni di sicurezza negli stabilimenti, garantendone i pi\u00f9 elevati standard.<\/p>\n","protected":false},"excerpt":{"rendered":"<p>Con un\u2019eredit\u00e0 che affonda le radici nel periodo del miracolo economico italiano del dopoguerra, Gruppo Riva \u00e8 cresciuto fino a diventare un leader mondiale nella produzione di acciaio, con un particolare focus su qualit\u00e0, innovazione e sostenibilit\u00e0. Gruppo Riva: dall\u2019intuizione di Emilio Riva alla rivoluzione tecnologica della siderurgia italiana Fondato nel 1954 da Emilio Riva, con il sostegno del fratello Adriano, Gruppo Riva ha saputo intuire il grande potenziale del<\/p>\n<p><a class=\"continue-reading\" href=\"https:\/\/www.article-marketing.eu\/comunicatistampa\/dalla-visione-di-emilio-riva-alla-leadership-globale-nellacciaio-la-storia-di-gruppo-riva\/\">Continue reading&#8230;<\/a><\/p>\n","protected":false},"author":6477,"featured_media":0,"comment_status":"open","ping_status":"open","sticky":false,"template":"","format":"standard","meta":{"_monsterinsights_skip_tracking":false,"_monsterinsights_sitenote_active":false,"_monsterinsights_sitenote_note":"","_monsterinsights_sitenote_category":0,"footnotes":""},"categories":[388],"tags":[9332],"class_list":["post-31757","post","type-post","status-publish","format-standard","hentry","category-aziende","tag-gruppo-riva"],"yoast_head":"<!-- This site is optimized with the Yoast SEO plugin v27.3 - https:\/\/yoast.com\/product\/yoast-seo-wordpress\/ -->\n<title>Dalla visione di Emilio Riva alla leadership globale nell\u2019acciaio: la storia di Gruppo Riva<\/title>\n<meta name=\"robots\" content=\"index, follow, max-snippet:-1, max-image-preview:large, max-video-preview:-1\" \/>\n<link rel=\"canonical\" href=\"https:\/\/www.article-marketing.eu\/comunicatistampa\/dalla-visione-di-emilio-riva-alla-leadership-globale-nellacciaio-la-storia-di-gruppo-riva\/\" \/>\n<meta property=\"og:locale\" content=\"it_IT\" \/>\n<meta property=\"og:type\" content=\"article\" \/>\n<meta property=\"og:title\" content=\"Dalla visione di Emilio Riva alla leadership globale nell\u2019acciaio: la storia di Gruppo Riva\" \/>\n<meta property=\"og:description\" content=\"Con un\u2019eredit\u00e0 che affonda le radici nel periodo del miracolo economico italiano del dopoguerra, Gruppo Riva \u00e8 cresciuto fino a diventare un leader mondiale nella produzione di acciaio, con un particolare focus su qualit\u00e0, innovazione e sostenibilit\u00e0. Gruppo Riva: dall\u2019intuizione di Emilio Riva alla rivoluzione tecnologica della siderurgia italiana Fondato nel 1954 da Emilio Riva, con il sostegno del fratello Adriano, Gruppo Riva ha saputo intuire il grande potenziale delContinue reading...\" \/>\n<meta property=\"og:url\" content=\"https:\/\/www.article-marketing.eu\/comunicatistampa\/dalla-visione-di-emilio-riva-alla-leadership-globale-nellacciaio-la-storia-di-gruppo-riva\/\" \/>\n<meta property=\"og:site_name\" content=\"Article Marketing\" \/>\n<meta property=\"article:published_time\" content=\"2025-02-08T17:49:34+00:00\" \/>\n<meta property=\"article:modified_time\" content=\"2025-02-08T17:49:47+00:00\" \/>\n<meta property=\"og:image\" content=\"https:\/\/www.professionistieaziende.it\/gruppo-riva\/gruppo-riva.jpg\" \/>\n<meta name=\"author\" content=\"articolinews\" \/>\n<meta name=\"twitter:card\" content=\"summary_large_image\" \/>\n<meta name=\"twitter:label1\" content=\"Scritto da\" \/>\n\t<meta name=\"twitter:data1\" content=\"articolinews\" \/>\n\t<meta name=\"twitter:label2\" content=\"Tempo di lettura stimato\" \/>\n\t<meta name=\"twitter:data2\" content=\"3 minuti\" \/>\n<script type=\"application\/ld+json\" class=\"yoast-schema-graph\">{\"@context\":\"https:\\\/\\\/schema.org\",\"@graph\":[{\"@type\":\"Article\",\"@id\":\"https:\\\/\\\/www.article-marketing.eu\\\/comunicatistampa\\\/dalla-visione-di-emilio-riva-alla-leadership-globale-nellacciaio-la-storia-di-gruppo-riva\\\/#article\",\"isPartOf\":{\"@id\":\"https:\\\/\\\/www.article-marketing.eu\\\/comunicatistampa\\\/dalla-visione-di-emilio-riva-alla-leadership-globale-nellacciaio-la-storia-di-gruppo-riva\\\/\"},\"author\":{\"name\":\"articolinews\",\"@id\":\"https:\\\/\\\/www.article-marketing.eu\\\/comunicatistampa\\\/#\\\/schema\\\/person\\\/2fcaf8f8f3a9eef9eb7f27532d3ca458\"},\"headline\":\"Dalla visione di Emilio Riva alla leadership globale nell\u2019acciaio: la storia di Gruppo Riva\",\"datePublished\":\"2025-02-08T17:49:34+00:00\",\"dateModified\":\"2025-02-08T17:49:47+00:00\",\"mainEntityOfPage\":{\"@id\":\"https:\\\/\\\/www.article-marketing.eu\\\/comunicatistampa\\\/dalla-visione-di-emilio-riva-alla-leadership-globale-nellacciaio-la-storia-di-gruppo-riva\\\/\"},\"wordCount\":434,\"commentCount\":0,\"image\":{\"@id\":\"https:\\\/\\\/www.article-marketing.eu\\\/comunicatistampa\\\/dalla-visione-di-emilio-riva-alla-leadership-globale-nellacciaio-la-storia-di-gruppo-riva\\\/#primaryimage\"},\"thumbnailUrl\":\"https:\\\/\\\/www.professionistieaziende.it\\\/gruppo-riva\\\/gruppo-riva.jpg\",\"keywords\":[\"Gruppo Riva\"],\"articleSection\":[\"Aziende\"],\"inLanguage\":\"it-IT\",\"potentialAction\":[{\"@type\":\"CommentAction\",\"name\":\"Comment\",\"target\":[\"https:\\\/\\\/www.article-marketing.eu\\\/comunicatistampa\\\/dalla-visione-di-emilio-riva-alla-leadership-globale-nellacciaio-la-storia-di-gruppo-riva\\\/#respond\"]}]},{\"@type\":\"WebPage\",\"@id\":\"https:\\\/\\\/www.article-marketing.eu\\\/comunicatistampa\\\/dalla-visione-di-emilio-riva-alla-leadership-globale-nellacciaio-la-storia-di-gruppo-riva\\\/\",\"url\":\"https:\\\/\\\/www.article-marketing.eu\\\/comunicatistampa\\\/dalla-visione-di-emilio-riva-alla-leadership-globale-nellacciaio-la-storia-di-gruppo-riva\\\/\",\"name\":\"Dalla visione di Emilio Riva alla leadership globale nell\u2019acciaio: la storia di Gruppo Riva\",\"isPartOf\":{\"@id\":\"https:\\\/\\\/www.article-marketing.eu\\\/comunicatistampa\\\/#website\"},\"primaryImageOfPage\":{\"@id\":\"https:\\\/\\\/www.article-marketing.eu\\\/comunicatistampa\\\/dalla-visione-di-emilio-riva-alla-leadership-globale-nellacciaio-la-storia-di-gruppo-riva\\\/#primaryimage\"},\"image\":{\"@id\":\"https:\\\/\\\/www.article-marketing.eu\\\/comunicatistampa\\\/dalla-visione-di-emilio-riva-alla-leadership-globale-nellacciaio-la-storia-di-gruppo-riva\\\/#primaryimage\"},\"thumbnailUrl\":\"https:\\\/\\\/www.professionistieaziende.it\\\/gruppo-riva\\\/gruppo-riva.jpg\",\"datePublished\":\"2025-02-08T17:49:34+00:00\",\"dateModified\":\"2025-02-08T17:49:47+00:00\",\"author\":{\"@id\":\"https:\\\/\\\/www.article-marketing.eu\\\/comunicatistampa\\\/#\\\/schema\\\/person\\\/2fcaf8f8f3a9eef9eb7f27532d3ca458\"},\"breadcrumb\":{\"@id\":\"https:\\\/\\\/www.article-marketing.eu\\\/comunicatistampa\\\/dalla-visione-di-emilio-riva-alla-leadership-globale-nellacciaio-la-storia-di-gruppo-riva\\\/#breadcrumb\"},\"inLanguage\":\"it-IT\",\"potentialAction\":[{\"@type\":\"ReadAction\",\"target\":[\"https:\\\/\\\/www.article-marketing.eu\\\/comunicatistampa\\\/dalla-visione-di-emilio-riva-alla-leadership-globale-nellacciaio-la-storia-di-gruppo-riva\\\/\"]}]},{\"@type\":\"ImageObject\",\"inLanguage\":\"it-IT\",\"@id\":\"https:\\\/\\\/www.article-marketing.eu\\\/comunicatistampa\\\/dalla-visione-di-emilio-riva-alla-leadership-globale-nellacciaio-la-storia-di-gruppo-riva\\\/#primaryimage\",\"url\":\"https:\\\/\\\/www.professionistieaziende.it\\\/gruppo-riva\\\/gruppo-riva.jpg\",\"contentUrl\":\"https:\\\/\\\/www.professionistieaziende.it\\\/gruppo-riva\\\/gruppo-riva.jpg\"},{\"@type\":\"BreadcrumbList\",\"@id\":\"https:\\\/\\\/www.article-marketing.eu\\\/comunicatistampa\\\/dalla-visione-di-emilio-riva-alla-leadership-globale-nellacciaio-la-storia-di-gruppo-riva\\\/#breadcrumb\",\"itemListElement\":[{\"@type\":\"ListItem\",\"position\":1,\"name\":\"Home\",\"item\":\"https:\\\/\\\/www.article-marketing.eu\\\/comunicatistampa\\\/\"},{\"@type\":\"ListItem\",\"position\":2,\"name\":\"Dalla visione di Emilio Riva alla leadership globale nell\u2019acciaio: la storia di Gruppo Riva\"}]},{\"@type\":\"WebSite\",\"@id\":\"https:\\\/\\\/www.article-marketing.eu\\\/comunicatistampa\\\/#website\",\"url\":\"https:\\\/\\\/www.article-marketing.eu\\\/comunicatistampa\\\/\",\"name\":\"Article Marketing\",\"description\":\"article marketing &amp; press release\",\"potentialAction\":[{\"@type\":\"SearchAction\",\"target\":{\"@type\":\"EntryPoint\",\"urlTemplate\":\"https:\\\/\\\/www.article-marketing.eu\\\/comunicatistampa\\\/?s={search_term_string}\"},\"query-input\":{\"@type\":\"PropertyValueSpecification\",\"valueRequired\":true,\"valueName\":\"search_term_string\"}}],\"inLanguage\":\"it-IT\"},{\"@type\":\"Person\",\"@id\":\"https:\\\/\\\/www.article-marketing.eu\\\/comunicatistampa\\\/#\\\/schema\\\/person\\\/2fcaf8f8f3a9eef9eb7f27532d3ca458\",\"name\":\"articolinews\",\"image\":{\"@type\":\"ImageObject\",\"inLanguage\":\"it-IT\",\"@id\":\"https:\\\/\\\/secure.gravatar.com\\\/avatar\\\/9e2a264bab04e17dea24d937c9956304649a848cb73c46747a692ff1bdeb1cb7?s=96&d=mm&r=g\",\"url\":\"https:\\\/\\\/secure.gravatar.com\\\/avatar\\\/9e2a264bab04e17dea24d937c9956304649a848cb73c46747a692ff1bdeb1cb7?s=96&d=mm&r=g\",\"contentUrl\":\"https:\\\/\\\/secure.gravatar.com\\\/avatar\\\/9e2a264bab04e17dea24d937c9956304649a848cb73c46747a692ff1bdeb1cb7?s=96&d=mm&r=g\",\"caption\":\"articolinews\"},\"url\":\"https:\\\/\\\/www.article-marketing.eu\\\/comunicatistampa\\\/author\\\/articolinews\\\/\"}]}<\/script>\n<!-- \/ Yoast SEO plugin. -->","yoast_head_json":{"title":"Dalla visione di Emilio Riva alla leadership globale nell\u2019acciaio: la storia di Gruppo Riva","robots":{"index":"index","follow":"follow","max-snippet":"max-snippet:-1","max-image-preview":"max-image-preview:large","max-video-preview":"max-video-preview:-1"},"canonical":"https:\/\/www.article-marketing.eu\/comunicatistampa\/dalla-visione-di-emilio-riva-alla-leadership-globale-nellacciaio-la-storia-di-gruppo-riva\/","og_locale":"it_IT","og_type":"article","og_title":"Dalla visione di Emilio Riva alla leadership globale nell\u2019acciaio: la storia di Gruppo Riva","og_description":"Con un\u2019eredit\u00e0 che affonda le radici nel periodo del miracolo economico italiano del dopoguerra, Gruppo Riva \u00e8 cresciuto fino a diventare un leader mondiale nella produzione di acciaio, con un particolare focus su qualit\u00e0, innovazione e sostenibilit\u00e0. Gruppo Riva: dall\u2019intuizione di Emilio Riva alla rivoluzione tecnologica della siderurgia italiana Fondato nel 1954 da Emilio Riva, con il sostegno del fratello Adriano, Gruppo Riva ha saputo intuire il grande potenziale delContinue reading...","og_url":"https:\/\/www.article-marketing.eu\/comunicatistampa\/dalla-visione-di-emilio-riva-alla-leadership-globale-nellacciaio-la-storia-di-gruppo-riva\/","og_site_name":"Article Marketing","article_published_time":"2025-02-08T17:49:34+00:00","article_modified_time":"2025-02-08T17:49:47+00:00","og_image":[{"url":"https:\/\/www.professionistieaziende.it\/gruppo-riva\/gruppo-riva.jpg","type":"","width":"","height":""}],"author":"articolinews","twitter_card":"summary_large_image","twitter_misc":{"Scritto da":"articolinews","Tempo di lettura stimato":"3 minuti"},"schema":{"@context":"https:\/\/schema.org","@graph":[{"@type":"Article","@id":"https:\/\/www.article-marketing.eu\/comunicatistampa\/dalla-visione-di-emilio-riva-alla-leadership-globale-nellacciaio-la-storia-di-gruppo-riva\/#article","isPartOf":{"@id":"https:\/\/www.article-marketing.eu\/comunicatistampa\/dalla-visione-di-emilio-riva-alla-leadership-globale-nellacciaio-la-storia-di-gruppo-riva\/"},"author":{"name":"articolinews","@id":"https:\/\/www.article-marketing.eu\/comunicatistampa\/#\/schema\/person\/2fcaf8f8f3a9eef9eb7f27532d3ca458"},"headline":"Dalla visione di Emilio Riva alla leadership globale nell\u2019acciaio: la storia di Gruppo Riva","datePublished":"2025-02-08T17:49:34+00:00","dateModified":"2025-02-08T17:49:47+00:00","mainEntityOfPage":{"@id":"https:\/\/www.article-marketing.eu\/comunicatistampa\/dalla-visione-di-emilio-riva-alla-leadership-globale-nellacciaio-la-storia-di-gruppo-riva\/"},"wordCount":434,"commentCount":0,"image":{"@id":"https:\/\/www.article-marketing.eu\/comunicatistampa\/dalla-visione-di-emilio-riva-alla-leadership-globale-nellacciaio-la-storia-di-gruppo-riva\/#primaryimage"},"thumbnailUrl":"https:\/\/www.professionistieaziende.it\/gruppo-riva\/gruppo-riva.jpg","keywords":["Gruppo Riva"],"articleSection":["Aziende"],"inLanguage":"it-IT","potentialAction":[{"@type":"CommentAction","name":"Comment","target":["https:\/\/www.article-marketing.eu\/comunicatistampa\/dalla-visione-di-emilio-riva-alla-leadership-globale-nellacciaio-la-storia-di-gruppo-riva\/#respond"]}]},{"@type":"WebPage","@id":"https:\/\/www.article-marketing.eu\/comunicatistampa\/dalla-visione-di-emilio-riva-alla-leadership-globale-nellacciaio-la-storia-di-gruppo-riva\/","url":"https:\/\/www.article-marketing.eu\/comunicatistampa\/dalla-visione-di-emilio-riva-alla-leadership-globale-nellacciaio-la-storia-di-gruppo-riva\/","name":"Dalla visione di Emilio Riva alla leadership globale nell\u2019acciaio: la storia di Gruppo Riva","isPartOf":{"@id":"https:\/\/www.article-marketing.eu\/comunicatistampa\/#website"},"primaryImageOfPage":{"@id":"https:\/\/www.article-marketing.eu\/comunicatistampa\/dalla-visione-di-emilio-riva-alla-leadership-globale-nellacciaio-la-storia-di-gruppo-riva\/#primaryimage"},"image":{"@id":"https:\/\/www.article-marketing.eu\/comunicatistampa\/dalla-visione-di-emilio-riva-alla-leadership-globale-nellacciaio-la-storia-di-gruppo-riva\/#primaryimage"},"thumbnailUrl":"https:\/\/www.professionistieaziende.it\/gruppo-riva\/gruppo-riva.jpg","datePublished":"2025-02-08T17:49:34+00:00","dateModified":"2025-02-08T17:49:47+00:00","author":{"@id":"https:\/\/www.article-marketing.eu\/comunicatistampa\/#\/schema\/person\/2fcaf8f8f3a9eef9eb7f27532d3ca458"},"breadcrumb":{"@id":"https:\/\/www.article-marketing.eu\/comunicatistampa\/dalla-visione-di-emilio-riva-alla-leadership-globale-nellacciaio-la-storia-di-gruppo-riva\/#breadcrumb"},"inLanguage":"it-IT","potentialAction":[{"@type":"ReadAction","target":["https:\/\/www.article-marketing.eu\/comunicatistampa\/dalla-visione-di-emilio-riva-alla-leadership-globale-nellacciaio-la-storia-di-gruppo-riva\/"]}]},{"@type":"ImageObject","inLanguage":"it-IT","@id":"https:\/\/www.article-marketing.eu\/comunicatistampa\/dalla-visione-di-emilio-riva-alla-leadership-globale-nellacciaio-la-storia-di-gruppo-riva\/#primaryimage","url":"https:\/\/www.professionistieaziende.it\/gruppo-riva\/gruppo-riva.jpg","contentUrl":"https:\/\/www.professionistieaziende.it\/gruppo-riva\/gruppo-riva.jpg"},{"@type":"BreadcrumbList","@id":"https:\/\/www.article-marketing.eu\/comunicatistampa\/dalla-visione-di-emilio-riva-alla-leadership-globale-nellacciaio-la-storia-di-gruppo-riva\/#breadcrumb","itemListElement":[{"@type":"ListItem","position":1,"name":"Home","item":"https:\/\/www.article-marketing.eu\/comunicatistampa\/"},{"@type":"ListItem","position":2,"name":"Dalla visione di Emilio Riva alla leadership globale nell\u2019acciaio: la storia di Gruppo Riva"}]},{"@type":"WebSite","@id":"https:\/\/www.article-marketing.eu\/comunicatistampa\/#website","url":"https:\/\/www.article-marketing.eu\/comunicatistampa\/","name":"Article Marketing","description":"article marketing &amp; press release","potentialAction":[{"@type":"SearchAction","target":{"@type":"EntryPoint","urlTemplate":"https:\/\/www.article-marketing.eu\/comunicatistampa\/?s={search_term_string}"},"query-input":{"@type":"PropertyValueSpecification","valueRequired":true,"valueName":"search_term_string"}}],"inLanguage":"it-IT"},{"@type":"Person","@id":"https:\/\/www.article-marketing.eu\/comunicatistampa\/#\/schema\/person\/2fcaf8f8f3a9eef9eb7f27532d3ca458","name":"articolinews","image":{"@type":"ImageObject","inLanguage":"it-IT","@id":"https:\/\/secure.gravatar.com\/avatar\/9e2a264bab04e17dea24d937c9956304649a848cb73c46747a692ff1bdeb1cb7?s=96&d=mm&r=g","url":"https:\/\/secure.gravatar.com\/avatar\/9e2a264bab04e17dea24d937c9956304649a848cb73c46747a692ff1bdeb1cb7?s=96&d=mm&r=g","contentUrl":"https:\/\/secure.gravatar.com\/avatar\/9e2a264bab04e17dea24d937c9956304649a848cb73c46747a692ff1bdeb1cb7?s=96&d=mm&r=g","caption":"articolinews"},"url":"https:\/\/www.article-marketing.eu\/comunicatistampa\/author\/articolinews\/"}]}},"_links":{"self":[{"href":"https:\/\/www.article-marketing.eu\/comunicatistampa\/wp-json\/wp\/v2\/posts\/31757","targetHints":{"allow":["GET"]}}],"collection":[{"href":"https:\/\/www.article-marketing.eu\/comunicatistampa\/wp-json\/wp\/v2\/posts"}],"about":[{"href":"https:\/\/www.article-marketing.eu\/comunicatistampa\/wp-json\/wp\/v2\/types\/post"}],"author":[{"embeddable":true,"href":"https:\/\/www.article-marketing.eu\/comunicatistampa\/wp-json\/wp\/v2\/users\/6477"}],"replies":[{"embeddable":true,"href":"https:\/\/www.article-marketing.eu\/comunicatistampa\/wp-json\/wp\/v2\/comments?post=31757"}],"version-history":[{"count":4,"href":"https:\/\/www.article-marketing.eu\/comunicatistampa\/wp-json\/wp\/v2\/posts\/31757\/revisions"}],"predecessor-version":[{"id":32174,"href":"https:\/\/www.article-marketing.eu\/comunicatistampa\/wp-json\/wp\/v2\/posts\/31757\/revisions\/32174"}],"wp:attachment":[{"href":"https:\/\/www.article-marketing.eu\/comunicatistampa\/wp-json\/wp\/v2\/media?parent=31757"}],"wp:term":[{"taxonomy":"category","embeddable":true,"href":"https:\/\/www.article-marketing.eu\/comunicatistampa\/wp-json\/wp\/v2\/categories?post=31757"},{"taxonomy":"post_tag","embeddable":true,"href":"https:\/\/www.article-marketing.eu\/comunicatistampa\/wp-json\/wp\/v2\/tags?post=31757"}],"curies":[{"name":"wp","href":"https:\/\/api.w.org\/{rel}","templated":true}]}}