{"id":31764,"date":"2025-02-08T18:50:22","date_gmt":"2025-02-08T17:50:22","guid":{"rendered":"https:\/\/www.article-marketing.eu\/comunicatistampa\/?p=31764"},"modified":"2025-02-08T18:50:22","modified_gmt":"2025-02-08T17:50:22","slug":"auto-in-piemonte-leta-media-e-pari-a-11-anni-e-8-mesi-4-in-un-anno","status":"publish","type":"post","link":"https:\/\/www.article-marketing.eu\/comunicatistampa\/auto-in-piemonte-leta-media-e-pari-a-11-anni-e-8-mesi-4-in-un-anno\/","title":{"rendered":"Auto: in Piemonte l\u2019et\u00e0 media \u00e8 pari a 11 anni e 8 mesi (+4% in un anno)"},"content":{"rendered":"<p>Il <strong>parco circolante in Piemonte \u00e8 sempre pi\u00f9 vecchio<\/strong> tanto che, secondo un\u2019analisi* di <a href=\"https:\/\/www.facile.it\/\">Facile.it<\/a>, <strong>l\u2019et\u00e0 media delle auto<\/strong> che viaggiano sulle strade della regione \u00e8 arrivata a settembre 2024 a <strong>11 anni e 8 mesi<\/strong>, addirittura il <strong>4,4% in pi\u00f9<\/strong> rispetto ad un anno prima. La regione <strong>Piemonte<\/strong>, insieme al Veneto e la Liguria, \u00e8 risultata avere l\u2019et\u00e0 media delle auto in linea con la media nazionale.<\/p>\n<p>Continuando nella lettura dell\u2019analisi si scopre che, vista l\u2019et\u00e0 media dei veicoli, sono tanti coloro che scelgono di aggiungere all\u2019<strong>Rc auto<\/strong> anche la <strong>copertura assistenza stradale<\/strong>; in Piemonte la percentuale di automobilisti che ha fatto questa scelta \u00e8 pari al <strong>41%<\/strong>.<\/p>\n<p><strong>I dati provinciali<\/strong><\/p>\n<p>Analizzando i dati a livello provinciale emerge che, in Piemonte le auto <strong>pi\u00f9 <em>vecchie<\/em><\/strong> circolano ad <strong>Asti<\/strong>, <strong>Biella<\/strong> e <strong>Cuneo<\/strong>, dove a settembre 2024 l\u2019et\u00e0 media era pari a <strong>12 anni e 3 mesi<\/strong>. Seguono <strong>Alessandria<\/strong>, area dove i veicoli hanno, in media, <strong>12 anni<\/strong>, <strong>Vercelli<\/strong> (<strong>11 anni e 11 mesi<\/strong>) e <strong>Verbano-Cusio-Ossola<\/strong> (<strong>11 anni e 10 mesi<\/strong>).<\/p>\n<p>Continuando a scorrere la graduatoria si posizionano le province di <strong>Novara<\/strong> (<strong>11 anni e 8 mesi<\/strong>) e <strong>Torino <\/strong>(<strong>11 anni e 6 mesi<\/strong>), provincia piemontese dove circolano le <strong>auto pi\u00f9 <em>giovani<\/em><\/strong>.<\/p>\n<p><strong>Rc auto<\/strong><\/p>\n<p><strong>L\u2019anzianit\u00e0 di una vettura<\/strong>, oltre ad essere probabile causa di <strong>minore sicurezza<\/strong> per i passeggeri e peggiore sostenibilit\u00e0 ambientale, <strong>incide sul premio pagato<\/strong> per l\u2019assicurazione Rc auto? La risposta \u00e8 <strong>s\u00ec<\/strong>. Facile.it ha preso in considerazione il profilo di un assicurato** e ha calcolato \u2013 <strong>a parit\u00e0 di condizioni<\/strong> &#8211; <strong>quanto varia il premio medio pagato<\/strong> con l\u2019anzianit\u00e0 del veicolo.<\/p>\n<p>Con un\u2019et\u00e0 media di <strong>10 anni<\/strong> la tariffa da sostenere per l\u2019Rc auto \u00e8 di circa <strong>206 euro<\/strong>, dato che sale a <strong>228 euro<\/strong> se il veicolo ha <strong>12 anni<\/strong> e raggiunge addirittura i <strong>284 euro<\/strong> in corrispondenza di un\u2019anzianit\u00e0 di 14 anni. Una differenza del <strong>38% in quattro anni<\/strong>.<\/p>\n<p><em>* L\u2019Osservatorio auto di Facile.it calcola il premio di assicurazione Rc auto medio e le sue variazioni negli ultimi 12 mesi. Per calcolare tali dati, Facile.it si \u00e8 avvalso di un campione di\u00a0808.337 preventivi effettuati in Piemonte dai suoi utenti tra il 1\u00b0 settembre 2023 e il 30 settembre 2024 e i relativi risultati di quotazione prodotti. Facile.it confronta le compagnie assicurative elencate a questa pagina: <\/em><a href=\"https:\/\/www.facile.it\/come-funziona.html#compagnie_confrontate\"><em>https:\/\/www.facile.it\/come-funziona.html#compagnie_confrontate<\/em><\/a><\/p>\n<p><em>** Simulazione effettuata prendendo a campione un assicurato, residente in provincia di Milano, di et\u00e0 compresa tra 50 e 60 anni, in prima classe di merito.<\/em><\/p>\n","protected":false},"excerpt":{"rendered":"<p>Il parco circolante in Piemonte \u00e8 sempre pi\u00f9 vecchio tanto che, secondo un\u2019analisi* di Facile.it, l\u2019et\u00e0 media delle auto che viaggiano sulle strade della regione \u00e8 arrivata a settembre 2024 a 11 anni e 8 mesi, addirittura il 4,4% in pi\u00f9 rispetto ad un anno prima. La regione Piemonte, insieme al Veneto e la Liguria, \u00e8 risultata avere l\u2019et\u00e0 media delle auto in linea con la media nazionale. Continuando nella<\/p>\n<p><a class=\"continue-reading\" href=\"https:\/\/www.article-marketing.eu\/comunicatistampa\/auto-in-piemonte-leta-media-e-pari-a-11-anni-e-8-mesi-4-in-un-anno\/\">Continue reading&#8230;<\/a><\/p>\n","protected":false},"author":62,"featured_media":0,"comment_status":"open","ping_status":"open","sticky":false,"template":"","format":"standard","meta":{"_monsterinsights_skip_tracking":false,"_monsterinsights_sitenote_active":false,"_monsterinsights_sitenote_note":"","_monsterinsights_sitenote_category":0,"footnotes":""},"categories":[386],"tags":[1034,11233,555,3544,662],"class_list":["post-31764","post","type-post","status-publish","format-standard","hentry","category-economia-e-lavoro","tag-auto","tag-eta-auto","tag-facile-it","tag-piemonte","tag-rc-auto"],"yoast_head":"<!-- This site is optimized with the Yoast SEO plugin v27.3 - https:\/\/yoast.com\/product\/yoast-seo-wordpress\/ -->\n<title>Auto: in Piemonte l\u2019et\u00e0 media \u00e8 pari a 11 anni e 8 mesi (+4% in un anno)<\/title>\n<meta name=\"robots\" content=\"index, follow, max-snippet:-1, max-image-preview:large, max-video-preview:-1\" \/>\n<link rel=\"canonical\" href=\"https:\/\/www.article-marketing.eu\/comunicatistampa\/auto-in-piemonte-leta-media-e-pari-a-11-anni-e-8-mesi-4-in-un-anno\/\" \/>\n<meta property=\"og:locale\" content=\"it_IT\" \/>\n<meta property=\"og:type\" content=\"article\" \/>\n<meta property=\"og:title\" content=\"Auto: in Piemonte l\u2019et\u00e0 media \u00e8 pari a 11 anni e 8 mesi (+4% in un anno)\" \/>\n<meta property=\"og:description\" content=\"Il parco circolante in Piemonte \u00e8 sempre pi\u00f9 vecchio tanto che, secondo un\u2019analisi* di Facile.it, l\u2019et\u00e0 media delle auto che viaggiano sulle strade della regione \u00e8 arrivata a settembre 2024 a 11 anni e 8 mesi, addirittura il 4,4% in pi\u00f9 rispetto ad un anno prima. La regione Piemonte, insieme al Veneto e la Liguria, \u00e8 risultata avere l\u2019et\u00e0 media delle auto in linea con la media nazionale. Continuando nellaContinue reading...\" \/>\n<meta property=\"og:url\" content=\"https:\/\/www.article-marketing.eu\/comunicatistampa\/auto-in-piemonte-leta-media-e-pari-a-11-anni-e-8-mesi-4-in-un-anno\/\" \/>\n<meta property=\"og:site_name\" content=\"Article Marketing\" \/>\n<meta property=\"article:published_time\" content=\"2025-02-08T17:50:22+00:00\" \/>\n<meta name=\"author\" content=\"Facile.it\" \/>\n<meta name=\"twitter:card\" content=\"summary_large_image\" \/>\n<meta name=\"twitter:label1\" content=\"Scritto da\" \/>\n\t<meta name=\"twitter:data1\" content=\"Facile.it\" \/>\n\t<meta name=\"twitter:label2\" content=\"Tempo di lettura stimato\" \/>\n\t<meta name=\"twitter:data2\" content=\"3 minuti\" \/>\n<script type=\"application\/ld+json\" class=\"yoast-schema-graph\">{\"@context\":\"https:\\\/\\\/schema.org\",\"@graph\":[{\"@type\":\"Article\",\"@id\":\"https:\\\/\\\/www.article-marketing.eu\\\/comunicatistampa\\\/auto-in-piemonte-leta-media-e-pari-a-11-anni-e-8-mesi-4-in-un-anno\\\/#article\",\"isPartOf\":{\"@id\":\"https:\\\/\\\/www.article-marketing.eu\\\/comunicatistampa\\\/auto-in-piemonte-leta-media-e-pari-a-11-anni-e-8-mesi-4-in-un-anno\\\/\"},\"author\":{\"name\":\"Facile.it\",\"@id\":\"https:\\\/\\\/www.article-marketing.eu\\\/comunicatistampa\\\/#\\\/schema\\\/person\\\/1deca6d9e0cf173abfe76a90ef261a2a\"},\"headline\":\"Auto: in Piemonte l\u2019et\u00e0 media \u00e8 pari a 11 anni e 8 mesi (+4% in un anno)\",\"datePublished\":\"2025-02-08T17:50:22+00:00\",\"mainEntityOfPage\":{\"@id\":\"https:\\\/\\\/www.article-marketing.eu\\\/comunicatistampa\\\/auto-in-piemonte-leta-media-e-pari-a-11-anni-e-8-mesi-4-in-un-anno\\\/\"},\"wordCount\":405,\"commentCount\":0,\"keywords\":[\"auto\",\"et\u00e0 auto\",\"facile.it\",\"PIemonte\",\"rc auto\"],\"articleSection\":[\"Economia e lavoro\"],\"inLanguage\":\"it-IT\",\"potentialAction\":[{\"@type\":\"CommentAction\",\"name\":\"Comment\",\"target\":[\"https:\\\/\\\/www.article-marketing.eu\\\/comunicatistampa\\\/auto-in-piemonte-leta-media-e-pari-a-11-anni-e-8-mesi-4-in-un-anno\\\/#respond\"]}]},{\"@type\":\"WebPage\",\"@id\":\"https:\\\/\\\/www.article-marketing.eu\\\/comunicatistampa\\\/auto-in-piemonte-leta-media-e-pari-a-11-anni-e-8-mesi-4-in-un-anno\\\/\",\"url\":\"https:\\\/\\\/www.article-marketing.eu\\\/comunicatistampa\\\/auto-in-piemonte-leta-media-e-pari-a-11-anni-e-8-mesi-4-in-un-anno\\\/\",\"name\":\"Auto: in Piemonte l\u2019et\u00e0 media \u00e8 pari a 11 anni e 8 mesi (+4% in un anno)\",\"isPartOf\":{\"@id\":\"https:\\\/\\\/www.article-marketing.eu\\\/comunicatistampa\\\/#website\"},\"datePublished\":\"2025-02-08T17:50:22+00:00\",\"author\":{\"@id\":\"https:\\\/\\\/www.article-marketing.eu\\\/comunicatistampa\\\/#\\\/schema\\\/person\\\/1deca6d9e0cf173abfe76a90ef261a2a\"},\"breadcrumb\":{\"@id\":\"https:\\\/\\\/www.article-marketing.eu\\\/comunicatistampa\\\/auto-in-piemonte-leta-media-e-pari-a-11-anni-e-8-mesi-4-in-un-anno\\\/#breadcrumb\"},\"inLanguage\":\"it-IT\",\"potentialAction\":[{\"@type\":\"ReadAction\",\"target\":[\"https:\\\/\\\/www.article-marketing.eu\\\/comunicatistampa\\\/auto-in-piemonte-leta-media-e-pari-a-11-anni-e-8-mesi-4-in-un-anno\\\/\"]}]},{\"@type\":\"BreadcrumbList\",\"@id\":\"https:\\\/\\\/www.article-marketing.eu\\\/comunicatistampa\\\/auto-in-piemonte-leta-media-e-pari-a-11-anni-e-8-mesi-4-in-un-anno\\\/#breadcrumb\",\"itemListElement\":[{\"@type\":\"ListItem\",\"position\":1,\"name\":\"Home\",\"item\":\"https:\\\/\\\/www.article-marketing.eu\\\/comunicatistampa\\\/\"},{\"@type\":\"ListItem\",\"position\":2,\"name\":\"Auto: in Piemonte l\u2019et\u00e0 media \u00e8 pari a 11 anni e 8 mesi (+4% in un anno)\"}]},{\"@type\":\"WebSite\",\"@id\":\"https:\\\/\\\/www.article-marketing.eu\\\/comunicatistampa\\\/#website\",\"url\":\"https:\\\/\\\/www.article-marketing.eu\\\/comunicatistampa\\\/\",\"name\":\"Article Marketing\",\"description\":\"article marketing &amp; press release\",\"potentialAction\":[{\"@type\":\"SearchAction\",\"target\":{\"@type\":\"EntryPoint\",\"urlTemplate\":\"https:\\\/\\\/www.article-marketing.eu\\\/comunicatistampa\\\/?s={search_term_string}\"},\"query-input\":{\"@type\":\"PropertyValueSpecification\",\"valueRequired\":true,\"valueName\":\"search_term_string\"}}],\"inLanguage\":\"it-IT\"},{\"@type\":\"Person\",\"@id\":\"https:\\\/\\\/www.article-marketing.eu\\\/comunicatistampa\\\/#\\\/schema\\\/person\\\/1deca6d9e0cf173abfe76a90ef261a2a\",\"name\":\"Facile.it\",\"image\":{\"@type\":\"ImageObject\",\"inLanguage\":\"it-IT\",\"@id\":\"https:\\\/\\\/secure.gravatar.com\\\/avatar\\\/2623775dfcd174bde1a788a4bc028e9035747fa40886953f4954f56c45cf4b34?s=96&d=mm&r=g\",\"url\":\"https:\\\/\\\/secure.gravatar.com\\\/avatar\\\/2623775dfcd174bde1a788a4bc028e9035747fa40886953f4954f56c45cf4b34?s=96&d=mm&r=g\",\"contentUrl\":\"https:\\\/\\\/secure.gravatar.com\\\/avatar\\\/2623775dfcd174bde1a788a4bc028e9035747fa40886953f4954f56c45cf4b34?s=96&d=mm&r=g\",\"caption\":\"Facile.it\"},\"url\":\"https:\\\/\\\/www.article-marketing.eu\\\/comunicatistampa\\\/author\\\/facile-it\\\/\"}]}<\/script>\n<!-- \/ Yoast SEO plugin. -->","yoast_head_json":{"title":"Auto: in Piemonte l\u2019et\u00e0 media \u00e8 pari a 11 anni e 8 mesi (+4% in un anno)","robots":{"index":"index","follow":"follow","max-snippet":"max-snippet:-1","max-image-preview":"max-image-preview:large","max-video-preview":"max-video-preview:-1"},"canonical":"https:\/\/www.article-marketing.eu\/comunicatistampa\/auto-in-piemonte-leta-media-e-pari-a-11-anni-e-8-mesi-4-in-un-anno\/","og_locale":"it_IT","og_type":"article","og_title":"Auto: in Piemonte l\u2019et\u00e0 media \u00e8 pari a 11 anni e 8 mesi (+4% in un anno)","og_description":"Il parco circolante in Piemonte \u00e8 sempre pi\u00f9 vecchio tanto che, secondo un\u2019analisi* di Facile.it, l\u2019et\u00e0 media delle auto che viaggiano sulle strade della regione \u00e8 arrivata a settembre 2024 a 11 anni e 8 mesi, addirittura il 4,4% in pi\u00f9 rispetto ad un anno prima. La regione Piemonte, insieme al Veneto e la Liguria, \u00e8 risultata avere l\u2019et\u00e0 media delle auto in linea con la media nazionale. Continuando nellaContinue reading...","og_url":"https:\/\/www.article-marketing.eu\/comunicatistampa\/auto-in-piemonte-leta-media-e-pari-a-11-anni-e-8-mesi-4-in-un-anno\/","og_site_name":"Article Marketing","article_published_time":"2025-02-08T17:50:22+00:00","author":"Facile.it","twitter_card":"summary_large_image","twitter_misc":{"Scritto da":"Facile.it","Tempo di lettura stimato":"3 minuti"},"schema":{"@context":"https:\/\/schema.org","@graph":[{"@type":"Article","@id":"https:\/\/www.article-marketing.eu\/comunicatistampa\/auto-in-piemonte-leta-media-e-pari-a-11-anni-e-8-mesi-4-in-un-anno\/#article","isPartOf":{"@id":"https:\/\/www.article-marketing.eu\/comunicatistampa\/auto-in-piemonte-leta-media-e-pari-a-11-anni-e-8-mesi-4-in-un-anno\/"},"author":{"name":"Facile.it","@id":"https:\/\/www.article-marketing.eu\/comunicatistampa\/#\/schema\/person\/1deca6d9e0cf173abfe76a90ef261a2a"},"headline":"Auto: in Piemonte l\u2019et\u00e0 media \u00e8 pari a 11 anni e 8 mesi (+4% in un anno)","datePublished":"2025-02-08T17:50:22+00:00","mainEntityOfPage":{"@id":"https:\/\/www.article-marketing.eu\/comunicatistampa\/auto-in-piemonte-leta-media-e-pari-a-11-anni-e-8-mesi-4-in-un-anno\/"},"wordCount":405,"commentCount":0,"keywords":["auto","et\u00e0 auto","facile.it","PIemonte","rc auto"],"articleSection":["Economia e lavoro"],"inLanguage":"it-IT","potentialAction":[{"@type":"CommentAction","name":"Comment","target":["https:\/\/www.article-marketing.eu\/comunicatistampa\/auto-in-piemonte-leta-media-e-pari-a-11-anni-e-8-mesi-4-in-un-anno\/#respond"]}]},{"@type":"WebPage","@id":"https:\/\/www.article-marketing.eu\/comunicatistampa\/auto-in-piemonte-leta-media-e-pari-a-11-anni-e-8-mesi-4-in-un-anno\/","url":"https:\/\/www.article-marketing.eu\/comunicatistampa\/auto-in-piemonte-leta-media-e-pari-a-11-anni-e-8-mesi-4-in-un-anno\/","name":"Auto: in Piemonte l\u2019et\u00e0 media \u00e8 pari a 11 anni e 8 mesi (+4% in un anno)","isPartOf":{"@id":"https:\/\/www.article-marketing.eu\/comunicatistampa\/#website"},"datePublished":"2025-02-08T17:50:22+00:00","author":{"@id":"https:\/\/www.article-marketing.eu\/comunicatistampa\/#\/schema\/person\/1deca6d9e0cf173abfe76a90ef261a2a"},"breadcrumb":{"@id":"https:\/\/www.article-marketing.eu\/comunicatistampa\/auto-in-piemonte-leta-media-e-pari-a-11-anni-e-8-mesi-4-in-un-anno\/#breadcrumb"},"inLanguage":"it-IT","potentialAction":[{"@type":"ReadAction","target":["https:\/\/www.article-marketing.eu\/comunicatistampa\/auto-in-piemonte-leta-media-e-pari-a-11-anni-e-8-mesi-4-in-un-anno\/"]}]},{"@type":"BreadcrumbList","@id":"https:\/\/www.article-marketing.eu\/comunicatistampa\/auto-in-piemonte-leta-media-e-pari-a-11-anni-e-8-mesi-4-in-un-anno\/#breadcrumb","itemListElement":[{"@type":"ListItem","position":1,"name":"Home","item":"https:\/\/www.article-marketing.eu\/comunicatistampa\/"},{"@type":"ListItem","position":2,"name":"Auto: in Piemonte l\u2019et\u00e0 media \u00e8 pari a 11 anni e 8 mesi (+4% in un anno)"}]},{"@type":"WebSite","@id":"https:\/\/www.article-marketing.eu\/comunicatistampa\/#website","url":"https:\/\/www.article-marketing.eu\/comunicatistampa\/","name":"Article Marketing","description":"article marketing &amp; press release","potentialAction":[{"@type":"SearchAction","target":{"@type":"EntryPoint","urlTemplate":"https:\/\/www.article-marketing.eu\/comunicatistampa\/?s={search_term_string}"},"query-input":{"@type":"PropertyValueSpecification","valueRequired":true,"valueName":"search_term_string"}}],"inLanguage":"it-IT"},{"@type":"Person","@id":"https:\/\/www.article-marketing.eu\/comunicatistampa\/#\/schema\/person\/1deca6d9e0cf173abfe76a90ef261a2a","name":"Facile.it","image":{"@type":"ImageObject","inLanguage":"it-IT","@id":"https:\/\/secure.gravatar.com\/avatar\/2623775dfcd174bde1a788a4bc028e9035747fa40886953f4954f56c45cf4b34?s=96&d=mm&r=g","url":"https:\/\/secure.gravatar.com\/avatar\/2623775dfcd174bde1a788a4bc028e9035747fa40886953f4954f56c45cf4b34?s=96&d=mm&r=g","contentUrl":"https:\/\/secure.gravatar.com\/avatar\/2623775dfcd174bde1a788a4bc028e9035747fa40886953f4954f56c45cf4b34?s=96&d=mm&r=g","caption":"Facile.it"},"url":"https:\/\/www.article-marketing.eu\/comunicatistampa\/author\/facile-it\/"}]}},"_links":{"self":[{"href":"https:\/\/www.article-marketing.eu\/comunicatistampa\/wp-json\/wp\/v2\/posts\/31764","targetHints":{"allow":["GET"]}}],"collection":[{"href":"https:\/\/www.article-marketing.eu\/comunicatistampa\/wp-json\/wp\/v2\/posts"}],"about":[{"href":"https:\/\/www.article-marketing.eu\/comunicatistampa\/wp-json\/wp\/v2\/types\/post"}],"author":[{"embeddable":true,"href":"https:\/\/www.article-marketing.eu\/comunicatistampa\/wp-json\/wp\/v2\/users\/62"}],"replies":[{"embeddable":true,"href":"https:\/\/www.article-marketing.eu\/comunicatistampa\/wp-json\/wp\/v2\/comments?post=31764"}],"version-history":[{"count":2,"href":"https:\/\/www.article-marketing.eu\/comunicatistampa\/wp-json\/wp\/v2\/posts\/31764\/revisions"}],"predecessor-version":[{"id":32176,"href":"https:\/\/www.article-marketing.eu\/comunicatistampa\/wp-json\/wp\/v2\/posts\/31764\/revisions\/32176"}],"wp:attachment":[{"href":"https:\/\/www.article-marketing.eu\/comunicatistampa\/wp-json\/wp\/v2\/media?parent=31764"}],"wp:term":[{"taxonomy":"category","embeddable":true,"href":"https:\/\/www.article-marketing.eu\/comunicatistampa\/wp-json\/wp\/v2\/categories?post=31764"},{"taxonomy":"post_tag","embeddable":true,"href":"https:\/\/www.article-marketing.eu\/comunicatistampa\/wp-json\/wp\/v2\/tags?post=31764"}],"curies":[{"name":"wp","href":"https:\/\/api.w.org\/{rel}","templated":true}]}}