{"id":31790,"date":"2025-02-08T18:53:05","date_gmt":"2025-02-08T17:53:05","guid":{"rendered":"https:\/\/www.article-marketing.eu\/comunicatistampa\/?p=31790"},"modified":"2025-02-08T18:53:05","modified_gmt":"2025-02-08T17:53:05","slug":"la-carriera-di-flavio-cattaneo-dal-real-estate-allenergia","status":"publish","type":"post","link":"https:\/\/www.article-marketing.eu\/comunicatistampa\/la-carriera-di-flavio-cattaneo-dal-real-estate-allenergia\/","title":{"rendered":"La carriera di Flavio Cattaneo: dal real estate all&#8217;energia"},"content":{"rendered":"<p><em><strong><a title=\"Scopri il profilo di Flavio Cattaneo su Wikiceo\" href=\"https:\/\/wikiceo.it\/Flavio_Cattaneo\" target=\"_blank\" rel=\"noopener\">Flavio Cattaneo<\/a> ha recentemente assunto la guida di Enel, portando una visione chiara e innovativa per il futuro della multinazionale energetica. Con una carriera ricca di successi, Cattaneo \u00e8 stato protagonista di importanti trasformazioni in aziende come RAI, Terna e NTV-Italo. Oggi, con la sua leadership, Enel punta a una maggiore efficienza e un nuovo approccio strategico, focalizzandosi su sostenibilit\u00e0 e sviluppo delle energie rinnovabili.<\/strong><\/em><\/p>\n<p><a title=\"La traiettoria manageriale di Flavio Cattaneo\" href=\"https:\/\/wikiceo.it\/Flavio_Cattaneo\" target=\"_blank\" rel=\"noopener\"><img loading=\"lazy\" decoding=\"async\" src=\"https:\/\/www.nellanotizia.net\/public\/fileuploati1\/23-10-278665-1.webp\" alt=\"Flavio Cattaneo su Wikiceo\" width=\"200\" height=\"150\" \/><\/a><\/p>\n<h2>Flavio Cattaneo: un leader versatile tra innovazione e sostenibilit\u00e0<\/h2>\n<p><strong>Flavio Cattaneo<\/strong>, una delle figure di spicco tra gli <a title=\"Professione CEO: il portale dei manager e imprenditori solo su Wikiceo\" href=\"https:\/\/wikiceo.it\/\" target=\"_blank\" rel=\"noopener\">Amministratori Delegati italiani<\/a>, \u00e8 noto per il suo contributo in molteplici settori, dall&#8217;energia alle telecomunicazioni, passando per la mobilit\u00e0 sostenibile e il real estate. Nato a Rho nel 1963, Cattaneo ha costruito una carriera di successo grazie alla sua capacit\u00e0 di adattarsi e di guidare aziende verso la crescita e il successo finanziario.<\/p>\n<p>Dopo essersi laureato in Architettura al Politecnico di Milano e aver completato una specializzazione in finanza applicata presso la SDA Bocconi, Cattaneo ha iniziato a farsi notare nel mondo del business gi\u00e0 a fine anni &#8217;80. Nel 1999, ha assunto la carica di Presidente e Amministratore Delegato di Fiera Milano, guidando l&#8217;azienda nella quotazione in Borsa e consolidandone la presenza come uno dei pi\u00f9 importanti centri espositivi internazionali. La sua abilit\u00e0 nel ristrutturare aziende e portarle a nuovi livelli \u00e8 diventata un tratto distintivo della sua carriera.<\/p>\n<p>Cattaneo ha poi ricoperto il ruolo di Direttore Generale della RAI, dove \u00e8 riuscito a riportare l&#8217;azienda pubblica radiotelevisiva italiana in utile, raggiungendo il pi\u00f9 alto risultato economico nella sua storia. Durante il suo mandato dal 2003 al 2005, ha dimostrato una notevole capacit\u00e0 di gestione e innovazione, portando la RAI verso una stabilit\u00e0 economica mai vista prima.<\/p>\n<h2>Flavio Cattaneo: leadership in settori chiave e grandi trasformazioni<\/h2>\n<p>Nel 2005, <strong>Flavio Cattaneo<\/strong> \u00e8 diventato Amministratore Delegato di Terna, azienda proprietaria della rete elettrica italiana. Sotto la sua guida, Terna ha investito nello sviluppo infrastrutturale e nella modernizzazione della rete di trasmissione elettrica del paese, con un focus particolare sulla sostenibilit\u00e0 e sull&#8217;innovazione tecnologica. Durante il suo mandato, ha reso Terna una delle principali aziende a livello mondiale nel settore energetico.<\/p>\n<p>Nel 2015, Cattaneo ha assunto il ruolo di CEO di NTV-Italo, la compagnia di treni ad alta velocit\u00e0, portando l&#8217;azienda verso il suo primo bilancio positivo e aumentando la sua competitivit\u00e0 nel mercato del trasporto ferroviario privato. Ha poi ricoperto brevemente il ruolo di Amministratore Delegato in Telecom Italia dal 2016 al 2017, dove ha guidato un&#8217;importante fase di ristrutturazione aziendale.<\/p>\n<p>Attualmente, Cattaneo \u00e8 Amministratore Delegato di Enel, incarico assunto nel 2023, dove si sta concentrando sulla crescita delle energie rinnovabili e sull&#8217;espansione delle infrastrutture elettriche a livello globale. Il suo piano di sviluppo prevede investimenti nel solare e nell\u2019eolico, mirando a trasformare Enel in un leader mondiale della transizione energetica.<\/p>\n","protected":false},"excerpt":{"rendered":"<p>Flavio Cattaneo \u00e8 uno degli Amministratori Delegati italiani pi\u00f9 influenti, con una carriera che spazia da Terna a NTV e oggi Enel.<\/p>\n","protected":false},"author":6477,"featured_media":0,"comment_status":"open","ping_status":"open","sticky":false,"template":"","format":"standard","meta":{"_monsterinsights_skip_tracking":false,"_monsterinsights_sitenote_active":false,"_monsterinsights_sitenote_note":"","_monsterinsights_sitenote_category":0,"footnotes":""},"categories":[78],"tags":[11280,10889],"class_list":["post-31790","post","type-post","status-publish","format-standard","hentry","category-comunicati-stampa","tag-flavio-cattaneo","tag-wikiceo"],"yoast_head":"<!-- This site is optimized with the Yoast SEO plugin v27.3 - https:\/\/yoast.com\/product\/yoast-seo-wordpress\/ -->\n<title>La carriera di Flavio Cattaneo: dal real estate all&#039;energia - Article Marketing<\/title>\n<meta name=\"description\" content=\"Flavio Cattaneo \u00e8 uno degli Amministratori Delegati italiani pi\u00f9 influenti, con una carriera che spazia da Terna a NTV e oggi Enel.\" \/>\n<meta name=\"robots\" content=\"index, follow, max-snippet:-1, max-image-preview:large, max-video-preview:-1\" \/>\n<link rel=\"canonical\" href=\"https:\/\/www.article-marketing.eu\/comunicatistampa\/la-carriera-di-flavio-cattaneo-dal-real-estate-allenergia\/\" \/>\n<meta property=\"og:locale\" content=\"it_IT\" \/>\n<meta property=\"og:type\" content=\"article\" \/>\n<meta property=\"og:title\" content=\"La carriera di Flavio Cattaneo: dal real estate all&#039;energia - Article Marketing\" \/>\n<meta property=\"og:description\" content=\"Flavio Cattaneo \u00e8 uno degli Amministratori Delegati italiani pi\u00f9 influenti, con una carriera che spazia da Terna a NTV e oggi Enel.\" \/>\n<meta property=\"og:url\" content=\"https:\/\/www.article-marketing.eu\/comunicatistampa\/la-carriera-di-flavio-cattaneo-dal-real-estate-allenergia\/\" \/>\n<meta property=\"og:site_name\" content=\"Article Marketing\" \/>\n<meta property=\"article:published_time\" content=\"2025-02-08T17:53:05+00:00\" \/>\n<meta property=\"og:image\" content=\"https:\/\/www.nellanotizia.net\/public\/fileuploati1\/23-10-278665-1.webp\" \/>\n<meta name=\"author\" content=\"articolinews\" \/>\n<meta name=\"twitter:card\" content=\"summary_large_image\" \/>\n<meta name=\"twitter:label1\" content=\"Scritto da\" \/>\n\t<meta name=\"twitter:data1\" content=\"articolinews\" \/>\n\t<meta name=\"twitter:label2\" content=\"Tempo di lettura stimato\" \/>\n\t<meta name=\"twitter:data2\" content=\"3 minuti\" \/>\n<script type=\"application\/ld+json\" class=\"yoast-schema-graph\">{\"@context\":\"https:\\\/\\\/schema.org\",\"@graph\":[{\"@type\":\"Article\",\"@id\":\"https:\\\/\\\/www.article-marketing.eu\\\/comunicatistampa\\\/la-carriera-di-flavio-cattaneo-dal-real-estate-allenergia\\\/#article\",\"isPartOf\":{\"@id\":\"https:\\\/\\\/www.article-marketing.eu\\\/comunicatistampa\\\/la-carriera-di-flavio-cattaneo-dal-real-estate-allenergia\\\/\"},\"author\":{\"name\":\"articolinews\",\"@id\":\"https:\\\/\\\/www.article-marketing.eu\\\/comunicatistampa\\\/#\\\/schema\\\/person\\\/2fcaf8f8f3a9eef9eb7f27532d3ca458\"},\"headline\":\"La carriera di Flavio Cattaneo: dal real estate all&#8217;energia\",\"datePublished\":\"2025-02-08T17:53:05+00:00\",\"mainEntityOfPage\":{\"@id\":\"https:\\\/\\\/www.article-marketing.eu\\\/comunicatistampa\\\/la-carriera-di-flavio-cattaneo-dal-real-estate-allenergia\\\/\"},\"wordCount\":458,\"commentCount\":0,\"image\":{\"@id\":\"https:\\\/\\\/www.article-marketing.eu\\\/comunicatistampa\\\/la-carriera-di-flavio-cattaneo-dal-real-estate-allenergia\\\/#primaryimage\"},\"thumbnailUrl\":\"https:\\\/\\\/www.nellanotizia.net\\\/public\\\/fileuploati1\\\/23-10-278665-1.webp\",\"keywords\":[\"Flavio Cattaneo\",\"Wikiceo\"],\"articleSection\":[\"Comunicati stampa\"],\"inLanguage\":\"it-IT\",\"potentialAction\":[{\"@type\":\"CommentAction\",\"name\":\"Comment\",\"target\":[\"https:\\\/\\\/www.article-marketing.eu\\\/comunicatistampa\\\/la-carriera-di-flavio-cattaneo-dal-real-estate-allenergia\\\/#respond\"]}]},{\"@type\":\"WebPage\",\"@id\":\"https:\\\/\\\/www.article-marketing.eu\\\/comunicatistampa\\\/la-carriera-di-flavio-cattaneo-dal-real-estate-allenergia\\\/\",\"url\":\"https:\\\/\\\/www.article-marketing.eu\\\/comunicatistampa\\\/la-carriera-di-flavio-cattaneo-dal-real-estate-allenergia\\\/\",\"name\":\"La carriera di Flavio Cattaneo: dal real estate all'energia - Article Marketing\",\"isPartOf\":{\"@id\":\"https:\\\/\\\/www.article-marketing.eu\\\/comunicatistampa\\\/#website\"},\"primaryImageOfPage\":{\"@id\":\"https:\\\/\\\/www.article-marketing.eu\\\/comunicatistampa\\\/la-carriera-di-flavio-cattaneo-dal-real-estate-allenergia\\\/#primaryimage\"},\"image\":{\"@id\":\"https:\\\/\\\/www.article-marketing.eu\\\/comunicatistampa\\\/la-carriera-di-flavio-cattaneo-dal-real-estate-allenergia\\\/#primaryimage\"},\"thumbnailUrl\":\"https:\\\/\\\/www.nellanotizia.net\\\/public\\\/fileuploati1\\\/23-10-278665-1.webp\",\"datePublished\":\"2025-02-08T17:53:05+00:00\",\"author\":{\"@id\":\"https:\\\/\\\/www.article-marketing.eu\\\/comunicatistampa\\\/#\\\/schema\\\/person\\\/2fcaf8f8f3a9eef9eb7f27532d3ca458\"},\"description\":\"Flavio Cattaneo \u00e8 uno degli Amministratori Delegati italiani pi\u00f9 influenti, con una carriera che spazia da Terna a NTV e oggi Enel.\",\"breadcrumb\":{\"@id\":\"https:\\\/\\\/www.article-marketing.eu\\\/comunicatistampa\\\/la-carriera-di-flavio-cattaneo-dal-real-estate-allenergia\\\/#breadcrumb\"},\"inLanguage\":\"it-IT\",\"potentialAction\":[{\"@type\":\"ReadAction\",\"target\":[\"https:\\\/\\\/www.article-marketing.eu\\\/comunicatistampa\\\/la-carriera-di-flavio-cattaneo-dal-real-estate-allenergia\\\/\"]}]},{\"@type\":\"ImageObject\",\"inLanguage\":\"it-IT\",\"@id\":\"https:\\\/\\\/www.article-marketing.eu\\\/comunicatistampa\\\/la-carriera-di-flavio-cattaneo-dal-real-estate-allenergia\\\/#primaryimage\",\"url\":\"https:\\\/\\\/www.nellanotizia.net\\\/public\\\/fileuploati1\\\/23-10-278665-1.webp\",\"contentUrl\":\"https:\\\/\\\/www.nellanotizia.net\\\/public\\\/fileuploati1\\\/23-10-278665-1.webp\"},{\"@type\":\"BreadcrumbList\",\"@id\":\"https:\\\/\\\/www.article-marketing.eu\\\/comunicatistampa\\\/la-carriera-di-flavio-cattaneo-dal-real-estate-allenergia\\\/#breadcrumb\",\"itemListElement\":[{\"@type\":\"ListItem\",\"position\":1,\"name\":\"Home\",\"item\":\"https:\\\/\\\/www.article-marketing.eu\\\/comunicatistampa\\\/\"},{\"@type\":\"ListItem\",\"position\":2,\"name\":\"La carriera di Flavio Cattaneo: dal real estate all&#8217;energia\"}]},{\"@type\":\"WebSite\",\"@id\":\"https:\\\/\\\/www.article-marketing.eu\\\/comunicatistampa\\\/#website\",\"url\":\"https:\\\/\\\/www.article-marketing.eu\\\/comunicatistampa\\\/\",\"name\":\"Article Marketing\",\"description\":\"article marketing &amp; press release\",\"potentialAction\":[{\"@type\":\"SearchAction\",\"target\":{\"@type\":\"EntryPoint\",\"urlTemplate\":\"https:\\\/\\\/www.article-marketing.eu\\\/comunicatistampa\\\/?s={search_term_string}\"},\"query-input\":{\"@type\":\"PropertyValueSpecification\",\"valueRequired\":true,\"valueName\":\"search_term_string\"}}],\"inLanguage\":\"it-IT\"},{\"@type\":\"Person\",\"@id\":\"https:\\\/\\\/www.article-marketing.eu\\\/comunicatistampa\\\/#\\\/schema\\\/person\\\/2fcaf8f8f3a9eef9eb7f27532d3ca458\",\"name\":\"articolinews\",\"image\":{\"@type\":\"ImageObject\",\"inLanguage\":\"it-IT\",\"@id\":\"https:\\\/\\\/secure.gravatar.com\\\/avatar\\\/9e2a264bab04e17dea24d937c9956304649a848cb73c46747a692ff1bdeb1cb7?s=96&d=mm&r=g\",\"url\":\"https:\\\/\\\/secure.gravatar.com\\\/avatar\\\/9e2a264bab04e17dea24d937c9956304649a848cb73c46747a692ff1bdeb1cb7?s=96&d=mm&r=g\",\"contentUrl\":\"https:\\\/\\\/secure.gravatar.com\\\/avatar\\\/9e2a264bab04e17dea24d937c9956304649a848cb73c46747a692ff1bdeb1cb7?s=96&d=mm&r=g\",\"caption\":\"articolinews\"},\"url\":\"https:\\\/\\\/www.article-marketing.eu\\\/comunicatistampa\\\/author\\\/articolinews\\\/\"}]}<\/script>\n<!-- \/ Yoast SEO plugin. -->","yoast_head_json":{"title":"La carriera di Flavio Cattaneo: dal real estate all'energia - Article Marketing","description":"Flavio Cattaneo \u00e8 uno degli Amministratori Delegati italiani pi\u00f9 influenti, con una carriera che spazia da Terna a NTV e oggi Enel.","robots":{"index":"index","follow":"follow","max-snippet":"max-snippet:-1","max-image-preview":"max-image-preview:large","max-video-preview":"max-video-preview:-1"},"canonical":"https:\/\/www.article-marketing.eu\/comunicatistampa\/la-carriera-di-flavio-cattaneo-dal-real-estate-allenergia\/","og_locale":"it_IT","og_type":"article","og_title":"La carriera di Flavio Cattaneo: dal real estate all'energia - Article Marketing","og_description":"Flavio Cattaneo \u00e8 uno degli Amministratori Delegati italiani pi\u00f9 influenti, con una carriera che spazia da Terna a NTV e oggi Enel.","og_url":"https:\/\/www.article-marketing.eu\/comunicatistampa\/la-carriera-di-flavio-cattaneo-dal-real-estate-allenergia\/","og_site_name":"Article Marketing","article_published_time":"2025-02-08T17:53:05+00:00","og_image":[{"url":"https:\/\/www.nellanotizia.net\/public\/fileuploati1\/23-10-278665-1.webp","type":"","width":"","height":""}],"author":"articolinews","twitter_card":"summary_large_image","twitter_misc":{"Scritto da":"articolinews","Tempo di lettura stimato":"3 minuti"},"schema":{"@context":"https:\/\/schema.org","@graph":[{"@type":"Article","@id":"https:\/\/www.article-marketing.eu\/comunicatistampa\/la-carriera-di-flavio-cattaneo-dal-real-estate-allenergia\/#article","isPartOf":{"@id":"https:\/\/www.article-marketing.eu\/comunicatistampa\/la-carriera-di-flavio-cattaneo-dal-real-estate-allenergia\/"},"author":{"name":"articolinews","@id":"https:\/\/www.article-marketing.eu\/comunicatistampa\/#\/schema\/person\/2fcaf8f8f3a9eef9eb7f27532d3ca458"},"headline":"La carriera di Flavio Cattaneo: dal real estate all&#8217;energia","datePublished":"2025-02-08T17:53:05+00:00","mainEntityOfPage":{"@id":"https:\/\/www.article-marketing.eu\/comunicatistampa\/la-carriera-di-flavio-cattaneo-dal-real-estate-allenergia\/"},"wordCount":458,"commentCount":0,"image":{"@id":"https:\/\/www.article-marketing.eu\/comunicatistampa\/la-carriera-di-flavio-cattaneo-dal-real-estate-allenergia\/#primaryimage"},"thumbnailUrl":"https:\/\/www.nellanotizia.net\/public\/fileuploati1\/23-10-278665-1.webp","keywords":["Flavio Cattaneo","Wikiceo"],"articleSection":["Comunicati stampa"],"inLanguage":"it-IT","potentialAction":[{"@type":"CommentAction","name":"Comment","target":["https:\/\/www.article-marketing.eu\/comunicatistampa\/la-carriera-di-flavio-cattaneo-dal-real-estate-allenergia\/#respond"]}]},{"@type":"WebPage","@id":"https:\/\/www.article-marketing.eu\/comunicatistampa\/la-carriera-di-flavio-cattaneo-dal-real-estate-allenergia\/","url":"https:\/\/www.article-marketing.eu\/comunicatistampa\/la-carriera-di-flavio-cattaneo-dal-real-estate-allenergia\/","name":"La carriera di Flavio Cattaneo: dal real estate all'energia - Article Marketing","isPartOf":{"@id":"https:\/\/www.article-marketing.eu\/comunicatistampa\/#website"},"primaryImageOfPage":{"@id":"https:\/\/www.article-marketing.eu\/comunicatistampa\/la-carriera-di-flavio-cattaneo-dal-real-estate-allenergia\/#primaryimage"},"image":{"@id":"https:\/\/www.article-marketing.eu\/comunicatistampa\/la-carriera-di-flavio-cattaneo-dal-real-estate-allenergia\/#primaryimage"},"thumbnailUrl":"https:\/\/www.nellanotizia.net\/public\/fileuploati1\/23-10-278665-1.webp","datePublished":"2025-02-08T17:53:05+00:00","author":{"@id":"https:\/\/www.article-marketing.eu\/comunicatistampa\/#\/schema\/person\/2fcaf8f8f3a9eef9eb7f27532d3ca458"},"description":"Flavio Cattaneo \u00e8 uno degli Amministratori Delegati italiani pi\u00f9 influenti, con una carriera che spazia da Terna a NTV e oggi Enel.","breadcrumb":{"@id":"https:\/\/www.article-marketing.eu\/comunicatistampa\/la-carriera-di-flavio-cattaneo-dal-real-estate-allenergia\/#breadcrumb"},"inLanguage":"it-IT","potentialAction":[{"@type":"ReadAction","target":["https:\/\/www.article-marketing.eu\/comunicatistampa\/la-carriera-di-flavio-cattaneo-dal-real-estate-allenergia\/"]}]},{"@type":"ImageObject","inLanguage":"it-IT","@id":"https:\/\/www.article-marketing.eu\/comunicatistampa\/la-carriera-di-flavio-cattaneo-dal-real-estate-allenergia\/#primaryimage","url":"https:\/\/www.nellanotizia.net\/public\/fileuploati1\/23-10-278665-1.webp","contentUrl":"https:\/\/www.nellanotizia.net\/public\/fileuploati1\/23-10-278665-1.webp"},{"@type":"BreadcrumbList","@id":"https:\/\/www.article-marketing.eu\/comunicatistampa\/la-carriera-di-flavio-cattaneo-dal-real-estate-allenergia\/#breadcrumb","itemListElement":[{"@type":"ListItem","position":1,"name":"Home","item":"https:\/\/www.article-marketing.eu\/comunicatistampa\/"},{"@type":"ListItem","position":2,"name":"La carriera di Flavio Cattaneo: dal real estate all&#8217;energia"}]},{"@type":"WebSite","@id":"https:\/\/www.article-marketing.eu\/comunicatistampa\/#website","url":"https:\/\/www.article-marketing.eu\/comunicatistampa\/","name":"Article Marketing","description":"article marketing &amp; press release","potentialAction":[{"@type":"SearchAction","target":{"@type":"EntryPoint","urlTemplate":"https:\/\/www.article-marketing.eu\/comunicatistampa\/?s={search_term_string}"},"query-input":{"@type":"PropertyValueSpecification","valueRequired":true,"valueName":"search_term_string"}}],"inLanguage":"it-IT"},{"@type":"Person","@id":"https:\/\/www.article-marketing.eu\/comunicatistampa\/#\/schema\/person\/2fcaf8f8f3a9eef9eb7f27532d3ca458","name":"articolinews","image":{"@type":"ImageObject","inLanguage":"it-IT","@id":"https:\/\/secure.gravatar.com\/avatar\/9e2a264bab04e17dea24d937c9956304649a848cb73c46747a692ff1bdeb1cb7?s=96&d=mm&r=g","url":"https:\/\/secure.gravatar.com\/avatar\/9e2a264bab04e17dea24d937c9956304649a848cb73c46747a692ff1bdeb1cb7?s=96&d=mm&r=g","contentUrl":"https:\/\/secure.gravatar.com\/avatar\/9e2a264bab04e17dea24d937c9956304649a848cb73c46747a692ff1bdeb1cb7?s=96&d=mm&r=g","caption":"articolinews"},"url":"https:\/\/www.article-marketing.eu\/comunicatistampa\/author\/articolinews\/"}]}},"_links":{"self":[{"href":"https:\/\/www.article-marketing.eu\/comunicatistampa\/wp-json\/wp\/v2\/posts\/31790","targetHints":{"allow":["GET"]}}],"collection":[{"href":"https:\/\/www.article-marketing.eu\/comunicatistampa\/wp-json\/wp\/v2\/posts"}],"about":[{"href":"https:\/\/www.article-marketing.eu\/comunicatistampa\/wp-json\/wp\/v2\/types\/post"}],"author":[{"embeddable":true,"href":"https:\/\/www.article-marketing.eu\/comunicatistampa\/wp-json\/wp\/v2\/users\/6477"}],"replies":[{"embeddable":true,"href":"https:\/\/www.article-marketing.eu\/comunicatistampa\/wp-json\/wp\/v2\/comments?post=31790"}],"version-history":[{"count":2,"href":"https:\/\/www.article-marketing.eu\/comunicatistampa\/wp-json\/wp\/v2\/posts\/31790\/revisions"}],"predecessor-version":[{"id":32187,"href":"https:\/\/www.article-marketing.eu\/comunicatistampa\/wp-json\/wp\/v2\/posts\/31790\/revisions\/32187"}],"wp:attachment":[{"href":"https:\/\/www.article-marketing.eu\/comunicatistampa\/wp-json\/wp\/v2\/media?parent=31790"}],"wp:term":[{"taxonomy":"category","embeddable":true,"href":"https:\/\/www.article-marketing.eu\/comunicatistampa\/wp-json\/wp\/v2\/categories?post=31790"},{"taxonomy":"post_tag","embeddable":true,"href":"https:\/\/www.article-marketing.eu\/comunicatistampa\/wp-json\/wp\/v2\/tags?post=31790"}],"curies":[{"name":"wp","href":"https:\/\/api.w.org\/{rel}","templated":true}]}}