{"id":31813,"date":"2025-02-08T19:01:50","date_gmt":"2025-02-08T18:01:50","guid":{"rendered":"https:\/\/www.article-marketing.eu\/comunicatistampa\/?p=31813"},"modified":"2025-02-08T19:01:50","modified_gmt":"2025-02-08T18:01:50","slug":"pmi-day-2024-cielo-e-terra-apre-le-porte-agli-studenti-di-montorso-per-educare-alla-cultura-dimpresa","status":"publish","type":"post","link":"https:\/\/www.article-marketing.eu\/comunicatistampa\/pmi-day-2024-cielo-e-terra-apre-le-porte-agli-studenti-di-montorso-per-educare-alla-cultura-dimpresa\/","title":{"rendered":"PMI Day 2024: Cielo e Terra apre le porte agli studenti di Montorso per educare alla cultura d\u2019impresa"},"content":{"rendered":"<p><em>Un\u2019occasione preziosa per avvicinare i giovani al mondo dell\u2019impresa, facendoli riflettere sull\u2019importanza di conoscenze e competenze per costruire il proprio futuro professionale, vivendo un\u2019esperienza formativa per diventare protagonisti consapevoli e responsabili del mondo di domani.<\/em><\/p>\n<p><em>\u00a0<\/em><\/p>\n<p>Il 22 novembre 2024, la cantina vicentina <strong>Cielo e Terra ospita<\/strong> <strong>gli studenti delle scuole medie di Montorso<\/strong>, <strong>partecipando all&#8217;iniziativa che fa parte del <em>PMI Day<\/em>.<\/strong> L&#8217;evento, giunto alla sua <strong>quindicesima edizione<\/strong>, \u00e8 dedicato alla <strong>sensibilizzazione delle nuove generazioni sull\u2019importanza del ruolo delle imprese nel costruire un futuro sostenibile e produttivo per la societ\u00e0<\/strong>.<\/p>\n<p>Si rinnova cos\u00ec l\u2019occasione di far conoscere agli studenti e agli insegnanti il mondo produttivo e imprenditoriale italiano. L&#8217;obiettivo di questa giornata \u00e8 duplice: <strong>promuovere la cultura d\u2019impresa e far comprendere ai giovani l\u2019importanza delle imprese nel tessuto sociale ed economico del Paese<\/strong>, favorendo un primo approccio con il mondo del lavoro. La giornata vuole essere una <strong>riflessione sul significato profondo dell\u2019impresa e sull\u2019impatto positivo che pu\u00f2 avere sulla collettivit\u00e0<\/strong>. Il tema di quest\u2019anno, \u201cCostruire\u201d, vuol dire <strong>creare ponti tra la scuola e il mondo del lavoro<\/strong>, permettendo agli studenti di conoscere le opportunit\u00e0 che il mondo produttivo offre, sviluppando al contempo consapevolezza sulle proprie aspirazioni e le competenze necessarie per realizzarle. <strong>Il PMI Day 2024 vuole inoltre trasmettere il valore dell\u2019innovazione, della sostenibilit\u00e0 e dell\u2019apertura al dialogo <\/strong>come strumenti fondamentali per la crescita dell\u2019impresa e del Paese, <strong>temi cari a Cielo e Terra<\/strong>.<\/p>\n<p>L\u2019iniziativa \u00e8 stata rivolta in particolare alle scuole secondarie di primo grado e vede coinvolti gli studenti di seconda e terza media, a supporto delle loro scelte future in vista del passaggio alla scuola superiore. Con l\u2019intento di stimolare la loro curiosit\u00e0 e sensibilit\u00e0 verso il lavoro e le opportunit\u00e0 che esso pu\u00f2 offrire, <strong>Cielo e Terra ha organizzato un tour per mostrare il dietro le quinte della produzione e delle attivit\u00e0 aziendali<\/strong>, facendo toccare con mano il mondo dell\u2019impresa ai giovani visitatori. Oltre alla visita pratica, l\u2019incontro prevede anche momenti di confronto in cui i rappresentanti aziendali possono raccontare la storia e i valori dell\u2019azienda, ponendo <strong>l\u2019accento sull\u2019importanza dell\u2019innovazione e della sostenibilit\u00e0, temi cardine per Cielo e Terra, una delle aziende B Corp che hanno permesso all\u2019Italia di fregiarsi del primato per numero di imprese virtuose nel settore vinicolo<\/strong>. <strong>Cielo e Terra che dal 2022 \u00e8 anche Societ\u00e0 Benefit e che nel 2023 ha ottenuto la certificazione Equalitas \u00e8 la prima realt\u00e0 vinicola italiana a introdurre in azienda il modello della Lean Organization. Dal 2017 si alimenta esclusivamente con energia elettrica proveniente da fonti rinnovabili certificate, dimostrando un impegno concreto verso la sostenibilit\u00e0. Negli ultimi cinque anni, l&#8217;azienda ha recuperato oltre 45 mila metri cubi di acqua, l&#8217;equivalente del consumo annuale di circa 250 famiglie, ha ridotto del 10% la produzione di rifiuti rispetto al 2022, con un calo di circa 40 tonnellate di scarti. La totalit\u00e0 dei rifiuti aziendali \u00e8 destinata ad operazioni di recupero e riciclaggio, sottolineando l\u2019impegno per una gestione circolare dei materiali. Grazie a questi risultati, Cielo e Terra si conferma la cantina con il pi\u00f9 alto fatturato ad essere Zerowaste e con la migliore Water Footprint (WFP) tra le cantine certificate VIVA. Dal 2025, l\u2019azienda utilizzer\u00e0 solo materiali certificati FSC, rafforzando ulteriormente il suo approccio sostenibile e responsabile. Utilizza il 100% di energia da fonti rinnovabili e si impegna nella riduzione del consumo di acqua e di energia elettrica, oltre a limitare la produzione di rifiuti da imballaggio.<\/strong><\/p>\n<p>L\u2019incontro ha come <strong>focus la riflessione sull\u2019importanza di costruire sostenibilit\u00e0<\/strong>, non solo come valore aziendale, ma come vero e proprio impegno verso le nuove generazioni. Cielo e Terra vuole infatti trasmettere ai ragazzi il messaggio che <strong>ogni impresa ha un ruolo sociale: creare opportunit\u00e0 di lavoro e benessere<\/strong>, contribuendo in modo concreto alla crescita e alla stabilit\u00e0 del Paese.<\/p>\n<p>Con questa giornata, <strong>Cielo e Terra ribadisce quindi il proprio impegno a sostenere la comunit\u00e0 e il territorio, sensibilizzando i giovani verso l&#8217;importanza di un modello imprenditoriale sostenibile e orientato al futuro.<\/strong><\/p>\n<p>&nbsp;<\/p>\n<p><strong>www.cieloeterravini.com<\/strong><\/p>\n<p><strong>Cielo e Terra<\/strong> nasce nel 1908, nelle campagne di Vicenza, vicino ai Castelli di Romeo e Giulietta, dove il bisnonno aveva acquistato un piccolo podere con vigneto. Il nonno Pietro ha proseguito la guida dell\u2019azienda con grande passione impegno sociale. Oggi alla guida dell&#8217;azienda ci sono Luca e Pierpaolo Cielo, assieme al socio Collis Veneto Wine Group unitosi all\u2019azienda della famiglia Cielo nel 1999. Oggi l\u2019azienda con una quota di esportazione superiore al 80% \u00e8 conosciuta in tutto il mondo con i marchi Cielo, Casa Defr\u00e0 e Bericanto. L\u2019azienda che nel 2023 ha superato i 65 milioni di euro si caratterizza per un approccio socialmente responsabile, orientato alla solidariet\u00e0, trasparenza e alla sostenibilit\u00e0. Il marchio Famiglia Cielo \u00e8 infatti legato da anni alla Ong americana Winetowater, con la quale vengono donati sistemi di filtrazione d\u2019acqua nelle aree pi\u00f9 bisognose. L&#8217;azienda dal 2020 aderisce al movimento BCorp, nel 2021 \u00e8 la volta di VIVA\u00a0\u201cla sostenibilit\u00e0 nel vino\u201d con l\u2019obiettivo di ottimizzare l\u2019impatto ambientale della filiera vite &#8211; vino. Dal 2022 \u00e8 anche Societ\u00e0 Benefit e nel 2023 ha ottenuto la certificazione Equalitas. Prima realt\u00e0 vinicola italiana a introdurre in azienda il modello della Lean Organization, Cielo e Terra integra numerosi progetti con un piano di economia circolare, affermandosi come realt\u00e0 in grado di fronteggiare le sfide dei mercati mondiali ed attestare la sua presenza in oltre 60 Paesi.<\/p>\n","protected":false},"excerpt":{"rendered":"<p>Un\u2019occasione preziosa per avvicinare i giovani al mondo dell\u2019impresa, facendoli riflettere sull\u2019importanza di conoscenze e competenze per costruire il proprio futuro professionale, vivendo un\u2019esperienza formativa per diventare protagonisti consapevoli e responsabili del mondo di domani. \u00a0 Il 22 novembre 2024, la cantina vicentina Cielo e Terra ospita gli studenti delle scuole medie di Montorso, partecipando all&#8217;iniziativa che fa parte del PMI Day. L&#8217;evento, giunto alla sua quindicesima edizione, \u00e8 dedicato<\/p>\n<p><a class=\"continue-reading\" href=\"https:\/\/www.article-marketing.eu\/comunicatistampa\/pmi-day-2024-cielo-e-terra-apre-le-porte-agli-studenti-di-montorso-per-educare-alla-cultura-dimpresa\/\">Continue reading&#8230;<\/a><\/p>\n","protected":false},"author":397,"featured_media":0,"comment_status":"open","ping_status":"open","sticky":false,"template":"","format":"standard","meta":{"_monsterinsights_skip_tracking":false,"_monsterinsights_sitenote_active":false,"_monsterinsights_sitenote_note":"","_monsterinsights_sitenote_category":0,"footnotes":""},"categories":[78],"tags":[],"class_list":["post-31813","post","type-post","status-publish","format-standard","hentry","category-comunicati-stampa"],"yoast_head":"<!-- This site is optimized with the Yoast SEO plugin v27.3 - https:\/\/yoast.com\/product\/yoast-seo-wordpress\/ -->\n<title>PMI Day 2024: Cielo e Terra apre le porte agli studenti di Montorso per educare alla cultura d\u2019impresa<\/title>\n<meta name=\"robots\" content=\"index, follow, max-snippet:-1, max-image-preview:large, max-video-preview:-1\" \/>\n<link rel=\"canonical\" href=\"https:\/\/www.article-marketing.eu\/comunicatistampa\/pmi-day-2024-cielo-e-terra-apre-le-porte-agli-studenti-di-montorso-per-educare-alla-cultura-dimpresa\/\" \/>\n<meta property=\"og:locale\" content=\"it_IT\" \/>\n<meta property=\"og:type\" content=\"article\" \/>\n<meta property=\"og:title\" content=\"PMI Day 2024: Cielo e Terra apre le porte agli studenti di Montorso per educare alla cultura d\u2019impresa\" \/>\n<meta property=\"og:description\" content=\"Un\u2019occasione preziosa per avvicinare i giovani al mondo dell\u2019impresa, facendoli riflettere sull\u2019importanza di conoscenze e competenze per costruire il proprio futuro professionale, vivendo un\u2019esperienza formativa per diventare protagonisti consapevoli e responsabili del mondo di domani. \u00a0 Il 22 novembre 2024, la cantina vicentina Cielo e Terra ospita gli studenti delle scuole medie di Montorso, partecipando all&#8217;iniziativa che fa parte del PMI Day. L&#8217;evento, giunto alla sua quindicesima edizione, \u00e8 dedicatoContinue reading...\" \/>\n<meta property=\"og:url\" content=\"https:\/\/www.article-marketing.eu\/comunicatistampa\/pmi-day-2024-cielo-e-terra-apre-le-porte-agli-studenti-di-montorso-per-educare-alla-cultura-dimpresa\/\" \/>\n<meta property=\"og:site_name\" content=\"Article Marketing\" \/>\n<meta property=\"article:published_time\" content=\"2025-02-08T18:01:50+00:00\" \/>\n<meta name=\"author\" content=\"Borderline Agency\" \/>\n<meta name=\"twitter:card\" content=\"summary_large_image\" \/>\n<meta name=\"twitter:label1\" content=\"Scritto da\" \/>\n\t<meta name=\"twitter:data1\" content=\"Borderline Agency\" \/>\n\t<meta name=\"twitter:label2\" content=\"Tempo di lettura stimato\" \/>\n\t<meta name=\"twitter:data2\" content=\"5 minuti\" \/>\n<script type=\"application\/ld+json\" class=\"yoast-schema-graph\">{\"@context\":\"https:\\\/\\\/schema.org\",\"@graph\":[{\"@type\":\"Article\",\"@id\":\"https:\\\/\\\/www.article-marketing.eu\\\/comunicatistampa\\\/pmi-day-2024-cielo-e-terra-apre-le-porte-agli-studenti-di-montorso-per-educare-alla-cultura-dimpresa\\\/#article\",\"isPartOf\":{\"@id\":\"https:\\\/\\\/www.article-marketing.eu\\\/comunicatistampa\\\/pmi-day-2024-cielo-e-terra-apre-le-porte-agli-studenti-di-montorso-per-educare-alla-cultura-dimpresa\\\/\"},\"author\":{\"name\":\"Borderline Agency\",\"@id\":\"https:\\\/\\\/www.article-marketing.eu\\\/comunicatistampa\\\/#\\\/schema\\\/person\\\/1c4ab1c7aad84347e26e78235da6ff1b\"},\"headline\":\"PMI Day 2024: Cielo e Terra apre le porte agli studenti di Montorso per educare alla cultura d\u2019impresa\",\"datePublished\":\"2025-02-08T18:01:50+00:00\",\"mainEntityOfPage\":{\"@id\":\"https:\\\/\\\/www.article-marketing.eu\\\/comunicatistampa\\\/pmi-day-2024-cielo-e-terra-apre-le-porte-agli-studenti-di-montorso-per-educare-alla-cultura-dimpresa\\\/\"},\"wordCount\":909,\"commentCount\":0,\"articleSection\":[\"Comunicati stampa\"],\"inLanguage\":\"it-IT\",\"potentialAction\":[{\"@type\":\"CommentAction\",\"name\":\"Comment\",\"target\":[\"https:\\\/\\\/www.article-marketing.eu\\\/comunicatistampa\\\/pmi-day-2024-cielo-e-terra-apre-le-porte-agli-studenti-di-montorso-per-educare-alla-cultura-dimpresa\\\/#respond\"]}]},{\"@type\":\"WebPage\",\"@id\":\"https:\\\/\\\/www.article-marketing.eu\\\/comunicatistampa\\\/pmi-day-2024-cielo-e-terra-apre-le-porte-agli-studenti-di-montorso-per-educare-alla-cultura-dimpresa\\\/\",\"url\":\"https:\\\/\\\/www.article-marketing.eu\\\/comunicatistampa\\\/pmi-day-2024-cielo-e-terra-apre-le-porte-agli-studenti-di-montorso-per-educare-alla-cultura-dimpresa\\\/\",\"name\":\"PMI Day 2024: Cielo e Terra apre le porte agli studenti di Montorso per educare alla cultura d\u2019impresa\",\"isPartOf\":{\"@id\":\"https:\\\/\\\/www.article-marketing.eu\\\/comunicatistampa\\\/#website\"},\"datePublished\":\"2025-02-08T18:01:50+00:00\",\"author\":{\"@id\":\"https:\\\/\\\/www.article-marketing.eu\\\/comunicatistampa\\\/#\\\/schema\\\/person\\\/1c4ab1c7aad84347e26e78235da6ff1b\"},\"breadcrumb\":{\"@id\":\"https:\\\/\\\/www.article-marketing.eu\\\/comunicatistampa\\\/pmi-day-2024-cielo-e-terra-apre-le-porte-agli-studenti-di-montorso-per-educare-alla-cultura-dimpresa\\\/#breadcrumb\"},\"inLanguage\":\"it-IT\",\"potentialAction\":[{\"@type\":\"ReadAction\",\"target\":[\"https:\\\/\\\/www.article-marketing.eu\\\/comunicatistampa\\\/pmi-day-2024-cielo-e-terra-apre-le-porte-agli-studenti-di-montorso-per-educare-alla-cultura-dimpresa\\\/\"]}]},{\"@type\":\"BreadcrumbList\",\"@id\":\"https:\\\/\\\/www.article-marketing.eu\\\/comunicatistampa\\\/pmi-day-2024-cielo-e-terra-apre-le-porte-agli-studenti-di-montorso-per-educare-alla-cultura-dimpresa\\\/#breadcrumb\",\"itemListElement\":[{\"@type\":\"ListItem\",\"position\":1,\"name\":\"Home\",\"item\":\"https:\\\/\\\/www.article-marketing.eu\\\/comunicatistampa\\\/\"},{\"@type\":\"ListItem\",\"position\":2,\"name\":\"PMI Day 2024: Cielo e Terra apre le porte agli studenti di Montorso per educare alla cultura d\u2019impresa\"}]},{\"@type\":\"WebSite\",\"@id\":\"https:\\\/\\\/www.article-marketing.eu\\\/comunicatistampa\\\/#website\",\"url\":\"https:\\\/\\\/www.article-marketing.eu\\\/comunicatistampa\\\/\",\"name\":\"Article Marketing\",\"description\":\"article marketing &amp; press release\",\"potentialAction\":[{\"@type\":\"SearchAction\",\"target\":{\"@type\":\"EntryPoint\",\"urlTemplate\":\"https:\\\/\\\/www.article-marketing.eu\\\/comunicatistampa\\\/?s={search_term_string}\"},\"query-input\":{\"@type\":\"PropertyValueSpecification\",\"valueRequired\":true,\"valueName\":\"search_term_string\"}}],\"inLanguage\":\"it-IT\"},{\"@type\":\"Person\",\"@id\":\"https:\\\/\\\/www.article-marketing.eu\\\/comunicatistampa\\\/#\\\/schema\\\/person\\\/1c4ab1c7aad84347e26e78235da6ff1b\",\"name\":\"Borderline Agency\",\"image\":{\"@type\":\"ImageObject\",\"inLanguage\":\"it-IT\",\"@id\":\"https:\\\/\\\/secure.gravatar.com\\\/avatar\\\/741fa053101610cb0be7dc835c116926549ae4ae2142ff35eac04d78fda61461?s=96&d=mm&r=g\",\"url\":\"https:\\\/\\\/secure.gravatar.com\\\/avatar\\\/741fa053101610cb0be7dc835c116926549ae4ae2142ff35eac04d78fda61461?s=96&d=mm&r=g\",\"contentUrl\":\"https:\\\/\\\/secure.gravatar.com\\\/avatar\\\/741fa053101610cb0be7dc835c116926549ae4ae2142ff35eac04d78fda61461?s=96&d=mm&r=g\",\"caption\":\"Borderline Agency\"},\"url\":\"https:\\\/\\\/www.article-marketing.eu\\\/comunicatistampa\\\/author\\\/borderline-agency\\\/\"}]}<\/script>\n<!-- \/ Yoast SEO plugin. -->","yoast_head_json":{"title":"PMI Day 2024: Cielo e Terra apre le porte agli studenti di Montorso per educare alla cultura d\u2019impresa","robots":{"index":"index","follow":"follow","max-snippet":"max-snippet:-1","max-image-preview":"max-image-preview:large","max-video-preview":"max-video-preview:-1"},"canonical":"https:\/\/www.article-marketing.eu\/comunicatistampa\/pmi-day-2024-cielo-e-terra-apre-le-porte-agli-studenti-di-montorso-per-educare-alla-cultura-dimpresa\/","og_locale":"it_IT","og_type":"article","og_title":"PMI Day 2024: Cielo e Terra apre le porte agli studenti di Montorso per educare alla cultura d\u2019impresa","og_description":"Un\u2019occasione preziosa per avvicinare i giovani al mondo dell\u2019impresa, facendoli riflettere sull\u2019importanza di conoscenze e competenze per costruire il proprio futuro professionale, vivendo un\u2019esperienza formativa per diventare protagonisti consapevoli e responsabili del mondo di domani. \u00a0 Il 22 novembre 2024, la cantina vicentina Cielo e Terra ospita gli studenti delle scuole medie di Montorso, partecipando all&#8217;iniziativa che fa parte del PMI Day. L&#8217;evento, giunto alla sua quindicesima edizione, \u00e8 dedicatoContinue reading...","og_url":"https:\/\/www.article-marketing.eu\/comunicatistampa\/pmi-day-2024-cielo-e-terra-apre-le-porte-agli-studenti-di-montorso-per-educare-alla-cultura-dimpresa\/","og_site_name":"Article Marketing","article_published_time":"2025-02-08T18:01:50+00:00","author":"Borderline Agency","twitter_card":"summary_large_image","twitter_misc":{"Scritto da":"Borderline Agency","Tempo di lettura stimato":"5 minuti"},"schema":{"@context":"https:\/\/schema.org","@graph":[{"@type":"Article","@id":"https:\/\/www.article-marketing.eu\/comunicatistampa\/pmi-day-2024-cielo-e-terra-apre-le-porte-agli-studenti-di-montorso-per-educare-alla-cultura-dimpresa\/#article","isPartOf":{"@id":"https:\/\/www.article-marketing.eu\/comunicatistampa\/pmi-day-2024-cielo-e-terra-apre-le-porte-agli-studenti-di-montorso-per-educare-alla-cultura-dimpresa\/"},"author":{"name":"Borderline Agency","@id":"https:\/\/www.article-marketing.eu\/comunicatistampa\/#\/schema\/person\/1c4ab1c7aad84347e26e78235da6ff1b"},"headline":"PMI Day 2024: Cielo e Terra apre le porte agli studenti di Montorso per educare alla cultura d\u2019impresa","datePublished":"2025-02-08T18:01:50+00:00","mainEntityOfPage":{"@id":"https:\/\/www.article-marketing.eu\/comunicatistampa\/pmi-day-2024-cielo-e-terra-apre-le-porte-agli-studenti-di-montorso-per-educare-alla-cultura-dimpresa\/"},"wordCount":909,"commentCount":0,"articleSection":["Comunicati stampa"],"inLanguage":"it-IT","potentialAction":[{"@type":"CommentAction","name":"Comment","target":["https:\/\/www.article-marketing.eu\/comunicatistampa\/pmi-day-2024-cielo-e-terra-apre-le-porte-agli-studenti-di-montorso-per-educare-alla-cultura-dimpresa\/#respond"]}]},{"@type":"WebPage","@id":"https:\/\/www.article-marketing.eu\/comunicatistampa\/pmi-day-2024-cielo-e-terra-apre-le-porte-agli-studenti-di-montorso-per-educare-alla-cultura-dimpresa\/","url":"https:\/\/www.article-marketing.eu\/comunicatistampa\/pmi-day-2024-cielo-e-terra-apre-le-porte-agli-studenti-di-montorso-per-educare-alla-cultura-dimpresa\/","name":"PMI Day 2024: Cielo e Terra apre le porte agli studenti di Montorso per educare alla cultura d\u2019impresa","isPartOf":{"@id":"https:\/\/www.article-marketing.eu\/comunicatistampa\/#website"},"datePublished":"2025-02-08T18:01:50+00:00","author":{"@id":"https:\/\/www.article-marketing.eu\/comunicatistampa\/#\/schema\/person\/1c4ab1c7aad84347e26e78235da6ff1b"},"breadcrumb":{"@id":"https:\/\/www.article-marketing.eu\/comunicatistampa\/pmi-day-2024-cielo-e-terra-apre-le-porte-agli-studenti-di-montorso-per-educare-alla-cultura-dimpresa\/#breadcrumb"},"inLanguage":"it-IT","potentialAction":[{"@type":"ReadAction","target":["https:\/\/www.article-marketing.eu\/comunicatistampa\/pmi-day-2024-cielo-e-terra-apre-le-porte-agli-studenti-di-montorso-per-educare-alla-cultura-dimpresa\/"]}]},{"@type":"BreadcrumbList","@id":"https:\/\/www.article-marketing.eu\/comunicatistampa\/pmi-day-2024-cielo-e-terra-apre-le-porte-agli-studenti-di-montorso-per-educare-alla-cultura-dimpresa\/#breadcrumb","itemListElement":[{"@type":"ListItem","position":1,"name":"Home","item":"https:\/\/www.article-marketing.eu\/comunicatistampa\/"},{"@type":"ListItem","position":2,"name":"PMI Day 2024: Cielo e Terra apre le porte agli studenti di Montorso per educare alla cultura d\u2019impresa"}]},{"@type":"WebSite","@id":"https:\/\/www.article-marketing.eu\/comunicatistampa\/#website","url":"https:\/\/www.article-marketing.eu\/comunicatistampa\/","name":"Article Marketing","description":"article marketing &amp; press release","potentialAction":[{"@type":"SearchAction","target":{"@type":"EntryPoint","urlTemplate":"https:\/\/www.article-marketing.eu\/comunicatistampa\/?s={search_term_string}"},"query-input":{"@type":"PropertyValueSpecification","valueRequired":true,"valueName":"search_term_string"}}],"inLanguage":"it-IT"},{"@type":"Person","@id":"https:\/\/www.article-marketing.eu\/comunicatistampa\/#\/schema\/person\/1c4ab1c7aad84347e26e78235da6ff1b","name":"Borderline Agency","image":{"@type":"ImageObject","inLanguage":"it-IT","@id":"https:\/\/secure.gravatar.com\/avatar\/741fa053101610cb0be7dc835c116926549ae4ae2142ff35eac04d78fda61461?s=96&d=mm&r=g","url":"https:\/\/secure.gravatar.com\/avatar\/741fa053101610cb0be7dc835c116926549ae4ae2142ff35eac04d78fda61461?s=96&d=mm&r=g","contentUrl":"https:\/\/secure.gravatar.com\/avatar\/741fa053101610cb0be7dc835c116926549ae4ae2142ff35eac04d78fda61461?s=96&d=mm&r=g","caption":"Borderline Agency"},"url":"https:\/\/www.article-marketing.eu\/comunicatistampa\/author\/borderline-agency\/"}]}},"_links":{"self":[{"href":"https:\/\/www.article-marketing.eu\/comunicatistampa\/wp-json\/wp\/v2\/posts\/31813","targetHints":{"allow":["GET"]}}],"collection":[{"href":"https:\/\/www.article-marketing.eu\/comunicatistampa\/wp-json\/wp\/v2\/posts"}],"about":[{"href":"https:\/\/www.article-marketing.eu\/comunicatistampa\/wp-json\/wp\/v2\/types\/post"}],"author":[{"embeddable":true,"href":"https:\/\/www.article-marketing.eu\/comunicatistampa\/wp-json\/wp\/v2\/users\/397"}],"replies":[{"embeddable":true,"href":"https:\/\/www.article-marketing.eu\/comunicatistampa\/wp-json\/wp\/v2\/comments?post=31813"}],"version-history":[{"count":2,"href":"https:\/\/www.article-marketing.eu\/comunicatistampa\/wp-json\/wp\/v2\/posts\/31813\/revisions"}],"predecessor-version":[{"id":32212,"href":"https:\/\/www.article-marketing.eu\/comunicatistampa\/wp-json\/wp\/v2\/posts\/31813\/revisions\/32212"}],"wp:attachment":[{"href":"https:\/\/www.article-marketing.eu\/comunicatistampa\/wp-json\/wp\/v2\/media?parent=31813"}],"wp:term":[{"taxonomy":"category","embeddable":true,"href":"https:\/\/www.article-marketing.eu\/comunicatistampa\/wp-json\/wp\/v2\/categories?post=31813"},{"taxonomy":"post_tag","embeddable":true,"href":"https:\/\/www.article-marketing.eu\/comunicatistampa\/wp-json\/wp\/v2\/tags?post=31813"}],"curies":[{"name":"wp","href":"https:\/\/api.w.org\/{rel}","templated":true}]}}