{"id":31819,"date":"2025-02-08T19:02:24","date_gmt":"2025-02-08T18:02:24","guid":{"rendered":"https:\/\/www.article-marketing.eu\/comunicatistampa\/?p=31819"},"modified":"2025-02-08T19:02:24","modified_gmt":"2025-02-08T18:02:24","slug":"affitti-brevi-solo-1-proprietario-su-5-pronto-alle-nuove-norme-230-000-non-sanno-nemmeno-dellobbligo-del-cin","status":"publish","type":"post","link":"https:\/\/www.article-marketing.eu\/comunicatistampa\/affitti-brevi-solo-1-proprietario-su-5-pronto-alle-nuove-norme-230-000-non-sanno-nemmeno-dellobbligo-del-cin\/","title":{"rendered":"Affitti brevi: solo 1 proprietario su 5 pronto alle nuove norme. 230.000 non sanno nemmeno dell\u2019obbligo del CIN"},"content":{"rendered":"<p>Dal 1\u00b0 gennaio 2025 gli immobili destinati all\u2019<strong>affitto a breve termine<\/strong> dovranno obbligatoriamente esporre il cosiddetto <strong>CIN<\/strong> o <strong>Codice Identificativo Nazionale<\/strong><em>, <\/em>ma i proprietari sono pronti? Solo in parte, tanto \u00e8 vero che, secondo l\u2019indagine commissionata da <strong>Facile.it<\/strong> a <em>mUp Research<\/em> e <em>Norstat<\/em><em>*<\/em>, ben il <strong>33% <\/strong>degli intervistati ha detto di <strong>non essere a conoscenza di quest\u2019obbligo<\/strong>, dato corrispondente a quasi 230.000 proprietari.<\/p>\n<p><strong>Identikit dei proprietari<\/strong><\/p>\n<p>Contrariamente a quello che molti pensano, il <strong>62%<\/strong> di chi ha un immobile in affitto a breve termine, pari a circa 430.000 individui, lo fa <strong>come ulteriore fonte di reddito<\/strong> rispetto a quella principale e <strong>non come attivit\u00e0 professionale<\/strong>.<\/p>\n<p>Il discorso cambia se si segmenta il campione per fasce anagrafiche; guardando ai rispondenti con et\u00e0 compresa fra i <strong>25 ed i 34 anni<\/strong>, questa \u00e8 <strong>attivit\u00e0 professionale per il 61,3%<\/strong> degli intervistati che, cos\u00ec, si sono <strong>creati un lavoro<\/strong>.<\/p>\n<p>Riguardo al motivo per cui i proprietari di immobili hanno scelto di affittare a breve termine invece che in altre modalit\u00e0, il <strong>39,8%<\/strong> dichiara di averlo fatto per <strong>garantirsi maggiori guadagni<\/strong>, il <strong>35,7%<\/strong> per <strong>tutelarsi dai rischi di inquilini morosi<\/strong>, il 28,3% per poter disporre con pi\u00f9 libert\u00e0 dell\u2019immobile in caso di necessit\u00e0 e il 13,7%, vale a dire quasi 100.000 individui, per via di brutte esperienze precedenti con affitti a lungo termine.<\/p>\n<p><strong>Quanti si adegueranno, quanti lo hanno gi\u00e0 fatto\u2026 e quanti non lo faranno<\/strong><\/p>\n<p>La legge sarebbe dovuta entrare in vigore ad inizio novembre e solo pochi giorni prima di quella data \u00e8 arrivato il rinvio al primo gennaio. A conferma che la situazione sia delicata un altro dato emerso dall\u2019indagine: il <strong>44%<\/strong> dei proprietari che dovranno esporre il CIN <strong>non ha ancora fatto richiesta per ottenerlo<\/strong>, mentre il <strong>33%<\/strong> ha presentato domanda ma <strong>non lo ha ancora ricevuto<\/strong>; dati alla mano, quindi, solo <strong>1 proprietario su 5<\/strong> \u00e8 pronto alla nuova norma.<\/p>\n<p>Guardando pi\u00f9 da vicino chi non ha ancora richiesto il CIN, emerge che il <strong>30%<\/strong> dei rispondenti ha dichiarato di <strong>avere intenzione di farlo a breve<\/strong>, mentre il <strong>38%<\/strong> ha detto di volersi prima informare a riguardo e solo dopo prender\u00e0 una decisione in merito a ci\u00f2 che far\u00e0 dell\u2019attivit\u00e0. Addirittura, il 9,3% dei proprietari, vale a dire circa 30.000 persone, ha detto che <strong>smetter\u00e0 l\u2019attivit\u00e0<\/strong> perch\u00e9 \u201c<em>sta diventando troppo complicata<\/em>\u201d, percentuale che arriva a sfiorare il <strong>14%<\/strong> tra i proprietari residenti al <strong>Sud e nelle Isole<\/strong>.<\/p>\n<p>Il <strong>6%<\/strong> del campione intervistato, dato corrispondete a 18.000 individui, invece, <strong>non ha intenzione di richiedere il codice<\/strong>, ma continuer\u00e0 comunque ad operare pur non rispettando la legge.<\/p>\n<p>Il CIN non \u00e8 l\u2019unica novit\u00e0 introdotta dalla norma, che prevede anche l\u2019installazione all\u2019interno delle abitazioni concesse in affitto breve di alcuni <strong>dispositivi per la sicurezza degli ospiti<\/strong>; da questo punto di vista i proprietari sembrano essersi attivati con maggiore celerit\u00e0. Per i <strong>rilevatori di fumo<\/strong>, ad esempio, il 63% del campione ha detto di averli gi\u00e0 installati, ed anche per quanto riguarda gli <strong>estintori<\/strong> quasi 2 proprietari su 3 si sono messi in regola. Si ferma al 49%, invece, la percentuale di chi ha installato il <strong>rilevatore di monossido di carbonio<\/strong>.<\/p>\n<p><strong>Polizze casa<\/strong><\/p>\n<p>Seppur non obbligatoria, se non in alcune regioni, il <strong>65% <\/strong>dei proprietari ha dichiarato di aver <strong>sottoscritto una <a href=\"https:\/\/www.facile.it\/assicurazioni-casa.html\">polizza casa<\/a><\/strong> per tutelarsi da eventuali danni agli ospiti durante il soggiorno; il 68%, invece, ha un\u2019assicurazione che tutela l\u2019immobile stesso da eventuali danni arrecati dagli affittuari.<\/p>\n<p>Il mercato assicurativo offre diverse polizze destinate ai proprietari di immobili che vogliono intraprendere la strada dell\u2019affitto a breve termine. Si tratta di prodotti che, secondo l\u2019analisi** di Facile.it, hanno prezzi che partono <strong>da circa 150 euro l\u2019anno<\/strong>, con premi che possono superare i 300 euro a seconda delle garanzie scelte.<\/p>\n<p>Le coperture offerte variano da compagnia a compagnia; alcune, ad esempio, tutelano il proprietario solo in caso di danni o infortuni agli ospiti durante il soggiorno, altre invece, intervengono in presenza di danni arrecati all\u2019immobile dagli affittuari, anche in presenza di <strong>atti vandalici<\/strong> o <strong>furti<\/strong>. Sono normalmente esclusi i danni derivanti dall\u2019usura naturale dell\u2019immobile, cos\u00ec come problemi derivanti da mancata manutenzione.<\/p>\n<p><em>\u00abIl consiglio quando si \u00e8 alle prese con la scelta di una polizza casa \u00e8 di verificare con attenzione i fascicoli informativi per identificare la soluzione pi\u00f9 adatta alle proprie esigenze\u00bb<\/em>, spiega <strong>Andrea Ghizzoni<\/strong>, <strong>Managing Director assicurazioni di Facile.it<\/strong>. \u00ab<em>Ad esempio, \u00e8 importante non limitarsi alla polizze proposte da alcune piattaforme <\/em><em>per gli affitti brevi; queste coperture sono spesso limitate e, naturalmente, sono valide solo per le prenotazioni effettuate tramite la piattaforma stessa, lasciando cos\u00ec il proprietario scoperto nel caso operi attraverso altri canali<\/em><em>\u00bb.<\/em><\/p>\n<p>&nbsp;<\/p>\n<p><em>* Indagine commissionata da Facile.it a mUp Research &#8211; svolta tra il 23 ed il 25 ottobre 2024 attraverso la somministrazione di n.605 interviste CAWI ad un campione di individui che pratichino la locazione in affitto breve per i propri immobili.<\/em><\/p>\n<p><em>** Simulazione effettuata in data 18\/11\/2024 per un immobile di 100mq situato a Milano.<\/em><\/p>\n","protected":false},"excerpt":{"rendered":"<p>Dal 1\u00b0 gennaio 2025 gli immobili destinati all\u2019affitto a breve termine dovranno obbligatoriamente esporre il cosiddetto CIN o Codice Identificativo Nazionale, ma i proprietari sono pronti? Solo in parte, tanto \u00e8 vero che, secondo l\u2019indagine commissionata da Facile.it a mUp Research e Norstat*, ben il 33% degli intervistati ha detto di non essere a conoscenza di quest\u2019obbligo, dato corrispondente a quasi 230.000 proprietari. Identikit dei proprietari Contrariamente a quello che<\/p>\n<p><a class=\"continue-reading\" href=\"https:\/\/www.article-marketing.eu\/comunicatistampa\/affitti-brevi-solo-1-proprietario-su-5-pronto-alle-nuove-norme-230-000-non-sanno-nemmeno-dellobbligo-del-cin\/\">Continue reading&#8230;<\/a><\/p>\n","protected":false},"author":62,"featured_media":0,"comment_status":"open","ping_status":"open","sticky":false,"template":"","format":"standard","meta":{"_monsterinsights_skip_tracking":false,"_monsterinsights_sitenote_active":false,"_monsterinsights_sitenote_note":"","_monsterinsights_sitenote_category":0,"footnotes":""},"categories":[386],"tags":[11282,11283,11284,555],"class_list":["post-31819","post","type-post","status-publish","format-standard","hentry","category-economia-e-lavoro","tag-affitti-brevi","tag-cin","tag-codice-identificativo-nazionale","tag-facile-it"],"yoast_head":"<!-- This site is optimized with the Yoast SEO plugin v27.3 - https:\/\/yoast.com\/product\/yoast-seo-wordpress\/ -->\n<title>Affitti brevi: solo 1 proprietario su 5 pronto alle nuove norme. 230.000 non sanno nemmeno dell\u2019obbligo del CIN<\/title>\n<meta name=\"robots\" content=\"index, follow, max-snippet:-1, max-image-preview:large, max-video-preview:-1\" \/>\n<link rel=\"canonical\" href=\"https:\/\/www.article-marketing.eu\/comunicatistampa\/affitti-brevi-solo-1-proprietario-su-5-pronto-alle-nuove-norme-230-000-non-sanno-nemmeno-dellobbligo-del-cin\/\" \/>\n<meta property=\"og:locale\" content=\"it_IT\" \/>\n<meta property=\"og:type\" content=\"article\" \/>\n<meta property=\"og:title\" content=\"Affitti brevi: solo 1 proprietario su 5 pronto alle nuove norme. 230.000 non sanno nemmeno dell\u2019obbligo del CIN\" \/>\n<meta property=\"og:description\" content=\"Dal 1\u00b0 gennaio 2025 gli immobili destinati all\u2019affitto a breve termine dovranno obbligatoriamente esporre il cosiddetto CIN o Codice Identificativo Nazionale, ma i proprietari sono pronti? Solo in parte, tanto \u00e8 vero che, secondo l\u2019indagine commissionata da Facile.it a mUp Research e Norstat*, ben il 33% degli intervistati ha detto di non essere a conoscenza di quest\u2019obbligo, dato corrispondente a quasi 230.000 proprietari. Identikit dei proprietari Contrariamente a quello cheContinue reading...\" \/>\n<meta property=\"og:url\" content=\"https:\/\/www.article-marketing.eu\/comunicatistampa\/affitti-brevi-solo-1-proprietario-su-5-pronto-alle-nuove-norme-230-000-non-sanno-nemmeno-dellobbligo-del-cin\/\" \/>\n<meta property=\"og:site_name\" content=\"Article Marketing\" \/>\n<meta property=\"article:published_time\" content=\"2025-02-08T18:02:24+00:00\" \/>\n<meta name=\"author\" content=\"Facile.it\" \/>\n<meta name=\"twitter:card\" content=\"summary_large_image\" \/>\n<meta name=\"twitter:label1\" content=\"Scritto da\" \/>\n\t<meta name=\"twitter:data1\" content=\"Facile.it\" \/>\n\t<meta name=\"twitter:label2\" content=\"Tempo di lettura stimato\" \/>\n\t<meta name=\"twitter:data2\" content=\"5 minuti\" \/>\n<script type=\"application\/ld+json\" class=\"yoast-schema-graph\">{\"@context\":\"https:\\\/\\\/schema.org\",\"@graph\":[{\"@type\":\"Article\",\"@id\":\"https:\\\/\\\/www.article-marketing.eu\\\/comunicatistampa\\\/affitti-brevi-solo-1-proprietario-su-5-pronto-alle-nuove-norme-230-000-non-sanno-nemmeno-dellobbligo-del-cin\\\/#article\",\"isPartOf\":{\"@id\":\"https:\\\/\\\/www.article-marketing.eu\\\/comunicatistampa\\\/affitti-brevi-solo-1-proprietario-su-5-pronto-alle-nuove-norme-230-000-non-sanno-nemmeno-dellobbligo-del-cin\\\/\"},\"author\":{\"name\":\"Facile.it\",\"@id\":\"https:\\\/\\\/www.article-marketing.eu\\\/comunicatistampa\\\/#\\\/schema\\\/person\\\/1deca6d9e0cf173abfe76a90ef261a2a\"},\"headline\":\"Affitti brevi: solo 1 proprietario su 5 pronto alle nuove norme. 230.000 non sanno nemmeno dell\u2019obbligo del CIN\",\"datePublished\":\"2025-02-08T18:02:24+00:00\",\"mainEntityOfPage\":{\"@id\":\"https:\\\/\\\/www.article-marketing.eu\\\/comunicatistampa\\\/affitti-brevi-solo-1-proprietario-su-5-pronto-alle-nuove-norme-230-000-non-sanno-nemmeno-dellobbligo-del-cin\\\/\"},\"wordCount\":807,\"commentCount\":0,\"keywords\":[\"affitti brevi\",\"CIN\",\"Codice Identificativo Nazionale\",\"facile.it\"],\"articleSection\":[\"Economia e lavoro\"],\"inLanguage\":\"it-IT\",\"potentialAction\":[{\"@type\":\"CommentAction\",\"name\":\"Comment\",\"target\":[\"https:\\\/\\\/www.article-marketing.eu\\\/comunicatistampa\\\/affitti-brevi-solo-1-proprietario-su-5-pronto-alle-nuove-norme-230-000-non-sanno-nemmeno-dellobbligo-del-cin\\\/#respond\"]}]},{\"@type\":\"WebPage\",\"@id\":\"https:\\\/\\\/www.article-marketing.eu\\\/comunicatistampa\\\/affitti-brevi-solo-1-proprietario-su-5-pronto-alle-nuove-norme-230-000-non-sanno-nemmeno-dellobbligo-del-cin\\\/\",\"url\":\"https:\\\/\\\/www.article-marketing.eu\\\/comunicatistampa\\\/affitti-brevi-solo-1-proprietario-su-5-pronto-alle-nuove-norme-230-000-non-sanno-nemmeno-dellobbligo-del-cin\\\/\",\"name\":\"Affitti brevi: solo 1 proprietario su 5 pronto alle nuove norme. 230.000 non sanno nemmeno dell\u2019obbligo del CIN\",\"isPartOf\":{\"@id\":\"https:\\\/\\\/www.article-marketing.eu\\\/comunicatistampa\\\/#website\"},\"datePublished\":\"2025-02-08T18:02:24+00:00\",\"author\":{\"@id\":\"https:\\\/\\\/www.article-marketing.eu\\\/comunicatistampa\\\/#\\\/schema\\\/person\\\/1deca6d9e0cf173abfe76a90ef261a2a\"},\"breadcrumb\":{\"@id\":\"https:\\\/\\\/www.article-marketing.eu\\\/comunicatistampa\\\/affitti-brevi-solo-1-proprietario-su-5-pronto-alle-nuove-norme-230-000-non-sanno-nemmeno-dellobbligo-del-cin\\\/#breadcrumb\"},\"inLanguage\":\"it-IT\",\"potentialAction\":[{\"@type\":\"ReadAction\",\"target\":[\"https:\\\/\\\/www.article-marketing.eu\\\/comunicatistampa\\\/affitti-brevi-solo-1-proprietario-su-5-pronto-alle-nuove-norme-230-000-non-sanno-nemmeno-dellobbligo-del-cin\\\/\"]}]},{\"@type\":\"BreadcrumbList\",\"@id\":\"https:\\\/\\\/www.article-marketing.eu\\\/comunicatistampa\\\/affitti-brevi-solo-1-proprietario-su-5-pronto-alle-nuove-norme-230-000-non-sanno-nemmeno-dellobbligo-del-cin\\\/#breadcrumb\",\"itemListElement\":[{\"@type\":\"ListItem\",\"position\":1,\"name\":\"Home\",\"item\":\"https:\\\/\\\/www.article-marketing.eu\\\/comunicatistampa\\\/\"},{\"@type\":\"ListItem\",\"position\":2,\"name\":\"Affitti brevi: solo 1 proprietario su 5 pronto alle nuove norme. 230.000 non sanno nemmeno dell\u2019obbligo del CIN\"}]},{\"@type\":\"WebSite\",\"@id\":\"https:\\\/\\\/www.article-marketing.eu\\\/comunicatistampa\\\/#website\",\"url\":\"https:\\\/\\\/www.article-marketing.eu\\\/comunicatistampa\\\/\",\"name\":\"Article Marketing\",\"description\":\"article marketing &amp; press release\",\"potentialAction\":[{\"@type\":\"SearchAction\",\"target\":{\"@type\":\"EntryPoint\",\"urlTemplate\":\"https:\\\/\\\/www.article-marketing.eu\\\/comunicatistampa\\\/?s={search_term_string}\"},\"query-input\":{\"@type\":\"PropertyValueSpecification\",\"valueRequired\":true,\"valueName\":\"search_term_string\"}}],\"inLanguage\":\"it-IT\"},{\"@type\":\"Person\",\"@id\":\"https:\\\/\\\/www.article-marketing.eu\\\/comunicatistampa\\\/#\\\/schema\\\/person\\\/1deca6d9e0cf173abfe76a90ef261a2a\",\"name\":\"Facile.it\",\"image\":{\"@type\":\"ImageObject\",\"inLanguage\":\"it-IT\",\"@id\":\"https:\\\/\\\/secure.gravatar.com\\\/avatar\\\/2623775dfcd174bde1a788a4bc028e9035747fa40886953f4954f56c45cf4b34?s=96&d=mm&r=g\",\"url\":\"https:\\\/\\\/secure.gravatar.com\\\/avatar\\\/2623775dfcd174bde1a788a4bc028e9035747fa40886953f4954f56c45cf4b34?s=96&d=mm&r=g\",\"contentUrl\":\"https:\\\/\\\/secure.gravatar.com\\\/avatar\\\/2623775dfcd174bde1a788a4bc028e9035747fa40886953f4954f56c45cf4b34?s=96&d=mm&r=g\",\"caption\":\"Facile.it\"},\"url\":\"https:\\\/\\\/www.article-marketing.eu\\\/comunicatistampa\\\/author\\\/facile-it\\\/\"}]}<\/script>\n<!-- \/ Yoast SEO plugin. -->","yoast_head_json":{"title":"Affitti brevi: solo 1 proprietario su 5 pronto alle nuove norme. 230.000 non sanno nemmeno dell\u2019obbligo del CIN","robots":{"index":"index","follow":"follow","max-snippet":"max-snippet:-1","max-image-preview":"max-image-preview:large","max-video-preview":"max-video-preview:-1"},"canonical":"https:\/\/www.article-marketing.eu\/comunicatistampa\/affitti-brevi-solo-1-proprietario-su-5-pronto-alle-nuove-norme-230-000-non-sanno-nemmeno-dellobbligo-del-cin\/","og_locale":"it_IT","og_type":"article","og_title":"Affitti brevi: solo 1 proprietario su 5 pronto alle nuove norme. 230.000 non sanno nemmeno dell\u2019obbligo del CIN","og_description":"Dal 1\u00b0 gennaio 2025 gli immobili destinati all\u2019affitto a breve termine dovranno obbligatoriamente esporre il cosiddetto CIN o Codice Identificativo Nazionale, ma i proprietari sono pronti? Solo in parte, tanto \u00e8 vero che, secondo l\u2019indagine commissionata da Facile.it a mUp Research e Norstat*, ben il 33% degli intervistati ha detto di non essere a conoscenza di quest\u2019obbligo, dato corrispondente a quasi 230.000 proprietari. Identikit dei proprietari Contrariamente a quello cheContinue reading...","og_url":"https:\/\/www.article-marketing.eu\/comunicatistampa\/affitti-brevi-solo-1-proprietario-su-5-pronto-alle-nuove-norme-230-000-non-sanno-nemmeno-dellobbligo-del-cin\/","og_site_name":"Article Marketing","article_published_time":"2025-02-08T18:02:24+00:00","author":"Facile.it","twitter_card":"summary_large_image","twitter_misc":{"Scritto da":"Facile.it","Tempo di lettura stimato":"5 minuti"},"schema":{"@context":"https:\/\/schema.org","@graph":[{"@type":"Article","@id":"https:\/\/www.article-marketing.eu\/comunicatistampa\/affitti-brevi-solo-1-proprietario-su-5-pronto-alle-nuove-norme-230-000-non-sanno-nemmeno-dellobbligo-del-cin\/#article","isPartOf":{"@id":"https:\/\/www.article-marketing.eu\/comunicatistampa\/affitti-brevi-solo-1-proprietario-su-5-pronto-alle-nuove-norme-230-000-non-sanno-nemmeno-dellobbligo-del-cin\/"},"author":{"name":"Facile.it","@id":"https:\/\/www.article-marketing.eu\/comunicatistampa\/#\/schema\/person\/1deca6d9e0cf173abfe76a90ef261a2a"},"headline":"Affitti brevi: solo 1 proprietario su 5 pronto alle nuove norme. 230.000 non sanno nemmeno dell\u2019obbligo del CIN","datePublished":"2025-02-08T18:02:24+00:00","mainEntityOfPage":{"@id":"https:\/\/www.article-marketing.eu\/comunicatistampa\/affitti-brevi-solo-1-proprietario-su-5-pronto-alle-nuove-norme-230-000-non-sanno-nemmeno-dellobbligo-del-cin\/"},"wordCount":807,"commentCount":0,"keywords":["affitti brevi","CIN","Codice Identificativo Nazionale","facile.it"],"articleSection":["Economia e lavoro"],"inLanguage":"it-IT","potentialAction":[{"@type":"CommentAction","name":"Comment","target":["https:\/\/www.article-marketing.eu\/comunicatistampa\/affitti-brevi-solo-1-proprietario-su-5-pronto-alle-nuove-norme-230-000-non-sanno-nemmeno-dellobbligo-del-cin\/#respond"]}]},{"@type":"WebPage","@id":"https:\/\/www.article-marketing.eu\/comunicatistampa\/affitti-brevi-solo-1-proprietario-su-5-pronto-alle-nuove-norme-230-000-non-sanno-nemmeno-dellobbligo-del-cin\/","url":"https:\/\/www.article-marketing.eu\/comunicatistampa\/affitti-brevi-solo-1-proprietario-su-5-pronto-alle-nuove-norme-230-000-non-sanno-nemmeno-dellobbligo-del-cin\/","name":"Affitti brevi: solo 1 proprietario su 5 pronto alle nuove norme. 230.000 non sanno nemmeno dell\u2019obbligo del CIN","isPartOf":{"@id":"https:\/\/www.article-marketing.eu\/comunicatistampa\/#website"},"datePublished":"2025-02-08T18:02:24+00:00","author":{"@id":"https:\/\/www.article-marketing.eu\/comunicatistampa\/#\/schema\/person\/1deca6d9e0cf173abfe76a90ef261a2a"},"breadcrumb":{"@id":"https:\/\/www.article-marketing.eu\/comunicatistampa\/affitti-brevi-solo-1-proprietario-su-5-pronto-alle-nuove-norme-230-000-non-sanno-nemmeno-dellobbligo-del-cin\/#breadcrumb"},"inLanguage":"it-IT","potentialAction":[{"@type":"ReadAction","target":["https:\/\/www.article-marketing.eu\/comunicatistampa\/affitti-brevi-solo-1-proprietario-su-5-pronto-alle-nuove-norme-230-000-non-sanno-nemmeno-dellobbligo-del-cin\/"]}]},{"@type":"BreadcrumbList","@id":"https:\/\/www.article-marketing.eu\/comunicatistampa\/affitti-brevi-solo-1-proprietario-su-5-pronto-alle-nuove-norme-230-000-non-sanno-nemmeno-dellobbligo-del-cin\/#breadcrumb","itemListElement":[{"@type":"ListItem","position":1,"name":"Home","item":"https:\/\/www.article-marketing.eu\/comunicatistampa\/"},{"@type":"ListItem","position":2,"name":"Affitti brevi: solo 1 proprietario su 5 pronto alle nuove norme. 230.000 non sanno nemmeno dell\u2019obbligo del CIN"}]},{"@type":"WebSite","@id":"https:\/\/www.article-marketing.eu\/comunicatistampa\/#website","url":"https:\/\/www.article-marketing.eu\/comunicatistampa\/","name":"Article Marketing","description":"article marketing &amp; press release","potentialAction":[{"@type":"SearchAction","target":{"@type":"EntryPoint","urlTemplate":"https:\/\/www.article-marketing.eu\/comunicatistampa\/?s={search_term_string}"},"query-input":{"@type":"PropertyValueSpecification","valueRequired":true,"valueName":"search_term_string"}}],"inLanguage":"it-IT"},{"@type":"Person","@id":"https:\/\/www.article-marketing.eu\/comunicatistampa\/#\/schema\/person\/1deca6d9e0cf173abfe76a90ef261a2a","name":"Facile.it","image":{"@type":"ImageObject","inLanguage":"it-IT","@id":"https:\/\/secure.gravatar.com\/avatar\/2623775dfcd174bde1a788a4bc028e9035747fa40886953f4954f56c45cf4b34?s=96&d=mm&r=g","url":"https:\/\/secure.gravatar.com\/avatar\/2623775dfcd174bde1a788a4bc028e9035747fa40886953f4954f56c45cf4b34?s=96&d=mm&r=g","contentUrl":"https:\/\/secure.gravatar.com\/avatar\/2623775dfcd174bde1a788a4bc028e9035747fa40886953f4954f56c45cf4b34?s=96&d=mm&r=g","caption":"Facile.it"},"url":"https:\/\/www.article-marketing.eu\/comunicatistampa\/author\/facile-it\/"}]}},"_links":{"self":[{"href":"https:\/\/www.article-marketing.eu\/comunicatistampa\/wp-json\/wp\/v2\/posts\/31819","targetHints":{"allow":["GET"]}}],"collection":[{"href":"https:\/\/www.article-marketing.eu\/comunicatistampa\/wp-json\/wp\/v2\/posts"}],"about":[{"href":"https:\/\/www.article-marketing.eu\/comunicatistampa\/wp-json\/wp\/v2\/types\/post"}],"author":[{"embeddable":true,"href":"https:\/\/www.article-marketing.eu\/comunicatistampa\/wp-json\/wp\/v2\/users\/62"}],"replies":[{"embeddable":true,"href":"https:\/\/www.article-marketing.eu\/comunicatistampa\/wp-json\/wp\/v2\/comments?post=31819"}],"version-history":[{"count":2,"href":"https:\/\/www.article-marketing.eu\/comunicatistampa\/wp-json\/wp\/v2\/posts\/31819\/revisions"}],"predecessor-version":[{"id":32215,"href":"https:\/\/www.article-marketing.eu\/comunicatistampa\/wp-json\/wp\/v2\/posts\/31819\/revisions\/32215"}],"wp:attachment":[{"href":"https:\/\/www.article-marketing.eu\/comunicatistampa\/wp-json\/wp\/v2\/media?parent=31819"}],"wp:term":[{"taxonomy":"category","embeddable":true,"href":"https:\/\/www.article-marketing.eu\/comunicatistampa\/wp-json\/wp\/v2\/categories?post=31819"},{"taxonomy":"post_tag","embeddable":true,"href":"https:\/\/www.article-marketing.eu\/comunicatistampa\/wp-json\/wp\/v2\/tags?post=31819"}],"curies":[{"name":"wp","href":"https:\/\/api.w.org\/{rel}","templated":true}]}}