{"id":31930,"date":"2025-03-08T13:41:46","date_gmt":"2025-03-08T12:41:46","guid":{"rendered":"https:\/\/www.article-marketing.eu\/comunicatistampa\/?p=31930"},"modified":"2025-03-08T13:41:46","modified_gmt":"2025-03-08T12:41:46","slug":"diana-bracco-una-vita-tra-impresa-cultura-e-supporto-alle-nuove-generazioni","status":"publish","type":"post","link":"https:\/\/www.article-marketing.eu\/comunicatistampa\/diana-bracco-una-vita-tra-impresa-cultura-e-supporto-alle-nuove-generazioni\/","title":{"rendered":"Diana Bracco: una vita tra impresa, cultura e supporto alle nuove generazioni"},"content":{"rendered":"<p><em><strong><a title=\"Chi \u00e8 Diana Bracco\" href=\"https:\/\/www.enciclopediadelledonne.it\/edd.nsf\/biografie\/diana-bracco-de-silva\">Diana Bracco<\/a> \u00e8 Presidente e AD del Gruppo Bracco. Guida l\u2019azienda di famiglia dopo una lunga gavetta. In parallelo, coltiva le sue passioni tra libri, opera lirica e pittura, sostenendo i giovani con borse di studio e promuovendo le donne nel mondo del lavoro.<\/strong><\/em><\/p>\n<p><a title=\"Approfondimento sulla vita di Diana Bracco\" href=\"https:\/\/www.enciclopediadelledonne.it\/edd.nsf\/biografie\/diana-bracco-de-silva\"><img loading=\"lazy\" decoding=\"async\" src=\"https:\/\/www.enciclopediadelledonne.it\/edd.nsf\/0\/86864083831414BEC1258A050054AD51\/$file\/bracco-cani.jpg\" alt=\"Diana Bracco\" width=\"137\" height=\"150\" \/><\/a><\/p>\n<h2>Diana Bracco: la carriera nell\u2019azienda di famiglia<\/h2>\n<p><strong>Diana Bracco<\/strong>, classe 1941, \u00e8 Presidente e AD del Gruppo Bracco. Si \u00e8 laureata in Chimica, mettendo da parte il suo desiderio di studiare medicina<em>: \u201cChimica si rivel\u00f2 una materia complessa che mi appassion\u00f2 profondamente. A distanza di tanti anni, posso dire che quella decisione si \u00e8 rivelata felice per l\u2019importante supporto che mi ha dato lungo tutto il corso della mia carriera imprenditoriale\u201d. <\/em>Dopo anni di gavetta, nel 1977 \u00e8 diventata Direttore Generale del Gruppo chimico e farmaceutico. In seguito \u00e8 stata la prima donna ad essere eletta Presidente delle associazioni Federchimica e Assolombarda. Diana Bracco ha sempre coltivato le proprie passioni artistiche: libri, pittura, musica e opera lirica. \u00c8 stata infatti membro del CdA della Filarmonica della Scala di Milano e, dal 2012, fa parte del CdA dell&#8217;Accademia della Scala e del Museo Poldi Pezzoli. <em>\u201cMi sforzo sempre di trovare il tempo per visitare una mostra o andare ad un concerto alla Scala.<\/em><em> A<\/em><em>nche l&#8217;anima deve essere nutrita. Negli anni, Bracco ha sostenuto progetti molto belli come il restauro del grande organo storico del Duomo di Milano\u201d<\/em>.<\/p>\n<h2>Diana Bracco: l\u2019impegno verso i giovani e l\u2019inclusione<\/h2>\n<p><a title=\"Diana Bracco: la voce sull'Enciclopedia delle Donne\" href=\"https:\/\/www.enciclopediadelledonne.it\/edd.nsf\/biografie\/diana-bracco-de-silva\">Diana Bracco<\/a> si \u00e8 impegnata nel corso della sua carriera sia per riportare in Italia i cervelli andati all\u2019estero, sia per la diffusione della cultura scientifica: per questo ha creato il Premio Felder (lo scienziato Ernst Felder \u00e8 stato per anni capo della Ricerca di Bracco), una Borsa di studio da 1 milione di euro in cinque anni. In aggiunta, l\u2019AD e Presidente del Gruppo \u00e8 attiva nel combattere le discriminazioni di genere e promuovere le donne nel mondo del lavoro. <em>\u201cNon accettare mai il pregiudizio che vorrebbe le donne meno adatte alle professioni tecnico scientifiche. Pensiamo ai medici, in particolare ai chirurghi, professioni in cui le donne eccellono. Spesso bisogna convincere anche il paziente, non solo il primario. So \u2014 <\/em>ha specificato Diana Bracco<em> \u2014 perch\u00e9 ho provato di persona, che il ruolo della donna &#8216;in carriera&#8217; non \u00e8 semplice. Ma bisogna guardare sempre avanti\u201d. <\/em>In Bracco \u00e8 anche presente un osservatorio privilegiato in cui i giovani vengono selezionati in base al merito ed \u00e8 in partenza un progetto di integrazione e di lotta alla povert\u00e0 educativa.<\/p>\n","protected":false},"excerpt":{"rendered":"<p>Diana Bracco ha combinato chimica, cultura e impegno sociale, investendo in borse di studio e iniziative per giovani e donne, puntando su merito e inclusione.<\/p>\n","protected":false},"author":6477,"featured_media":0,"comment_status":"open","ping_status":"open","sticky":false,"template":"","format":"standard","meta":{"_monsterinsights_skip_tracking":false,"_monsterinsights_sitenote_active":false,"_monsterinsights_sitenote_note":"","_monsterinsights_sitenote_category":0,"footnotes":""},"categories":[78],"tags":[11089],"class_list":["post-31930","post","type-post","status-publish","format-standard","hentry","category-comunicati-stampa","tag-diana-bracco"],"yoast_head":"<!-- This site is optimized with the Yoast SEO plugin v27.3 - https:\/\/yoast.com\/product\/yoast-seo-wordpress\/ -->\n<title>Diana Bracco: una vita tra impresa, cultura e supporto alle nuove generazioni<\/title>\n<meta name=\"description\" content=\"Diana Bracco ha combinato chimica, cultura e impegno sociale, investendo in borse di studio e iniziative per giovani e donne, puntando su merito e inclusione.\" \/>\n<meta name=\"robots\" content=\"index, follow, max-snippet:-1, max-image-preview:large, max-video-preview:-1\" \/>\n<link rel=\"canonical\" href=\"https:\/\/www.article-marketing.eu\/comunicatistampa\/diana-bracco-una-vita-tra-impresa-cultura-e-supporto-alle-nuove-generazioni\/\" \/>\n<meta property=\"og:locale\" content=\"it_IT\" \/>\n<meta property=\"og:type\" content=\"article\" \/>\n<meta property=\"og:title\" content=\"Diana Bracco: una vita tra impresa, cultura e supporto alle nuove generazioni\" \/>\n<meta property=\"og:description\" content=\"Diana Bracco ha combinato chimica, cultura e impegno sociale, investendo in borse di studio e iniziative per giovani e donne, puntando su merito e inclusione.\" \/>\n<meta property=\"og:url\" content=\"https:\/\/www.article-marketing.eu\/comunicatistampa\/diana-bracco-una-vita-tra-impresa-cultura-e-supporto-alle-nuove-generazioni\/\" \/>\n<meta property=\"og:site_name\" content=\"Article Marketing\" \/>\n<meta property=\"article:published_time\" content=\"2025-03-08T12:41:46+00:00\" \/>\n<meta property=\"og:image\" content=\"https:\/\/www.enciclopediadelledonne.it\/edd.nsf\/0\/86864083831414BEC1258A050054AD51\/$file\/bracco-cani.jpg\" \/>\n<meta name=\"author\" content=\"articolinews\" \/>\n<meta name=\"twitter:card\" content=\"summary_large_image\" \/>\n<meta name=\"twitter:label1\" content=\"Scritto da\" \/>\n\t<meta name=\"twitter:data1\" content=\"articolinews\" \/>\n\t<meta name=\"twitter:label2\" content=\"Tempo di lettura stimato\" \/>\n\t<meta name=\"twitter:data2\" content=\"3 minuti\" \/>\n<script type=\"application\/ld+json\" class=\"yoast-schema-graph\">{\"@context\":\"https:\\\/\\\/schema.org\",\"@graph\":[{\"@type\":\"Article\",\"@id\":\"https:\\\/\\\/www.article-marketing.eu\\\/comunicatistampa\\\/diana-bracco-una-vita-tra-impresa-cultura-e-supporto-alle-nuove-generazioni\\\/#article\",\"isPartOf\":{\"@id\":\"https:\\\/\\\/www.article-marketing.eu\\\/comunicatistampa\\\/diana-bracco-una-vita-tra-impresa-cultura-e-supporto-alle-nuove-generazioni\\\/\"},\"author\":{\"name\":\"articolinews\",\"@id\":\"https:\\\/\\\/www.article-marketing.eu\\\/comunicatistampa\\\/#\\\/schema\\\/person\\\/2fcaf8f8f3a9eef9eb7f27532d3ca458\"},\"headline\":\"Diana Bracco: una vita tra impresa, cultura e supporto alle nuove generazioni\",\"datePublished\":\"2025-03-08T12:41:46+00:00\",\"mainEntityOfPage\":{\"@id\":\"https:\\\/\\\/www.article-marketing.eu\\\/comunicatistampa\\\/diana-bracco-una-vita-tra-impresa-cultura-e-supporto-alle-nuove-generazioni\\\/\"},\"wordCount\":417,\"commentCount\":0,\"image\":{\"@id\":\"https:\\\/\\\/www.article-marketing.eu\\\/comunicatistampa\\\/diana-bracco-una-vita-tra-impresa-cultura-e-supporto-alle-nuove-generazioni\\\/#primaryimage\"},\"thumbnailUrl\":\"https:\\\/\\\/www.enciclopediadelledonne.it\\\/edd.nsf\\\/0\\\/86864083831414BEC1258A050054AD51\\\/$file\\\/bracco-cani.jpg\",\"keywords\":[\"Diana Bracco\"],\"articleSection\":[\"Comunicati stampa\"],\"inLanguage\":\"it-IT\",\"potentialAction\":[{\"@type\":\"CommentAction\",\"name\":\"Comment\",\"target\":[\"https:\\\/\\\/www.article-marketing.eu\\\/comunicatistampa\\\/diana-bracco-una-vita-tra-impresa-cultura-e-supporto-alle-nuove-generazioni\\\/#respond\"]}]},{\"@type\":\"WebPage\",\"@id\":\"https:\\\/\\\/www.article-marketing.eu\\\/comunicatistampa\\\/diana-bracco-una-vita-tra-impresa-cultura-e-supporto-alle-nuove-generazioni\\\/\",\"url\":\"https:\\\/\\\/www.article-marketing.eu\\\/comunicatistampa\\\/diana-bracco-una-vita-tra-impresa-cultura-e-supporto-alle-nuove-generazioni\\\/\",\"name\":\"Diana Bracco: una vita tra impresa, cultura e supporto alle nuove generazioni\",\"isPartOf\":{\"@id\":\"https:\\\/\\\/www.article-marketing.eu\\\/comunicatistampa\\\/#website\"},\"primaryImageOfPage\":{\"@id\":\"https:\\\/\\\/www.article-marketing.eu\\\/comunicatistampa\\\/diana-bracco-una-vita-tra-impresa-cultura-e-supporto-alle-nuove-generazioni\\\/#primaryimage\"},\"image\":{\"@id\":\"https:\\\/\\\/www.article-marketing.eu\\\/comunicatistampa\\\/diana-bracco-una-vita-tra-impresa-cultura-e-supporto-alle-nuove-generazioni\\\/#primaryimage\"},\"thumbnailUrl\":\"https:\\\/\\\/www.enciclopediadelledonne.it\\\/edd.nsf\\\/0\\\/86864083831414BEC1258A050054AD51\\\/$file\\\/bracco-cani.jpg\",\"datePublished\":\"2025-03-08T12:41:46+00:00\",\"author\":{\"@id\":\"https:\\\/\\\/www.article-marketing.eu\\\/comunicatistampa\\\/#\\\/schema\\\/person\\\/2fcaf8f8f3a9eef9eb7f27532d3ca458\"},\"description\":\"Diana Bracco ha combinato chimica, cultura e impegno sociale, investendo in borse di studio e iniziative per giovani e donne, puntando su merito e inclusione.\",\"breadcrumb\":{\"@id\":\"https:\\\/\\\/www.article-marketing.eu\\\/comunicatistampa\\\/diana-bracco-una-vita-tra-impresa-cultura-e-supporto-alle-nuove-generazioni\\\/#breadcrumb\"},\"inLanguage\":\"it-IT\",\"potentialAction\":[{\"@type\":\"ReadAction\",\"target\":[\"https:\\\/\\\/www.article-marketing.eu\\\/comunicatistampa\\\/diana-bracco-una-vita-tra-impresa-cultura-e-supporto-alle-nuove-generazioni\\\/\"]}]},{\"@type\":\"ImageObject\",\"inLanguage\":\"it-IT\",\"@id\":\"https:\\\/\\\/www.article-marketing.eu\\\/comunicatistampa\\\/diana-bracco-una-vita-tra-impresa-cultura-e-supporto-alle-nuove-generazioni\\\/#primaryimage\",\"url\":\"https:\\\/\\\/www.enciclopediadelledonne.it\\\/edd.nsf\\\/0\\\/86864083831414BEC1258A050054AD51\\\/$file\\\/bracco-cani.jpg\",\"contentUrl\":\"https:\\\/\\\/www.enciclopediadelledonne.it\\\/edd.nsf\\\/0\\\/86864083831414BEC1258A050054AD51\\\/$file\\\/bracco-cani.jpg\"},{\"@type\":\"BreadcrumbList\",\"@id\":\"https:\\\/\\\/www.article-marketing.eu\\\/comunicatistampa\\\/diana-bracco-una-vita-tra-impresa-cultura-e-supporto-alle-nuove-generazioni\\\/#breadcrumb\",\"itemListElement\":[{\"@type\":\"ListItem\",\"position\":1,\"name\":\"Home\",\"item\":\"https:\\\/\\\/www.article-marketing.eu\\\/comunicatistampa\\\/\"},{\"@type\":\"ListItem\",\"position\":2,\"name\":\"Diana Bracco: una vita tra impresa, cultura e supporto alle nuove generazioni\"}]},{\"@type\":\"WebSite\",\"@id\":\"https:\\\/\\\/www.article-marketing.eu\\\/comunicatistampa\\\/#website\",\"url\":\"https:\\\/\\\/www.article-marketing.eu\\\/comunicatistampa\\\/\",\"name\":\"Article Marketing\",\"description\":\"article marketing &amp; press release\",\"potentialAction\":[{\"@type\":\"SearchAction\",\"target\":{\"@type\":\"EntryPoint\",\"urlTemplate\":\"https:\\\/\\\/www.article-marketing.eu\\\/comunicatistampa\\\/?s={search_term_string}\"},\"query-input\":{\"@type\":\"PropertyValueSpecification\",\"valueRequired\":true,\"valueName\":\"search_term_string\"}}],\"inLanguage\":\"it-IT\"},{\"@type\":\"Person\",\"@id\":\"https:\\\/\\\/www.article-marketing.eu\\\/comunicatistampa\\\/#\\\/schema\\\/person\\\/2fcaf8f8f3a9eef9eb7f27532d3ca458\",\"name\":\"articolinews\",\"image\":{\"@type\":\"ImageObject\",\"inLanguage\":\"it-IT\",\"@id\":\"https:\\\/\\\/secure.gravatar.com\\\/avatar\\\/9e2a264bab04e17dea24d937c9956304649a848cb73c46747a692ff1bdeb1cb7?s=96&d=mm&r=g\",\"url\":\"https:\\\/\\\/secure.gravatar.com\\\/avatar\\\/9e2a264bab04e17dea24d937c9956304649a848cb73c46747a692ff1bdeb1cb7?s=96&d=mm&r=g\",\"contentUrl\":\"https:\\\/\\\/secure.gravatar.com\\\/avatar\\\/9e2a264bab04e17dea24d937c9956304649a848cb73c46747a692ff1bdeb1cb7?s=96&d=mm&r=g\",\"caption\":\"articolinews\"},\"url\":\"https:\\\/\\\/www.article-marketing.eu\\\/comunicatistampa\\\/author\\\/articolinews\\\/\"}]}<\/script>\n<!-- \/ Yoast SEO plugin. -->","yoast_head_json":{"title":"Diana Bracco: una vita tra impresa, cultura e supporto alle nuove generazioni","description":"Diana Bracco ha combinato chimica, cultura e impegno sociale, investendo in borse di studio e iniziative per giovani e donne, puntando su merito e inclusione.","robots":{"index":"index","follow":"follow","max-snippet":"max-snippet:-1","max-image-preview":"max-image-preview:large","max-video-preview":"max-video-preview:-1"},"canonical":"https:\/\/www.article-marketing.eu\/comunicatistampa\/diana-bracco-una-vita-tra-impresa-cultura-e-supporto-alle-nuove-generazioni\/","og_locale":"it_IT","og_type":"article","og_title":"Diana Bracco: una vita tra impresa, cultura e supporto alle nuove generazioni","og_description":"Diana Bracco ha combinato chimica, cultura e impegno sociale, investendo in borse di studio e iniziative per giovani e donne, puntando su merito e inclusione.","og_url":"https:\/\/www.article-marketing.eu\/comunicatistampa\/diana-bracco-una-vita-tra-impresa-cultura-e-supporto-alle-nuove-generazioni\/","og_site_name":"Article Marketing","article_published_time":"2025-03-08T12:41:46+00:00","og_image":[{"url":"https:\/\/www.enciclopediadelledonne.it\/edd.nsf\/0\/86864083831414BEC1258A050054AD51\/$file\/bracco-cani.jpg","type":"","width":"","height":""}],"author":"articolinews","twitter_card":"summary_large_image","twitter_misc":{"Scritto da":"articolinews","Tempo di lettura stimato":"3 minuti"},"schema":{"@context":"https:\/\/schema.org","@graph":[{"@type":"Article","@id":"https:\/\/www.article-marketing.eu\/comunicatistampa\/diana-bracco-una-vita-tra-impresa-cultura-e-supporto-alle-nuove-generazioni\/#article","isPartOf":{"@id":"https:\/\/www.article-marketing.eu\/comunicatistampa\/diana-bracco-una-vita-tra-impresa-cultura-e-supporto-alle-nuove-generazioni\/"},"author":{"name":"articolinews","@id":"https:\/\/www.article-marketing.eu\/comunicatistampa\/#\/schema\/person\/2fcaf8f8f3a9eef9eb7f27532d3ca458"},"headline":"Diana Bracco: una vita tra impresa, cultura e supporto alle nuove generazioni","datePublished":"2025-03-08T12:41:46+00:00","mainEntityOfPage":{"@id":"https:\/\/www.article-marketing.eu\/comunicatistampa\/diana-bracco-una-vita-tra-impresa-cultura-e-supporto-alle-nuove-generazioni\/"},"wordCount":417,"commentCount":0,"image":{"@id":"https:\/\/www.article-marketing.eu\/comunicatistampa\/diana-bracco-una-vita-tra-impresa-cultura-e-supporto-alle-nuove-generazioni\/#primaryimage"},"thumbnailUrl":"https:\/\/www.enciclopediadelledonne.it\/edd.nsf\/0\/86864083831414BEC1258A050054AD51\/$file\/bracco-cani.jpg","keywords":["Diana Bracco"],"articleSection":["Comunicati stampa"],"inLanguage":"it-IT","potentialAction":[{"@type":"CommentAction","name":"Comment","target":["https:\/\/www.article-marketing.eu\/comunicatistampa\/diana-bracco-una-vita-tra-impresa-cultura-e-supporto-alle-nuove-generazioni\/#respond"]}]},{"@type":"WebPage","@id":"https:\/\/www.article-marketing.eu\/comunicatistampa\/diana-bracco-una-vita-tra-impresa-cultura-e-supporto-alle-nuove-generazioni\/","url":"https:\/\/www.article-marketing.eu\/comunicatistampa\/diana-bracco-una-vita-tra-impresa-cultura-e-supporto-alle-nuove-generazioni\/","name":"Diana Bracco: una vita tra impresa, cultura e supporto alle nuove generazioni","isPartOf":{"@id":"https:\/\/www.article-marketing.eu\/comunicatistampa\/#website"},"primaryImageOfPage":{"@id":"https:\/\/www.article-marketing.eu\/comunicatistampa\/diana-bracco-una-vita-tra-impresa-cultura-e-supporto-alle-nuove-generazioni\/#primaryimage"},"image":{"@id":"https:\/\/www.article-marketing.eu\/comunicatistampa\/diana-bracco-una-vita-tra-impresa-cultura-e-supporto-alle-nuove-generazioni\/#primaryimage"},"thumbnailUrl":"https:\/\/www.enciclopediadelledonne.it\/edd.nsf\/0\/86864083831414BEC1258A050054AD51\/$file\/bracco-cani.jpg","datePublished":"2025-03-08T12:41:46+00:00","author":{"@id":"https:\/\/www.article-marketing.eu\/comunicatistampa\/#\/schema\/person\/2fcaf8f8f3a9eef9eb7f27532d3ca458"},"description":"Diana Bracco ha combinato chimica, cultura e impegno sociale, investendo in borse di studio e iniziative per giovani e donne, puntando su merito e inclusione.","breadcrumb":{"@id":"https:\/\/www.article-marketing.eu\/comunicatistampa\/diana-bracco-una-vita-tra-impresa-cultura-e-supporto-alle-nuove-generazioni\/#breadcrumb"},"inLanguage":"it-IT","potentialAction":[{"@type":"ReadAction","target":["https:\/\/www.article-marketing.eu\/comunicatistampa\/diana-bracco-una-vita-tra-impresa-cultura-e-supporto-alle-nuove-generazioni\/"]}]},{"@type":"ImageObject","inLanguage":"it-IT","@id":"https:\/\/www.article-marketing.eu\/comunicatistampa\/diana-bracco-una-vita-tra-impresa-cultura-e-supporto-alle-nuove-generazioni\/#primaryimage","url":"https:\/\/www.enciclopediadelledonne.it\/edd.nsf\/0\/86864083831414BEC1258A050054AD51\/$file\/bracco-cani.jpg","contentUrl":"https:\/\/www.enciclopediadelledonne.it\/edd.nsf\/0\/86864083831414BEC1258A050054AD51\/$file\/bracco-cani.jpg"},{"@type":"BreadcrumbList","@id":"https:\/\/www.article-marketing.eu\/comunicatistampa\/diana-bracco-una-vita-tra-impresa-cultura-e-supporto-alle-nuove-generazioni\/#breadcrumb","itemListElement":[{"@type":"ListItem","position":1,"name":"Home","item":"https:\/\/www.article-marketing.eu\/comunicatistampa\/"},{"@type":"ListItem","position":2,"name":"Diana Bracco: una vita tra impresa, cultura e supporto alle nuove generazioni"}]},{"@type":"WebSite","@id":"https:\/\/www.article-marketing.eu\/comunicatistampa\/#website","url":"https:\/\/www.article-marketing.eu\/comunicatistampa\/","name":"Article Marketing","description":"article marketing &amp; press release","potentialAction":[{"@type":"SearchAction","target":{"@type":"EntryPoint","urlTemplate":"https:\/\/www.article-marketing.eu\/comunicatistampa\/?s={search_term_string}"},"query-input":{"@type":"PropertyValueSpecification","valueRequired":true,"valueName":"search_term_string"}}],"inLanguage":"it-IT"},{"@type":"Person","@id":"https:\/\/www.article-marketing.eu\/comunicatistampa\/#\/schema\/person\/2fcaf8f8f3a9eef9eb7f27532d3ca458","name":"articolinews","image":{"@type":"ImageObject","inLanguage":"it-IT","@id":"https:\/\/secure.gravatar.com\/avatar\/9e2a264bab04e17dea24d937c9956304649a848cb73c46747a692ff1bdeb1cb7?s=96&d=mm&r=g","url":"https:\/\/secure.gravatar.com\/avatar\/9e2a264bab04e17dea24d937c9956304649a848cb73c46747a692ff1bdeb1cb7?s=96&d=mm&r=g","contentUrl":"https:\/\/secure.gravatar.com\/avatar\/9e2a264bab04e17dea24d937c9956304649a848cb73c46747a692ff1bdeb1cb7?s=96&d=mm&r=g","caption":"articolinews"},"url":"https:\/\/www.article-marketing.eu\/comunicatistampa\/author\/articolinews\/"}]}},"_links":{"self":[{"href":"https:\/\/www.article-marketing.eu\/comunicatistampa\/wp-json\/wp\/v2\/posts\/31930","targetHints":{"allow":["GET"]}}],"collection":[{"href":"https:\/\/www.article-marketing.eu\/comunicatistampa\/wp-json\/wp\/v2\/posts"}],"about":[{"href":"https:\/\/www.article-marketing.eu\/comunicatistampa\/wp-json\/wp\/v2\/types\/post"}],"author":[{"embeddable":true,"href":"https:\/\/www.article-marketing.eu\/comunicatistampa\/wp-json\/wp\/v2\/users\/6477"}],"replies":[{"embeddable":true,"href":"https:\/\/www.article-marketing.eu\/comunicatistampa\/wp-json\/wp\/v2\/comments?post=31930"}],"version-history":[{"count":2,"href":"https:\/\/www.article-marketing.eu\/comunicatistampa\/wp-json\/wp\/v2\/posts\/31930\/revisions"}],"predecessor-version":[{"id":32240,"href":"https:\/\/www.article-marketing.eu\/comunicatistampa\/wp-json\/wp\/v2\/posts\/31930\/revisions\/32240"}],"wp:attachment":[{"href":"https:\/\/www.article-marketing.eu\/comunicatistampa\/wp-json\/wp\/v2\/media?parent=31930"}],"wp:term":[{"taxonomy":"category","embeddable":true,"href":"https:\/\/www.article-marketing.eu\/comunicatistampa\/wp-json\/wp\/v2\/categories?post=31930"},{"taxonomy":"post_tag","embeddable":true,"href":"https:\/\/www.article-marketing.eu\/comunicatistampa\/wp-json\/wp\/v2\/tags?post=31930"}],"curies":[{"name":"wp","href":"https:\/\/api.w.org\/{rel}","templated":true}]}}