{"id":31941,"date":"2025-03-08T13:48:11","date_gmt":"2025-03-08T12:48:11","guid":{"rendered":"https:\/\/www.article-marketing.eu\/comunicatistampa\/?p=31941"},"modified":"2025-03-08T13:48:11","modified_gmt":"2025-03-08T12:48:11","slug":"snam-stefano-venier-transizione-energetica-pragmatismo-e-visione-per-il-futuro-dellenergia","status":"publish","type":"post","link":"https:\/\/www.article-marketing.eu\/comunicatistampa\/snam-stefano-venier-transizione-energetica-pragmatismo-e-visione-per-il-futuro-dellenergia\/","title":{"rendered":"Snam, Stefano Venier: transizione energetica, pragmatismo e visione per il futuro dell\u2019energia"},"content":{"rendered":"<p><em><strong>\u201cIl processo di decarbonizzazione \u00e8 molto ampio e interessa non solo l\u2019energia ma tutti i settori &#8211; cemento, acciaio, plastiche &#8211; e dobbiamo trovare il modo di coinvolgere tutti: il net zero o \u00e8 di tutti o non \u00e8 di nessuno. Vale anche fra Paesi\u201d spiega l\u2019AD di Snam <a title=\"L'intervista integrale a Stefano Venier\" href=\"https:\/\/www.repubblica.it\/economia\/2024\/12\/22\/news\/venier_idrogeno_e_cattura_della_co2_per_il_net_zero_e_le_infrastrutture_restano_strategiche-423899999\/\">Stefano Venier<\/a> a \u201cla Repubblica\u201d, ribadendo inoltre la necessit\u00e0 di \u201carmarsi di agnosticismo tecnologico, che non ha solo la valenza di non precludere alcuna via, ma anche quella della diversificazione delle fonti\u201d.<\/strong><\/em><\/p>\n<p><strong>\u00a0<a title=\"Stefano Venier a \u201cla Repubblica\u201d: Snam, Net Zero al 2050\" href=\"https:\/\/www.repubblica.it\/economia\/2024\/12\/22\/news\/venier_idrogeno_e_cattura_della_co2_per_il_net_zero_e_le_infrastrutture_restano_strategiche-423899999\/\"><img loading=\"lazy\" decoding=\"async\" src=\"https:\/\/www.repstatic.it\/content\/nazionale\/img\/2024\/12\/20\/205435778-61dd0f42-8a88-47a0-9f22-522a7bae6aec.jpg?webp\" alt=\"Stefano Venier\" width=\"270\" height=\"150\" \/><\/a><\/strong><\/p>\n<h2>Transizione energetica e sicurezza degli approvvigionamenti sono due facce della stessa medaglia: intervista a Stefano Venier<\/h2>\n<p>Per traghettare il pianeta verso la decarbonizzazione serve molto pi\u00f9 pragmatismo, un \u201c<em>pragmatismo visionario<\/em>\u201d precisa <strong>Stefano Venier<\/strong>, ma senza mai abbandonare le ambizioni perch\u00e9 \u201c<em>il net zero o \u00e8 di tutti o non \u00e8 di nessuno<\/em>\u201d. L\u2019AD di Snam, sulle pagine de \u201cla Repubblica\u201din un\u2019intervista pubblicata lo scorso 22 dicembre, invita quindi a rafforzare l\u2019impegno sul fronte della transizione energetica e a continuare a investire in infrastrutture per il gas. \u201c<em>La crisi degli ultimi due anni e le implicazioni del percorso di transizione dimostrano come le infrastrutture siano strategiche e fondamentali in un contesto di permacrisi. Il sistema deve avere dei margini di flessibilit\u00e0: se viene meno un flusso, devo avere la capacit\u00e0 di rimpiazzarlo da un\u2019altra direttrice. Se ho bisogno di 100 devo avere capacit\u00e0 per 120. Anche nella logica della transizione: il processo non \u00e8 lineare, n\u00e9 programmabile nei suoi effetti<\/em>\u201d, sottolinea l\u2019AD <strong>Stefano Venier<\/strong> parlando del modello energetico attuale, alle prese con la volatilit\u00e0 dei prezzi e ancora in cerca di un punto di equilibrio, con il termoelettrico che a novembre ha dovuto compensare la caduta delle FER determinando un aumento di domanda e prezzo del gas. Sempre pi\u00f9 indispensabile quindi \u201c<em>avere un mix di fonti e infrastrutture ben bilanciato<\/em>\u201d: in questa direzione si sta muovendo efficacemente anche Snam, come spiega l\u2019AD a \u201cla Repubblica\u201d.<\/p>\n<h2>Snam, Stefano Venier: \u201c<em>Trasporteremo molecole decarbonizzate grazie a idrogeno e tecnologie per la cattura della CO2<\/em>\u201d<\/h2>\n<p>Obiettivo di Snam, evidenzia l\u2019AD <strong><a title=\"Leggi l'intervista integrale a Stefano Venier\" href=\"https:\/\/www.repubblica.it\/economia\/2024\/12\/22\/news\/venier_idrogeno_e_cattura_della_co2_per_il_net_zero_e_le_infrastrutture_restano_strategiche-423899999\/\">Stefano Venier<\/a><\/strong> nell\u2019intervista, \u00e8 il potenziamento sia degli stoccaggi che della Linea Adriatica da Sud a Nord. Non solo: \u201c<em>Abbiamo lavorato anche sul &#8220;reverse flow&#8221; per dare impulso alle esportazioni verso i Paesi a rischio interruzione di flussi dall&#8217;Ucraina. Puntiamo anche sulla diversificazione, con l&#8217;aumento delle importazioni di GNL<\/em>\u201d. L\u2019AD ricorda inoltre l\u2019acquisto di \u201c<em>due navi su indicazione del governo: la prima, gi\u00e0 in funzione a Piombino, si \u00e8 dimostrata essenziale e ha aperto alle importazioni di GNL dagli Stati Uniti, dal West Africa e da altre parti del mondo; l\u2019altra attraccher\u00e0 a Ravenna a febbraio e inizier\u00e0 ad operare da aprile<\/em>\u201d. Nell\u2019intervista l\u2019AD disegna quindi la rete di Snam da qui al 2050. Biometano, idrogeno e molecole depurate dalla CO2 avranno un ruolo centrale: \u201c<em>In natura il gas \u00e8 abbondante ed ha meno impatto ambientale di carbone e petrolio. Per queste sue caratteristiche, e come ribadito dalla Cop28, \u00e8 il vettore migliore per accompagnare la transizione. Penso comunque che ci sar\u00e0 consumo di gas anche dopo il 2050, ma molto probabilmente sar\u00e0 un gas decarbonizzato, come il biometano o attraverso la cattura della CO2<\/em>\u201d. E se la tecnologia per la cattura della CO2 \u00e8 \u201c<em>matura e la fase sperimentale avviata con l&#8217;Eni a Ravenna sta dando risultati eccellenti<\/em>\u201d, per l\u2019idrogeno verde, che \u201c<em>deve essere prodotto con energia elettrica da fonte rinnovabile<\/em>\u201d, occorre \u201c<em>un\u2019infrastruttura di trasporto con una prospettiva transnazionale<\/em>\u201d. \u00c8 necessario, rimarca <strong>Stefano Venier<\/strong>, \u201c<em>costruire una catena se vogliamo portare l&#8217;idrogeno dal Sud Italia e dal Nordafrica al Nord Italia e alla Germania<\/em>\u201d.<\/p>\n","protected":false},"excerpt":{"rendered":"<p>Snam accelera sulla transizione energetica investendo in infrastrutture necessarie per ridurre progressivamente l\u2019impatto ambientale del gas: la diversificazione delle fonti energetiche \u00e8 essenziale anche per affrontare la volatilit\u00e0 dei mercati, spiega l\u2019AD Stefano Venier a \u201cla Repubblica\u201d.<\/p>\n","protected":false},"author":6477,"featured_media":0,"comment_status":"open","ping_status":"open","sticky":false,"template":"","format":"standard","meta":{"_monsterinsights_skip_tracking":false,"_monsterinsights_sitenote_active":false,"_monsterinsights_sitenote_note":"","_monsterinsights_sitenote_category":0,"footnotes":""},"categories":[78],"tags":[10792],"class_list":["post-31941","post","type-post","status-publish","format-standard","hentry","category-comunicati-stampa","tag-stefano-venier"],"yoast_head":"<!-- This site is optimized with the Yoast SEO plugin v27.3 - https:\/\/yoast.com\/product\/yoast-seo-wordpress\/ -->\n<title>Snam, Stefano Venier: transizione energetica, pragmatismo e visione per il futuro dell\u2019energia<\/title>\n<meta name=\"description\" content=\"Snam accelera sulla transizione energetica investendo in infrastrutture necessarie per ridurre progressivamente l\u2019impatto ambientale del gas: la diversificazione delle fonti energetiche \u00e8 essenziale anche per affrontare la volatilit\u00e0 dei mercati, spiega l\u2019AD Stefano Venier a \u201cla Repubblica\u201d.\" \/>\n<meta name=\"robots\" content=\"index, follow, max-snippet:-1, max-image-preview:large, max-video-preview:-1\" \/>\n<link rel=\"canonical\" href=\"https:\/\/www.article-marketing.eu\/comunicatistampa\/snam-stefano-venier-transizione-energetica-pragmatismo-e-visione-per-il-futuro-dellenergia\/\" \/>\n<meta property=\"og:locale\" content=\"it_IT\" \/>\n<meta property=\"og:type\" content=\"article\" \/>\n<meta property=\"og:title\" content=\"Snam, Stefano Venier: transizione energetica, pragmatismo e visione per il futuro dell\u2019energia\" \/>\n<meta property=\"og:description\" content=\"Snam accelera sulla transizione energetica investendo in infrastrutture necessarie per ridurre progressivamente l\u2019impatto ambientale del gas: la diversificazione delle fonti energetiche \u00e8 essenziale anche per affrontare la volatilit\u00e0 dei mercati, spiega l\u2019AD Stefano Venier a \u201cla Repubblica\u201d.\" \/>\n<meta property=\"og:url\" content=\"https:\/\/www.article-marketing.eu\/comunicatistampa\/snam-stefano-venier-transizione-energetica-pragmatismo-e-visione-per-il-futuro-dellenergia\/\" \/>\n<meta property=\"og:site_name\" content=\"Article Marketing\" \/>\n<meta property=\"article:published_time\" content=\"2025-03-08T12:48:11+00:00\" \/>\n<meta property=\"og:image\" content=\"https:\/\/www.repstatic.it\/content\/nazionale\/img\/2024\/12\/20\/205435778-61dd0f42-8a88-47a0-9f22-522a7bae6aec.jpg?webp\" \/>\n<meta name=\"author\" content=\"articolinews\" \/>\n<meta name=\"twitter:card\" content=\"summary_large_image\" \/>\n<meta name=\"twitter:label1\" content=\"Scritto da\" \/>\n\t<meta name=\"twitter:data1\" content=\"articolinews\" \/>\n\t<meta name=\"twitter:label2\" content=\"Tempo di lettura stimato\" \/>\n\t<meta name=\"twitter:data2\" content=\"4 minuti\" \/>\n<script type=\"application\/ld+json\" class=\"yoast-schema-graph\">{\"@context\":\"https:\\\/\\\/schema.org\",\"@graph\":[{\"@type\":\"Article\",\"@id\":\"https:\\\/\\\/www.article-marketing.eu\\\/comunicatistampa\\\/snam-stefano-venier-transizione-energetica-pragmatismo-e-visione-per-il-futuro-dellenergia\\\/#article\",\"isPartOf\":{\"@id\":\"https:\\\/\\\/www.article-marketing.eu\\\/comunicatistampa\\\/snam-stefano-venier-transizione-energetica-pragmatismo-e-visione-per-il-futuro-dellenergia\\\/\"},\"author\":{\"name\":\"articolinews\",\"@id\":\"https:\\\/\\\/www.article-marketing.eu\\\/comunicatistampa\\\/#\\\/schema\\\/person\\\/2fcaf8f8f3a9eef9eb7f27532d3ca458\"},\"headline\":\"Snam, Stefano Venier: transizione energetica, pragmatismo e visione per il futuro dell\u2019energia\",\"datePublished\":\"2025-03-08T12:48:11+00:00\",\"mainEntityOfPage\":{\"@id\":\"https:\\\/\\\/www.article-marketing.eu\\\/comunicatistampa\\\/snam-stefano-venier-transizione-energetica-pragmatismo-e-visione-per-il-futuro-dellenergia\\\/\"},\"wordCount\":604,\"commentCount\":0,\"image\":{\"@id\":\"https:\\\/\\\/www.article-marketing.eu\\\/comunicatistampa\\\/snam-stefano-venier-transizione-energetica-pragmatismo-e-visione-per-il-futuro-dellenergia\\\/#primaryimage\"},\"thumbnailUrl\":\"https:\\\/\\\/www.repstatic.it\\\/content\\\/nazionale\\\/img\\\/2024\\\/12\\\/20\\\/205435778-61dd0f42-8a88-47a0-9f22-522a7bae6aec.jpg?webp\",\"keywords\":[\"Stefano Venier\"],\"articleSection\":[\"Comunicati stampa\"],\"inLanguage\":\"it-IT\",\"potentialAction\":[{\"@type\":\"CommentAction\",\"name\":\"Comment\",\"target\":[\"https:\\\/\\\/www.article-marketing.eu\\\/comunicatistampa\\\/snam-stefano-venier-transizione-energetica-pragmatismo-e-visione-per-il-futuro-dellenergia\\\/#respond\"]}]},{\"@type\":\"WebPage\",\"@id\":\"https:\\\/\\\/www.article-marketing.eu\\\/comunicatistampa\\\/snam-stefano-venier-transizione-energetica-pragmatismo-e-visione-per-il-futuro-dellenergia\\\/\",\"url\":\"https:\\\/\\\/www.article-marketing.eu\\\/comunicatistampa\\\/snam-stefano-venier-transizione-energetica-pragmatismo-e-visione-per-il-futuro-dellenergia\\\/\",\"name\":\"Snam, Stefano Venier: transizione energetica, pragmatismo e visione per il futuro dell\u2019energia\",\"isPartOf\":{\"@id\":\"https:\\\/\\\/www.article-marketing.eu\\\/comunicatistampa\\\/#website\"},\"primaryImageOfPage\":{\"@id\":\"https:\\\/\\\/www.article-marketing.eu\\\/comunicatistampa\\\/snam-stefano-venier-transizione-energetica-pragmatismo-e-visione-per-il-futuro-dellenergia\\\/#primaryimage\"},\"image\":{\"@id\":\"https:\\\/\\\/www.article-marketing.eu\\\/comunicatistampa\\\/snam-stefano-venier-transizione-energetica-pragmatismo-e-visione-per-il-futuro-dellenergia\\\/#primaryimage\"},\"thumbnailUrl\":\"https:\\\/\\\/www.repstatic.it\\\/content\\\/nazionale\\\/img\\\/2024\\\/12\\\/20\\\/205435778-61dd0f42-8a88-47a0-9f22-522a7bae6aec.jpg?webp\",\"datePublished\":\"2025-03-08T12:48:11+00:00\",\"author\":{\"@id\":\"https:\\\/\\\/www.article-marketing.eu\\\/comunicatistampa\\\/#\\\/schema\\\/person\\\/2fcaf8f8f3a9eef9eb7f27532d3ca458\"},\"description\":\"Snam accelera sulla transizione energetica investendo in infrastrutture necessarie per ridurre progressivamente l\u2019impatto ambientale del gas: la diversificazione delle fonti energetiche \u00e8 essenziale anche per affrontare la volatilit\u00e0 dei mercati, spiega l\u2019AD Stefano Venier a \u201cla Repubblica\u201d.\",\"breadcrumb\":{\"@id\":\"https:\\\/\\\/www.article-marketing.eu\\\/comunicatistampa\\\/snam-stefano-venier-transizione-energetica-pragmatismo-e-visione-per-il-futuro-dellenergia\\\/#breadcrumb\"},\"inLanguage\":\"it-IT\",\"potentialAction\":[{\"@type\":\"ReadAction\",\"target\":[\"https:\\\/\\\/www.article-marketing.eu\\\/comunicatistampa\\\/snam-stefano-venier-transizione-energetica-pragmatismo-e-visione-per-il-futuro-dellenergia\\\/\"]}]},{\"@type\":\"ImageObject\",\"inLanguage\":\"it-IT\",\"@id\":\"https:\\\/\\\/www.article-marketing.eu\\\/comunicatistampa\\\/snam-stefano-venier-transizione-energetica-pragmatismo-e-visione-per-il-futuro-dellenergia\\\/#primaryimage\",\"url\":\"https:\\\/\\\/www.repstatic.it\\\/content\\\/nazionale\\\/img\\\/2024\\\/12\\\/20\\\/205435778-61dd0f42-8a88-47a0-9f22-522a7bae6aec.jpg?webp\",\"contentUrl\":\"https:\\\/\\\/www.repstatic.it\\\/content\\\/nazionale\\\/img\\\/2024\\\/12\\\/20\\\/205435778-61dd0f42-8a88-47a0-9f22-522a7bae6aec.jpg?webp\"},{\"@type\":\"BreadcrumbList\",\"@id\":\"https:\\\/\\\/www.article-marketing.eu\\\/comunicatistampa\\\/snam-stefano-venier-transizione-energetica-pragmatismo-e-visione-per-il-futuro-dellenergia\\\/#breadcrumb\",\"itemListElement\":[{\"@type\":\"ListItem\",\"position\":1,\"name\":\"Home\",\"item\":\"https:\\\/\\\/www.article-marketing.eu\\\/comunicatistampa\\\/\"},{\"@type\":\"ListItem\",\"position\":2,\"name\":\"Snam, Stefano Venier: transizione energetica, pragmatismo e visione per il futuro dell\u2019energia\"}]},{\"@type\":\"WebSite\",\"@id\":\"https:\\\/\\\/www.article-marketing.eu\\\/comunicatistampa\\\/#website\",\"url\":\"https:\\\/\\\/www.article-marketing.eu\\\/comunicatistampa\\\/\",\"name\":\"Article Marketing\",\"description\":\"article marketing &amp; press release\",\"potentialAction\":[{\"@type\":\"SearchAction\",\"target\":{\"@type\":\"EntryPoint\",\"urlTemplate\":\"https:\\\/\\\/www.article-marketing.eu\\\/comunicatistampa\\\/?s={search_term_string}\"},\"query-input\":{\"@type\":\"PropertyValueSpecification\",\"valueRequired\":true,\"valueName\":\"search_term_string\"}}],\"inLanguage\":\"it-IT\"},{\"@type\":\"Person\",\"@id\":\"https:\\\/\\\/www.article-marketing.eu\\\/comunicatistampa\\\/#\\\/schema\\\/person\\\/2fcaf8f8f3a9eef9eb7f27532d3ca458\",\"name\":\"articolinews\",\"image\":{\"@type\":\"ImageObject\",\"inLanguage\":\"it-IT\",\"@id\":\"https:\\\/\\\/secure.gravatar.com\\\/avatar\\\/9e2a264bab04e17dea24d937c9956304649a848cb73c46747a692ff1bdeb1cb7?s=96&d=mm&r=g\",\"url\":\"https:\\\/\\\/secure.gravatar.com\\\/avatar\\\/9e2a264bab04e17dea24d937c9956304649a848cb73c46747a692ff1bdeb1cb7?s=96&d=mm&r=g\",\"contentUrl\":\"https:\\\/\\\/secure.gravatar.com\\\/avatar\\\/9e2a264bab04e17dea24d937c9956304649a848cb73c46747a692ff1bdeb1cb7?s=96&d=mm&r=g\",\"caption\":\"articolinews\"},\"url\":\"https:\\\/\\\/www.article-marketing.eu\\\/comunicatistampa\\\/author\\\/articolinews\\\/\"}]}<\/script>\n<!-- \/ Yoast SEO plugin. -->","yoast_head_json":{"title":"Snam, Stefano Venier: transizione energetica, pragmatismo e visione per il futuro dell\u2019energia","description":"Snam accelera sulla transizione energetica investendo in infrastrutture necessarie per ridurre progressivamente l\u2019impatto ambientale del gas: la diversificazione delle fonti energetiche \u00e8 essenziale anche per affrontare la volatilit\u00e0 dei mercati, spiega l\u2019AD Stefano Venier a \u201cla Repubblica\u201d.","robots":{"index":"index","follow":"follow","max-snippet":"max-snippet:-1","max-image-preview":"max-image-preview:large","max-video-preview":"max-video-preview:-1"},"canonical":"https:\/\/www.article-marketing.eu\/comunicatistampa\/snam-stefano-venier-transizione-energetica-pragmatismo-e-visione-per-il-futuro-dellenergia\/","og_locale":"it_IT","og_type":"article","og_title":"Snam, Stefano Venier: transizione energetica, pragmatismo e visione per il futuro dell\u2019energia","og_description":"Snam accelera sulla transizione energetica investendo in infrastrutture necessarie per ridurre progressivamente l\u2019impatto ambientale del gas: la diversificazione delle fonti energetiche \u00e8 essenziale anche per affrontare la volatilit\u00e0 dei mercati, spiega l\u2019AD Stefano Venier a \u201cla Repubblica\u201d.","og_url":"https:\/\/www.article-marketing.eu\/comunicatistampa\/snam-stefano-venier-transizione-energetica-pragmatismo-e-visione-per-il-futuro-dellenergia\/","og_site_name":"Article Marketing","article_published_time":"2025-03-08T12:48:11+00:00","og_image":[{"url":"https:\/\/www.repstatic.it\/content\/nazionale\/img\/2024\/12\/20\/205435778-61dd0f42-8a88-47a0-9f22-522a7bae6aec.jpg?webp","type":"","width":"","height":""}],"author":"articolinews","twitter_card":"summary_large_image","twitter_misc":{"Scritto da":"articolinews","Tempo di lettura stimato":"4 minuti"},"schema":{"@context":"https:\/\/schema.org","@graph":[{"@type":"Article","@id":"https:\/\/www.article-marketing.eu\/comunicatistampa\/snam-stefano-venier-transizione-energetica-pragmatismo-e-visione-per-il-futuro-dellenergia\/#article","isPartOf":{"@id":"https:\/\/www.article-marketing.eu\/comunicatistampa\/snam-stefano-venier-transizione-energetica-pragmatismo-e-visione-per-il-futuro-dellenergia\/"},"author":{"name":"articolinews","@id":"https:\/\/www.article-marketing.eu\/comunicatistampa\/#\/schema\/person\/2fcaf8f8f3a9eef9eb7f27532d3ca458"},"headline":"Snam, Stefano Venier: transizione energetica, pragmatismo e visione per il futuro dell\u2019energia","datePublished":"2025-03-08T12:48:11+00:00","mainEntityOfPage":{"@id":"https:\/\/www.article-marketing.eu\/comunicatistampa\/snam-stefano-venier-transizione-energetica-pragmatismo-e-visione-per-il-futuro-dellenergia\/"},"wordCount":604,"commentCount":0,"image":{"@id":"https:\/\/www.article-marketing.eu\/comunicatistampa\/snam-stefano-venier-transizione-energetica-pragmatismo-e-visione-per-il-futuro-dellenergia\/#primaryimage"},"thumbnailUrl":"https:\/\/www.repstatic.it\/content\/nazionale\/img\/2024\/12\/20\/205435778-61dd0f42-8a88-47a0-9f22-522a7bae6aec.jpg?webp","keywords":["Stefano Venier"],"articleSection":["Comunicati stampa"],"inLanguage":"it-IT","potentialAction":[{"@type":"CommentAction","name":"Comment","target":["https:\/\/www.article-marketing.eu\/comunicatistampa\/snam-stefano-venier-transizione-energetica-pragmatismo-e-visione-per-il-futuro-dellenergia\/#respond"]}]},{"@type":"WebPage","@id":"https:\/\/www.article-marketing.eu\/comunicatistampa\/snam-stefano-venier-transizione-energetica-pragmatismo-e-visione-per-il-futuro-dellenergia\/","url":"https:\/\/www.article-marketing.eu\/comunicatistampa\/snam-stefano-venier-transizione-energetica-pragmatismo-e-visione-per-il-futuro-dellenergia\/","name":"Snam, Stefano Venier: transizione energetica, pragmatismo e visione per il futuro dell\u2019energia","isPartOf":{"@id":"https:\/\/www.article-marketing.eu\/comunicatistampa\/#website"},"primaryImageOfPage":{"@id":"https:\/\/www.article-marketing.eu\/comunicatistampa\/snam-stefano-venier-transizione-energetica-pragmatismo-e-visione-per-il-futuro-dellenergia\/#primaryimage"},"image":{"@id":"https:\/\/www.article-marketing.eu\/comunicatistampa\/snam-stefano-venier-transizione-energetica-pragmatismo-e-visione-per-il-futuro-dellenergia\/#primaryimage"},"thumbnailUrl":"https:\/\/www.repstatic.it\/content\/nazionale\/img\/2024\/12\/20\/205435778-61dd0f42-8a88-47a0-9f22-522a7bae6aec.jpg?webp","datePublished":"2025-03-08T12:48:11+00:00","author":{"@id":"https:\/\/www.article-marketing.eu\/comunicatistampa\/#\/schema\/person\/2fcaf8f8f3a9eef9eb7f27532d3ca458"},"description":"Snam accelera sulla transizione energetica investendo in infrastrutture necessarie per ridurre progressivamente l\u2019impatto ambientale del gas: la diversificazione delle fonti energetiche \u00e8 essenziale anche per affrontare la volatilit\u00e0 dei mercati, spiega l\u2019AD Stefano Venier a \u201cla Repubblica\u201d.","breadcrumb":{"@id":"https:\/\/www.article-marketing.eu\/comunicatistampa\/snam-stefano-venier-transizione-energetica-pragmatismo-e-visione-per-il-futuro-dellenergia\/#breadcrumb"},"inLanguage":"it-IT","potentialAction":[{"@type":"ReadAction","target":["https:\/\/www.article-marketing.eu\/comunicatistampa\/snam-stefano-venier-transizione-energetica-pragmatismo-e-visione-per-il-futuro-dellenergia\/"]}]},{"@type":"ImageObject","inLanguage":"it-IT","@id":"https:\/\/www.article-marketing.eu\/comunicatistampa\/snam-stefano-venier-transizione-energetica-pragmatismo-e-visione-per-il-futuro-dellenergia\/#primaryimage","url":"https:\/\/www.repstatic.it\/content\/nazionale\/img\/2024\/12\/20\/205435778-61dd0f42-8a88-47a0-9f22-522a7bae6aec.jpg?webp","contentUrl":"https:\/\/www.repstatic.it\/content\/nazionale\/img\/2024\/12\/20\/205435778-61dd0f42-8a88-47a0-9f22-522a7bae6aec.jpg?webp"},{"@type":"BreadcrumbList","@id":"https:\/\/www.article-marketing.eu\/comunicatistampa\/snam-stefano-venier-transizione-energetica-pragmatismo-e-visione-per-il-futuro-dellenergia\/#breadcrumb","itemListElement":[{"@type":"ListItem","position":1,"name":"Home","item":"https:\/\/www.article-marketing.eu\/comunicatistampa\/"},{"@type":"ListItem","position":2,"name":"Snam, Stefano Venier: transizione energetica, pragmatismo e visione per il futuro dell\u2019energia"}]},{"@type":"WebSite","@id":"https:\/\/www.article-marketing.eu\/comunicatistampa\/#website","url":"https:\/\/www.article-marketing.eu\/comunicatistampa\/","name":"Article Marketing","description":"article marketing &amp; press release","potentialAction":[{"@type":"SearchAction","target":{"@type":"EntryPoint","urlTemplate":"https:\/\/www.article-marketing.eu\/comunicatistampa\/?s={search_term_string}"},"query-input":{"@type":"PropertyValueSpecification","valueRequired":true,"valueName":"search_term_string"}}],"inLanguage":"it-IT"},{"@type":"Person","@id":"https:\/\/www.article-marketing.eu\/comunicatistampa\/#\/schema\/person\/2fcaf8f8f3a9eef9eb7f27532d3ca458","name":"articolinews","image":{"@type":"ImageObject","inLanguage":"it-IT","@id":"https:\/\/secure.gravatar.com\/avatar\/9e2a264bab04e17dea24d937c9956304649a848cb73c46747a692ff1bdeb1cb7?s=96&d=mm&r=g","url":"https:\/\/secure.gravatar.com\/avatar\/9e2a264bab04e17dea24d937c9956304649a848cb73c46747a692ff1bdeb1cb7?s=96&d=mm&r=g","contentUrl":"https:\/\/secure.gravatar.com\/avatar\/9e2a264bab04e17dea24d937c9956304649a848cb73c46747a692ff1bdeb1cb7?s=96&d=mm&r=g","caption":"articolinews"},"url":"https:\/\/www.article-marketing.eu\/comunicatistampa\/author\/articolinews\/"}]}},"_links":{"self":[{"href":"https:\/\/www.article-marketing.eu\/comunicatistampa\/wp-json\/wp\/v2\/posts\/31941","targetHints":{"allow":["GET"]}}],"collection":[{"href":"https:\/\/www.article-marketing.eu\/comunicatistampa\/wp-json\/wp\/v2\/posts"}],"about":[{"href":"https:\/\/www.article-marketing.eu\/comunicatistampa\/wp-json\/wp\/v2\/types\/post"}],"author":[{"embeddable":true,"href":"https:\/\/www.article-marketing.eu\/comunicatistampa\/wp-json\/wp\/v2\/users\/6477"}],"replies":[{"embeddable":true,"href":"https:\/\/www.article-marketing.eu\/comunicatistampa\/wp-json\/wp\/v2\/comments?post=31941"}],"version-history":[{"count":2,"href":"https:\/\/www.article-marketing.eu\/comunicatistampa\/wp-json\/wp\/v2\/posts\/31941\/revisions"}],"predecessor-version":[{"id":32259,"href":"https:\/\/www.article-marketing.eu\/comunicatistampa\/wp-json\/wp\/v2\/posts\/31941\/revisions\/32259"}],"wp:attachment":[{"href":"https:\/\/www.article-marketing.eu\/comunicatistampa\/wp-json\/wp\/v2\/media?parent=31941"}],"wp:term":[{"taxonomy":"category","embeddable":true,"href":"https:\/\/www.article-marketing.eu\/comunicatistampa\/wp-json\/wp\/v2\/categories?post=31941"},{"taxonomy":"post_tag","embeddable":true,"href":"https:\/\/www.article-marketing.eu\/comunicatistampa\/wp-json\/wp\/v2\/tags?post=31941"}],"curies":[{"name":"wp","href":"https:\/\/api.w.org\/{rel}","templated":true}]}}