{"id":32027,"date":"2025-03-08T13:44:01","date_gmt":"2025-03-08T12:44:01","guid":{"rendered":"https:\/\/www.article-marketing.eu\/comunicatistampa\/?p=32027"},"modified":"2025-03-08T13:44:01","modified_gmt":"2025-03-08T12:44:01","slug":"sabrina-de-filippis-inaugurata-a-dicembre-la-sala-operativa-del-polo-logistica-di-fs","status":"publish","type":"post","link":"https:\/\/www.article-marketing.eu\/comunicatistampa\/sabrina-de-filippis-inaugurata-a-dicembre-la-sala-operativa-del-polo-logistica-di-fs\/","title":{"rendered":"Sabrina De Filippis: inaugurata a dicembre la sala operativa del Polo Logistica di FS"},"content":{"rendered":"<p><em><strong>Inaugurata a dicembre la sala operativa di Mercitalia Rail SONLOG. L\u2019AD di Mercitalia Logistics <a title=\"FS inaugura la nuova sala operativa del Polo Logistica: le parole dell\u2019AD Sabrina De Filippis\" href=\"https:\/\/www.portaleconomia.net\/sabrina-de-filippis-sonlog-il-nuovo-cuore-pulsante-del-polo-logistica-del-gruppo-fs\/\" target=\"_blank\" rel=\"noopener\">Sabrina De Filippis<\/a> ha annunciato l\u2019inizio di un nuovo capitolo per il Polo Logistica di Ferrovie dello Stato Italiane.<\/strong><\/em><\/p>\n<p><a title=\"Sabrina De Filippis: SONLOG rappresenta il fulcro del Polo Logistica del Gruppo FS\" href=\"https:\/\/www.portaleconomia.net\/sabrina-de-filippis-sonlog-il-nuovo-cuore-pulsante-del-polo-logistica-del-gruppo-fs\/\" target=\"_blank\" rel=\"noopener\"><img loading=\"lazy\" decoding=\"async\" src=\"https:\/\/www.greengoenergy.eu\/wp-content\/uploads\/2024\/07\/sabrina_de_filippis_2024.jpg\" alt=\"Sabrina De Filippis\" width=\"230\" height=\"152\" \/><\/a><\/p>\n<h2>Sabrina De Filippis: una nuova pagina per il Polo Logistica<\/h2>\n<p>\u201c<em>L\u2019inaugurazione di oggi apre un\u2019altra nuova pagina del Polo Logistica, una pagina che abbiamo dedicato al cuore pulsante dell\u2019operation aziendale: la nostra sala operativa<\/em>\u201d. Cos\u00ec <a title=\"Sabrina De Filippis: SONLOG \u00e8 il motore centrale del Polo Logistica del Gruppo FS\" href=\"https:\/\/www.portaleconomia.net\/sabrina-de-filippis-sonlog-il-nuovo-cuore-pulsante-del-polo-logistica-del-gruppo-fs\/\" target=\"_blank\" rel=\"noopener\">Sabrina De Filippis<\/a>, l\u2019AD di Mercitalia Logistics, ha commentato a dicembre l\u2019apertura ufficiale della Sala Operativa Nazionale Logistica (SONLOG) di Mercitalia Rail, societ\u00e0 del Polo Logistica del Gruppo FS. Nel suo discorso, la manager ha sottolineato l\u2019importanza strategica di quella che sar\u00e0 una vera e propria cabina di regia all\u2019avanguardia del traffico di treni merci. Da qui verranno monitorati, 24 ore su 24, gli oltre 80mila treni che ogni anno movimentano circa 35 milioni di tonnellate di merci tra l\u2019Italia e il resto d\u2019Europa. La sala, dotata delle pi\u00f9 moderne tecnologie, \u00e8 situata a Milano, in uno scalo ferroviario che risale ai primi anni del Novecento.<\/p>\n<h2>Sabrina De Filippis: un\u2019attivit\u00e0 sempre pi\u00f9 coordinata tra le anime del Polo<\/h2>\n<p>Per ospitare l\u2019innovativa struttura, lo Scalo di Segrate \u00e8 stato soggetto a un importante intervento di restyling che lo ha reso pi\u00f9 moderno, confortevole e, soprattutto, funzionale. Al suo interno \u00e8 stato realizzato un percorso grafico volto a celebrare la storia del trasporto merci attraverso l\u2019alternanza di immagini d\u2019epoca e messaggi chiave del Polo Logistica, in un simbolico viaggio dal passato al futuro. \u201c<em>\u00c8 in questo luogo che ogni giorno lavoriamo per i nostri clienti, grazie ad un\u2019attivit\u00e0 sempre pi\u00f9 coordinata tra le diverse anime del Polo e finalizzata a mettere al centro del nostro agire quotidiano la qualit\u00e0 del servizio<\/em>\u201d, ha dichiarato l\u2019AD <strong>Sabrina De Filippis<\/strong>. A supportare il team di 90 operatori di SONLOG sar\u00e0 un presidio attivo a Roma, in costante contatto con la sala milanese e la Sala Operativa di RFI. Al fine di offrire ai clienti un supporto rapido ed efficace, \u00e8 stata inoltre attivata un\u2019area dedicata al Post Vendita e all\u2019Assistenza Clienti, la quale operer\u00e0 in sinergia con la Sala Operativa.<\/p>\n","protected":false},"excerpt":{"rendered":"<p>Inaugurata a dicembre la sala operativa di Mercitalia Rail SONLOG. L\u2019AD di Mercitalia Logistics Sabrina De Filippis ha annunciato l\u2019inizio di un nuovo capitolo per il Polo Logistica di Ferrovie dello Stato Italiane. Sabrina De Filippis: una nuova pagina per il Polo Logistica \u201cL\u2019inaugurazione di oggi apre un\u2019altra nuova pagina del Polo Logistica, una pagina che abbiamo dedicato al cuore pulsante dell\u2019operation aziendale: la nostra sala operativa\u201d. Cos\u00ec Sabrina De<\/p>\n<p><a class=\"continue-reading\" href=\"https:\/\/www.article-marketing.eu\/comunicatistampa\/sabrina-de-filippis-inaugurata-a-dicembre-la-sala-operativa-del-polo-logistica-di-fs\/\">Continue reading&#8230;<\/a><\/p>\n","protected":false},"author":6477,"featured_media":0,"comment_status":"open","ping_status":"open","sticky":false,"template":"","format":"standard","meta":{"_monsterinsights_skip_tracking":false,"_monsterinsights_sitenote_active":false,"_monsterinsights_sitenote_note":"","_monsterinsights_sitenote_category":0,"footnotes":""},"categories":[388],"tags":[10839],"class_list":["post-32027","post","type-post","status-publish","format-standard","hentry","category-aziende","tag-sabrina-de-filippis"],"yoast_head":"<!-- This site is optimized with the Yoast SEO plugin v27.3 - https:\/\/yoast.com\/product\/yoast-seo-wordpress\/ -->\n<title>Sabrina De Filippis: inaugurata a dicembre la sala operativa del Polo Logistica di FS<\/title>\n<meta name=\"description\" content=\"All\u2019inaugurazione dello scorso dicembre di SONLOG, Sabrina De Filippis ha enfatizzato il ruolo strategico della nuova cabina di regia\" \/>\n<meta name=\"robots\" content=\"index, follow, max-snippet:-1, max-image-preview:large, max-video-preview:-1\" \/>\n<link rel=\"canonical\" href=\"https:\/\/www.article-marketing.eu\/comunicatistampa\/sabrina-de-filippis-inaugurata-a-dicembre-la-sala-operativa-del-polo-logistica-di-fs\/\" \/>\n<meta property=\"og:locale\" content=\"it_IT\" \/>\n<meta property=\"og:type\" content=\"article\" \/>\n<meta property=\"og:title\" content=\"Sabrina De Filippis: inaugurata a dicembre la sala operativa del Polo Logistica di FS\" \/>\n<meta property=\"og:description\" content=\"All\u2019inaugurazione dello scorso dicembre di SONLOG, Sabrina De Filippis ha enfatizzato il ruolo strategico della nuova cabina di regia\" \/>\n<meta property=\"og:url\" content=\"https:\/\/www.article-marketing.eu\/comunicatistampa\/sabrina-de-filippis-inaugurata-a-dicembre-la-sala-operativa-del-polo-logistica-di-fs\/\" \/>\n<meta property=\"og:site_name\" content=\"Article Marketing\" \/>\n<meta property=\"article:published_time\" content=\"2025-03-08T12:44:01+00:00\" \/>\n<meta property=\"og:image\" content=\"https:\/\/www.greengoenergy.eu\/wp-content\/uploads\/2024\/07\/sabrina_de_filippis_2024.jpg\" \/>\n<meta name=\"author\" content=\"articolinews\" \/>\n<meta name=\"twitter:card\" content=\"summary_large_image\" \/>\n<meta name=\"twitter:label1\" content=\"Scritto da\" \/>\n\t<meta name=\"twitter:data1\" content=\"articolinews\" \/>\n\t<meta name=\"twitter:label2\" content=\"Tempo di lettura stimato\" \/>\n\t<meta name=\"twitter:data2\" content=\"3 minuti\" \/>\n<script type=\"application\/ld+json\" class=\"yoast-schema-graph\">{\"@context\":\"https:\\\/\\\/schema.org\",\"@graph\":[{\"@type\":\"Article\",\"@id\":\"https:\\\/\\\/www.article-marketing.eu\\\/comunicatistampa\\\/sabrina-de-filippis-inaugurata-a-dicembre-la-sala-operativa-del-polo-logistica-di-fs\\\/#article\",\"isPartOf\":{\"@id\":\"https:\\\/\\\/www.article-marketing.eu\\\/comunicatistampa\\\/sabrina-de-filippis-inaugurata-a-dicembre-la-sala-operativa-del-polo-logistica-di-fs\\\/\"},\"author\":{\"name\":\"articolinews\",\"@id\":\"https:\\\/\\\/www.article-marketing.eu\\\/comunicatistampa\\\/#\\\/schema\\\/person\\\/2fcaf8f8f3a9eef9eb7f27532d3ca458\"},\"headline\":\"Sabrina De Filippis: inaugurata a dicembre la sala operativa del Polo Logistica di FS\",\"datePublished\":\"2025-03-08T12:44:01+00:00\",\"mainEntityOfPage\":{\"@id\":\"https:\\\/\\\/www.article-marketing.eu\\\/comunicatistampa\\\/sabrina-de-filippis-inaugurata-a-dicembre-la-sala-operativa-del-polo-logistica-di-fs\\\/\"},\"wordCount\":377,\"commentCount\":0,\"image\":{\"@id\":\"https:\\\/\\\/www.article-marketing.eu\\\/comunicatistampa\\\/sabrina-de-filippis-inaugurata-a-dicembre-la-sala-operativa-del-polo-logistica-di-fs\\\/#primaryimage\"},\"thumbnailUrl\":\"https:\\\/\\\/www.greengoenergy.eu\\\/wp-content\\\/uploads\\\/2024\\\/07\\\/sabrina_de_filippis_2024.jpg\",\"keywords\":[\"Sabrina De Filippis\"],\"articleSection\":[\"Aziende\"],\"inLanguage\":\"it-IT\",\"potentialAction\":[{\"@type\":\"CommentAction\",\"name\":\"Comment\",\"target\":[\"https:\\\/\\\/www.article-marketing.eu\\\/comunicatistampa\\\/sabrina-de-filippis-inaugurata-a-dicembre-la-sala-operativa-del-polo-logistica-di-fs\\\/#respond\"]}]},{\"@type\":\"WebPage\",\"@id\":\"https:\\\/\\\/www.article-marketing.eu\\\/comunicatistampa\\\/sabrina-de-filippis-inaugurata-a-dicembre-la-sala-operativa-del-polo-logistica-di-fs\\\/\",\"url\":\"https:\\\/\\\/www.article-marketing.eu\\\/comunicatistampa\\\/sabrina-de-filippis-inaugurata-a-dicembre-la-sala-operativa-del-polo-logistica-di-fs\\\/\",\"name\":\"Sabrina De Filippis: inaugurata a dicembre la sala operativa del Polo Logistica di FS\",\"isPartOf\":{\"@id\":\"https:\\\/\\\/www.article-marketing.eu\\\/comunicatistampa\\\/#website\"},\"primaryImageOfPage\":{\"@id\":\"https:\\\/\\\/www.article-marketing.eu\\\/comunicatistampa\\\/sabrina-de-filippis-inaugurata-a-dicembre-la-sala-operativa-del-polo-logistica-di-fs\\\/#primaryimage\"},\"image\":{\"@id\":\"https:\\\/\\\/www.article-marketing.eu\\\/comunicatistampa\\\/sabrina-de-filippis-inaugurata-a-dicembre-la-sala-operativa-del-polo-logistica-di-fs\\\/#primaryimage\"},\"thumbnailUrl\":\"https:\\\/\\\/www.greengoenergy.eu\\\/wp-content\\\/uploads\\\/2024\\\/07\\\/sabrina_de_filippis_2024.jpg\",\"datePublished\":\"2025-03-08T12:44:01+00:00\",\"author\":{\"@id\":\"https:\\\/\\\/www.article-marketing.eu\\\/comunicatistampa\\\/#\\\/schema\\\/person\\\/2fcaf8f8f3a9eef9eb7f27532d3ca458\"},\"description\":\"All\u2019inaugurazione dello scorso dicembre di SONLOG, Sabrina De Filippis ha enfatizzato il ruolo strategico della nuova cabina di regia\",\"breadcrumb\":{\"@id\":\"https:\\\/\\\/www.article-marketing.eu\\\/comunicatistampa\\\/sabrina-de-filippis-inaugurata-a-dicembre-la-sala-operativa-del-polo-logistica-di-fs\\\/#breadcrumb\"},\"inLanguage\":\"it-IT\",\"potentialAction\":[{\"@type\":\"ReadAction\",\"target\":[\"https:\\\/\\\/www.article-marketing.eu\\\/comunicatistampa\\\/sabrina-de-filippis-inaugurata-a-dicembre-la-sala-operativa-del-polo-logistica-di-fs\\\/\"]}]},{\"@type\":\"ImageObject\",\"inLanguage\":\"it-IT\",\"@id\":\"https:\\\/\\\/www.article-marketing.eu\\\/comunicatistampa\\\/sabrina-de-filippis-inaugurata-a-dicembre-la-sala-operativa-del-polo-logistica-di-fs\\\/#primaryimage\",\"url\":\"https:\\\/\\\/www.greengoenergy.eu\\\/wp-content\\\/uploads\\\/2024\\\/07\\\/sabrina_de_filippis_2024.jpg\",\"contentUrl\":\"https:\\\/\\\/www.greengoenergy.eu\\\/wp-content\\\/uploads\\\/2024\\\/07\\\/sabrina_de_filippis_2024.jpg\"},{\"@type\":\"BreadcrumbList\",\"@id\":\"https:\\\/\\\/www.article-marketing.eu\\\/comunicatistampa\\\/sabrina-de-filippis-inaugurata-a-dicembre-la-sala-operativa-del-polo-logistica-di-fs\\\/#breadcrumb\",\"itemListElement\":[{\"@type\":\"ListItem\",\"position\":1,\"name\":\"Home\",\"item\":\"https:\\\/\\\/www.article-marketing.eu\\\/comunicatistampa\\\/\"},{\"@type\":\"ListItem\",\"position\":2,\"name\":\"Sabrina De Filippis: inaugurata a dicembre la sala operativa del Polo Logistica di FS\"}]},{\"@type\":\"WebSite\",\"@id\":\"https:\\\/\\\/www.article-marketing.eu\\\/comunicatistampa\\\/#website\",\"url\":\"https:\\\/\\\/www.article-marketing.eu\\\/comunicatistampa\\\/\",\"name\":\"Article Marketing\",\"description\":\"article marketing &amp; press release\",\"potentialAction\":[{\"@type\":\"SearchAction\",\"target\":{\"@type\":\"EntryPoint\",\"urlTemplate\":\"https:\\\/\\\/www.article-marketing.eu\\\/comunicatistampa\\\/?s={search_term_string}\"},\"query-input\":{\"@type\":\"PropertyValueSpecification\",\"valueRequired\":true,\"valueName\":\"search_term_string\"}}],\"inLanguage\":\"it-IT\"},{\"@type\":\"Person\",\"@id\":\"https:\\\/\\\/www.article-marketing.eu\\\/comunicatistampa\\\/#\\\/schema\\\/person\\\/2fcaf8f8f3a9eef9eb7f27532d3ca458\",\"name\":\"articolinews\",\"image\":{\"@type\":\"ImageObject\",\"inLanguage\":\"it-IT\",\"@id\":\"https:\\\/\\\/secure.gravatar.com\\\/avatar\\\/9e2a264bab04e17dea24d937c9956304649a848cb73c46747a692ff1bdeb1cb7?s=96&d=mm&r=g\",\"url\":\"https:\\\/\\\/secure.gravatar.com\\\/avatar\\\/9e2a264bab04e17dea24d937c9956304649a848cb73c46747a692ff1bdeb1cb7?s=96&d=mm&r=g\",\"contentUrl\":\"https:\\\/\\\/secure.gravatar.com\\\/avatar\\\/9e2a264bab04e17dea24d937c9956304649a848cb73c46747a692ff1bdeb1cb7?s=96&d=mm&r=g\",\"caption\":\"articolinews\"},\"url\":\"https:\\\/\\\/www.article-marketing.eu\\\/comunicatistampa\\\/author\\\/articolinews\\\/\"}]}<\/script>\n<!-- \/ Yoast SEO plugin. -->","yoast_head_json":{"title":"Sabrina De Filippis: inaugurata a dicembre la sala operativa del Polo Logistica di FS","description":"All\u2019inaugurazione dello scorso dicembre di SONLOG, Sabrina De Filippis ha enfatizzato il ruolo strategico della nuova cabina di regia","robots":{"index":"index","follow":"follow","max-snippet":"max-snippet:-1","max-image-preview":"max-image-preview:large","max-video-preview":"max-video-preview:-1"},"canonical":"https:\/\/www.article-marketing.eu\/comunicatistampa\/sabrina-de-filippis-inaugurata-a-dicembre-la-sala-operativa-del-polo-logistica-di-fs\/","og_locale":"it_IT","og_type":"article","og_title":"Sabrina De Filippis: inaugurata a dicembre la sala operativa del Polo Logistica di FS","og_description":"All\u2019inaugurazione dello scorso dicembre di SONLOG, Sabrina De Filippis ha enfatizzato il ruolo strategico della nuova cabina di regia","og_url":"https:\/\/www.article-marketing.eu\/comunicatistampa\/sabrina-de-filippis-inaugurata-a-dicembre-la-sala-operativa-del-polo-logistica-di-fs\/","og_site_name":"Article Marketing","article_published_time":"2025-03-08T12:44:01+00:00","og_image":[{"url":"https:\/\/www.greengoenergy.eu\/wp-content\/uploads\/2024\/07\/sabrina_de_filippis_2024.jpg","type":"","width":"","height":""}],"author":"articolinews","twitter_card":"summary_large_image","twitter_misc":{"Scritto da":"articolinews","Tempo di lettura stimato":"3 minuti"},"schema":{"@context":"https:\/\/schema.org","@graph":[{"@type":"Article","@id":"https:\/\/www.article-marketing.eu\/comunicatistampa\/sabrina-de-filippis-inaugurata-a-dicembre-la-sala-operativa-del-polo-logistica-di-fs\/#article","isPartOf":{"@id":"https:\/\/www.article-marketing.eu\/comunicatistampa\/sabrina-de-filippis-inaugurata-a-dicembre-la-sala-operativa-del-polo-logistica-di-fs\/"},"author":{"name":"articolinews","@id":"https:\/\/www.article-marketing.eu\/comunicatistampa\/#\/schema\/person\/2fcaf8f8f3a9eef9eb7f27532d3ca458"},"headline":"Sabrina De Filippis: inaugurata a dicembre la sala operativa del Polo Logistica di FS","datePublished":"2025-03-08T12:44:01+00:00","mainEntityOfPage":{"@id":"https:\/\/www.article-marketing.eu\/comunicatistampa\/sabrina-de-filippis-inaugurata-a-dicembre-la-sala-operativa-del-polo-logistica-di-fs\/"},"wordCount":377,"commentCount":0,"image":{"@id":"https:\/\/www.article-marketing.eu\/comunicatistampa\/sabrina-de-filippis-inaugurata-a-dicembre-la-sala-operativa-del-polo-logistica-di-fs\/#primaryimage"},"thumbnailUrl":"https:\/\/www.greengoenergy.eu\/wp-content\/uploads\/2024\/07\/sabrina_de_filippis_2024.jpg","keywords":["Sabrina De Filippis"],"articleSection":["Aziende"],"inLanguage":"it-IT","potentialAction":[{"@type":"CommentAction","name":"Comment","target":["https:\/\/www.article-marketing.eu\/comunicatistampa\/sabrina-de-filippis-inaugurata-a-dicembre-la-sala-operativa-del-polo-logistica-di-fs\/#respond"]}]},{"@type":"WebPage","@id":"https:\/\/www.article-marketing.eu\/comunicatistampa\/sabrina-de-filippis-inaugurata-a-dicembre-la-sala-operativa-del-polo-logistica-di-fs\/","url":"https:\/\/www.article-marketing.eu\/comunicatistampa\/sabrina-de-filippis-inaugurata-a-dicembre-la-sala-operativa-del-polo-logistica-di-fs\/","name":"Sabrina De Filippis: inaugurata a dicembre la sala operativa del Polo Logistica di FS","isPartOf":{"@id":"https:\/\/www.article-marketing.eu\/comunicatistampa\/#website"},"primaryImageOfPage":{"@id":"https:\/\/www.article-marketing.eu\/comunicatistampa\/sabrina-de-filippis-inaugurata-a-dicembre-la-sala-operativa-del-polo-logistica-di-fs\/#primaryimage"},"image":{"@id":"https:\/\/www.article-marketing.eu\/comunicatistampa\/sabrina-de-filippis-inaugurata-a-dicembre-la-sala-operativa-del-polo-logistica-di-fs\/#primaryimage"},"thumbnailUrl":"https:\/\/www.greengoenergy.eu\/wp-content\/uploads\/2024\/07\/sabrina_de_filippis_2024.jpg","datePublished":"2025-03-08T12:44:01+00:00","author":{"@id":"https:\/\/www.article-marketing.eu\/comunicatistampa\/#\/schema\/person\/2fcaf8f8f3a9eef9eb7f27532d3ca458"},"description":"All\u2019inaugurazione dello scorso dicembre di SONLOG, Sabrina De Filippis ha enfatizzato il ruolo strategico della nuova cabina di regia","breadcrumb":{"@id":"https:\/\/www.article-marketing.eu\/comunicatistampa\/sabrina-de-filippis-inaugurata-a-dicembre-la-sala-operativa-del-polo-logistica-di-fs\/#breadcrumb"},"inLanguage":"it-IT","potentialAction":[{"@type":"ReadAction","target":["https:\/\/www.article-marketing.eu\/comunicatistampa\/sabrina-de-filippis-inaugurata-a-dicembre-la-sala-operativa-del-polo-logistica-di-fs\/"]}]},{"@type":"ImageObject","inLanguage":"it-IT","@id":"https:\/\/www.article-marketing.eu\/comunicatistampa\/sabrina-de-filippis-inaugurata-a-dicembre-la-sala-operativa-del-polo-logistica-di-fs\/#primaryimage","url":"https:\/\/www.greengoenergy.eu\/wp-content\/uploads\/2024\/07\/sabrina_de_filippis_2024.jpg","contentUrl":"https:\/\/www.greengoenergy.eu\/wp-content\/uploads\/2024\/07\/sabrina_de_filippis_2024.jpg"},{"@type":"BreadcrumbList","@id":"https:\/\/www.article-marketing.eu\/comunicatistampa\/sabrina-de-filippis-inaugurata-a-dicembre-la-sala-operativa-del-polo-logistica-di-fs\/#breadcrumb","itemListElement":[{"@type":"ListItem","position":1,"name":"Home","item":"https:\/\/www.article-marketing.eu\/comunicatistampa\/"},{"@type":"ListItem","position":2,"name":"Sabrina De Filippis: inaugurata a dicembre la sala operativa del Polo Logistica di FS"}]},{"@type":"WebSite","@id":"https:\/\/www.article-marketing.eu\/comunicatistampa\/#website","url":"https:\/\/www.article-marketing.eu\/comunicatistampa\/","name":"Article Marketing","description":"article marketing &amp; press release","potentialAction":[{"@type":"SearchAction","target":{"@type":"EntryPoint","urlTemplate":"https:\/\/www.article-marketing.eu\/comunicatistampa\/?s={search_term_string}"},"query-input":{"@type":"PropertyValueSpecification","valueRequired":true,"valueName":"search_term_string"}}],"inLanguage":"it-IT"},{"@type":"Person","@id":"https:\/\/www.article-marketing.eu\/comunicatistampa\/#\/schema\/person\/2fcaf8f8f3a9eef9eb7f27532d3ca458","name":"articolinews","image":{"@type":"ImageObject","inLanguage":"it-IT","@id":"https:\/\/secure.gravatar.com\/avatar\/9e2a264bab04e17dea24d937c9956304649a848cb73c46747a692ff1bdeb1cb7?s=96&d=mm&r=g","url":"https:\/\/secure.gravatar.com\/avatar\/9e2a264bab04e17dea24d937c9956304649a848cb73c46747a692ff1bdeb1cb7?s=96&d=mm&r=g","contentUrl":"https:\/\/secure.gravatar.com\/avatar\/9e2a264bab04e17dea24d937c9956304649a848cb73c46747a692ff1bdeb1cb7?s=96&d=mm&r=g","caption":"articolinews"},"url":"https:\/\/www.article-marketing.eu\/comunicatistampa\/author\/articolinews\/"}]}},"_links":{"self":[{"href":"https:\/\/www.article-marketing.eu\/comunicatistampa\/wp-json\/wp\/v2\/posts\/32027","targetHints":{"allow":["GET"]}}],"collection":[{"href":"https:\/\/www.article-marketing.eu\/comunicatistampa\/wp-json\/wp\/v2\/posts"}],"about":[{"href":"https:\/\/www.article-marketing.eu\/comunicatistampa\/wp-json\/wp\/v2\/types\/post"}],"author":[{"embeddable":true,"href":"https:\/\/www.article-marketing.eu\/comunicatistampa\/wp-json\/wp\/v2\/users\/6477"}],"replies":[{"embeddable":true,"href":"https:\/\/www.article-marketing.eu\/comunicatistampa\/wp-json\/wp\/v2\/comments?post=32027"}],"version-history":[{"count":2,"href":"https:\/\/www.article-marketing.eu\/comunicatistampa\/wp-json\/wp\/v2\/posts\/32027\/revisions"}],"predecessor-version":[{"id":32243,"href":"https:\/\/www.article-marketing.eu\/comunicatistampa\/wp-json\/wp\/v2\/posts\/32027\/revisions\/32243"}],"wp:attachment":[{"href":"https:\/\/www.article-marketing.eu\/comunicatistampa\/wp-json\/wp\/v2\/media?parent=32027"}],"wp:term":[{"taxonomy":"category","embeddable":true,"href":"https:\/\/www.article-marketing.eu\/comunicatistampa\/wp-json\/wp\/v2\/categories?post=32027"},{"taxonomy":"post_tag","embeddable":true,"href":"https:\/\/www.article-marketing.eu\/comunicatistampa\/wp-json\/wp\/v2\/tags?post=32027"}],"curies":[{"name":"wp","href":"https:\/\/api.w.org\/{rel}","templated":true}]}}