{"id":32051,"date":"2025-03-08T13:44:50","date_gmt":"2025-03-08T12:44:50","guid":{"rendered":"https:\/\/www.article-marketing.eu\/comunicatistampa\/?p=32051"},"modified":"2025-03-08T13:44:50","modified_gmt":"2025-03-08T12:44:50","slug":"diana-bracco-promozione-delle-stem-e-della-parita-di-genere-nelle-scuole-italiane-allestero","status":"publish","type":"post","link":"https:\/\/www.article-marketing.eu\/comunicatistampa\/diana-bracco-promozione-delle-stem-e-della-parita-di-genere-nelle-scuole-italiane-allestero\/","title":{"rendered":"Diana Bracco: promozione delle STEM e della parit\u00e0 di genere nelle scuole italiane all\u2019estero"},"content":{"rendered":"<p><em><strong>Con la firma dell\u2019accordo con il Ministero degli Affari Esteri e della Cooperazione Internazionale, <a title=\"Adnkronos, Diana Bracco: &quot;Nostro obiettivo \u00e8 diffondere cultura scientifica&quot;\" href=\"https:\/\/www.adnkronos.com\/Archivio\/lavoro\/diana-bracco-nostro-obiettivo-e-diffondere-cultura-scientifica_1hH9ZeshtVz6a2usmPUTXL\">Diana Bracco<\/a>, AD e Presidente del Gruppo Bracco, ha dato il via al \u201cprogettoDiventer\u00f2 nel Mondo\u201d, ideato da Fondazione Bracco con lo scopo di promuovere la cultura scientifica e la parit\u00e0 di genere nelle scuole italiane all\u2019estero tra le studentesse e gli studenti.<\/strong><\/em><\/p>\n<p><a title=\"Diana Bracco: &quot;Diffondere anche la parit\u00e0 di genere nelle scuole italiane all'estero&quot;\" href=\"https:\/\/www.adnkronos.com\/Archivio\/lavoro\/diana-bracco-nostro-obiettivo-e-diffondere-cultura-scientifica_1hH9ZeshtVz6a2usmPUTXL\"><img loading=\"lazy\" decoding=\"async\" src=\"https:\/\/www.adnkronos.com\/resources\/0294-1c99c8449d43-1a6ed956d574-1000\/format\/big\/bracco.jpeg\" alt=\"Diana Bracco\" width=\"200\" height=\"150\" \/><\/a><\/p>\n<h2>Diana Bracco: accordo con il Ministero degli Affari Esteri per il \u201cprogettoDiventer\u00f2 nel Mondo\u201d<\/h2>\n<p>Si \u00e8 tenuta a Milano, lo scorso dicembre, la seconda edizione della Conferenza Nazionale dell\u2019Export e dell\u2019Internazionalizzazione delle Imprese, evento organizzato dal Ministero degli Affari Esteri e della Cooperazione Internazionale. <em>\u201cRingrazio di cuore il Ministro Tajani per questo incontro che sancisce l\u2019avvio di un progetto di collaborazione tra Ministero degli Esteri e Fondazione Bracco per la promozione della lingua e della cultura scientifica nelle nostre scuole italiane all\u2019estero\u201d.<\/em> Queste le parole di <strong>Diana Bracco<\/strong>, AD e Presidente del Gruppo Bracco, intervenuta dopo la firma dell\u2019accordo con il Ministro degli Affari Esteri e della Cooperazione Internazionale per il \u201cprogettoDiventer\u00f2 nel Mondo\u201d. L\u2019iniziativa, ideata dalla Fondazione Bracco per le scuole italiane all\u2019estero, si pone come scopo di promuovere <em>\u201cla formazione dei giovani con anche l&#8217;obiettivo di stimolare la riflessione sull\u2019importanza delle materie STEM e favorire i percorsi scientifici al femminile&#8221;<\/em>, ha aggiunto Diana Bracco.<\/p>\n<h2>Diana Bracco: promuovere la cultura scientifica e la parit\u00e0 di genere nelle scuole<\/h2>\n<p>Il progetto della Fondazione \u00e8 attivo dall\u2019inizio del 2025, nelle scuole italiane statali di Zurigo, Parigi, Barcellona, Madrid, Atene, Istanbul, Addis Ababa e a seguire in pi\u00f9 di 40 scuole paritarie diffuse nei cinque continenti. <a title=\"Leggi le dichiarazioni integrali di Diana Bracco\" href=\"https:\/\/www.adnkronos.com\/Archivio\/lavoro\/diana-bracco-nostro-obiettivo-e-diffondere-cultura-scientifica_1hH9ZeshtVz6a2usmPUTXL\">Diana Bracco<\/a> ha precisato che <em>\u201cil nostro obiettivo \u00e8 diffondere la cultura scientifica e la parit\u00e0 di genere nelle scuole italiane all&#8217;estero. \u00c8 bello che il lancio di questo progetto rivolto a studenti e studentesse giovanissimi sia nell\u2019ambito della seconda edizione della Conferenza. Ringrazio, in particolare, l\u2019Ufficio V della Direzione Generale per la diplomazia pubblica del Ministero per l\u2019aiuto concreto che ci sta dando\u201d. &#8220;Il Gruppo Bracco \u00e8 leader globale nel settore dell&#8217;imaging diagnostico e conosce bene l&#8217;importanza di fare Sistema per avere successo all&#8217;estero\u201d, <\/em>ha concluso Diana Bracco.<\/p>\n","protected":false},"excerpt":{"rendered":"<p>Con la firma dell\u2019accordo con il Ministero degli Affari Esteri e della Cooperazione Internazionale, Diana Bracco, AD e Presidente del Gruppo Bracco, ha dato il via al \u201cprogettoDiventer\u00f2 nel Mondo\u201d, ideato da Fondazione Bracco con lo scopo di promuovere la cultura scientifica e la parit\u00e0 di genere nelle scuole italiane all\u2019estero tra le studentesse e gli studenti. Diana Bracco: accordo con il Ministero degli Affari Esteri per il \u201cprogettoDiventer\u00f2 nel<\/p>\n<p><a class=\"continue-reading\" href=\"https:\/\/www.article-marketing.eu\/comunicatistampa\/diana-bracco-promozione-delle-stem-e-della-parita-di-genere-nelle-scuole-italiane-allestero\/\">Continue reading&#8230;<\/a><\/p>\n","protected":false},"author":6477,"featured_media":0,"comment_status":"open","ping_status":"open","sticky":false,"template":"","format":"standard","meta":{"_monsterinsights_skip_tracking":false,"_monsterinsights_sitenote_active":false,"_monsterinsights_sitenote_note":"","_monsterinsights_sitenote_category":0,"footnotes":""},"categories":[390],"tags":[11089],"class_list":["post-32051","post","type-post","status-publish","format-standard","hentry","category-professionisti","tag-diana-bracco"],"yoast_head":"<!-- This site is optimized with the Yoast SEO plugin v27.3 - https:\/\/yoast.com\/product\/yoast-seo-wordpress\/ -->\n<title>Diana Bracco: promozione delle STEM e della parit\u00e0 di genere nelle scuole italiane all\u2019estero<\/title>\n<meta name=\"robots\" content=\"index, follow, max-snippet:-1, max-image-preview:large, max-video-preview:-1\" \/>\n<link rel=\"canonical\" href=\"https:\/\/www.article-marketing.eu\/comunicatistampa\/diana-bracco-promozione-delle-stem-e-della-parita-di-genere-nelle-scuole-italiane-allestero\/\" \/>\n<meta property=\"og:locale\" content=\"it_IT\" \/>\n<meta property=\"og:type\" content=\"article\" \/>\n<meta property=\"og:title\" content=\"Diana Bracco: promozione delle STEM e della parit\u00e0 di genere nelle scuole italiane all\u2019estero\" \/>\n<meta property=\"og:description\" content=\"Con la firma dell\u2019accordo con il Ministero degli Affari Esteri e della Cooperazione Internazionale, Diana Bracco, AD e Presidente del Gruppo Bracco, ha dato il via al \u201cprogettoDiventer\u00f2 nel Mondo\u201d, ideato da Fondazione Bracco con lo scopo di promuovere la cultura scientifica e la parit\u00e0 di genere nelle scuole italiane all\u2019estero tra le studentesse e gli studenti. Diana Bracco: accordo con il Ministero degli Affari Esteri per il \u201cprogettoDiventer\u00f2 nelContinue reading...\" \/>\n<meta property=\"og:url\" content=\"https:\/\/www.article-marketing.eu\/comunicatistampa\/diana-bracco-promozione-delle-stem-e-della-parita-di-genere-nelle-scuole-italiane-allestero\/\" \/>\n<meta property=\"og:site_name\" content=\"Article Marketing\" \/>\n<meta property=\"article:published_time\" content=\"2025-03-08T12:44:50+00:00\" \/>\n<meta property=\"og:image\" content=\"https:\/\/www.adnkronos.com\/resources\/0294-1c99c8449d43-1a6ed956d574-1000\/format\/big\/bracco.jpeg\" \/>\n<meta name=\"author\" content=\"articolinews\" \/>\n<meta name=\"twitter:card\" content=\"summary_large_image\" \/>\n<meta name=\"twitter:label1\" content=\"Scritto da\" \/>\n\t<meta name=\"twitter:data1\" content=\"articolinews\" \/>\n\t<meta name=\"twitter:label2\" content=\"Tempo di lettura stimato\" \/>\n\t<meta name=\"twitter:data2\" content=\"3 minuti\" \/>\n<script type=\"application\/ld+json\" class=\"yoast-schema-graph\">{\"@context\":\"https:\\\/\\\/schema.org\",\"@graph\":[{\"@type\":\"Article\",\"@id\":\"https:\\\/\\\/www.article-marketing.eu\\\/comunicatistampa\\\/diana-bracco-promozione-delle-stem-e-della-parita-di-genere-nelle-scuole-italiane-allestero\\\/#article\",\"isPartOf\":{\"@id\":\"https:\\\/\\\/www.article-marketing.eu\\\/comunicatistampa\\\/diana-bracco-promozione-delle-stem-e-della-parita-di-genere-nelle-scuole-italiane-allestero\\\/\"},\"author\":{\"name\":\"articolinews\",\"@id\":\"https:\\\/\\\/www.article-marketing.eu\\\/comunicatistampa\\\/#\\\/schema\\\/person\\\/2fcaf8f8f3a9eef9eb7f27532d3ca458\"},\"headline\":\"Diana Bracco: promozione delle STEM e della parit\u00e0 di genere nelle scuole italiane all\u2019estero\",\"datePublished\":\"2025-03-08T12:44:50+00:00\",\"mainEntityOfPage\":{\"@id\":\"https:\\\/\\\/www.article-marketing.eu\\\/comunicatistampa\\\/diana-bracco-promozione-delle-stem-e-della-parita-di-genere-nelle-scuole-italiane-allestero\\\/\"},\"wordCount\":372,\"commentCount\":0,\"image\":{\"@id\":\"https:\\\/\\\/www.article-marketing.eu\\\/comunicatistampa\\\/diana-bracco-promozione-delle-stem-e-della-parita-di-genere-nelle-scuole-italiane-allestero\\\/#primaryimage\"},\"thumbnailUrl\":\"https:\\\/\\\/www.adnkronos.com\\\/resources\\\/0294-1c99c8449d43-1a6ed956d574-1000\\\/format\\\/big\\\/bracco.jpeg\",\"keywords\":[\"Diana Bracco\"],\"articleSection\":[\"Professionisti\"],\"inLanguage\":\"it-IT\",\"potentialAction\":[{\"@type\":\"CommentAction\",\"name\":\"Comment\",\"target\":[\"https:\\\/\\\/www.article-marketing.eu\\\/comunicatistampa\\\/diana-bracco-promozione-delle-stem-e-della-parita-di-genere-nelle-scuole-italiane-allestero\\\/#respond\"]}]},{\"@type\":\"WebPage\",\"@id\":\"https:\\\/\\\/www.article-marketing.eu\\\/comunicatistampa\\\/diana-bracco-promozione-delle-stem-e-della-parita-di-genere-nelle-scuole-italiane-allestero\\\/\",\"url\":\"https:\\\/\\\/www.article-marketing.eu\\\/comunicatistampa\\\/diana-bracco-promozione-delle-stem-e-della-parita-di-genere-nelle-scuole-italiane-allestero\\\/\",\"name\":\"Diana Bracco: promozione delle STEM e della parit\u00e0 di genere nelle scuole italiane all\u2019estero\",\"isPartOf\":{\"@id\":\"https:\\\/\\\/www.article-marketing.eu\\\/comunicatistampa\\\/#website\"},\"primaryImageOfPage\":{\"@id\":\"https:\\\/\\\/www.article-marketing.eu\\\/comunicatistampa\\\/diana-bracco-promozione-delle-stem-e-della-parita-di-genere-nelle-scuole-italiane-allestero\\\/#primaryimage\"},\"image\":{\"@id\":\"https:\\\/\\\/www.article-marketing.eu\\\/comunicatistampa\\\/diana-bracco-promozione-delle-stem-e-della-parita-di-genere-nelle-scuole-italiane-allestero\\\/#primaryimage\"},\"thumbnailUrl\":\"https:\\\/\\\/www.adnkronos.com\\\/resources\\\/0294-1c99c8449d43-1a6ed956d574-1000\\\/format\\\/big\\\/bracco.jpeg\",\"datePublished\":\"2025-03-08T12:44:50+00:00\",\"author\":{\"@id\":\"https:\\\/\\\/www.article-marketing.eu\\\/comunicatistampa\\\/#\\\/schema\\\/person\\\/2fcaf8f8f3a9eef9eb7f27532d3ca458\"},\"breadcrumb\":{\"@id\":\"https:\\\/\\\/www.article-marketing.eu\\\/comunicatistampa\\\/diana-bracco-promozione-delle-stem-e-della-parita-di-genere-nelle-scuole-italiane-allestero\\\/#breadcrumb\"},\"inLanguage\":\"it-IT\",\"potentialAction\":[{\"@type\":\"ReadAction\",\"target\":[\"https:\\\/\\\/www.article-marketing.eu\\\/comunicatistampa\\\/diana-bracco-promozione-delle-stem-e-della-parita-di-genere-nelle-scuole-italiane-allestero\\\/\"]}]},{\"@type\":\"ImageObject\",\"inLanguage\":\"it-IT\",\"@id\":\"https:\\\/\\\/www.article-marketing.eu\\\/comunicatistampa\\\/diana-bracco-promozione-delle-stem-e-della-parita-di-genere-nelle-scuole-italiane-allestero\\\/#primaryimage\",\"url\":\"https:\\\/\\\/www.adnkronos.com\\\/resources\\\/0294-1c99c8449d43-1a6ed956d574-1000\\\/format\\\/big\\\/bracco.jpeg\",\"contentUrl\":\"https:\\\/\\\/www.adnkronos.com\\\/resources\\\/0294-1c99c8449d43-1a6ed956d574-1000\\\/format\\\/big\\\/bracco.jpeg\"},{\"@type\":\"BreadcrumbList\",\"@id\":\"https:\\\/\\\/www.article-marketing.eu\\\/comunicatistampa\\\/diana-bracco-promozione-delle-stem-e-della-parita-di-genere-nelle-scuole-italiane-allestero\\\/#breadcrumb\",\"itemListElement\":[{\"@type\":\"ListItem\",\"position\":1,\"name\":\"Home\",\"item\":\"https:\\\/\\\/www.article-marketing.eu\\\/comunicatistampa\\\/\"},{\"@type\":\"ListItem\",\"position\":2,\"name\":\"Diana Bracco: promozione delle STEM e della parit\u00e0 di genere nelle scuole italiane all\u2019estero\"}]},{\"@type\":\"WebSite\",\"@id\":\"https:\\\/\\\/www.article-marketing.eu\\\/comunicatistampa\\\/#website\",\"url\":\"https:\\\/\\\/www.article-marketing.eu\\\/comunicatistampa\\\/\",\"name\":\"Article Marketing\",\"description\":\"article marketing &amp; press release\",\"potentialAction\":[{\"@type\":\"SearchAction\",\"target\":{\"@type\":\"EntryPoint\",\"urlTemplate\":\"https:\\\/\\\/www.article-marketing.eu\\\/comunicatistampa\\\/?s={search_term_string}\"},\"query-input\":{\"@type\":\"PropertyValueSpecification\",\"valueRequired\":true,\"valueName\":\"search_term_string\"}}],\"inLanguage\":\"it-IT\"},{\"@type\":\"Person\",\"@id\":\"https:\\\/\\\/www.article-marketing.eu\\\/comunicatistampa\\\/#\\\/schema\\\/person\\\/2fcaf8f8f3a9eef9eb7f27532d3ca458\",\"name\":\"articolinews\",\"image\":{\"@type\":\"ImageObject\",\"inLanguage\":\"it-IT\",\"@id\":\"https:\\\/\\\/secure.gravatar.com\\\/avatar\\\/9e2a264bab04e17dea24d937c9956304649a848cb73c46747a692ff1bdeb1cb7?s=96&d=mm&r=g\",\"url\":\"https:\\\/\\\/secure.gravatar.com\\\/avatar\\\/9e2a264bab04e17dea24d937c9956304649a848cb73c46747a692ff1bdeb1cb7?s=96&d=mm&r=g\",\"contentUrl\":\"https:\\\/\\\/secure.gravatar.com\\\/avatar\\\/9e2a264bab04e17dea24d937c9956304649a848cb73c46747a692ff1bdeb1cb7?s=96&d=mm&r=g\",\"caption\":\"articolinews\"},\"url\":\"https:\\\/\\\/www.article-marketing.eu\\\/comunicatistampa\\\/author\\\/articolinews\\\/\"}]}<\/script>\n<!-- \/ Yoast SEO plugin. -->","yoast_head_json":{"title":"Diana Bracco: promozione delle STEM e della parit\u00e0 di genere nelle scuole italiane all\u2019estero","robots":{"index":"index","follow":"follow","max-snippet":"max-snippet:-1","max-image-preview":"max-image-preview:large","max-video-preview":"max-video-preview:-1"},"canonical":"https:\/\/www.article-marketing.eu\/comunicatistampa\/diana-bracco-promozione-delle-stem-e-della-parita-di-genere-nelle-scuole-italiane-allestero\/","og_locale":"it_IT","og_type":"article","og_title":"Diana Bracco: promozione delle STEM e della parit\u00e0 di genere nelle scuole italiane all\u2019estero","og_description":"Con la firma dell\u2019accordo con il Ministero degli Affari Esteri e della Cooperazione Internazionale, Diana Bracco, AD e Presidente del Gruppo Bracco, ha dato il via al \u201cprogettoDiventer\u00f2 nel Mondo\u201d, ideato da Fondazione Bracco con lo scopo di promuovere la cultura scientifica e la parit\u00e0 di genere nelle scuole italiane all\u2019estero tra le studentesse e gli studenti. Diana Bracco: accordo con il Ministero degli Affari Esteri per il \u201cprogettoDiventer\u00f2 nelContinue reading...","og_url":"https:\/\/www.article-marketing.eu\/comunicatistampa\/diana-bracco-promozione-delle-stem-e-della-parita-di-genere-nelle-scuole-italiane-allestero\/","og_site_name":"Article Marketing","article_published_time":"2025-03-08T12:44:50+00:00","og_image":[{"url":"https:\/\/www.adnkronos.com\/resources\/0294-1c99c8449d43-1a6ed956d574-1000\/format\/big\/bracco.jpeg","type":"","width":"","height":""}],"author":"articolinews","twitter_card":"summary_large_image","twitter_misc":{"Scritto da":"articolinews","Tempo di lettura stimato":"3 minuti"},"schema":{"@context":"https:\/\/schema.org","@graph":[{"@type":"Article","@id":"https:\/\/www.article-marketing.eu\/comunicatistampa\/diana-bracco-promozione-delle-stem-e-della-parita-di-genere-nelle-scuole-italiane-allestero\/#article","isPartOf":{"@id":"https:\/\/www.article-marketing.eu\/comunicatistampa\/diana-bracco-promozione-delle-stem-e-della-parita-di-genere-nelle-scuole-italiane-allestero\/"},"author":{"name":"articolinews","@id":"https:\/\/www.article-marketing.eu\/comunicatistampa\/#\/schema\/person\/2fcaf8f8f3a9eef9eb7f27532d3ca458"},"headline":"Diana Bracco: promozione delle STEM e della parit\u00e0 di genere nelle scuole italiane all\u2019estero","datePublished":"2025-03-08T12:44:50+00:00","mainEntityOfPage":{"@id":"https:\/\/www.article-marketing.eu\/comunicatistampa\/diana-bracco-promozione-delle-stem-e-della-parita-di-genere-nelle-scuole-italiane-allestero\/"},"wordCount":372,"commentCount":0,"image":{"@id":"https:\/\/www.article-marketing.eu\/comunicatistampa\/diana-bracco-promozione-delle-stem-e-della-parita-di-genere-nelle-scuole-italiane-allestero\/#primaryimage"},"thumbnailUrl":"https:\/\/www.adnkronos.com\/resources\/0294-1c99c8449d43-1a6ed956d574-1000\/format\/big\/bracco.jpeg","keywords":["Diana Bracco"],"articleSection":["Professionisti"],"inLanguage":"it-IT","potentialAction":[{"@type":"CommentAction","name":"Comment","target":["https:\/\/www.article-marketing.eu\/comunicatistampa\/diana-bracco-promozione-delle-stem-e-della-parita-di-genere-nelle-scuole-italiane-allestero\/#respond"]}]},{"@type":"WebPage","@id":"https:\/\/www.article-marketing.eu\/comunicatistampa\/diana-bracco-promozione-delle-stem-e-della-parita-di-genere-nelle-scuole-italiane-allestero\/","url":"https:\/\/www.article-marketing.eu\/comunicatistampa\/diana-bracco-promozione-delle-stem-e-della-parita-di-genere-nelle-scuole-italiane-allestero\/","name":"Diana Bracco: promozione delle STEM e della parit\u00e0 di genere nelle scuole italiane all\u2019estero","isPartOf":{"@id":"https:\/\/www.article-marketing.eu\/comunicatistampa\/#website"},"primaryImageOfPage":{"@id":"https:\/\/www.article-marketing.eu\/comunicatistampa\/diana-bracco-promozione-delle-stem-e-della-parita-di-genere-nelle-scuole-italiane-allestero\/#primaryimage"},"image":{"@id":"https:\/\/www.article-marketing.eu\/comunicatistampa\/diana-bracco-promozione-delle-stem-e-della-parita-di-genere-nelle-scuole-italiane-allestero\/#primaryimage"},"thumbnailUrl":"https:\/\/www.adnkronos.com\/resources\/0294-1c99c8449d43-1a6ed956d574-1000\/format\/big\/bracco.jpeg","datePublished":"2025-03-08T12:44:50+00:00","author":{"@id":"https:\/\/www.article-marketing.eu\/comunicatistampa\/#\/schema\/person\/2fcaf8f8f3a9eef9eb7f27532d3ca458"},"breadcrumb":{"@id":"https:\/\/www.article-marketing.eu\/comunicatistampa\/diana-bracco-promozione-delle-stem-e-della-parita-di-genere-nelle-scuole-italiane-allestero\/#breadcrumb"},"inLanguage":"it-IT","potentialAction":[{"@type":"ReadAction","target":["https:\/\/www.article-marketing.eu\/comunicatistampa\/diana-bracco-promozione-delle-stem-e-della-parita-di-genere-nelle-scuole-italiane-allestero\/"]}]},{"@type":"ImageObject","inLanguage":"it-IT","@id":"https:\/\/www.article-marketing.eu\/comunicatistampa\/diana-bracco-promozione-delle-stem-e-della-parita-di-genere-nelle-scuole-italiane-allestero\/#primaryimage","url":"https:\/\/www.adnkronos.com\/resources\/0294-1c99c8449d43-1a6ed956d574-1000\/format\/big\/bracco.jpeg","contentUrl":"https:\/\/www.adnkronos.com\/resources\/0294-1c99c8449d43-1a6ed956d574-1000\/format\/big\/bracco.jpeg"},{"@type":"BreadcrumbList","@id":"https:\/\/www.article-marketing.eu\/comunicatistampa\/diana-bracco-promozione-delle-stem-e-della-parita-di-genere-nelle-scuole-italiane-allestero\/#breadcrumb","itemListElement":[{"@type":"ListItem","position":1,"name":"Home","item":"https:\/\/www.article-marketing.eu\/comunicatistampa\/"},{"@type":"ListItem","position":2,"name":"Diana Bracco: promozione delle STEM e della parit\u00e0 di genere nelle scuole italiane all\u2019estero"}]},{"@type":"WebSite","@id":"https:\/\/www.article-marketing.eu\/comunicatistampa\/#website","url":"https:\/\/www.article-marketing.eu\/comunicatistampa\/","name":"Article Marketing","description":"article marketing &amp; press release","potentialAction":[{"@type":"SearchAction","target":{"@type":"EntryPoint","urlTemplate":"https:\/\/www.article-marketing.eu\/comunicatistampa\/?s={search_term_string}"},"query-input":{"@type":"PropertyValueSpecification","valueRequired":true,"valueName":"search_term_string"}}],"inLanguage":"it-IT"},{"@type":"Person","@id":"https:\/\/www.article-marketing.eu\/comunicatistampa\/#\/schema\/person\/2fcaf8f8f3a9eef9eb7f27532d3ca458","name":"articolinews","image":{"@type":"ImageObject","inLanguage":"it-IT","@id":"https:\/\/secure.gravatar.com\/avatar\/9e2a264bab04e17dea24d937c9956304649a848cb73c46747a692ff1bdeb1cb7?s=96&d=mm&r=g","url":"https:\/\/secure.gravatar.com\/avatar\/9e2a264bab04e17dea24d937c9956304649a848cb73c46747a692ff1bdeb1cb7?s=96&d=mm&r=g","contentUrl":"https:\/\/secure.gravatar.com\/avatar\/9e2a264bab04e17dea24d937c9956304649a848cb73c46747a692ff1bdeb1cb7?s=96&d=mm&r=g","caption":"articolinews"},"url":"https:\/\/www.article-marketing.eu\/comunicatistampa\/author\/articolinews\/"}]}},"_links":{"self":[{"href":"https:\/\/www.article-marketing.eu\/comunicatistampa\/wp-json\/wp\/v2\/posts\/32051","targetHints":{"allow":["GET"]}}],"collection":[{"href":"https:\/\/www.article-marketing.eu\/comunicatistampa\/wp-json\/wp\/v2\/posts"}],"about":[{"href":"https:\/\/www.article-marketing.eu\/comunicatistampa\/wp-json\/wp\/v2\/types\/post"}],"author":[{"embeddable":true,"href":"https:\/\/www.article-marketing.eu\/comunicatistampa\/wp-json\/wp\/v2\/users\/6477"}],"replies":[{"embeddable":true,"href":"https:\/\/www.article-marketing.eu\/comunicatistampa\/wp-json\/wp\/v2\/comments?post=32051"}],"version-history":[{"count":2,"href":"https:\/\/www.article-marketing.eu\/comunicatistampa\/wp-json\/wp\/v2\/posts\/32051\/revisions"}],"predecessor-version":[{"id":32248,"href":"https:\/\/www.article-marketing.eu\/comunicatistampa\/wp-json\/wp\/v2\/posts\/32051\/revisions\/32248"}],"wp:attachment":[{"href":"https:\/\/www.article-marketing.eu\/comunicatistampa\/wp-json\/wp\/v2\/media?parent=32051"}],"wp:term":[{"taxonomy":"category","embeddable":true,"href":"https:\/\/www.article-marketing.eu\/comunicatistampa\/wp-json\/wp\/v2\/categories?post=32051"},{"taxonomy":"post_tag","embeddable":true,"href":"https:\/\/www.article-marketing.eu\/comunicatistampa\/wp-json\/wp\/v2\/tags?post=32051"}],"curies":[{"name":"wp","href":"https:\/\/api.w.org\/{rel}","templated":true}]}}