{"id":32062,"date":"2025-02-08T18:55:57","date_gmt":"2025-02-08T17:55:57","guid":{"rendered":"https:\/\/www.article-marketing.eu\/comunicatistampa\/?p=32062"},"modified":"2025-02-08T18:55:57","modified_gmt":"2025-02-08T17:55:57","slug":"pradio-lazienda-agricola-di-famiglia-cielo-celebra-50-anni-di-storia-e-tradizione-in-friuli","status":"publish","type":"post","link":"https:\/\/www.article-marketing.eu\/comunicatistampa\/pradio-lazienda-agricola-di-famiglia-cielo-celebra-50-anni-di-storia-e-tradizione-in-friuli\/","title":{"rendered":"Pradio, l\u2019azienda agricola di Famiglia Cielo celebra 50 anni di storia e tradizione in Friuli"},"content":{"rendered":"<p><em>A pochi passi dalla suggestiva citt\u00e0 a forma di stella di Palmanova, sorge l\u2019azienda agricola <strong>Pradio<\/strong>, un luogo dove nascono vini che testimoniano l\u2019eleganza e la ricchezza di un terroir unico al mondo. <\/em><\/p>\n<p>&nbsp;<\/p>\n<p>Giunta alla quarta generazione, Luca e Pierpaolo Cielo continuano a portare avanti <strong>la missione di creare e far conoscere vini che siano espressione autentica del territorio, con un perfetto equilibrio tra modernit\u00e0 e tradizione<\/strong>. <em>\u201cLo scorso anno abbiamo celebrato i 50 anni di un\u2019arte vinicola in Friuli che bilanciando la pienezza e l\u2019eleganza, sa esprimere appieno le potenzialit\u00e0 del nostro territorio\u201d affermano <\/em><strong>Luca e Pierpaolo Cielo <\/strong><\/p>\n<p><strong>Pradio, l\u2019azienda agricola della Famiglia Cielo, ha raggiunto infatti lo scorso anno il mezzo secolo di storia e continua a guardare al futuro con determinazione, ma senza mai dimenticare le proprie radici<\/strong>. \u00a0Si estende su <strong>35 ettari<\/strong> di terreni friulani ghiaiosi e soleggiati a pochi kilometri dall\u2019antica citt\u00e0 fortezza di Palmanova, nella zona delle Grave del Friuli Doc, ideali per la coltivazione della vite, dove la combinazione tra l\u2019influenza del Mar Adriatico e la protezione delle Alpi crea un <strong>microclima perfetto per la crescita di vitigni nobili e per la produzione di vini bianchi freschi e aromatici, oltre a rossi eleganti e complessi<\/strong>. La composizione del suolo, ricco di sassi (fino al 60%), conferisce alle uve caratteristiche distintive, che si riflettono nella qualit\u00e0 dei vini.<\/p>\n<p>L\u2019azienda agricola Pradio \u00e8 erede della tradizione contadina e dell\u2019esperienza nel settore vitivinicolo della famiglia Cielo. Testimone in Friuli nell\u2019arte della vinificazione e fondata dai tre fratelli Cielo, Giovanni, Renzo e Piergiorgio, oggi \u00e8 diretta da Luca Cielo e Pierpaolo Cielo al marketing e commerciale. Il gruppo di lavoro si completa con Enrico Della Mora, responsabile operativo.<\/p>\n<p>Un ruolo fondamentale nel successo dell\u2019azienda \u00e8 ricoperto dall\u2019enologo <strong>Gianni Menotti<\/strong><strong>, proclamato &#8220;Miglior Enologo Italiano&#8221; da Bibenda nel 2012<\/strong>. Grazie alla sua esperienza, Pradio \u00e8 riuscita a valorizzare appieno il terroir friulano, <strong>producendo vini unici per freschezza, complessit\u00e0 e personalit\u00e0<\/strong>.<\/p>\n<p>Non solo, perch\u00e9 <strong>dal 2022, i vini Pradio sono certificati<\/strong> <strong>SQNPI (Sistema di Qualit\u00e0 Nazionale di Produzione Integrata)<\/strong>, un riconoscimento che garantisce una produzione sostenibile, rispettosa dell\u2019ambiente e della salute del consumatore, riducendo al minimo l\u2019uso di prodotti chimici e pesticidi.<\/p>\n<p><strong>I vini Pradio si distinguono cos\u00ec per eleganza e personalit\u00e0 in ogni bottiglia. <\/strong>Sia i bianchi, vinificati in acciaio, che i rossi, affinati in barrique di rovere, hanno caratteristiche di forte personalit\u00e0 e spessore e riflettono il carattere del vitigno e del sito specifico in cui crescono e i loro nomi derivano da toponimi dialettali friulani. Con la loro elegante veste grafica enfatizzano colore, profumi, corposit\u00e0 e complessit\u00e0 aromatica.<\/p>\n<p>&nbsp;<\/p>\n<p><a href=\"http:\/\/www.cieloeterravini.com\"><strong>www.cieloeterravini.com<\/strong><\/a><\/p>\n<p><strong>Cielo e Terra<\/strong> nasce nel 1908, nelle campagne di Vicenza, vicino ai Castelli di Romeo e Giulietta, dove il bisnonno aveva acquistato un piccolo podere con vigneto. Il nonno Pietro ha proseguito la guida dell\u2019azienda con grande passione impegno sociale. Oggi alla guida dell&#8217;azienda ci sono Luca e Pierpaolo Cielo, assieme al socio Collis Veneto Wine Group unitosi all\u2019azienda della famiglia Cielo nel 1999. Oggi l\u2019azienda con una quota di esportazione superiore al 80% \u00e8 conosciuta in tutto il mondo con i marchi Cielo, Casa Defr\u00e0 e Bericanto. L\u2019azienda che nel 2023 ha superato i 65 milioni di euro si caratterizza per un approccio socialmente responsabile, orientato alla solidariet\u00e0, trasparenza e alla sostenibilit\u00e0. Il marchio Famiglia Cielo \u00e8 infatti legato da anni alla Ong americana Winetowater, con la quale vengono donati sistemi di filtrazione d\u2019acqua nelle aree pi\u00f9 bisognose. L&#8217;azienda dal 2020 aderisce al movimento BCorp, nel 2021 \u00e8 la volta di VIVA\u00a0\u201cla sostenibilit\u00e0 nel vino\u201d con l\u2019obiettivo di ottimizzare l\u2019impatto ambientale della filiera vite &#8211; vino. Dal 2022 \u00e8 anche Societ\u00e0 Benefit e nel 2023 ha ottenuto la certificazione Equalitas. Prima realt\u00e0 vinicola italiana a introdurre in azienda il modello della Lean Organization, Cielo e Terra integra numerosi progetti con un piano di economia circolare, affermandosi come realt\u00e0 in grado di fronteggiare le sfide dei mercati mondiali ed attestare la sua presenza in oltre 60 Paesi.<\/p>\n<p>www.borderlineagency.com<\/p>\n","protected":false},"excerpt":{"rendered":"<p>A pochi passi dalla suggestiva citt\u00e0 a forma di stella di Palmanova, sorge l\u2019azienda agricola Pradio, un luogo dove nascono vini che testimoniano l\u2019eleganza e la ricchezza di un terroir unico al mondo. &nbsp; Giunta alla quarta generazione, Luca e Pierpaolo Cielo continuano a portare avanti la missione di creare e far conoscere vini che siano espressione autentica del territorio, con un perfetto equilibrio tra modernit\u00e0 e tradizione. \u201cLo scorso<\/p>\n<p><a class=\"continue-reading\" href=\"https:\/\/www.article-marketing.eu\/comunicatistampa\/pradio-lazienda-agricola-di-famiglia-cielo-celebra-50-anni-di-storia-e-tradizione-in-friuli\/\">Continue reading&#8230;<\/a><\/p>\n","protected":false},"author":397,"featured_media":0,"comment_status":"open","ping_status":"open","sticky":false,"template":"","format":"standard","meta":{"_monsterinsights_skip_tracking":false,"_monsterinsights_sitenote_active":false,"_monsterinsights_sitenote_note":"","_monsterinsights_sitenote_category":0,"footnotes":""},"categories":[78],"tags":[],"class_list":["post-32062","post","type-post","status-publish","format-standard","hentry","category-comunicati-stampa"],"yoast_head":"<!-- This site is optimized with the Yoast SEO plugin v27.3 - https:\/\/yoast.com\/product\/yoast-seo-wordpress\/ -->\n<title>Pradio, l\u2019azienda agricola di Famiglia Cielo celebra 50 anni di storia e tradizione in Friuli<\/title>\n<meta name=\"robots\" content=\"index, follow, max-snippet:-1, max-image-preview:large, max-video-preview:-1\" \/>\n<link rel=\"canonical\" href=\"https:\/\/www.article-marketing.eu\/comunicatistampa\/pradio-lazienda-agricola-di-famiglia-cielo-celebra-50-anni-di-storia-e-tradizione-in-friuli\/\" \/>\n<meta property=\"og:locale\" content=\"it_IT\" \/>\n<meta property=\"og:type\" content=\"article\" \/>\n<meta property=\"og:title\" content=\"Pradio, l\u2019azienda agricola di Famiglia Cielo celebra 50 anni di storia e tradizione in Friuli\" \/>\n<meta property=\"og:description\" content=\"A pochi passi dalla suggestiva citt\u00e0 a forma di stella di Palmanova, sorge l\u2019azienda agricola Pradio, un luogo dove nascono vini che testimoniano l\u2019eleganza e la ricchezza di un terroir unico al mondo. &nbsp; Giunta alla quarta generazione, Luca e Pierpaolo Cielo continuano a portare avanti la missione di creare e far conoscere vini che siano espressione autentica del territorio, con un perfetto equilibrio tra modernit\u00e0 e tradizione. \u201cLo scorsoContinue reading...\" \/>\n<meta property=\"og:url\" content=\"https:\/\/www.article-marketing.eu\/comunicatistampa\/pradio-lazienda-agricola-di-famiglia-cielo-celebra-50-anni-di-storia-e-tradizione-in-friuli\/\" \/>\n<meta property=\"og:site_name\" content=\"Article Marketing\" \/>\n<meta property=\"article:published_time\" content=\"2025-02-08T17:55:57+00:00\" \/>\n<meta name=\"author\" content=\"Borderline Agency\" \/>\n<meta name=\"twitter:card\" content=\"summary_large_image\" \/>\n<meta name=\"twitter:label1\" content=\"Scritto da\" \/>\n\t<meta name=\"twitter:data1\" content=\"Borderline Agency\" \/>\n\t<meta name=\"twitter:label2\" content=\"Tempo di lettura stimato\" \/>\n\t<meta name=\"twitter:data2\" content=\"4 minuti\" \/>\n<script type=\"application\/ld+json\" class=\"yoast-schema-graph\">{\"@context\":\"https:\\\/\\\/schema.org\",\"@graph\":[{\"@type\":\"Article\",\"@id\":\"https:\\\/\\\/www.article-marketing.eu\\\/comunicatistampa\\\/pradio-lazienda-agricola-di-famiglia-cielo-celebra-50-anni-di-storia-e-tradizione-in-friuli\\\/#article\",\"isPartOf\":{\"@id\":\"https:\\\/\\\/www.article-marketing.eu\\\/comunicatistampa\\\/pradio-lazienda-agricola-di-famiglia-cielo-celebra-50-anni-di-storia-e-tradizione-in-friuli\\\/\"},\"author\":{\"name\":\"Borderline Agency\",\"@id\":\"https:\\\/\\\/www.article-marketing.eu\\\/comunicatistampa\\\/#\\\/schema\\\/person\\\/1c4ab1c7aad84347e26e78235da6ff1b\"},\"headline\":\"Pradio, l\u2019azienda agricola di Famiglia Cielo celebra 50 anni di storia e tradizione in Friuli\",\"datePublished\":\"2025-02-08T17:55:57+00:00\",\"mainEntityOfPage\":{\"@id\":\"https:\\\/\\\/www.article-marketing.eu\\\/comunicatistampa\\\/pradio-lazienda-agricola-di-famiglia-cielo-celebra-50-anni-di-storia-e-tradizione-in-friuli\\\/\"},\"wordCount\":680,\"commentCount\":0,\"articleSection\":[\"Comunicati stampa\"],\"inLanguage\":\"it-IT\",\"potentialAction\":[{\"@type\":\"CommentAction\",\"name\":\"Comment\",\"target\":[\"https:\\\/\\\/www.article-marketing.eu\\\/comunicatistampa\\\/pradio-lazienda-agricola-di-famiglia-cielo-celebra-50-anni-di-storia-e-tradizione-in-friuli\\\/#respond\"]}]},{\"@type\":\"WebPage\",\"@id\":\"https:\\\/\\\/www.article-marketing.eu\\\/comunicatistampa\\\/pradio-lazienda-agricola-di-famiglia-cielo-celebra-50-anni-di-storia-e-tradizione-in-friuli\\\/\",\"url\":\"https:\\\/\\\/www.article-marketing.eu\\\/comunicatistampa\\\/pradio-lazienda-agricola-di-famiglia-cielo-celebra-50-anni-di-storia-e-tradizione-in-friuli\\\/\",\"name\":\"Pradio, l\u2019azienda agricola di Famiglia Cielo celebra 50 anni di storia e tradizione in Friuli\",\"isPartOf\":{\"@id\":\"https:\\\/\\\/www.article-marketing.eu\\\/comunicatistampa\\\/#website\"},\"datePublished\":\"2025-02-08T17:55:57+00:00\",\"author\":{\"@id\":\"https:\\\/\\\/www.article-marketing.eu\\\/comunicatistampa\\\/#\\\/schema\\\/person\\\/1c4ab1c7aad84347e26e78235da6ff1b\"},\"breadcrumb\":{\"@id\":\"https:\\\/\\\/www.article-marketing.eu\\\/comunicatistampa\\\/pradio-lazienda-agricola-di-famiglia-cielo-celebra-50-anni-di-storia-e-tradizione-in-friuli\\\/#breadcrumb\"},\"inLanguage\":\"it-IT\",\"potentialAction\":[{\"@type\":\"ReadAction\",\"target\":[\"https:\\\/\\\/www.article-marketing.eu\\\/comunicatistampa\\\/pradio-lazienda-agricola-di-famiglia-cielo-celebra-50-anni-di-storia-e-tradizione-in-friuli\\\/\"]}]},{\"@type\":\"BreadcrumbList\",\"@id\":\"https:\\\/\\\/www.article-marketing.eu\\\/comunicatistampa\\\/pradio-lazienda-agricola-di-famiglia-cielo-celebra-50-anni-di-storia-e-tradizione-in-friuli\\\/#breadcrumb\",\"itemListElement\":[{\"@type\":\"ListItem\",\"position\":1,\"name\":\"Home\",\"item\":\"https:\\\/\\\/www.article-marketing.eu\\\/comunicatistampa\\\/\"},{\"@type\":\"ListItem\",\"position\":2,\"name\":\"Pradio, l\u2019azienda agricola di Famiglia Cielo celebra 50 anni di storia e tradizione in Friuli\"}]},{\"@type\":\"WebSite\",\"@id\":\"https:\\\/\\\/www.article-marketing.eu\\\/comunicatistampa\\\/#website\",\"url\":\"https:\\\/\\\/www.article-marketing.eu\\\/comunicatistampa\\\/\",\"name\":\"Article Marketing\",\"description\":\"article marketing &amp; press release\",\"potentialAction\":[{\"@type\":\"SearchAction\",\"target\":{\"@type\":\"EntryPoint\",\"urlTemplate\":\"https:\\\/\\\/www.article-marketing.eu\\\/comunicatistampa\\\/?s={search_term_string}\"},\"query-input\":{\"@type\":\"PropertyValueSpecification\",\"valueRequired\":true,\"valueName\":\"search_term_string\"}}],\"inLanguage\":\"it-IT\"},{\"@type\":\"Person\",\"@id\":\"https:\\\/\\\/www.article-marketing.eu\\\/comunicatistampa\\\/#\\\/schema\\\/person\\\/1c4ab1c7aad84347e26e78235da6ff1b\",\"name\":\"Borderline Agency\",\"image\":{\"@type\":\"ImageObject\",\"inLanguage\":\"it-IT\",\"@id\":\"https:\\\/\\\/secure.gravatar.com\\\/avatar\\\/741fa053101610cb0be7dc835c116926549ae4ae2142ff35eac04d78fda61461?s=96&d=mm&r=g\",\"url\":\"https:\\\/\\\/secure.gravatar.com\\\/avatar\\\/741fa053101610cb0be7dc835c116926549ae4ae2142ff35eac04d78fda61461?s=96&d=mm&r=g\",\"contentUrl\":\"https:\\\/\\\/secure.gravatar.com\\\/avatar\\\/741fa053101610cb0be7dc835c116926549ae4ae2142ff35eac04d78fda61461?s=96&d=mm&r=g\",\"caption\":\"Borderline Agency\"},\"url\":\"https:\\\/\\\/www.article-marketing.eu\\\/comunicatistampa\\\/author\\\/borderline-agency\\\/\"}]}<\/script>\n<!-- \/ Yoast SEO plugin. -->","yoast_head_json":{"title":"Pradio, l\u2019azienda agricola di Famiglia Cielo celebra 50 anni di storia e tradizione in Friuli","robots":{"index":"index","follow":"follow","max-snippet":"max-snippet:-1","max-image-preview":"max-image-preview:large","max-video-preview":"max-video-preview:-1"},"canonical":"https:\/\/www.article-marketing.eu\/comunicatistampa\/pradio-lazienda-agricola-di-famiglia-cielo-celebra-50-anni-di-storia-e-tradizione-in-friuli\/","og_locale":"it_IT","og_type":"article","og_title":"Pradio, l\u2019azienda agricola di Famiglia Cielo celebra 50 anni di storia e tradizione in Friuli","og_description":"A pochi passi dalla suggestiva citt\u00e0 a forma di stella di Palmanova, sorge l\u2019azienda agricola Pradio, un luogo dove nascono vini che testimoniano l\u2019eleganza e la ricchezza di un terroir unico al mondo. &nbsp; Giunta alla quarta generazione, Luca e Pierpaolo Cielo continuano a portare avanti la missione di creare e far conoscere vini che siano espressione autentica del territorio, con un perfetto equilibrio tra modernit\u00e0 e tradizione. \u201cLo scorsoContinue reading...","og_url":"https:\/\/www.article-marketing.eu\/comunicatistampa\/pradio-lazienda-agricola-di-famiglia-cielo-celebra-50-anni-di-storia-e-tradizione-in-friuli\/","og_site_name":"Article Marketing","article_published_time":"2025-02-08T17:55:57+00:00","author":"Borderline Agency","twitter_card":"summary_large_image","twitter_misc":{"Scritto da":"Borderline Agency","Tempo di lettura stimato":"4 minuti"},"schema":{"@context":"https:\/\/schema.org","@graph":[{"@type":"Article","@id":"https:\/\/www.article-marketing.eu\/comunicatistampa\/pradio-lazienda-agricola-di-famiglia-cielo-celebra-50-anni-di-storia-e-tradizione-in-friuli\/#article","isPartOf":{"@id":"https:\/\/www.article-marketing.eu\/comunicatistampa\/pradio-lazienda-agricola-di-famiglia-cielo-celebra-50-anni-di-storia-e-tradizione-in-friuli\/"},"author":{"name":"Borderline Agency","@id":"https:\/\/www.article-marketing.eu\/comunicatistampa\/#\/schema\/person\/1c4ab1c7aad84347e26e78235da6ff1b"},"headline":"Pradio, l\u2019azienda agricola di Famiglia Cielo celebra 50 anni di storia e tradizione in Friuli","datePublished":"2025-02-08T17:55:57+00:00","mainEntityOfPage":{"@id":"https:\/\/www.article-marketing.eu\/comunicatistampa\/pradio-lazienda-agricola-di-famiglia-cielo-celebra-50-anni-di-storia-e-tradizione-in-friuli\/"},"wordCount":680,"commentCount":0,"articleSection":["Comunicati stampa"],"inLanguage":"it-IT","potentialAction":[{"@type":"CommentAction","name":"Comment","target":["https:\/\/www.article-marketing.eu\/comunicatistampa\/pradio-lazienda-agricola-di-famiglia-cielo-celebra-50-anni-di-storia-e-tradizione-in-friuli\/#respond"]}]},{"@type":"WebPage","@id":"https:\/\/www.article-marketing.eu\/comunicatistampa\/pradio-lazienda-agricola-di-famiglia-cielo-celebra-50-anni-di-storia-e-tradizione-in-friuli\/","url":"https:\/\/www.article-marketing.eu\/comunicatistampa\/pradio-lazienda-agricola-di-famiglia-cielo-celebra-50-anni-di-storia-e-tradizione-in-friuli\/","name":"Pradio, l\u2019azienda agricola di Famiglia Cielo celebra 50 anni di storia e tradizione in Friuli","isPartOf":{"@id":"https:\/\/www.article-marketing.eu\/comunicatistampa\/#website"},"datePublished":"2025-02-08T17:55:57+00:00","author":{"@id":"https:\/\/www.article-marketing.eu\/comunicatistampa\/#\/schema\/person\/1c4ab1c7aad84347e26e78235da6ff1b"},"breadcrumb":{"@id":"https:\/\/www.article-marketing.eu\/comunicatistampa\/pradio-lazienda-agricola-di-famiglia-cielo-celebra-50-anni-di-storia-e-tradizione-in-friuli\/#breadcrumb"},"inLanguage":"it-IT","potentialAction":[{"@type":"ReadAction","target":["https:\/\/www.article-marketing.eu\/comunicatistampa\/pradio-lazienda-agricola-di-famiglia-cielo-celebra-50-anni-di-storia-e-tradizione-in-friuli\/"]}]},{"@type":"BreadcrumbList","@id":"https:\/\/www.article-marketing.eu\/comunicatistampa\/pradio-lazienda-agricola-di-famiglia-cielo-celebra-50-anni-di-storia-e-tradizione-in-friuli\/#breadcrumb","itemListElement":[{"@type":"ListItem","position":1,"name":"Home","item":"https:\/\/www.article-marketing.eu\/comunicatistampa\/"},{"@type":"ListItem","position":2,"name":"Pradio, l\u2019azienda agricola di Famiglia Cielo celebra 50 anni di storia e tradizione in Friuli"}]},{"@type":"WebSite","@id":"https:\/\/www.article-marketing.eu\/comunicatistampa\/#website","url":"https:\/\/www.article-marketing.eu\/comunicatistampa\/","name":"Article Marketing","description":"article marketing &amp; press release","potentialAction":[{"@type":"SearchAction","target":{"@type":"EntryPoint","urlTemplate":"https:\/\/www.article-marketing.eu\/comunicatistampa\/?s={search_term_string}"},"query-input":{"@type":"PropertyValueSpecification","valueRequired":true,"valueName":"search_term_string"}}],"inLanguage":"it-IT"},{"@type":"Person","@id":"https:\/\/www.article-marketing.eu\/comunicatistampa\/#\/schema\/person\/1c4ab1c7aad84347e26e78235da6ff1b","name":"Borderline Agency","image":{"@type":"ImageObject","inLanguage":"it-IT","@id":"https:\/\/secure.gravatar.com\/avatar\/741fa053101610cb0be7dc835c116926549ae4ae2142ff35eac04d78fda61461?s=96&d=mm&r=g","url":"https:\/\/secure.gravatar.com\/avatar\/741fa053101610cb0be7dc835c116926549ae4ae2142ff35eac04d78fda61461?s=96&d=mm&r=g","contentUrl":"https:\/\/secure.gravatar.com\/avatar\/741fa053101610cb0be7dc835c116926549ae4ae2142ff35eac04d78fda61461?s=96&d=mm&r=g","caption":"Borderline Agency"},"url":"https:\/\/www.article-marketing.eu\/comunicatistampa\/author\/borderline-agency\/"}]}},"_links":{"self":[{"href":"https:\/\/www.article-marketing.eu\/comunicatistampa\/wp-json\/wp\/v2\/posts\/32062","targetHints":{"allow":["GET"]}}],"collection":[{"href":"https:\/\/www.article-marketing.eu\/comunicatistampa\/wp-json\/wp\/v2\/posts"}],"about":[{"href":"https:\/\/www.article-marketing.eu\/comunicatistampa\/wp-json\/wp\/v2\/types\/post"}],"author":[{"embeddable":true,"href":"https:\/\/www.article-marketing.eu\/comunicatistampa\/wp-json\/wp\/v2\/users\/397"}],"replies":[{"embeddable":true,"href":"https:\/\/www.article-marketing.eu\/comunicatistampa\/wp-json\/wp\/v2\/comments?post=32062"}],"version-history":[{"count":2,"href":"https:\/\/www.article-marketing.eu\/comunicatistampa\/wp-json\/wp\/v2\/posts\/32062\/revisions"}],"predecessor-version":[{"id":32192,"href":"https:\/\/www.article-marketing.eu\/comunicatistampa\/wp-json\/wp\/v2\/posts\/32062\/revisions\/32192"}],"wp:attachment":[{"href":"https:\/\/www.article-marketing.eu\/comunicatistampa\/wp-json\/wp\/v2\/media?parent=32062"}],"wp:term":[{"taxonomy":"category","embeddable":true,"href":"https:\/\/www.article-marketing.eu\/comunicatistampa\/wp-json\/wp\/v2\/categories?post=32062"},{"taxonomy":"post_tag","embeddable":true,"href":"https:\/\/www.article-marketing.eu\/comunicatistampa\/wp-json\/wp\/v2\/tags?post=32062"}],"curies":[{"name":"wp","href":"https:\/\/api.w.org\/{rel}","templated":true}]}}