{"id":3219,"date":"2017-06-09T15:31:30","date_gmt":"2017-06-09T13:31:30","guid":{"rendered":"http:\/\/www.article-marketing.eu\/comunicatistampa\/?p=3219"},"modified":"2017-06-10T02:29:27","modified_gmt":"2017-06-10T00:29:27","slug":"un-nuovo-centro-estetico-a-conegliano-veneto","status":"publish","type":"post","link":"https:\/\/www.article-marketing.eu\/comunicatistampa\/un-nuovo-centro-estetico-a-conegliano-veneto\/","title":{"rendered":"Un nuovo centro estetico a Conegliano Veneto"},"content":{"rendered":"<h1 style=\"text-align: center; font-size: 24px;\"><strong>Sei da sempre alla ricerca del perfetto <a href=\"http:\/\/centroesteticoconeglianoveneto.it\/\">centro estetico a Conegliano Veneto<\/a>?<\/strong><\/h1>\n<h2 style=\"text-align: center; font-size: 22px;\"><strong>Finalmente puoi affidarti alla professionalit\u00e0 di <em>Kosmetik<\/em>, la tua estetica etica<\/strong><\/h2>\n<p>Con l&#8217;estate in arrivo avere gambe lisce e toniche \u00e8 il sogno di ogni donna. Poter andare in spiaggia ed esser fiere del proprio corpo \u00e8 quanto di pi\u00f9 bello possa esistere. La perfezione si sa, per\u00f2, che non \u00e8 dono proprio di tutte. E allora come fare per essere sempre belle e pronte a scoprire le gambe con il caldo che avanza? Sembra proprio che quello che serva sia un <a href=\"http:\/\/centroesteticoconeglianoveneto.it\/\"><strong>centro estetico. A Conegliano Veneto<\/strong><\/a>, cos\u00ec come in tutta Italia, l&#8217;estate \u00e8 arrivata! Affida la tua bellezza a <em><strong>Kosmetik<\/strong><\/em>!<br \/>\n<img loading=\"lazy\" decoding=\"async\" class=\"aligncenter\" title=\"centro estetico conegliano veneto\" src=\"https:\/\/scontent.xx.fbcdn.net\/v\/t1.0-9\/18920294_1572175022834673_7633340597820363797_n.png?oh=83bd951abba65edeb0eb3cd84ecb8492&amp;oe=59AB4B45\" alt=\"centro estetico conegliano veneto\" width=\"238\" height=\"238\" \/><\/p>\n<p>&nbsp;<\/p>\n<p>Guidato da Monia Zanardo, il centro estetico <em><strong>Kosmetik<\/strong> <\/em>\u00e8 un&#8217;oasi di benessere e relax, dove poter sottoporsi a trattamenti di bellezza per tutti i gusti e le necessit\u00e0. Massaggi, fanghi, trattamenti con macchinari altamente tecnologico, e poi manicure, pedicure e ceretta. Hai solo l&#8217;imbarazzo della scelta!<\/p>\n<p>Vuoi <strong>mani e piedi sempre perfetti<\/strong>, per poter indossare i tuoi sandali preferiti e fare bella figura con le tue amiche? Le esperte in questione ti consiglieranno i colori pi\u00f9 in voga per l&#8217;estate e realizzeranno per te stupende opere d&#8217;arte in miniatura. Baster\u00e0 una chiacchierata sui tuoi gusti insieme all&#8217;estetista a te assegnata e vedrai che il risultato non potr\u00e0 che essere di tuo gradimento!<\/p>\n<p>Desideri <strong>gambe e glutei tonici<\/strong> per esporre senza ansie il tuo corpo in spiaggia? <em><strong>Kosmetik<\/strong> <\/em>ha tutto quello che fa al caso tuo!<\/p>\n<p style=\"text-align: center;\"><strong>PUSH UP GLUTEI &#8211; 199\u20ac<\/strong><\/p>\n<p style=\"text-align: center;\">5 trattamenti con radiofrequenza e massaggio connettivale<\/p>\n<p style=\"text-align: center;\"><strong>PANCIA STOP &#8211; 325\u20ac<\/strong><\/p>\n<p style=\"text-align: center;\">5 trattamenti con bioforesi e massaggio<\/p>\n<p style=\"text-align: center;\"><strong>GAMBE LEGGERE E TONICHE &#8211; 190\u20ac<\/strong><\/p>\n<p style=\"text-align: center;\">5 trattamenti con massaggio di 15 minuti, bendaggio e presso-mass<\/p>\n<p style=\"text-align: center;\"><strong>CELLULITE STOP &#8211; 150\u20ac<\/strong><\/p>\n<p style=\"text-align: center;\">5 trattamenti con sostanze funzionali specifiche abbinate alla presso-mass<\/p>\n<p style=\"text-align: center;\"><strong>PROGRAMMA SUPER ABBRONZATURA &#8211; 65\u20ac<\/strong><\/p>\n<p style=\"text-align: center;\">peeling corpo e pulizia viso in un&#8217;unica seduta<\/p>\n<h3 style=\"text-align: center;\"><strong><em>Kosmetik<\/em> ti aspetta dal marted\u00ec al venerd\u00ec, dalle 9 alle 19, e il venerd\u00ec, dalle 9 alle 17. Per informazioni e prenotazioni chiama ora il\u00a0<a href=\"tel:+393276211666\">3276211666<\/a><\/strong><\/h3>\n","protected":false},"excerpt":{"rendered":"<p>Sei da sempre alla ricerca del perfetto centro estetico a Conegliano Veneto? Finalmente puoi affidarti alla professionalit\u00e0 di Kosmetik, la tua estetica etica Con l&#8217;estate in arrivo avere gambe lisce e toniche \u00e8 il sogno di ogni donna. Poter andare in spiaggia ed esser fiere del proprio corpo \u00e8 quanto di pi\u00f9 bello possa esistere. La perfezione si sa, per\u00f2, che non \u00e8 dono proprio di tutte. E allora come<\/p>\n<p><a class=\"continue-reading\" href=\"https:\/\/www.article-marketing.eu\/comunicatistampa\/un-nuovo-centro-estetico-a-conegliano-veneto\/\">Continue reading&#8230;<\/a><\/p>\n","protected":false},"author":214,"featured_media":0,"comment_status":"open","ping_status":"open","sticky":false,"template":"","format":"standard","meta":{"_monsterinsights_skip_tracking":false,"_monsterinsights_sitenote_active":false,"_monsterinsights_sitenote_note":"","_monsterinsights_sitenote_category":0,"footnotes":""},"categories":[387,369,351],"tags":[1758,1759,1762,1761,1763,1760],"class_list":["post-3219","post","type-post","status-publish","format-standard","hentry","category-attivita-commerciali","category-salute-e-benessere","category-tempo-libero","tag-centro-estetico-conegliano-veneto","tag-ceretta-conegliano-veneto","tag-manicure-conegliano-veneto","tag-massoterapia-conegliano-veneto","tag-pedicure-conegliano-veneto","tag-pressoterapia-conegliano-veneto"],"yoast_head":"<!-- This site is optimized with the Yoast SEO plugin v27.3 - https:\/\/yoast.com\/product\/yoast-seo-wordpress\/ -->\n<title>Un nuovo centro estetico a Conegliano Veneto - Article Marketing<\/title>\n<meta name=\"robots\" content=\"index, follow, max-snippet:-1, max-image-preview:large, max-video-preview:-1\" \/>\n<link rel=\"canonical\" href=\"https:\/\/www.article-marketing.eu\/comunicatistampa\/un-nuovo-centro-estetico-a-conegliano-veneto\/\" \/>\n<meta property=\"og:locale\" content=\"it_IT\" \/>\n<meta property=\"og:type\" content=\"article\" \/>\n<meta property=\"og:title\" content=\"Un nuovo centro estetico a Conegliano Veneto - Article Marketing\" \/>\n<meta property=\"og:description\" content=\"Sei da sempre alla ricerca del perfetto centro estetico a Conegliano Veneto? Finalmente puoi affidarti alla professionalit\u00e0 di Kosmetik, la tua estetica etica Con l&#8217;estate in arrivo avere gambe lisce e toniche \u00e8 il sogno di ogni donna. Poter andare in spiaggia ed esser fiere del proprio corpo \u00e8 quanto di pi\u00f9 bello possa esistere. La perfezione si sa, per\u00f2, che non \u00e8 dono proprio di tutte. E allora comeContinue reading...\" \/>\n<meta property=\"og:url\" content=\"https:\/\/www.article-marketing.eu\/comunicatistampa\/un-nuovo-centro-estetico-a-conegliano-veneto\/\" \/>\n<meta property=\"og:site_name\" content=\"Article Marketing\" \/>\n<meta property=\"article:published_time\" content=\"2017-06-09T13:31:30+00:00\" \/>\n<meta property=\"article:modified_time\" content=\"2017-06-10T00:29:27+00:00\" \/>\n<meta property=\"og:image\" content=\"https:\/\/scontent.xx.fbcdn.net\/v\/t1.0-9\/18920294_1572175022834673_7633340597820363797_n.png?oh=83bd951abba65edeb0eb3cd84ecb8492&amp;oe=59AB4B45\" \/>\n<meta name=\"author\" content=\"sara06\" \/>\n<meta name=\"twitter:card\" content=\"summary_large_image\" \/>\n<meta name=\"twitter:label1\" content=\"Scritto da\" \/>\n\t<meta name=\"twitter:data1\" content=\"sara06\" \/>\n\t<meta name=\"twitter:label2\" content=\"Tempo di lettura stimato\" \/>\n\t<meta name=\"twitter:data2\" content=\"2 minuti\" \/>\n<script type=\"application\/ld+json\" class=\"yoast-schema-graph\">{\"@context\":\"https:\\\/\\\/schema.org\",\"@graph\":[{\"@type\":\"Article\",\"@id\":\"https:\\\/\\\/www.article-marketing.eu\\\/comunicatistampa\\\/un-nuovo-centro-estetico-a-conegliano-veneto\\\/#article\",\"isPartOf\":{\"@id\":\"https:\\\/\\\/www.article-marketing.eu\\\/comunicatistampa\\\/un-nuovo-centro-estetico-a-conegliano-veneto\\\/\"},\"author\":{\"name\":\"sara06\",\"@id\":\"https:\\\/\\\/www.article-marketing.eu\\\/comunicatistampa\\\/#\\\/schema\\\/person\\\/855e00dbdfcb8f49c9c9a3f5acd7d56d\"},\"headline\":\"Un nuovo centro estetico a Conegliano Veneto\",\"datePublished\":\"2017-06-09T13:31:30+00:00\",\"dateModified\":\"2017-06-10T00:29:27+00:00\",\"mainEntityOfPage\":{\"@id\":\"https:\\\/\\\/www.article-marketing.eu\\\/comunicatistampa\\\/un-nuovo-centro-estetico-a-conegliano-veneto\\\/\"},\"wordCount\":326,\"commentCount\":0,\"image\":{\"@id\":\"https:\\\/\\\/www.article-marketing.eu\\\/comunicatistampa\\\/un-nuovo-centro-estetico-a-conegliano-veneto\\\/#primaryimage\"},\"thumbnailUrl\":\"https:\\\/\\\/scontent.xx.fbcdn.net\\\/v\\\/t1.0-9\\\/18920294_1572175022834673_7633340597820363797_n.png?oh=83bd951abba65edeb0eb3cd84ecb8492&amp;oe=59AB4B45\",\"keywords\":[\"centro estetico conegliano veneto\",\"ceretta conegliano veneto\",\"manicure conegliano veneto\",\"massoterapia conegliano veneto\",\"pedicure conegliano veneto\",\"pressoterapia conegliano veneto\"],\"articleSection\":[\"Attivit\u00e0 commerciali\",\"Salute e benessere\",\"Tempo libero\"],\"inLanguage\":\"it-IT\",\"potentialAction\":[{\"@type\":\"CommentAction\",\"name\":\"Comment\",\"target\":[\"https:\\\/\\\/www.article-marketing.eu\\\/comunicatistampa\\\/un-nuovo-centro-estetico-a-conegliano-veneto\\\/#respond\"]}]},{\"@type\":\"WebPage\",\"@id\":\"https:\\\/\\\/www.article-marketing.eu\\\/comunicatistampa\\\/un-nuovo-centro-estetico-a-conegliano-veneto\\\/\",\"url\":\"https:\\\/\\\/www.article-marketing.eu\\\/comunicatistampa\\\/un-nuovo-centro-estetico-a-conegliano-veneto\\\/\",\"name\":\"Un nuovo centro estetico a Conegliano Veneto - Article Marketing\",\"isPartOf\":{\"@id\":\"https:\\\/\\\/www.article-marketing.eu\\\/comunicatistampa\\\/#website\"},\"primaryImageOfPage\":{\"@id\":\"https:\\\/\\\/www.article-marketing.eu\\\/comunicatistampa\\\/un-nuovo-centro-estetico-a-conegliano-veneto\\\/#primaryimage\"},\"image\":{\"@id\":\"https:\\\/\\\/www.article-marketing.eu\\\/comunicatistampa\\\/un-nuovo-centro-estetico-a-conegliano-veneto\\\/#primaryimage\"},\"thumbnailUrl\":\"https:\\\/\\\/scontent.xx.fbcdn.net\\\/v\\\/t1.0-9\\\/18920294_1572175022834673_7633340597820363797_n.png?oh=83bd951abba65edeb0eb3cd84ecb8492&amp;oe=59AB4B45\",\"datePublished\":\"2017-06-09T13:31:30+00:00\",\"dateModified\":\"2017-06-10T00:29:27+00:00\",\"author\":{\"@id\":\"https:\\\/\\\/www.article-marketing.eu\\\/comunicatistampa\\\/#\\\/schema\\\/person\\\/855e00dbdfcb8f49c9c9a3f5acd7d56d\"},\"breadcrumb\":{\"@id\":\"https:\\\/\\\/www.article-marketing.eu\\\/comunicatistampa\\\/un-nuovo-centro-estetico-a-conegliano-veneto\\\/#breadcrumb\"},\"inLanguage\":\"it-IT\",\"potentialAction\":[{\"@type\":\"ReadAction\",\"target\":[\"https:\\\/\\\/www.article-marketing.eu\\\/comunicatistampa\\\/un-nuovo-centro-estetico-a-conegliano-veneto\\\/\"]}]},{\"@type\":\"ImageObject\",\"inLanguage\":\"it-IT\",\"@id\":\"https:\\\/\\\/www.article-marketing.eu\\\/comunicatistampa\\\/un-nuovo-centro-estetico-a-conegliano-veneto\\\/#primaryimage\",\"url\":\"https:\\\/\\\/scontent.xx.fbcdn.net\\\/v\\\/t1.0-9\\\/18920294_1572175022834673_7633340597820363797_n.png?oh=83bd951abba65edeb0eb3cd84ecb8492&amp;oe=59AB4B45\",\"contentUrl\":\"https:\\\/\\\/scontent.xx.fbcdn.net\\\/v\\\/t1.0-9\\\/18920294_1572175022834673_7633340597820363797_n.png?oh=83bd951abba65edeb0eb3cd84ecb8492&amp;oe=59AB4B45\"},{\"@type\":\"BreadcrumbList\",\"@id\":\"https:\\\/\\\/www.article-marketing.eu\\\/comunicatistampa\\\/un-nuovo-centro-estetico-a-conegliano-veneto\\\/#breadcrumb\",\"itemListElement\":[{\"@type\":\"ListItem\",\"position\":1,\"name\":\"Home\",\"item\":\"https:\\\/\\\/www.article-marketing.eu\\\/comunicatistampa\\\/\"},{\"@type\":\"ListItem\",\"position\":2,\"name\":\"Un nuovo centro estetico a Conegliano Veneto\"}]},{\"@type\":\"WebSite\",\"@id\":\"https:\\\/\\\/www.article-marketing.eu\\\/comunicatistampa\\\/#website\",\"url\":\"https:\\\/\\\/www.article-marketing.eu\\\/comunicatistampa\\\/\",\"name\":\"Article Marketing\",\"description\":\"article marketing &amp; press release\",\"potentialAction\":[{\"@type\":\"SearchAction\",\"target\":{\"@type\":\"EntryPoint\",\"urlTemplate\":\"https:\\\/\\\/www.article-marketing.eu\\\/comunicatistampa\\\/?s={search_term_string}\"},\"query-input\":{\"@type\":\"PropertyValueSpecification\",\"valueRequired\":true,\"valueName\":\"search_term_string\"}}],\"inLanguage\":\"it-IT\"},{\"@type\":\"Person\",\"@id\":\"https:\\\/\\\/www.article-marketing.eu\\\/comunicatistampa\\\/#\\\/schema\\\/person\\\/855e00dbdfcb8f49c9c9a3f5acd7d56d\",\"name\":\"sara06\",\"image\":{\"@type\":\"ImageObject\",\"inLanguage\":\"it-IT\",\"@id\":\"https:\\\/\\\/secure.gravatar.com\\\/avatar\\\/c3126a3f34bcd9b8f8048d34d384fecf97f04241946cfecd9160ff76d235baa9?s=96&d=mm&r=g\",\"url\":\"https:\\\/\\\/secure.gravatar.com\\\/avatar\\\/c3126a3f34bcd9b8f8048d34d384fecf97f04241946cfecd9160ff76d235baa9?s=96&d=mm&r=g\",\"contentUrl\":\"https:\\\/\\\/secure.gravatar.com\\\/avatar\\\/c3126a3f34bcd9b8f8048d34d384fecf97f04241946cfecd9160ff76d235baa9?s=96&d=mm&r=g\",\"caption\":\"sara06\"},\"url\":\"https:\\\/\\\/www.article-marketing.eu\\\/comunicatistampa\\\/author\\\/sara06\\\/\"}]}<\/script>\n<!-- \/ Yoast SEO plugin. -->","yoast_head_json":{"title":"Un nuovo centro estetico a Conegliano Veneto - Article Marketing","robots":{"index":"index","follow":"follow","max-snippet":"max-snippet:-1","max-image-preview":"max-image-preview:large","max-video-preview":"max-video-preview:-1"},"canonical":"https:\/\/www.article-marketing.eu\/comunicatistampa\/un-nuovo-centro-estetico-a-conegliano-veneto\/","og_locale":"it_IT","og_type":"article","og_title":"Un nuovo centro estetico a Conegliano Veneto - Article Marketing","og_description":"Sei da sempre alla ricerca del perfetto centro estetico a Conegliano Veneto? Finalmente puoi affidarti alla professionalit\u00e0 di Kosmetik, la tua estetica etica Con l&#8217;estate in arrivo avere gambe lisce e toniche \u00e8 il sogno di ogni donna. Poter andare in spiaggia ed esser fiere del proprio corpo \u00e8 quanto di pi\u00f9 bello possa esistere. La perfezione si sa, per\u00f2, che non \u00e8 dono proprio di tutte. E allora comeContinue reading...","og_url":"https:\/\/www.article-marketing.eu\/comunicatistampa\/un-nuovo-centro-estetico-a-conegliano-veneto\/","og_site_name":"Article Marketing","article_published_time":"2017-06-09T13:31:30+00:00","article_modified_time":"2017-06-10T00:29:27+00:00","og_image":[{"url":"https:\/\/scontent.xx.fbcdn.net\/v\/t1.0-9\/18920294_1572175022834673_7633340597820363797_n.png?oh=83bd951abba65edeb0eb3cd84ecb8492&amp;oe=59AB4B45","type":"","width":"","height":""}],"author":"sara06","twitter_card":"summary_large_image","twitter_misc":{"Scritto da":"sara06","Tempo di lettura stimato":"2 minuti"},"schema":{"@context":"https:\/\/schema.org","@graph":[{"@type":"Article","@id":"https:\/\/www.article-marketing.eu\/comunicatistampa\/un-nuovo-centro-estetico-a-conegliano-veneto\/#article","isPartOf":{"@id":"https:\/\/www.article-marketing.eu\/comunicatistampa\/un-nuovo-centro-estetico-a-conegliano-veneto\/"},"author":{"name":"sara06","@id":"https:\/\/www.article-marketing.eu\/comunicatistampa\/#\/schema\/person\/855e00dbdfcb8f49c9c9a3f5acd7d56d"},"headline":"Un nuovo centro estetico a Conegliano Veneto","datePublished":"2017-06-09T13:31:30+00:00","dateModified":"2017-06-10T00:29:27+00:00","mainEntityOfPage":{"@id":"https:\/\/www.article-marketing.eu\/comunicatistampa\/un-nuovo-centro-estetico-a-conegliano-veneto\/"},"wordCount":326,"commentCount":0,"image":{"@id":"https:\/\/www.article-marketing.eu\/comunicatistampa\/un-nuovo-centro-estetico-a-conegliano-veneto\/#primaryimage"},"thumbnailUrl":"https:\/\/scontent.xx.fbcdn.net\/v\/t1.0-9\/18920294_1572175022834673_7633340597820363797_n.png?oh=83bd951abba65edeb0eb3cd84ecb8492&amp;oe=59AB4B45","keywords":["centro estetico conegliano veneto","ceretta conegliano veneto","manicure conegliano veneto","massoterapia conegliano veneto","pedicure conegliano veneto","pressoterapia conegliano veneto"],"articleSection":["Attivit\u00e0 commerciali","Salute e benessere","Tempo libero"],"inLanguage":"it-IT","potentialAction":[{"@type":"CommentAction","name":"Comment","target":["https:\/\/www.article-marketing.eu\/comunicatistampa\/un-nuovo-centro-estetico-a-conegliano-veneto\/#respond"]}]},{"@type":"WebPage","@id":"https:\/\/www.article-marketing.eu\/comunicatistampa\/un-nuovo-centro-estetico-a-conegliano-veneto\/","url":"https:\/\/www.article-marketing.eu\/comunicatistampa\/un-nuovo-centro-estetico-a-conegliano-veneto\/","name":"Un nuovo centro estetico a Conegliano Veneto - Article Marketing","isPartOf":{"@id":"https:\/\/www.article-marketing.eu\/comunicatistampa\/#website"},"primaryImageOfPage":{"@id":"https:\/\/www.article-marketing.eu\/comunicatistampa\/un-nuovo-centro-estetico-a-conegliano-veneto\/#primaryimage"},"image":{"@id":"https:\/\/www.article-marketing.eu\/comunicatistampa\/un-nuovo-centro-estetico-a-conegliano-veneto\/#primaryimage"},"thumbnailUrl":"https:\/\/scontent.xx.fbcdn.net\/v\/t1.0-9\/18920294_1572175022834673_7633340597820363797_n.png?oh=83bd951abba65edeb0eb3cd84ecb8492&amp;oe=59AB4B45","datePublished":"2017-06-09T13:31:30+00:00","dateModified":"2017-06-10T00:29:27+00:00","author":{"@id":"https:\/\/www.article-marketing.eu\/comunicatistampa\/#\/schema\/person\/855e00dbdfcb8f49c9c9a3f5acd7d56d"},"breadcrumb":{"@id":"https:\/\/www.article-marketing.eu\/comunicatistampa\/un-nuovo-centro-estetico-a-conegliano-veneto\/#breadcrumb"},"inLanguage":"it-IT","potentialAction":[{"@type":"ReadAction","target":["https:\/\/www.article-marketing.eu\/comunicatistampa\/un-nuovo-centro-estetico-a-conegliano-veneto\/"]}]},{"@type":"ImageObject","inLanguage":"it-IT","@id":"https:\/\/www.article-marketing.eu\/comunicatistampa\/un-nuovo-centro-estetico-a-conegliano-veneto\/#primaryimage","url":"https:\/\/scontent.xx.fbcdn.net\/v\/t1.0-9\/18920294_1572175022834673_7633340597820363797_n.png?oh=83bd951abba65edeb0eb3cd84ecb8492&amp;oe=59AB4B45","contentUrl":"https:\/\/scontent.xx.fbcdn.net\/v\/t1.0-9\/18920294_1572175022834673_7633340597820363797_n.png?oh=83bd951abba65edeb0eb3cd84ecb8492&amp;oe=59AB4B45"},{"@type":"BreadcrumbList","@id":"https:\/\/www.article-marketing.eu\/comunicatistampa\/un-nuovo-centro-estetico-a-conegliano-veneto\/#breadcrumb","itemListElement":[{"@type":"ListItem","position":1,"name":"Home","item":"https:\/\/www.article-marketing.eu\/comunicatistampa\/"},{"@type":"ListItem","position":2,"name":"Un nuovo centro estetico a Conegliano Veneto"}]},{"@type":"WebSite","@id":"https:\/\/www.article-marketing.eu\/comunicatistampa\/#website","url":"https:\/\/www.article-marketing.eu\/comunicatistampa\/","name":"Article Marketing","description":"article marketing &amp; press release","potentialAction":[{"@type":"SearchAction","target":{"@type":"EntryPoint","urlTemplate":"https:\/\/www.article-marketing.eu\/comunicatistampa\/?s={search_term_string}"},"query-input":{"@type":"PropertyValueSpecification","valueRequired":true,"valueName":"search_term_string"}}],"inLanguage":"it-IT"},{"@type":"Person","@id":"https:\/\/www.article-marketing.eu\/comunicatistampa\/#\/schema\/person\/855e00dbdfcb8f49c9c9a3f5acd7d56d","name":"sara06","image":{"@type":"ImageObject","inLanguage":"it-IT","@id":"https:\/\/secure.gravatar.com\/avatar\/c3126a3f34bcd9b8f8048d34d384fecf97f04241946cfecd9160ff76d235baa9?s=96&d=mm&r=g","url":"https:\/\/secure.gravatar.com\/avatar\/c3126a3f34bcd9b8f8048d34d384fecf97f04241946cfecd9160ff76d235baa9?s=96&d=mm&r=g","contentUrl":"https:\/\/secure.gravatar.com\/avatar\/c3126a3f34bcd9b8f8048d34d384fecf97f04241946cfecd9160ff76d235baa9?s=96&d=mm&r=g","caption":"sara06"},"url":"https:\/\/www.article-marketing.eu\/comunicatistampa\/author\/sara06\/"}]}},"_links":{"self":[{"href":"https:\/\/www.article-marketing.eu\/comunicatistampa\/wp-json\/wp\/v2\/posts\/3219","targetHints":{"allow":["GET"]}}],"collection":[{"href":"https:\/\/www.article-marketing.eu\/comunicatistampa\/wp-json\/wp\/v2\/posts"}],"about":[{"href":"https:\/\/www.article-marketing.eu\/comunicatistampa\/wp-json\/wp\/v2\/types\/post"}],"author":[{"embeddable":true,"href":"https:\/\/www.article-marketing.eu\/comunicatistampa\/wp-json\/wp\/v2\/users\/214"}],"replies":[{"embeddable":true,"href":"https:\/\/www.article-marketing.eu\/comunicatistampa\/wp-json\/wp\/v2\/comments?post=3219"}],"version-history":[{"count":4,"href":"https:\/\/www.article-marketing.eu\/comunicatistampa\/wp-json\/wp\/v2\/posts\/3219\/revisions"}],"predecessor-version":[{"id":3250,"href":"https:\/\/www.article-marketing.eu\/comunicatistampa\/wp-json\/wp\/v2\/posts\/3219\/revisions\/3250"}],"wp:attachment":[{"href":"https:\/\/www.article-marketing.eu\/comunicatistampa\/wp-json\/wp\/v2\/media?parent=3219"}],"wp:term":[{"taxonomy":"category","embeddable":true,"href":"https:\/\/www.article-marketing.eu\/comunicatistampa\/wp-json\/wp\/v2\/categories?post=3219"},{"taxonomy":"post_tag","embeddable":true,"href":"https:\/\/www.article-marketing.eu\/comunicatistampa\/wp-json\/wp\/v2\/tags?post=3219"}],"curies":[{"name":"wp","href":"https:\/\/api.w.org\/{rel}","templated":true}]}}