{"id":32350,"date":"2025-08-01T14:45:13","date_gmt":"2025-08-01T12:45:13","guid":{"rendered":"https:\/\/www.article-marketing.eu\/comunicatistampa\/?p=32350"},"modified":"2025-08-01T14:45:13","modified_gmt":"2025-08-01T12:45:13","slug":"mercato-del-caffe-mentre-il-prezzo-aumenta-i-piccoli-produttori-vengono-schiacciati","status":"publish","type":"post","link":"https:\/\/www.article-marketing.eu\/comunicatistampa\/mercato-del-caffe-mentre-il-prezzo-aumenta-i-piccoli-produttori-vengono-schiacciati\/","title":{"rendered":"Mercato del caff\u00e9, mentre il prezzo aumenta i piccoli produttori vengono schiacciati"},"content":{"rendered":"<p>Negli ultimi due anni <strong>il mercato del caff\u00e8 \u00e8 stato caratterizzato da una serie di problemi importanti<\/strong>, a cominciare dalle carenze produttive in Brasile e Vietnam. Ma oltre a questi aspetti ce ne sono stati altri che hanno agito da propulsore per i prezzi del caff\u00e8, come le normative europee sulla deforestazione e le difficolt\u00e0 nelle catene di approvvigionamento.<\/p>\n<h2>Il boom di prezzo sul mercato del caff\u00e8<\/h2>\n<p><img decoding=\"async\" style=\"float: right; height: 162px; margin: 11px; width: 309px;\" src=\"https:\/\/economia-impresa.info\/wp-content\/uploads\/2021\/10\/caffe-commodity-630x330.jpg\" alt=\"caff\u00e9\" \/>Il risultato di tutti i problemi che abbiamo appena esposto \u00e8 che sul mercato del caff\u00e8 c&#8217;\u00e8 stata <strong>una impennata\u00a0del prezzo senza precedenti <\/strong>nell&#8217;ultimo biennio. Nel mese di febbraio 2025 <strong>il caff\u00e8 verde ha toccato il record di 4,41 dollari per ogni libbra<\/strong>, il doppio rispetto a febbraio del 2023 (fonte dati <a href=\"https:\/\/www.universoforex.it\/news\/1748\/pocket_option_il_broker_binario_non_esma_con_altissimi_payout_recensione_ed_opinioni.html\" target=\"_blank\" rel=\"noopener\">Pocket Option Italia<\/a>). I prezzi della variet\u00e0 <strong>Arabica hanno raggiunto il livello massimo dal 1970<\/strong>.<\/p>\n<h2>Squilibrio domanda offerta<\/h2>\n<p>In base all&#8217;<strong>ultimo rapporto della FAO, lo scenario dovrebbe addirittura peggiorare<\/strong> nel medio termine. A causa dei cambiamenti climatici infatti la produzione in Brasile \u00e8 stata parzialmente compromessa. Se da un lato <strong>l&#8217;offerta sar\u00e0 minore, dall&#8217;altro la domanda continua a crescere<\/strong>.<\/p>\n<p>Senza contare che ci sono <strong>problemi logistici lungo le catene di approvvigionamento<\/strong>\u00a0del mercato del caff\u00e8, come l&#8217;incremento dei trasporti e del prezzo delle materie prime e le tensioni geopolitiche, nonch\u00e9 la battaglia dei dazi intrapresa dagli Stati Uniti. <strong>Anche i grandi produttori,<\/strong> i soli che hanno la possibilit\u00e0 di adottare strategie di\u00a0<a href=\"https:\/\/www.universoforex.it\/news\/652\/hedging_su_forex_cfd_e_opzioni_binarie_una_strategia_che_serve_oppure_no.html\" target=\"_blank\" rel=\"noopener\">hedging<\/a> per coprirsi da alcuni rischi, <strong>sono in grande difficolt\u00e0<\/strong>.<\/p>\n<h2>Lo sfruttamento dei piccoli produttori<\/h2>\n<p>Quello che per\u00f2 merita di essere messo in evidenza \u00e8 che <strong>l&#8217;aumento dei prezzi del caff\u00e8 non si traduce in benefici per tutti <\/strong>i soggetti coinvolti nella filiera. Torrefattori e importatori hanno dei margini di guadagno sempre pi\u00f9 risicati, ma reggono. Invece <strong>per i produttori piccoli la situazione \u00e8 molto pi\u00f9 difficile<\/strong>. Per loro infatti l&#8217;aumento del prezzo non ha portato ad un aumento dei guadagni, ma addirittura ad un incremento delle difficolt\u00e0, <strong>tanto che molti hanno deciso di uscire dal mercato<\/strong>. \u00c8 emblematico il caso dell&#8217;Etiopia, dove i prezzi alla piantagione sono addirittura calati nell&#8217;ultimo anno malgrado il record dei prezzi globali.<\/p>\n<h2>Un sistema che non funziona<\/h2>\n<p>I piccoli produttori sono quelli che <strong>hanno le maggiori difficolt\u00e0 ad assorbire i rincari <\/strong>dei fertilizzanti, hanno <strong>problemi a sostenere investimenti <\/strong>per mantenere i livelli produttivi adeguati, <strong>subiscono maggiormente i cambiamenti climatici<\/strong>. Ci\u00f2 avviene perch\u00e9 non hanno la capacit\u00e0 di realizzare economie di scala che invece hanno le grandi aziende.<\/p>\n<p>In molti paesi le cooperative e compratori locali continuano a fissare dei prezzi molto bassi, guadagnando proprio sulle spalle di questi piccoli produttori. Per questo occorre una riforma profonda della filiera, perch\u00e9 fin quando i piccoli coltivatori continueranno a rimanere indietro, lo scenario futuro del mercato del caff\u00e8 diventer\u00e0 sempre pi\u00f9 complesso.<\/p>\n","protected":false},"excerpt":{"rendered":"<p>Negli ultimi due anni il mercato del caff\u00e8 \u00e8 stato caratterizzato da una serie di problemi importanti, a cominciare dalle carenze produttive in Brasile e Vietnam. Ma oltre a questi aspetti ce ne sono stati altri che hanno agito da propulsore per i prezzi del caff\u00e8, come le normative europee sulla deforestazione e le difficolt\u00e0 nelle catene di approvvigionamento. Il boom di prezzo sul mercato del caff\u00e8 Il risultato di<\/p>\n<p><a class=\"continue-reading\" href=\"https:\/\/www.article-marketing.eu\/comunicatistampa\/mercato-del-caffe-mentre-il-prezzo-aumenta-i-piccoli-produttori-vengono-schiacciati\/\">Continue reading&#8230;<\/a><\/p>\n","protected":false},"author":7116,"featured_media":0,"comment_status":"open","ping_status":"open","sticky":false,"template":"","format":"standard","meta":{"_monsterinsights_skip_tracking":false,"_monsterinsights_sitenote_active":false,"_monsterinsights_sitenote_note":"","_monsterinsights_sitenote_category":0,"footnotes":""},"categories":[386],"tags":[11326,2604,11327,11328,11156],"class_list":["post-32350","post","type-post","status-publish","format-standard","hentry","category-economia-e-lavoro","tag-arabica","tag-caffe","tag-fao","tag-hedging","tag-pocket-option-italia"],"yoast_head":"<!-- This site is optimized with the Yoast SEO plugin v27.3 - https:\/\/yoast.com\/product\/yoast-seo-wordpress\/ -->\n<title>Mercato del caff\u00e9, mentre il prezzo aumenta i piccoli produttori vengono schiacciati<\/title>\n<meta name=\"robots\" content=\"index, follow, max-snippet:-1, max-image-preview:large, max-video-preview:-1\" \/>\n<link rel=\"canonical\" href=\"https:\/\/www.article-marketing.eu\/comunicatistampa\/mercato-del-caffe-mentre-il-prezzo-aumenta-i-piccoli-produttori-vengono-schiacciati\/\" \/>\n<meta property=\"og:locale\" content=\"it_IT\" \/>\n<meta property=\"og:type\" content=\"article\" \/>\n<meta property=\"og:title\" content=\"Mercato del caff\u00e9, mentre il prezzo aumenta i piccoli produttori vengono schiacciati\" \/>\n<meta property=\"og:description\" content=\"Negli ultimi due anni il mercato del caff\u00e8 \u00e8 stato caratterizzato da una serie di problemi importanti, a cominciare dalle carenze produttive in Brasile e Vietnam. Ma oltre a questi aspetti ce ne sono stati altri che hanno agito da propulsore per i prezzi del caff\u00e8, come le normative europee sulla deforestazione e le difficolt\u00e0 nelle catene di approvvigionamento. Il boom di prezzo sul mercato del caff\u00e8 Il risultato diContinue reading...\" \/>\n<meta property=\"og:url\" content=\"https:\/\/www.article-marketing.eu\/comunicatistampa\/mercato-del-caffe-mentre-il-prezzo-aumenta-i-piccoli-produttori-vengono-schiacciati\/\" \/>\n<meta property=\"og:site_name\" content=\"Article Marketing\" \/>\n<meta property=\"article:published_time\" content=\"2025-08-01T12:45:13+00:00\" \/>\n<meta property=\"og:image\" content=\"https:\/\/economia-impresa.info\/wp-content\/uploads\/2021\/10\/caffe-commodity-630x330.jpg\" \/>\n<meta name=\"author\" content=\"heliricci\" \/>\n<meta name=\"twitter:card\" content=\"summary_large_image\" \/>\n<meta name=\"twitter:label1\" content=\"Scritto da\" \/>\n\t<meta name=\"twitter:data1\" content=\"heliricci\" \/>\n\t<meta name=\"twitter:label2\" content=\"Tempo di lettura stimato\" \/>\n\t<meta name=\"twitter:data2\" content=\"3 minuti\" \/>\n<script type=\"application\/ld+json\" class=\"yoast-schema-graph\">{\"@context\":\"https:\\\/\\\/schema.org\",\"@graph\":[{\"@type\":\"Article\",\"@id\":\"https:\\\/\\\/www.article-marketing.eu\\\/comunicatistampa\\\/mercato-del-caffe-mentre-il-prezzo-aumenta-i-piccoli-produttori-vengono-schiacciati\\\/#article\",\"isPartOf\":{\"@id\":\"https:\\\/\\\/www.article-marketing.eu\\\/comunicatistampa\\\/mercato-del-caffe-mentre-il-prezzo-aumenta-i-piccoli-produttori-vengono-schiacciati\\\/\"},\"author\":{\"name\":\"heliricci\",\"@id\":\"https:\\\/\\\/www.article-marketing.eu\\\/comunicatistampa\\\/#\\\/schema\\\/person\\\/eb0d46093829ff5c8faf8fc7703db387\"},\"headline\":\"Mercato del caff\u00e9, mentre il prezzo aumenta i piccoli produttori vengono schiacciati\",\"datePublished\":\"2025-08-01T12:45:13+00:00\",\"mainEntityOfPage\":{\"@id\":\"https:\\\/\\\/www.article-marketing.eu\\\/comunicatistampa\\\/mercato-del-caffe-mentre-il-prezzo-aumenta-i-piccoli-produttori-vengono-schiacciati\\\/\"},\"wordCount\":459,\"commentCount\":0,\"image\":{\"@id\":\"https:\\\/\\\/www.article-marketing.eu\\\/comunicatistampa\\\/mercato-del-caffe-mentre-il-prezzo-aumenta-i-piccoli-produttori-vengono-schiacciati\\\/#primaryimage\"},\"thumbnailUrl\":\"https:\\\/\\\/economia-impresa.info\\\/wp-content\\\/uploads\\\/2021\\\/10\\\/caffe-commodity-630x330.jpg\",\"keywords\":[\"arabica\",\"caff\u00e8\",\"FAO\",\"hedging\",\"Pocket Option Italia\"],\"articleSection\":[\"Economia e lavoro\"],\"inLanguage\":\"it-IT\",\"potentialAction\":[{\"@type\":\"CommentAction\",\"name\":\"Comment\",\"target\":[\"https:\\\/\\\/www.article-marketing.eu\\\/comunicatistampa\\\/mercato-del-caffe-mentre-il-prezzo-aumenta-i-piccoli-produttori-vengono-schiacciati\\\/#respond\"]}]},{\"@type\":\"WebPage\",\"@id\":\"https:\\\/\\\/www.article-marketing.eu\\\/comunicatistampa\\\/mercato-del-caffe-mentre-il-prezzo-aumenta-i-piccoli-produttori-vengono-schiacciati\\\/\",\"url\":\"https:\\\/\\\/www.article-marketing.eu\\\/comunicatistampa\\\/mercato-del-caffe-mentre-il-prezzo-aumenta-i-piccoli-produttori-vengono-schiacciati\\\/\",\"name\":\"Mercato del caff\u00e9, mentre il prezzo aumenta i piccoli produttori vengono schiacciati\",\"isPartOf\":{\"@id\":\"https:\\\/\\\/www.article-marketing.eu\\\/comunicatistampa\\\/#website\"},\"primaryImageOfPage\":{\"@id\":\"https:\\\/\\\/www.article-marketing.eu\\\/comunicatistampa\\\/mercato-del-caffe-mentre-il-prezzo-aumenta-i-piccoli-produttori-vengono-schiacciati\\\/#primaryimage\"},\"image\":{\"@id\":\"https:\\\/\\\/www.article-marketing.eu\\\/comunicatistampa\\\/mercato-del-caffe-mentre-il-prezzo-aumenta-i-piccoli-produttori-vengono-schiacciati\\\/#primaryimage\"},\"thumbnailUrl\":\"https:\\\/\\\/economia-impresa.info\\\/wp-content\\\/uploads\\\/2021\\\/10\\\/caffe-commodity-630x330.jpg\",\"datePublished\":\"2025-08-01T12:45:13+00:00\",\"author\":{\"@id\":\"https:\\\/\\\/www.article-marketing.eu\\\/comunicatistampa\\\/#\\\/schema\\\/person\\\/eb0d46093829ff5c8faf8fc7703db387\"},\"breadcrumb\":{\"@id\":\"https:\\\/\\\/www.article-marketing.eu\\\/comunicatistampa\\\/mercato-del-caffe-mentre-il-prezzo-aumenta-i-piccoli-produttori-vengono-schiacciati\\\/#breadcrumb\"},\"inLanguage\":\"it-IT\",\"potentialAction\":[{\"@type\":\"ReadAction\",\"target\":[\"https:\\\/\\\/www.article-marketing.eu\\\/comunicatistampa\\\/mercato-del-caffe-mentre-il-prezzo-aumenta-i-piccoli-produttori-vengono-schiacciati\\\/\"]}]},{\"@type\":\"ImageObject\",\"inLanguage\":\"it-IT\",\"@id\":\"https:\\\/\\\/www.article-marketing.eu\\\/comunicatistampa\\\/mercato-del-caffe-mentre-il-prezzo-aumenta-i-piccoli-produttori-vengono-schiacciati\\\/#primaryimage\",\"url\":\"https:\\\/\\\/economia-impresa.info\\\/wp-content\\\/uploads\\\/2021\\\/10\\\/caffe-commodity-630x330.jpg\",\"contentUrl\":\"https:\\\/\\\/economia-impresa.info\\\/wp-content\\\/uploads\\\/2021\\\/10\\\/caffe-commodity-630x330.jpg\"},{\"@type\":\"BreadcrumbList\",\"@id\":\"https:\\\/\\\/www.article-marketing.eu\\\/comunicatistampa\\\/mercato-del-caffe-mentre-il-prezzo-aumenta-i-piccoli-produttori-vengono-schiacciati\\\/#breadcrumb\",\"itemListElement\":[{\"@type\":\"ListItem\",\"position\":1,\"name\":\"Home\",\"item\":\"https:\\\/\\\/www.article-marketing.eu\\\/comunicatistampa\\\/\"},{\"@type\":\"ListItem\",\"position\":2,\"name\":\"Mercato del caff\u00e9, mentre il prezzo aumenta i piccoli produttori vengono schiacciati\"}]},{\"@type\":\"WebSite\",\"@id\":\"https:\\\/\\\/www.article-marketing.eu\\\/comunicatistampa\\\/#website\",\"url\":\"https:\\\/\\\/www.article-marketing.eu\\\/comunicatistampa\\\/\",\"name\":\"Article Marketing\",\"description\":\"article marketing &amp; press release\",\"potentialAction\":[{\"@type\":\"SearchAction\",\"target\":{\"@type\":\"EntryPoint\",\"urlTemplate\":\"https:\\\/\\\/www.article-marketing.eu\\\/comunicatistampa\\\/?s={search_term_string}\"},\"query-input\":{\"@type\":\"PropertyValueSpecification\",\"valueRequired\":true,\"valueName\":\"search_term_string\"}}],\"inLanguage\":\"it-IT\"},{\"@type\":\"Person\",\"@id\":\"https:\\\/\\\/www.article-marketing.eu\\\/comunicatistampa\\\/#\\\/schema\\\/person\\\/eb0d46093829ff5c8faf8fc7703db387\",\"name\":\"heliricci\",\"image\":{\"@type\":\"ImageObject\",\"inLanguage\":\"it-IT\",\"@id\":\"https:\\\/\\\/secure.gravatar.com\\\/avatar\\\/c6d7bd728cdc2edbc0952c2d33ef684ae63b49979e1912fdf2804320fb36a0d6?s=96&d=mm&r=g\",\"url\":\"https:\\\/\\\/secure.gravatar.com\\\/avatar\\\/c6d7bd728cdc2edbc0952c2d33ef684ae63b49979e1912fdf2804320fb36a0d6?s=96&d=mm&r=g\",\"contentUrl\":\"https:\\\/\\\/secure.gravatar.com\\\/avatar\\\/c6d7bd728cdc2edbc0952c2d33ef684ae63b49979e1912fdf2804320fb36a0d6?s=96&d=mm&r=g\",\"caption\":\"heliricci\"},\"url\":\"https:\\\/\\\/www.article-marketing.eu\\\/comunicatistampa\\\/author\\\/heliricci\\\/\"}]}<\/script>\n<!-- \/ Yoast SEO plugin. -->","yoast_head_json":{"title":"Mercato del caff\u00e9, mentre il prezzo aumenta i piccoli produttori vengono schiacciati","robots":{"index":"index","follow":"follow","max-snippet":"max-snippet:-1","max-image-preview":"max-image-preview:large","max-video-preview":"max-video-preview:-1"},"canonical":"https:\/\/www.article-marketing.eu\/comunicatistampa\/mercato-del-caffe-mentre-il-prezzo-aumenta-i-piccoli-produttori-vengono-schiacciati\/","og_locale":"it_IT","og_type":"article","og_title":"Mercato del caff\u00e9, mentre il prezzo aumenta i piccoli produttori vengono schiacciati","og_description":"Negli ultimi due anni il mercato del caff\u00e8 \u00e8 stato caratterizzato da una serie di problemi importanti, a cominciare dalle carenze produttive in Brasile e Vietnam. Ma oltre a questi aspetti ce ne sono stati altri che hanno agito da propulsore per i prezzi del caff\u00e8, come le normative europee sulla deforestazione e le difficolt\u00e0 nelle catene di approvvigionamento. Il boom di prezzo sul mercato del caff\u00e8 Il risultato diContinue reading...","og_url":"https:\/\/www.article-marketing.eu\/comunicatistampa\/mercato-del-caffe-mentre-il-prezzo-aumenta-i-piccoli-produttori-vengono-schiacciati\/","og_site_name":"Article Marketing","article_published_time":"2025-08-01T12:45:13+00:00","og_image":[{"url":"https:\/\/economia-impresa.info\/wp-content\/uploads\/2021\/10\/caffe-commodity-630x330.jpg","type":"","width":"","height":""}],"author":"heliricci","twitter_card":"summary_large_image","twitter_misc":{"Scritto da":"heliricci","Tempo di lettura stimato":"3 minuti"},"schema":{"@context":"https:\/\/schema.org","@graph":[{"@type":"Article","@id":"https:\/\/www.article-marketing.eu\/comunicatistampa\/mercato-del-caffe-mentre-il-prezzo-aumenta-i-piccoli-produttori-vengono-schiacciati\/#article","isPartOf":{"@id":"https:\/\/www.article-marketing.eu\/comunicatistampa\/mercato-del-caffe-mentre-il-prezzo-aumenta-i-piccoli-produttori-vengono-schiacciati\/"},"author":{"name":"heliricci","@id":"https:\/\/www.article-marketing.eu\/comunicatistampa\/#\/schema\/person\/eb0d46093829ff5c8faf8fc7703db387"},"headline":"Mercato del caff\u00e9, mentre il prezzo aumenta i piccoli produttori vengono schiacciati","datePublished":"2025-08-01T12:45:13+00:00","mainEntityOfPage":{"@id":"https:\/\/www.article-marketing.eu\/comunicatistampa\/mercato-del-caffe-mentre-il-prezzo-aumenta-i-piccoli-produttori-vengono-schiacciati\/"},"wordCount":459,"commentCount":0,"image":{"@id":"https:\/\/www.article-marketing.eu\/comunicatistampa\/mercato-del-caffe-mentre-il-prezzo-aumenta-i-piccoli-produttori-vengono-schiacciati\/#primaryimage"},"thumbnailUrl":"https:\/\/economia-impresa.info\/wp-content\/uploads\/2021\/10\/caffe-commodity-630x330.jpg","keywords":["arabica","caff\u00e8","FAO","hedging","Pocket Option Italia"],"articleSection":["Economia e lavoro"],"inLanguage":"it-IT","potentialAction":[{"@type":"CommentAction","name":"Comment","target":["https:\/\/www.article-marketing.eu\/comunicatistampa\/mercato-del-caffe-mentre-il-prezzo-aumenta-i-piccoli-produttori-vengono-schiacciati\/#respond"]}]},{"@type":"WebPage","@id":"https:\/\/www.article-marketing.eu\/comunicatistampa\/mercato-del-caffe-mentre-il-prezzo-aumenta-i-piccoli-produttori-vengono-schiacciati\/","url":"https:\/\/www.article-marketing.eu\/comunicatistampa\/mercato-del-caffe-mentre-il-prezzo-aumenta-i-piccoli-produttori-vengono-schiacciati\/","name":"Mercato del caff\u00e9, mentre il prezzo aumenta i piccoli produttori vengono schiacciati","isPartOf":{"@id":"https:\/\/www.article-marketing.eu\/comunicatistampa\/#website"},"primaryImageOfPage":{"@id":"https:\/\/www.article-marketing.eu\/comunicatistampa\/mercato-del-caffe-mentre-il-prezzo-aumenta-i-piccoli-produttori-vengono-schiacciati\/#primaryimage"},"image":{"@id":"https:\/\/www.article-marketing.eu\/comunicatistampa\/mercato-del-caffe-mentre-il-prezzo-aumenta-i-piccoli-produttori-vengono-schiacciati\/#primaryimage"},"thumbnailUrl":"https:\/\/economia-impresa.info\/wp-content\/uploads\/2021\/10\/caffe-commodity-630x330.jpg","datePublished":"2025-08-01T12:45:13+00:00","author":{"@id":"https:\/\/www.article-marketing.eu\/comunicatistampa\/#\/schema\/person\/eb0d46093829ff5c8faf8fc7703db387"},"breadcrumb":{"@id":"https:\/\/www.article-marketing.eu\/comunicatistampa\/mercato-del-caffe-mentre-il-prezzo-aumenta-i-piccoli-produttori-vengono-schiacciati\/#breadcrumb"},"inLanguage":"it-IT","potentialAction":[{"@type":"ReadAction","target":["https:\/\/www.article-marketing.eu\/comunicatistampa\/mercato-del-caffe-mentre-il-prezzo-aumenta-i-piccoli-produttori-vengono-schiacciati\/"]}]},{"@type":"ImageObject","inLanguage":"it-IT","@id":"https:\/\/www.article-marketing.eu\/comunicatistampa\/mercato-del-caffe-mentre-il-prezzo-aumenta-i-piccoli-produttori-vengono-schiacciati\/#primaryimage","url":"https:\/\/economia-impresa.info\/wp-content\/uploads\/2021\/10\/caffe-commodity-630x330.jpg","contentUrl":"https:\/\/economia-impresa.info\/wp-content\/uploads\/2021\/10\/caffe-commodity-630x330.jpg"},{"@type":"BreadcrumbList","@id":"https:\/\/www.article-marketing.eu\/comunicatistampa\/mercato-del-caffe-mentre-il-prezzo-aumenta-i-piccoli-produttori-vengono-schiacciati\/#breadcrumb","itemListElement":[{"@type":"ListItem","position":1,"name":"Home","item":"https:\/\/www.article-marketing.eu\/comunicatistampa\/"},{"@type":"ListItem","position":2,"name":"Mercato del caff\u00e9, mentre il prezzo aumenta i piccoli produttori vengono schiacciati"}]},{"@type":"WebSite","@id":"https:\/\/www.article-marketing.eu\/comunicatistampa\/#website","url":"https:\/\/www.article-marketing.eu\/comunicatistampa\/","name":"Article Marketing","description":"article marketing &amp; press release","potentialAction":[{"@type":"SearchAction","target":{"@type":"EntryPoint","urlTemplate":"https:\/\/www.article-marketing.eu\/comunicatistampa\/?s={search_term_string}"},"query-input":{"@type":"PropertyValueSpecification","valueRequired":true,"valueName":"search_term_string"}}],"inLanguage":"it-IT"},{"@type":"Person","@id":"https:\/\/www.article-marketing.eu\/comunicatistampa\/#\/schema\/person\/eb0d46093829ff5c8faf8fc7703db387","name":"heliricci","image":{"@type":"ImageObject","inLanguage":"it-IT","@id":"https:\/\/secure.gravatar.com\/avatar\/c6d7bd728cdc2edbc0952c2d33ef684ae63b49979e1912fdf2804320fb36a0d6?s=96&d=mm&r=g","url":"https:\/\/secure.gravatar.com\/avatar\/c6d7bd728cdc2edbc0952c2d33ef684ae63b49979e1912fdf2804320fb36a0d6?s=96&d=mm&r=g","contentUrl":"https:\/\/secure.gravatar.com\/avatar\/c6d7bd728cdc2edbc0952c2d33ef684ae63b49979e1912fdf2804320fb36a0d6?s=96&d=mm&r=g","caption":"heliricci"},"url":"https:\/\/www.article-marketing.eu\/comunicatistampa\/author\/heliricci\/"}]}},"_links":{"self":[{"href":"https:\/\/www.article-marketing.eu\/comunicatistampa\/wp-json\/wp\/v2\/posts\/32350","targetHints":{"allow":["GET"]}}],"collection":[{"href":"https:\/\/www.article-marketing.eu\/comunicatistampa\/wp-json\/wp\/v2\/posts"}],"about":[{"href":"https:\/\/www.article-marketing.eu\/comunicatistampa\/wp-json\/wp\/v2\/types\/post"}],"author":[{"embeddable":true,"href":"https:\/\/www.article-marketing.eu\/comunicatistampa\/wp-json\/wp\/v2\/users\/7116"}],"replies":[{"embeddable":true,"href":"https:\/\/www.article-marketing.eu\/comunicatistampa\/wp-json\/wp\/v2\/comments?post=32350"}],"version-history":[{"count":2,"href":"https:\/\/www.article-marketing.eu\/comunicatistampa\/wp-json\/wp\/v2\/posts\/32350\/revisions"}],"predecessor-version":[{"id":32357,"href":"https:\/\/www.article-marketing.eu\/comunicatistampa\/wp-json\/wp\/v2\/posts\/32350\/revisions\/32357"}],"wp:attachment":[{"href":"https:\/\/www.article-marketing.eu\/comunicatistampa\/wp-json\/wp\/v2\/media?parent=32350"}],"wp:term":[{"taxonomy":"category","embeddable":true,"href":"https:\/\/www.article-marketing.eu\/comunicatistampa\/wp-json\/wp\/v2\/categories?post=32350"},{"taxonomy":"post_tag","embeddable":true,"href":"https:\/\/www.article-marketing.eu\/comunicatistampa\/wp-json\/wp\/v2\/tags?post=32350"}],"curies":[{"name":"wp","href":"https:\/\/api.w.org\/{rel}","templated":true}]}}