{"id":32392,"date":"2026-03-12T13:35:34","date_gmt":"2026-03-12T12:35:34","guid":{"rendered":"https:\/\/www.article-marketing.eu\/comunicatistampa\/?p=32392"},"modified":"2026-03-12T13:35:34","modified_gmt":"2026-03-12T12:35:34","slug":"economia-europea-la-locomotiva-germania-perde-colpi-e-accelera-la-deindustrializzazione","status":"publish","type":"post","link":"https:\/\/www.article-marketing.eu\/comunicatistampa\/economia-europea-la-locomotiva-germania-perde-colpi-e-accelera-la-deindustrializzazione\/","title":{"rendered":"Economia europea, la locomotiva Germania perde colpi e accelera la deindustrializzazione"},"content":{"rendered":"<p>Da decenni <strong>la Germania <\/strong>veniva considerata come la locomotiva d&#8217;Europa, perch\u00e9 la sua industria <strong>era capace di trascinare l&#8217;intera economia europea.<\/strong> Ma questo ruolo ormai sembra non appartenerle pi\u00f9, soprattutto perch\u00e9 <strong>il suo tessuto produttivo industriale inizia a mostrare delle crepe<\/strong> sempre pi\u00f9 profonde.<\/p>\n<h2>C&#8217;era una volta la leader dell&#8217;economia europea<\/h2>\n<p><strong><img decoding=\"async\" style=\"float: right; height: 168px; margin: 11px; width: 321px;\" src=\"https:\/\/www.dax-pro.com\/new\/wp-content\/uploads\/2021\/10\/bundesbank-630x330.jpg\" alt=\"economia tedesca\" \/>L&#8217;industria tedesca <\/strong>sta vivendo la fase pi\u00f9 complicata della sua storia. Nel corso del 2025, in modo trasversale in tutti i settori, <strong>ci sono stati oltre 120.000 tagli ai posti di lavoro. <\/strong>Numeri preoccupanti, soprattutto perch\u00e9 <strong>le cicatrici maggiori le porta <\/strong>quel settore industriale che era il fiore all&#8217;occhiello dell&#8217;economia teutonica, <strong>l&#8217;automotive<\/strong>.<\/p>\n<h2>Un crollo verticale<\/h2>\n<p>Dal 2023 <strong>il fatturato industriale <\/strong>complessivo della Germania <strong>\u00e8 precipitato del 5% in termini complessivi<\/strong>. Ma se ci rivolgiamo soltanto al <strong>settore automobilistico il crollo \u00e8 stato addirittura del 13%<\/strong>. Ed \u00e8 proprio nel settore auto che ci sono stati i tagli lavorativi maggiori, con oltre 111.000 unit\u00e0 in meno dal 2019 ad oggi. Lo specchio fedele di questa situazione sono le quotazioni in borsa di colossi del <a href=\"https:\/\/www.dax-pro.com\/news\/4008\/nasce-il-dax-40-ecco-i-nuovi-membri-che-entrano-nel-listino-principale.html\" target=\"_blank\" rel=\"noopener\">DAX (Ger40)<\/a> come Volkswagen, BMW, Mercedes e Daimler.<br \/>\nPer fronteggiare la crisi profonda, molte delle aziende automobilistiche tedesche hanno deciso di <strong>procedere con delocalizzazione <\/strong>sia dei centri produttivi che di quelli di ricerca e sviluppo.<\/p>\n<h2>Il problema dell&#8217;energia<\/h2>\n<p><strong>Uno dei colpi pi\u00f9 pesanti <\/strong>all&#8217;economia tedesca e alla sua industria \u00e8 stato vibrato dalla <strong>questione energetica.<\/strong>\u00a0I costi legati alla transizione verso il verde sono cresciuti a dismisura, evidenziando <strong>una strategia fallimentare che ha strangolato l&#8217;industria<\/strong>, soprattutto quella pesante. Finch\u00e9 questa voce di costo rimarr\u00e0 fuori controllo rispetto ai concorrenti americani e asiatici, le cose non potranno certo migliorare.<\/p>\n<h2>Il futuro con pi\u00f9 ombre che luci<\/h2>\n<p>Secondo gli esperti, <strong>la crescita dell&#8217;economia tedesca rimarr\u00e0 anemica <\/strong>anche nel 2026. Per i primi <a href=\"https:\/\/www.universoforex.it\/news\/1205\/migliori_segnali_forex_gratis_in_tempo_reale_ecco_dove_trovarli.html\" target=\"_blank\" rel=\"noopener\">segnali efficaci<\/a>\u00a0bisogner\u00e0 aspettare l&#8217;<strong>anno seguente, quando dovrebbe esserci<\/strong>\u00a0<strong>una crescita pi\u00f9 robusta.<\/strong> Quest&#8217;ultima per\u00f2 verr\u00e0 trainata da una forte iniezione di spesa pubblica per infrastrutture e soprattutto per la difesa. Ma la spesa militare \u00e8 un motore che pu\u00f2 avere vita solo per un breve periodo, e soprattutto non abbassa il costo della vita n\u00e9 genera un indotto importante. La ripresa dell&#8217;economia tedesca rischia cos\u00ec di rimanere solo un&#8217;illusione.<\/p>\n","protected":false},"excerpt":{"rendered":"<p>Da decenni la Germania veniva considerata come la locomotiva d&#8217;Europa, perch\u00e9 la sua industria era capace di trascinare l&#8217;intera economia europea. Ma questo ruolo ormai sembra non appartenerle pi\u00f9, soprattutto perch\u00e9 il suo tessuto produttivo industriale inizia a mostrare delle crepe sempre pi\u00f9 profonde. C&#8217;era una volta la leader dell&#8217;economia europea L&#8217;industria tedesca sta vivendo la fase pi\u00f9 complicata della sua storia. Nel corso del 2025, in modo trasversale in<\/p>\n<p><a class=\"continue-reading\" href=\"https:\/\/www.article-marketing.eu\/comunicatistampa\/economia-europea-la-locomotiva-germania-perde-colpi-e-accelera-la-deindustrializzazione\/\">Continue reading&#8230;<\/a><\/p>\n","protected":false},"author":7116,"featured_media":0,"comment_status":"open","ping_status":"open","sticky":false,"template":"","format":"standard","meta":{"_monsterinsights_skip_tracking":false,"_monsterinsights_sitenote_active":false,"_monsterinsights_sitenote_note":"","_monsterinsights_sitenote_category":0,"footnotes":""},"categories":[386],"tags":[11332,904,2944,9274,11168],"class_list":["post-32392","post","type-post","status-publish","format-standard","hentry","category-economia-e-lavoro","tag-dax-ger40","tag-economia","tag-germania","tag-industria","tag-segnali"],"yoast_head":"<!-- This site is optimized with the Yoast SEO plugin v27.3 - https:\/\/yoast.com\/product\/yoast-seo-wordpress\/ -->\n<title>Economia europea, la locomotiva Germania perde colpi e accelera la deindustrializzazione<\/title>\n<meta name=\"robots\" content=\"index, follow, max-snippet:-1, max-image-preview:large, max-video-preview:-1\" \/>\n<link rel=\"canonical\" href=\"https:\/\/www.article-marketing.eu\/comunicatistampa\/economia-europea-la-locomotiva-germania-perde-colpi-e-accelera-la-deindustrializzazione\/\" \/>\n<meta property=\"og:locale\" content=\"it_IT\" \/>\n<meta property=\"og:type\" content=\"article\" \/>\n<meta property=\"og:title\" content=\"Economia europea, la locomotiva Germania perde colpi e accelera la deindustrializzazione\" \/>\n<meta property=\"og:description\" content=\"Da decenni la Germania veniva considerata come la locomotiva d&#8217;Europa, perch\u00e9 la sua industria era capace di trascinare l&#8217;intera economia europea. Ma questo ruolo ormai sembra non appartenerle pi\u00f9, soprattutto perch\u00e9 il suo tessuto produttivo industriale inizia a mostrare delle crepe sempre pi\u00f9 profonde. C&#8217;era una volta la leader dell&#8217;economia europea L&#8217;industria tedesca sta vivendo la fase pi\u00f9 complicata della sua storia. Nel corso del 2025, in modo trasversale inContinue reading...\" \/>\n<meta property=\"og:url\" content=\"https:\/\/www.article-marketing.eu\/comunicatistampa\/economia-europea-la-locomotiva-germania-perde-colpi-e-accelera-la-deindustrializzazione\/\" \/>\n<meta property=\"og:site_name\" content=\"Article Marketing\" \/>\n<meta property=\"article:published_time\" content=\"2026-03-12T12:35:34+00:00\" \/>\n<meta property=\"og:image\" content=\"https:\/\/www.dax-pro.com\/new\/wp-content\/uploads\/2021\/10\/bundesbank-630x330.jpg\" \/>\n<meta name=\"author\" content=\"heliricci\" \/>\n<meta name=\"twitter:card\" content=\"summary_large_image\" \/>\n<meta name=\"twitter:label1\" content=\"Scritto da\" \/>\n\t<meta name=\"twitter:data1\" content=\"heliricci\" \/>\n\t<meta name=\"twitter:label2\" content=\"Tempo di lettura stimato\" \/>\n\t<meta name=\"twitter:data2\" content=\"3 minuti\" \/>\n<script type=\"application\/ld+json\" class=\"yoast-schema-graph\">{\"@context\":\"https:\\\/\\\/schema.org\",\"@graph\":[{\"@type\":\"Article\",\"@id\":\"https:\\\/\\\/www.article-marketing.eu\\\/comunicatistampa\\\/economia-europea-la-locomotiva-germania-perde-colpi-e-accelera-la-deindustrializzazione\\\/#article\",\"isPartOf\":{\"@id\":\"https:\\\/\\\/www.article-marketing.eu\\\/comunicatistampa\\\/economia-europea-la-locomotiva-germania-perde-colpi-e-accelera-la-deindustrializzazione\\\/\"},\"author\":{\"name\":\"heliricci\",\"@id\":\"https:\\\/\\\/www.article-marketing.eu\\\/comunicatistampa\\\/#\\\/schema\\\/person\\\/eb0d46093829ff5c8faf8fc7703db387\"},\"headline\":\"Economia europea, la locomotiva Germania perde colpi e accelera la deindustrializzazione\",\"datePublished\":\"2026-03-12T12:35:34+00:00\",\"mainEntityOfPage\":{\"@id\":\"https:\\\/\\\/www.article-marketing.eu\\\/comunicatistampa\\\/economia-europea-la-locomotiva-germania-perde-colpi-e-accelera-la-deindustrializzazione\\\/\"},\"wordCount\":362,\"commentCount\":0,\"image\":{\"@id\":\"https:\\\/\\\/www.article-marketing.eu\\\/comunicatistampa\\\/economia-europea-la-locomotiva-germania-perde-colpi-e-accelera-la-deindustrializzazione\\\/#primaryimage\"},\"thumbnailUrl\":\"https:\\\/\\\/www.dax-pro.com\\\/new\\\/wp-content\\\/uploads\\\/2021\\\/10\\\/bundesbank-630x330.jpg\",\"keywords\":[\"DAX (Ger40)\",\"economia\",\"germania\",\"industria\",\"segnali\"],\"articleSection\":[\"Economia e lavoro\"],\"inLanguage\":\"it-IT\",\"potentialAction\":[{\"@type\":\"CommentAction\",\"name\":\"Comment\",\"target\":[\"https:\\\/\\\/www.article-marketing.eu\\\/comunicatistampa\\\/economia-europea-la-locomotiva-germania-perde-colpi-e-accelera-la-deindustrializzazione\\\/#respond\"]}]},{\"@type\":\"WebPage\",\"@id\":\"https:\\\/\\\/www.article-marketing.eu\\\/comunicatistampa\\\/economia-europea-la-locomotiva-germania-perde-colpi-e-accelera-la-deindustrializzazione\\\/\",\"url\":\"https:\\\/\\\/www.article-marketing.eu\\\/comunicatistampa\\\/economia-europea-la-locomotiva-germania-perde-colpi-e-accelera-la-deindustrializzazione\\\/\",\"name\":\"Economia europea, la locomotiva Germania perde colpi e accelera la deindustrializzazione\",\"isPartOf\":{\"@id\":\"https:\\\/\\\/www.article-marketing.eu\\\/comunicatistampa\\\/#website\"},\"primaryImageOfPage\":{\"@id\":\"https:\\\/\\\/www.article-marketing.eu\\\/comunicatistampa\\\/economia-europea-la-locomotiva-germania-perde-colpi-e-accelera-la-deindustrializzazione\\\/#primaryimage\"},\"image\":{\"@id\":\"https:\\\/\\\/www.article-marketing.eu\\\/comunicatistampa\\\/economia-europea-la-locomotiva-germania-perde-colpi-e-accelera-la-deindustrializzazione\\\/#primaryimage\"},\"thumbnailUrl\":\"https:\\\/\\\/www.dax-pro.com\\\/new\\\/wp-content\\\/uploads\\\/2021\\\/10\\\/bundesbank-630x330.jpg\",\"datePublished\":\"2026-03-12T12:35:34+00:00\",\"author\":{\"@id\":\"https:\\\/\\\/www.article-marketing.eu\\\/comunicatistampa\\\/#\\\/schema\\\/person\\\/eb0d46093829ff5c8faf8fc7703db387\"},\"breadcrumb\":{\"@id\":\"https:\\\/\\\/www.article-marketing.eu\\\/comunicatistampa\\\/economia-europea-la-locomotiva-germania-perde-colpi-e-accelera-la-deindustrializzazione\\\/#breadcrumb\"},\"inLanguage\":\"it-IT\",\"potentialAction\":[{\"@type\":\"ReadAction\",\"target\":[\"https:\\\/\\\/www.article-marketing.eu\\\/comunicatistampa\\\/economia-europea-la-locomotiva-germania-perde-colpi-e-accelera-la-deindustrializzazione\\\/\"]}]},{\"@type\":\"ImageObject\",\"inLanguage\":\"it-IT\",\"@id\":\"https:\\\/\\\/www.article-marketing.eu\\\/comunicatistampa\\\/economia-europea-la-locomotiva-germania-perde-colpi-e-accelera-la-deindustrializzazione\\\/#primaryimage\",\"url\":\"https:\\\/\\\/www.dax-pro.com\\\/new\\\/wp-content\\\/uploads\\\/2021\\\/10\\\/bundesbank-630x330.jpg\",\"contentUrl\":\"https:\\\/\\\/www.dax-pro.com\\\/new\\\/wp-content\\\/uploads\\\/2021\\\/10\\\/bundesbank-630x330.jpg\"},{\"@type\":\"BreadcrumbList\",\"@id\":\"https:\\\/\\\/www.article-marketing.eu\\\/comunicatistampa\\\/economia-europea-la-locomotiva-germania-perde-colpi-e-accelera-la-deindustrializzazione\\\/#breadcrumb\",\"itemListElement\":[{\"@type\":\"ListItem\",\"position\":1,\"name\":\"Home\",\"item\":\"https:\\\/\\\/www.article-marketing.eu\\\/comunicatistampa\\\/\"},{\"@type\":\"ListItem\",\"position\":2,\"name\":\"Economia europea, la locomotiva Germania perde colpi e accelera la deindustrializzazione\"}]},{\"@type\":\"WebSite\",\"@id\":\"https:\\\/\\\/www.article-marketing.eu\\\/comunicatistampa\\\/#website\",\"url\":\"https:\\\/\\\/www.article-marketing.eu\\\/comunicatistampa\\\/\",\"name\":\"Article Marketing\",\"description\":\"article marketing &amp; press release\",\"potentialAction\":[{\"@type\":\"SearchAction\",\"target\":{\"@type\":\"EntryPoint\",\"urlTemplate\":\"https:\\\/\\\/www.article-marketing.eu\\\/comunicatistampa\\\/?s={search_term_string}\"},\"query-input\":{\"@type\":\"PropertyValueSpecification\",\"valueRequired\":true,\"valueName\":\"search_term_string\"}}],\"inLanguage\":\"it-IT\"},{\"@type\":\"Person\",\"@id\":\"https:\\\/\\\/www.article-marketing.eu\\\/comunicatistampa\\\/#\\\/schema\\\/person\\\/eb0d46093829ff5c8faf8fc7703db387\",\"name\":\"heliricci\",\"image\":{\"@type\":\"ImageObject\",\"inLanguage\":\"it-IT\",\"@id\":\"https:\\\/\\\/secure.gravatar.com\\\/avatar\\\/c6d7bd728cdc2edbc0952c2d33ef684ae63b49979e1912fdf2804320fb36a0d6?s=96&d=mm&r=g\",\"url\":\"https:\\\/\\\/secure.gravatar.com\\\/avatar\\\/c6d7bd728cdc2edbc0952c2d33ef684ae63b49979e1912fdf2804320fb36a0d6?s=96&d=mm&r=g\",\"contentUrl\":\"https:\\\/\\\/secure.gravatar.com\\\/avatar\\\/c6d7bd728cdc2edbc0952c2d33ef684ae63b49979e1912fdf2804320fb36a0d6?s=96&d=mm&r=g\",\"caption\":\"heliricci\"},\"url\":\"https:\\\/\\\/www.article-marketing.eu\\\/comunicatistampa\\\/author\\\/heliricci\\\/\"}]}<\/script>\n<!-- \/ Yoast SEO plugin. -->","yoast_head_json":{"title":"Economia europea, la locomotiva Germania perde colpi e accelera la deindustrializzazione","robots":{"index":"index","follow":"follow","max-snippet":"max-snippet:-1","max-image-preview":"max-image-preview:large","max-video-preview":"max-video-preview:-1"},"canonical":"https:\/\/www.article-marketing.eu\/comunicatistampa\/economia-europea-la-locomotiva-germania-perde-colpi-e-accelera-la-deindustrializzazione\/","og_locale":"it_IT","og_type":"article","og_title":"Economia europea, la locomotiva Germania perde colpi e accelera la deindustrializzazione","og_description":"Da decenni la Germania veniva considerata come la locomotiva d&#8217;Europa, perch\u00e9 la sua industria era capace di trascinare l&#8217;intera economia europea. Ma questo ruolo ormai sembra non appartenerle pi\u00f9, soprattutto perch\u00e9 il suo tessuto produttivo industriale inizia a mostrare delle crepe sempre pi\u00f9 profonde. C&#8217;era una volta la leader dell&#8217;economia europea L&#8217;industria tedesca sta vivendo la fase pi\u00f9 complicata della sua storia. Nel corso del 2025, in modo trasversale inContinue reading...","og_url":"https:\/\/www.article-marketing.eu\/comunicatistampa\/economia-europea-la-locomotiva-germania-perde-colpi-e-accelera-la-deindustrializzazione\/","og_site_name":"Article Marketing","article_published_time":"2026-03-12T12:35:34+00:00","og_image":[{"url":"https:\/\/www.dax-pro.com\/new\/wp-content\/uploads\/2021\/10\/bundesbank-630x330.jpg","type":"","width":"","height":""}],"author":"heliricci","twitter_card":"summary_large_image","twitter_misc":{"Scritto da":"heliricci","Tempo di lettura stimato":"3 minuti"},"schema":{"@context":"https:\/\/schema.org","@graph":[{"@type":"Article","@id":"https:\/\/www.article-marketing.eu\/comunicatistampa\/economia-europea-la-locomotiva-germania-perde-colpi-e-accelera-la-deindustrializzazione\/#article","isPartOf":{"@id":"https:\/\/www.article-marketing.eu\/comunicatistampa\/economia-europea-la-locomotiva-germania-perde-colpi-e-accelera-la-deindustrializzazione\/"},"author":{"name":"heliricci","@id":"https:\/\/www.article-marketing.eu\/comunicatistampa\/#\/schema\/person\/eb0d46093829ff5c8faf8fc7703db387"},"headline":"Economia europea, la locomotiva Germania perde colpi e accelera la deindustrializzazione","datePublished":"2026-03-12T12:35:34+00:00","mainEntityOfPage":{"@id":"https:\/\/www.article-marketing.eu\/comunicatistampa\/economia-europea-la-locomotiva-germania-perde-colpi-e-accelera-la-deindustrializzazione\/"},"wordCount":362,"commentCount":0,"image":{"@id":"https:\/\/www.article-marketing.eu\/comunicatistampa\/economia-europea-la-locomotiva-germania-perde-colpi-e-accelera-la-deindustrializzazione\/#primaryimage"},"thumbnailUrl":"https:\/\/www.dax-pro.com\/new\/wp-content\/uploads\/2021\/10\/bundesbank-630x330.jpg","keywords":["DAX (Ger40)","economia","germania","industria","segnali"],"articleSection":["Economia e lavoro"],"inLanguage":"it-IT","potentialAction":[{"@type":"CommentAction","name":"Comment","target":["https:\/\/www.article-marketing.eu\/comunicatistampa\/economia-europea-la-locomotiva-germania-perde-colpi-e-accelera-la-deindustrializzazione\/#respond"]}]},{"@type":"WebPage","@id":"https:\/\/www.article-marketing.eu\/comunicatistampa\/economia-europea-la-locomotiva-germania-perde-colpi-e-accelera-la-deindustrializzazione\/","url":"https:\/\/www.article-marketing.eu\/comunicatistampa\/economia-europea-la-locomotiva-germania-perde-colpi-e-accelera-la-deindustrializzazione\/","name":"Economia europea, la locomotiva Germania perde colpi e accelera la deindustrializzazione","isPartOf":{"@id":"https:\/\/www.article-marketing.eu\/comunicatistampa\/#website"},"primaryImageOfPage":{"@id":"https:\/\/www.article-marketing.eu\/comunicatistampa\/economia-europea-la-locomotiva-germania-perde-colpi-e-accelera-la-deindustrializzazione\/#primaryimage"},"image":{"@id":"https:\/\/www.article-marketing.eu\/comunicatistampa\/economia-europea-la-locomotiva-germania-perde-colpi-e-accelera-la-deindustrializzazione\/#primaryimage"},"thumbnailUrl":"https:\/\/www.dax-pro.com\/new\/wp-content\/uploads\/2021\/10\/bundesbank-630x330.jpg","datePublished":"2026-03-12T12:35:34+00:00","author":{"@id":"https:\/\/www.article-marketing.eu\/comunicatistampa\/#\/schema\/person\/eb0d46093829ff5c8faf8fc7703db387"},"breadcrumb":{"@id":"https:\/\/www.article-marketing.eu\/comunicatistampa\/economia-europea-la-locomotiva-germania-perde-colpi-e-accelera-la-deindustrializzazione\/#breadcrumb"},"inLanguage":"it-IT","potentialAction":[{"@type":"ReadAction","target":["https:\/\/www.article-marketing.eu\/comunicatistampa\/economia-europea-la-locomotiva-germania-perde-colpi-e-accelera-la-deindustrializzazione\/"]}]},{"@type":"ImageObject","inLanguage":"it-IT","@id":"https:\/\/www.article-marketing.eu\/comunicatistampa\/economia-europea-la-locomotiva-germania-perde-colpi-e-accelera-la-deindustrializzazione\/#primaryimage","url":"https:\/\/www.dax-pro.com\/new\/wp-content\/uploads\/2021\/10\/bundesbank-630x330.jpg","contentUrl":"https:\/\/www.dax-pro.com\/new\/wp-content\/uploads\/2021\/10\/bundesbank-630x330.jpg"},{"@type":"BreadcrumbList","@id":"https:\/\/www.article-marketing.eu\/comunicatistampa\/economia-europea-la-locomotiva-germania-perde-colpi-e-accelera-la-deindustrializzazione\/#breadcrumb","itemListElement":[{"@type":"ListItem","position":1,"name":"Home","item":"https:\/\/www.article-marketing.eu\/comunicatistampa\/"},{"@type":"ListItem","position":2,"name":"Economia europea, la locomotiva Germania perde colpi e accelera la deindustrializzazione"}]},{"@type":"WebSite","@id":"https:\/\/www.article-marketing.eu\/comunicatistampa\/#website","url":"https:\/\/www.article-marketing.eu\/comunicatistampa\/","name":"Article Marketing","description":"article marketing &amp; press release","potentialAction":[{"@type":"SearchAction","target":{"@type":"EntryPoint","urlTemplate":"https:\/\/www.article-marketing.eu\/comunicatistampa\/?s={search_term_string}"},"query-input":{"@type":"PropertyValueSpecification","valueRequired":true,"valueName":"search_term_string"}}],"inLanguage":"it-IT"},{"@type":"Person","@id":"https:\/\/www.article-marketing.eu\/comunicatistampa\/#\/schema\/person\/eb0d46093829ff5c8faf8fc7703db387","name":"heliricci","image":{"@type":"ImageObject","inLanguage":"it-IT","@id":"https:\/\/secure.gravatar.com\/avatar\/c6d7bd728cdc2edbc0952c2d33ef684ae63b49979e1912fdf2804320fb36a0d6?s=96&d=mm&r=g","url":"https:\/\/secure.gravatar.com\/avatar\/c6d7bd728cdc2edbc0952c2d33ef684ae63b49979e1912fdf2804320fb36a0d6?s=96&d=mm&r=g","contentUrl":"https:\/\/secure.gravatar.com\/avatar\/c6d7bd728cdc2edbc0952c2d33ef684ae63b49979e1912fdf2804320fb36a0d6?s=96&d=mm&r=g","caption":"heliricci"},"url":"https:\/\/www.article-marketing.eu\/comunicatistampa\/author\/heliricci\/"}]}},"_links":{"self":[{"href":"https:\/\/www.article-marketing.eu\/comunicatistampa\/wp-json\/wp\/v2\/posts\/32392","targetHints":{"allow":["GET"]}}],"collection":[{"href":"https:\/\/www.article-marketing.eu\/comunicatistampa\/wp-json\/wp\/v2\/posts"}],"about":[{"href":"https:\/\/www.article-marketing.eu\/comunicatistampa\/wp-json\/wp\/v2\/types\/post"}],"author":[{"embeddable":true,"href":"https:\/\/www.article-marketing.eu\/comunicatistampa\/wp-json\/wp\/v2\/users\/7116"}],"replies":[{"embeddable":true,"href":"https:\/\/www.article-marketing.eu\/comunicatistampa\/wp-json\/wp\/v2\/comments?post=32392"}],"version-history":[{"count":2,"href":"https:\/\/www.article-marketing.eu\/comunicatistampa\/wp-json\/wp\/v2\/posts\/32392\/revisions"}],"predecessor-version":[{"id":32402,"href":"https:\/\/www.article-marketing.eu\/comunicatistampa\/wp-json\/wp\/v2\/posts\/32392\/revisions\/32402"}],"wp:attachment":[{"href":"https:\/\/www.article-marketing.eu\/comunicatistampa\/wp-json\/wp\/v2\/media?parent=32392"}],"wp:term":[{"taxonomy":"category","embeddable":true,"href":"https:\/\/www.article-marketing.eu\/comunicatistampa\/wp-json\/wp\/v2\/categories?post=32392"},{"taxonomy":"post_tag","embeddable":true,"href":"https:\/\/www.article-marketing.eu\/comunicatistampa\/wp-json\/wp\/v2\/tags?post=32392"}],"curies":[{"name":"wp","href":"https:\/\/api.w.org\/{rel}","templated":true}]}}