{"id":3252,"date":"2017-06-12T22:28:02","date_gmt":"2017-06-12T20:28:02","guid":{"rendered":"http:\/\/www.article-marketing.eu\/comunicatistampa\/?p=3252"},"modified":"2017-06-12T22:33:18","modified_gmt":"2017-06-12T20:33:18","slug":"le-modalita-e-la-durata-delle-sepolture","status":"publish","type":"post","link":"https:\/\/www.article-marketing.eu\/comunicatistampa\/le-modalita-e-la-durata-delle-sepolture\/","title":{"rendered":"Le modalit\u00e0 e la durata delle sepolture"},"content":{"rendered":"<p><span style=\"font-weight: 400;\">Tra le modalit\u00e0 di sepoltura oggi pi\u00f9 diffuse, abbiamo in primo luogo l\u2019inumazione in campo comune che consiste nella sepoltura della bara a diretto contatto con la terra. Questo genere di sepolture hanno generalmente la durata di dieci anni. Si pu\u00f2, per\u00f2, richiedere anche l\u2019inumazione in campi trentennali che, pu\u00f2 essere richiesta, oltre che per il defunto, per eventuale coniuge o convivente, per i parenti prossimi di primo grado come ad esempio figli e genitori e per i parenti di secondo grado cio\u00e8 i fratelli e le sorelle. Le stesse condizioni valgono se si effettua la scelta della tumulazione in loculi.<\/span><\/p>\n<p><span style=\"font-weight: 400;\">Esiste, inoltre, la possibilit\u00e0 di richiedere l\u2019inumazione in tombe a giardino con cassone di cemento a due posti sovrapposti. Questa soluzione ha la durata di quarant\u2019anni e anche in questo caso c\u2019\u00e8 la possibilit\u00e0 di fare la richiesta per il defunto e per i parenti di primo e secondo grado.<\/span><\/p>\n<p><span style=\"font-weight: 400;\">Per chi possiede, invece, un sepolcro di famiglia, la tumulazione, che pu\u00f2 avvenire sia nei sepolcri interrati che in quelli sopraelevati, ha la durata di novantanove anni e ne possono trarre diritto gli ascendenti, i discendenti e i collaterali del concessionario.<\/span><\/p>\n<h2><span style=\"font-weight: 400;\">La sepoltura in caso di esumazione o cremazione<\/span><\/h2>\n<p><span style=\"font-weight: 400;\">Nel caso di una esumazione o in presenza di una <\/span><a href=\"http:\/\/www.funeraliroma.it\/costi-della-cremazione.htm\"><span style=\"font-weight: 400;\">cremazione a Roma<\/span><\/a><span style=\"font-weight: 400;\"> \u00e8 necessario richiedere l\u2019assegnazione di cellette ossarie o cinerarie. Le cellette ossarie hanno una durata di trent\u2019anni mentre quelle ossarie sono valide per cinquant\u2019anni. Per queste ultime, la concessione pu\u00f2 essere richiesta, anche in questo caso, oltre che per il defunto, per il coniuge o per il convivente, e per i parenti di primo grado e per quelli di secondo grado. Esiste anche la possibilit\u00e0 di tumulare i resti o le ceneri in appositi ossari o cinerari comuni. <\/span><\/p>\n<h3><span style=\"font-weight: 400;\">Che cos\u2019\u00e8 l\u2019esumazione<\/span><\/h3>\n<p><span style=\"font-weight: 400;\">Quando scade la durata di ogni concessione viene disposta l&#8217;esumazione del defunto, dopo aver informato i parenti. Se questi non possono essere contattati telefonicamente gli viene spedito un avviso che viene, anche, affisso all&#8217;albo pretorio del Palazzo Municipale,\u00a0agli ingressi del cimitero stesso, in prossimit\u00e0 della sepoltura e sulla tomba stessa. <\/span><\/p>\n<p><span style=\"font-weight: 400;\">Dopo aver preso gli accordi necessari per l&#8217;esumazione e la conservazione dei resti, si pu\u00f2 esumare la salma. A questa pratica possono presenziare, se lo desiderano, i parenti Se, questa, \u00e8 ancora intatta, viene ricollocata a terra per altri cinque anni o, in caso di mancato contatto con i parenti, i resti, vengono posti nell&#8217;ossario comune. <\/span><\/p>\n<p>&nbsp;<\/p>\n<p>&nbsp;<\/p>\n","protected":false},"excerpt":{"rendered":"<p>Tra le modalit\u00e0 di sepoltura oggi pi\u00f9 diffuse, abbiamo in primo luogo l\u2019inumazione in campo comune che consiste nella sepoltura della bara a diretto contatto con la terra. Questo genere di sepolture hanno generalmente la durata di dieci anni. Si pu\u00f2, per\u00f2, richiedere anche l\u2019inumazione in campi trentennali che, pu\u00f2 essere richiesta, oltre che per il defunto, per eventuale coniuge o convivente, per i parenti prossimi di primo grado come<\/p>\n<p><a class=\"continue-reading\" href=\"https:\/\/www.article-marketing.eu\/comunicatistampa\/le-modalita-e-la-durata-delle-sepolture\/\">Continue reading&#8230;<\/a><\/p>\n","protected":false},"author":165,"featured_media":0,"comment_status":"open","ping_status":"open","sticky":false,"template":"","format":"standard","meta":{"_monsterinsights_skip_tracking":false,"_monsterinsights_sitenote_active":false,"_monsterinsights_sitenote_note":"","_monsterinsights_sitenote_category":0,"footnotes":""},"categories":[78],"tags":[],"class_list":["post-3252","post","type-post","status-publish","format-standard","hentry","category-comunicati-stampa"],"yoast_head":"<!-- This site is optimized with the Yoast SEO plugin v27.3 - https:\/\/yoast.com\/product\/yoast-seo-wordpress\/ -->\n<title>Le modalit\u00e0 e la durata delle sepolture - Article Marketing<\/title>\n<meta name=\"robots\" content=\"index, follow, max-snippet:-1, max-image-preview:large, max-video-preview:-1\" \/>\n<link rel=\"canonical\" href=\"https:\/\/www.article-marketing.eu\/comunicatistampa\/le-modalita-e-la-durata-delle-sepolture\/\" \/>\n<meta property=\"og:locale\" content=\"it_IT\" \/>\n<meta property=\"og:type\" content=\"article\" \/>\n<meta property=\"og:title\" content=\"Le modalit\u00e0 e la durata delle sepolture - Article Marketing\" \/>\n<meta property=\"og:description\" content=\"Tra le modalit\u00e0 di sepoltura oggi pi\u00f9 diffuse, abbiamo in primo luogo l\u2019inumazione in campo comune che consiste nella sepoltura della bara a diretto contatto con la terra. Questo genere di sepolture hanno generalmente la durata di dieci anni. Si pu\u00f2, per\u00f2, richiedere anche l\u2019inumazione in campi trentennali che, pu\u00f2 essere richiesta, oltre che per il defunto, per eventuale coniuge o convivente, per i parenti prossimi di primo grado comeContinue reading...\" \/>\n<meta property=\"og:url\" content=\"https:\/\/www.article-marketing.eu\/comunicatistampa\/le-modalita-e-la-durata-delle-sepolture\/\" \/>\n<meta property=\"og:site_name\" content=\"Article Marketing\" \/>\n<meta property=\"article:published_time\" content=\"2017-06-12T20:28:02+00:00\" \/>\n<meta property=\"article:modified_time\" content=\"2017-06-12T20:33:18+00:00\" \/>\n<meta name=\"author\" content=\"Skira\" \/>\n<meta name=\"twitter:card\" content=\"summary_large_image\" \/>\n<meta name=\"twitter:label1\" content=\"Scritto da\" \/>\n\t<meta name=\"twitter:data1\" content=\"Skira\" \/>\n\t<meta name=\"twitter:label2\" content=\"Tempo di lettura stimato\" \/>\n\t<meta name=\"twitter:data2\" content=\"2 minuti\" \/>\n<script type=\"application\/ld+json\" class=\"yoast-schema-graph\">{\"@context\":\"https:\\\/\\\/schema.org\",\"@graph\":[{\"@type\":\"Article\",\"@id\":\"https:\\\/\\\/www.article-marketing.eu\\\/comunicatistampa\\\/le-modalita-e-la-durata-delle-sepolture\\\/#article\",\"isPartOf\":{\"@id\":\"https:\\\/\\\/www.article-marketing.eu\\\/comunicatistampa\\\/le-modalita-e-la-durata-delle-sepolture\\\/\"},\"author\":{\"name\":\"Skira\",\"@id\":\"https:\\\/\\\/www.article-marketing.eu\\\/comunicatistampa\\\/#\\\/schema\\\/person\\\/ac66fb21435b35ebf746d54ebc8d83e8\"},\"headline\":\"Le modalit\u00e0 e la durata delle sepolture\",\"datePublished\":\"2017-06-12T20:28:02+00:00\",\"dateModified\":\"2017-06-12T20:33:18+00:00\",\"mainEntityOfPage\":{\"@id\":\"https:\\\/\\\/www.article-marketing.eu\\\/comunicatistampa\\\/le-modalita-e-la-durata-delle-sepolture\\\/\"},\"wordCount\":416,\"commentCount\":0,\"articleSection\":[\"Comunicati stampa\"],\"inLanguage\":\"it-IT\",\"potentialAction\":[{\"@type\":\"CommentAction\",\"name\":\"Comment\",\"target\":[\"https:\\\/\\\/www.article-marketing.eu\\\/comunicatistampa\\\/le-modalita-e-la-durata-delle-sepolture\\\/#respond\"]}]},{\"@type\":\"WebPage\",\"@id\":\"https:\\\/\\\/www.article-marketing.eu\\\/comunicatistampa\\\/le-modalita-e-la-durata-delle-sepolture\\\/\",\"url\":\"https:\\\/\\\/www.article-marketing.eu\\\/comunicatistampa\\\/le-modalita-e-la-durata-delle-sepolture\\\/\",\"name\":\"Le modalit\u00e0 e la durata delle sepolture - Article Marketing\",\"isPartOf\":{\"@id\":\"https:\\\/\\\/www.article-marketing.eu\\\/comunicatistampa\\\/#website\"},\"datePublished\":\"2017-06-12T20:28:02+00:00\",\"dateModified\":\"2017-06-12T20:33:18+00:00\",\"author\":{\"@id\":\"https:\\\/\\\/www.article-marketing.eu\\\/comunicatistampa\\\/#\\\/schema\\\/person\\\/ac66fb21435b35ebf746d54ebc8d83e8\"},\"breadcrumb\":{\"@id\":\"https:\\\/\\\/www.article-marketing.eu\\\/comunicatistampa\\\/le-modalita-e-la-durata-delle-sepolture\\\/#breadcrumb\"},\"inLanguage\":\"it-IT\",\"potentialAction\":[{\"@type\":\"ReadAction\",\"target\":[\"https:\\\/\\\/www.article-marketing.eu\\\/comunicatistampa\\\/le-modalita-e-la-durata-delle-sepolture\\\/\"]}]},{\"@type\":\"BreadcrumbList\",\"@id\":\"https:\\\/\\\/www.article-marketing.eu\\\/comunicatistampa\\\/le-modalita-e-la-durata-delle-sepolture\\\/#breadcrumb\",\"itemListElement\":[{\"@type\":\"ListItem\",\"position\":1,\"name\":\"Home\",\"item\":\"https:\\\/\\\/www.article-marketing.eu\\\/comunicatistampa\\\/\"},{\"@type\":\"ListItem\",\"position\":2,\"name\":\"Le modalit\u00e0 e la durata delle sepolture\"}]},{\"@type\":\"WebSite\",\"@id\":\"https:\\\/\\\/www.article-marketing.eu\\\/comunicatistampa\\\/#website\",\"url\":\"https:\\\/\\\/www.article-marketing.eu\\\/comunicatistampa\\\/\",\"name\":\"Article Marketing\",\"description\":\"article marketing &amp; press release\",\"potentialAction\":[{\"@type\":\"SearchAction\",\"target\":{\"@type\":\"EntryPoint\",\"urlTemplate\":\"https:\\\/\\\/www.article-marketing.eu\\\/comunicatistampa\\\/?s={search_term_string}\"},\"query-input\":{\"@type\":\"PropertyValueSpecification\",\"valueRequired\":true,\"valueName\":\"search_term_string\"}}],\"inLanguage\":\"it-IT\"},{\"@type\":\"Person\",\"@id\":\"https:\\\/\\\/www.article-marketing.eu\\\/comunicatistampa\\\/#\\\/schema\\\/person\\\/ac66fb21435b35ebf746d54ebc8d83e8\",\"name\":\"Skira\",\"image\":{\"@type\":\"ImageObject\",\"inLanguage\":\"it-IT\",\"@id\":\"https:\\\/\\\/secure.gravatar.com\\\/avatar\\\/96027df7e813f38b27b1ed6edfffa7ee09d3ee46e2ac7cd3ecc56a0d446d6775?s=96&d=mm&r=g\",\"url\":\"https:\\\/\\\/secure.gravatar.com\\\/avatar\\\/96027df7e813f38b27b1ed6edfffa7ee09d3ee46e2ac7cd3ecc56a0d446d6775?s=96&d=mm&r=g\",\"contentUrl\":\"https:\\\/\\\/secure.gravatar.com\\\/avatar\\\/96027df7e813f38b27b1ed6edfffa7ee09d3ee46e2ac7cd3ecc56a0d446d6775?s=96&d=mm&r=g\",\"caption\":\"Skira\"},\"url\":\"https:\\\/\\\/www.article-marketing.eu\\\/comunicatistampa\\\/author\\\/skira\\\/\"}]}<\/script>\n<!-- \/ Yoast SEO plugin. -->","yoast_head_json":{"title":"Le modalit\u00e0 e la durata delle sepolture - Article Marketing","robots":{"index":"index","follow":"follow","max-snippet":"max-snippet:-1","max-image-preview":"max-image-preview:large","max-video-preview":"max-video-preview:-1"},"canonical":"https:\/\/www.article-marketing.eu\/comunicatistampa\/le-modalita-e-la-durata-delle-sepolture\/","og_locale":"it_IT","og_type":"article","og_title":"Le modalit\u00e0 e la durata delle sepolture - Article Marketing","og_description":"Tra le modalit\u00e0 di sepoltura oggi pi\u00f9 diffuse, abbiamo in primo luogo l\u2019inumazione in campo comune che consiste nella sepoltura della bara a diretto contatto con la terra. Questo genere di sepolture hanno generalmente la durata di dieci anni. Si pu\u00f2, per\u00f2, richiedere anche l\u2019inumazione in campi trentennali che, pu\u00f2 essere richiesta, oltre che per il defunto, per eventuale coniuge o convivente, per i parenti prossimi di primo grado comeContinue reading...","og_url":"https:\/\/www.article-marketing.eu\/comunicatistampa\/le-modalita-e-la-durata-delle-sepolture\/","og_site_name":"Article Marketing","article_published_time":"2017-06-12T20:28:02+00:00","article_modified_time":"2017-06-12T20:33:18+00:00","author":"Skira","twitter_card":"summary_large_image","twitter_misc":{"Scritto da":"Skira","Tempo di lettura stimato":"2 minuti"},"schema":{"@context":"https:\/\/schema.org","@graph":[{"@type":"Article","@id":"https:\/\/www.article-marketing.eu\/comunicatistampa\/le-modalita-e-la-durata-delle-sepolture\/#article","isPartOf":{"@id":"https:\/\/www.article-marketing.eu\/comunicatistampa\/le-modalita-e-la-durata-delle-sepolture\/"},"author":{"name":"Skira","@id":"https:\/\/www.article-marketing.eu\/comunicatistampa\/#\/schema\/person\/ac66fb21435b35ebf746d54ebc8d83e8"},"headline":"Le modalit\u00e0 e la durata delle sepolture","datePublished":"2017-06-12T20:28:02+00:00","dateModified":"2017-06-12T20:33:18+00:00","mainEntityOfPage":{"@id":"https:\/\/www.article-marketing.eu\/comunicatistampa\/le-modalita-e-la-durata-delle-sepolture\/"},"wordCount":416,"commentCount":0,"articleSection":["Comunicati stampa"],"inLanguage":"it-IT","potentialAction":[{"@type":"CommentAction","name":"Comment","target":["https:\/\/www.article-marketing.eu\/comunicatistampa\/le-modalita-e-la-durata-delle-sepolture\/#respond"]}]},{"@type":"WebPage","@id":"https:\/\/www.article-marketing.eu\/comunicatistampa\/le-modalita-e-la-durata-delle-sepolture\/","url":"https:\/\/www.article-marketing.eu\/comunicatistampa\/le-modalita-e-la-durata-delle-sepolture\/","name":"Le modalit\u00e0 e la durata delle sepolture - Article Marketing","isPartOf":{"@id":"https:\/\/www.article-marketing.eu\/comunicatistampa\/#website"},"datePublished":"2017-06-12T20:28:02+00:00","dateModified":"2017-06-12T20:33:18+00:00","author":{"@id":"https:\/\/www.article-marketing.eu\/comunicatistampa\/#\/schema\/person\/ac66fb21435b35ebf746d54ebc8d83e8"},"breadcrumb":{"@id":"https:\/\/www.article-marketing.eu\/comunicatistampa\/le-modalita-e-la-durata-delle-sepolture\/#breadcrumb"},"inLanguage":"it-IT","potentialAction":[{"@type":"ReadAction","target":["https:\/\/www.article-marketing.eu\/comunicatistampa\/le-modalita-e-la-durata-delle-sepolture\/"]}]},{"@type":"BreadcrumbList","@id":"https:\/\/www.article-marketing.eu\/comunicatistampa\/le-modalita-e-la-durata-delle-sepolture\/#breadcrumb","itemListElement":[{"@type":"ListItem","position":1,"name":"Home","item":"https:\/\/www.article-marketing.eu\/comunicatistampa\/"},{"@type":"ListItem","position":2,"name":"Le modalit\u00e0 e la durata delle sepolture"}]},{"@type":"WebSite","@id":"https:\/\/www.article-marketing.eu\/comunicatistampa\/#website","url":"https:\/\/www.article-marketing.eu\/comunicatistampa\/","name":"Article Marketing","description":"article marketing &amp; press release","potentialAction":[{"@type":"SearchAction","target":{"@type":"EntryPoint","urlTemplate":"https:\/\/www.article-marketing.eu\/comunicatistampa\/?s={search_term_string}"},"query-input":{"@type":"PropertyValueSpecification","valueRequired":true,"valueName":"search_term_string"}}],"inLanguage":"it-IT"},{"@type":"Person","@id":"https:\/\/www.article-marketing.eu\/comunicatistampa\/#\/schema\/person\/ac66fb21435b35ebf746d54ebc8d83e8","name":"Skira","image":{"@type":"ImageObject","inLanguage":"it-IT","@id":"https:\/\/secure.gravatar.com\/avatar\/96027df7e813f38b27b1ed6edfffa7ee09d3ee46e2ac7cd3ecc56a0d446d6775?s=96&d=mm&r=g","url":"https:\/\/secure.gravatar.com\/avatar\/96027df7e813f38b27b1ed6edfffa7ee09d3ee46e2ac7cd3ecc56a0d446d6775?s=96&d=mm&r=g","contentUrl":"https:\/\/secure.gravatar.com\/avatar\/96027df7e813f38b27b1ed6edfffa7ee09d3ee46e2ac7cd3ecc56a0d446d6775?s=96&d=mm&r=g","caption":"Skira"},"url":"https:\/\/www.article-marketing.eu\/comunicatistampa\/author\/skira\/"}]}},"_links":{"self":[{"href":"https:\/\/www.article-marketing.eu\/comunicatistampa\/wp-json\/wp\/v2\/posts\/3252","targetHints":{"allow":["GET"]}}],"collection":[{"href":"https:\/\/www.article-marketing.eu\/comunicatistampa\/wp-json\/wp\/v2\/posts"}],"about":[{"href":"https:\/\/www.article-marketing.eu\/comunicatistampa\/wp-json\/wp\/v2\/types\/post"}],"author":[{"embeddable":true,"href":"https:\/\/www.article-marketing.eu\/comunicatistampa\/wp-json\/wp\/v2\/users\/165"}],"replies":[{"embeddable":true,"href":"https:\/\/www.article-marketing.eu\/comunicatistampa\/wp-json\/wp\/v2\/comments?post=3252"}],"version-history":[{"count":2,"href":"https:\/\/www.article-marketing.eu\/comunicatistampa\/wp-json\/wp\/v2\/posts\/3252\/revisions"}],"predecessor-version":[{"id":3274,"href":"https:\/\/www.article-marketing.eu\/comunicatistampa\/wp-json\/wp\/v2\/posts\/3252\/revisions\/3274"}],"wp:attachment":[{"href":"https:\/\/www.article-marketing.eu\/comunicatistampa\/wp-json\/wp\/v2\/media?parent=3252"}],"wp:term":[{"taxonomy":"category","embeddable":true,"href":"https:\/\/www.article-marketing.eu\/comunicatistampa\/wp-json\/wp\/v2\/categories?post=3252"},{"taxonomy":"post_tag","embeddable":true,"href":"https:\/\/www.article-marketing.eu\/comunicatistampa\/wp-json\/wp\/v2\/tags?post=3252"}],"curies":[{"name":"wp","href":"https:\/\/api.w.org\/{rel}","templated":true}]}}