{"id":3282,"date":"2017-06-14T14:14:03","date_gmt":"2017-06-14T12:14:03","guid":{"rendered":"http:\/\/www.article-marketing.eu\/comunicatistampa\/?p=3282"},"modified":"2017-06-14T14:14:03","modified_gmt":"2017-06-14T12:14:03","slug":"roberto-meneguzzo-il-rapporto-con-gli-imprenditori","status":"publish","type":"post","link":"https:\/\/www.article-marketing.eu\/comunicatistampa\/roberto-meneguzzo-il-rapporto-con-gli-imprenditori\/","title":{"rendered":"Roberto Meneguzzo: Il rapporto con gli imprenditori"},"content":{"rendered":"<p>Roberto Meneguzzo, fondatore e consigliere della holding di investimento PFH, racconta il rapporto del gruppo con gli impenditori in una videointervista sul blog \u201cPalladio Team\u201d. Secondo Roberto Meneguzzo, &#8220;il fatto di essere manager e azionisti \u00e8 un grandissimo vantaggio\u201d. Perch\u00e9 -spiega &#8211; quando ci sediamo allo stesso tavolo, gli imprenditori ci considerano uno di loro. Avere di fronte un manager che \u00e8 anche azionista d\u00e0 la sicurezza di un rapporto costante con la stessa societ\u00e0 e la condivisione degli stessi obiettivi, data dal fatto che l&#8217;imprenditore rischia i soldi suoi e noi rischiamo i nostri. I partner di PFH sanno che ci sar\u00e0 un campanello a cui suonare e le stesse persone a rispondere&#8221;.<\/p>\n<p>Roberto Meneguzzo \u00e8 stato il fondatore, nel 1982, PFH S.p.A. e ne \u00e8 attualmente Consigliere. \u00c8 anche Consigliere di VEI Capital S.p.A., Venice S.p.A., VGH S.p.A. Coordina l\u2019attivita\u0300 di consulenza su tematiche di corporate finance e su operazioni di M&amp;A. Nato a Malo (Vicenza) il 6 febbraio 1956, Roberto Meneguzzo si \u00e8 laureato in Economia all&#8217;Universita\u0300 Ca\u2019 Foscari di Venezia nel 1979. Si \u00e8 specializzato alla University of California di Berkeley, alla Boston University e alla University of Massachusetts, con un&#8217;internship nella Banca Commerciale Italiana di New York. Nel 1980 e\u0300 stato socio fondatore di Palladio Leasing S.p.A., societa\u0300 di leasing operante nel Triveneto. Nel corso degli anni &#8217;80, Palladio Leasing attraversa una fase di forte crescita con ottimi risultati finanziari, attirando l&#8217;interesse di Mediobanca, che acquisisce una quota di maggioranza nel 1989 e le rimanenti quote nel corso degli anni &#8217;90.<\/p>\n<p>PFH \u00e8 una holding di investimento indipendente, con un asset value di gruppo di circa 400 milioni di euro e un asset under management di 800 milioni di euro. \u00c8 un gruppo strutturato che controlla 4 veicoli d&#8217;investimento specializzati (VEI Capital, VEI Green, Venice e VSL) e una societ\u00e0 specializzata nelle operazione di finanza straordinaria, Palladio Corporate Finance. PFH ha investito, direttamente o attraverso i propri veicoli, in oltre 30 societ\u00e0. Tramite Palladio Corporate Finance, ha fornito consulenza in oltre 100 operazioni. Il Gruppo svolge attivit\u00e0 di consulenza in finanza straordinaria tramite la controllata Palladio Corporate Finance. Ha una struttura duttile, flessibile ed elastica, per approcciare una vasta gamma di operazioni con l&#8217;anima del consulente o con quella dell&#8217;investitore diretto. PFH vanta un azionariato stabile, che integra cultura finanziaria e industriale. Ha un team solido, coeso e indipendente, nel quale i manager sono anche soci del Gruppo. Per questo motivo, PFH non \u00e8 un semplice finanziatore ma anche un partner, i cui interessi sono allineati con quelli degli imprenditori. PFH valorizza il talento. Crea un abito su misura per le imprese partecipate, in funzione delle loro aspirazioni di crescita e sviluppo, sia in Italia che sui mercati esteri.<\/p>\n<p><a href=\"http:\/\/www.palladioteam.it\/palladio-racconta-palladio\/il-rapporto-con-gli-imprenditori.html\">http:\/\/www.palladioteam.it\/palladio-racconta-palladio\/il-rapporto-con-gli-imprenditori.html<\/a><\/p>\n","protected":false},"excerpt":{"rendered":"<p>Roberto Meneguzzo, fondatore e consigliere della holding di investimento PFH, racconta il rapporto del gruppo con gli impenditori in una videointervista sul blog \u201cPalladio Team\u201d. Secondo Roberto Meneguzzo, &#8220;il fatto di essere manager e azionisti \u00e8 un grandissimo vantaggio\u201d. Perch\u00e9 -spiega &#8211; quando ci sediamo allo stesso tavolo, gli imprenditori ci considerano uno di loro. Avere di fronte un manager che \u00e8 anche azionista d\u00e0 la sicurezza di un rapporto<\/p>\n<p><a class=\"continue-reading\" href=\"https:\/\/www.article-marketing.eu\/comunicatistampa\/roberto-meneguzzo-il-rapporto-con-gli-imprenditori\/\">Continue reading&#8230;<\/a><\/p>\n","protected":false},"author":226,"featured_media":0,"comment_status":"open","ping_status":"open","sticky":false,"template":"","format":"standard","meta":{"_monsterinsights_skip_tracking":false,"_monsterinsights_sitenote_active":false,"_monsterinsights_sitenote_note":"","_monsterinsights_sitenote_category":0,"footnotes":""},"categories":[386],"tags":[1491,1490],"class_list":["post-3282","post","type-post","status-publish","format-standard","hentry","category-economia-e-lavoro","tag-pfh","tag-roberto-meneguzzo"],"yoast_head":"<!-- This site is optimized with the Yoast SEO plugin v27.3 - https:\/\/yoast.com\/product\/yoast-seo-wordpress\/ -->\n<title>Roberto Meneguzzo: Il rapporto con gli imprenditori - Article Marketing<\/title>\n<meta name=\"robots\" content=\"index, follow, max-snippet:-1, max-image-preview:large, max-video-preview:-1\" \/>\n<link rel=\"canonical\" href=\"https:\/\/www.article-marketing.eu\/comunicatistampa\/roberto-meneguzzo-il-rapporto-con-gli-imprenditori\/\" \/>\n<meta property=\"og:locale\" content=\"it_IT\" \/>\n<meta property=\"og:type\" content=\"article\" \/>\n<meta property=\"og:title\" content=\"Roberto Meneguzzo: Il rapporto con gli imprenditori - Article Marketing\" \/>\n<meta property=\"og:description\" content=\"Roberto Meneguzzo, fondatore e consigliere della holding di investimento PFH, racconta il rapporto del gruppo con gli impenditori in una videointervista sul blog \u201cPalladio Team\u201d. Secondo Roberto Meneguzzo, &#8220;il fatto di essere manager e azionisti \u00e8 un grandissimo vantaggio\u201d. Perch\u00e9 -spiega &#8211; quando ci sediamo allo stesso tavolo, gli imprenditori ci considerano uno di loro. Avere di fronte un manager che \u00e8 anche azionista d\u00e0 la sicurezza di un rapportoContinue reading...\" \/>\n<meta property=\"og:url\" content=\"https:\/\/www.article-marketing.eu\/comunicatistampa\/roberto-meneguzzo-il-rapporto-con-gli-imprenditori\/\" \/>\n<meta property=\"og:site_name\" content=\"Article Marketing\" \/>\n<meta property=\"article:published_time\" content=\"2017-06-14T12:14:03+00:00\" \/>\n<meta name=\"author\" content=\"Moni Rizza\" \/>\n<meta name=\"twitter:card\" content=\"summary_large_image\" \/>\n<meta name=\"twitter:label1\" content=\"Scritto da\" \/>\n\t<meta name=\"twitter:data1\" content=\"Moni Rizza\" \/>\n\t<meta name=\"twitter:label2\" content=\"Tempo di lettura stimato\" \/>\n\t<meta name=\"twitter:data2\" content=\"2 minuti\" \/>\n<script type=\"application\/ld+json\" class=\"yoast-schema-graph\">{\"@context\":\"https:\\\/\\\/schema.org\",\"@graph\":[{\"@type\":\"Article\",\"@id\":\"https:\\\/\\\/www.article-marketing.eu\\\/comunicatistampa\\\/roberto-meneguzzo-il-rapporto-con-gli-imprenditori\\\/#article\",\"isPartOf\":{\"@id\":\"https:\\\/\\\/www.article-marketing.eu\\\/comunicatistampa\\\/roberto-meneguzzo-il-rapporto-con-gli-imprenditori\\\/\"},\"author\":{\"name\":\"Moni Rizza\",\"@id\":\"https:\\\/\\\/www.article-marketing.eu\\\/comunicatistampa\\\/#\\\/schema\\\/person\\\/715bb8a033ed0623928561550396b8f7\"},\"headline\":\"Roberto Meneguzzo: Il rapporto con gli imprenditori\",\"datePublished\":\"2017-06-14T12:14:03+00:00\",\"mainEntityOfPage\":{\"@id\":\"https:\\\/\\\/www.article-marketing.eu\\\/comunicatistampa\\\/roberto-meneguzzo-il-rapporto-con-gli-imprenditori\\\/\"},\"wordCount\":460,\"commentCount\":0,\"keywords\":[\"PFH\",\"Roberto Meneguzzo\"],\"articleSection\":[\"Economia e lavoro\"],\"inLanguage\":\"it-IT\",\"potentialAction\":[{\"@type\":\"CommentAction\",\"name\":\"Comment\",\"target\":[\"https:\\\/\\\/www.article-marketing.eu\\\/comunicatistampa\\\/roberto-meneguzzo-il-rapporto-con-gli-imprenditori\\\/#respond\"]}]},{\"@type\":\"WebPage\",\"@id\":\"https:\\\/\\\/www.article-marketing.eu\\\/comunicatistampa\\\/roberto-meneguzzo-il-rapporto-con-gli-imprenditori\\\/\",\"url\":\"https:\\\/\\\/www.article-marketing.eu\\\/comunicatistampa\\\/roberto-meneguzzo-il-rapporto-con-gli-imprenditori\\\/\",\"name\":\"Roberto Meneguzzo: Il rapporto con gli imprenditori - Article Marketing\",\"isPartOf\":{\"@id\":\"https:\\\/\\\/www.article-marketing.eu\\\/comunicatistampa\\\/#website\"},\"datePublished\":\"2017-06-14T12:14:03+00:00\",\"author\":{\"@id\":\"https:\\\/\\\/www.article-marketing.eu\\\/comunicatistampa\\\/#\\\/schema\\\/person\\\/715bb8a033ed0623928561550396b8f7\"},\"breadcrumb\":{\"@id\":\"https:\\\/\\\/www.article-marketing.eu\\\/comunicatistampa\\\/roberto-meneguzzo-il-rapporto-con-gli-imprenditori\\\/#breadcrumb\"},\"inLanguage\":\"it-IT\",\"potentialAction\":[{\"@type\":\"ReadAction\",\"target\":[\"https:\\\/\\\/www.article-marketing.eu\\\/comunicatistampa\\\/roberto-meneguzzo-il-rapporto-con-gli-imprenditori\\\/\"]}]},{\"@type\":\"BreadcrumbList\",\"@id\":\"https:\\\/\\\/www.article-marketing.eu\\\/comunicatistampa\\\/roberto-meneguzzo-il-rapporto-con-gli-imprenditori\\\/#breadcrumb\",\"itemListElement\":[{\"@type\":\"ListItem\",\"position\":1,\"name\":\"Home\",\"item\":\"https:\\\/\\\/www.article-marketing.eu\\\/comunicatistampa\\\/\"},{\"@type\":\"ListItem\",\"position\":2,\"name\":\"Roberto Meneguzzo: Il rapporto con gli imprenditori\"}]},{\"@type\":\"WebSite\",\"@id\":\"https:\\\/\\\/www.article-marketing.eu\\\/comunicatistampa\\\/#website\",\"url\":\"https:\\\/\\\/www.article-marketing.eu\\\/comunicatistampa\\\/\",\"name\":\"Article Marketing\",\"description\":\"article marketing &amp; press release\",\"potentialAction\":[{\"@type\":\"SearchAction\",\"target\":{\"@type\":\"EntryPoint\",\"urlTemplate\":\"https:\\\/\\\/www.article-marketing.eu\\\/comunicatistampa\\\/?s={search_term_string}\"},\"query-input\":{\"@type\":\"PropertyValueSpecification\",\"valueRequired\":true,\"valueName\":\"search_term_string\"}}],\"inLanguage\":\"it-IT\"},{\"@type\":\"Person\",\"@id\":\"https:\\\/\\\/www.article-marketing.eu\\\/comunicatistampa\\\/#\\\/schema\\\/person\\\/715bb8a033ed0623928561550396b8f7\",\"name\":\"Moni Rizza\",\"image\":{\"@type\":\"ImageObject\",\"inLanguage\":\"it-IT\",\"@id\":\"https:\\\/\\\/secure.gravatar.com\\\/avatar\\\/80aac995bc5dfa8d4c1c78a62678a69fadea7ba9d6f39def803c65d069593291?s=96&d=mm&r=g\",\"url\":\"https:\\\/\\\/secure.gravatar.com\\\/avatar\\\/80aac995bc5dfa8d4c1c78a62678a69fadea7ba9d6f39def803c65d069593291?s=96&d=mm&r=g\",\"contentUrl\":\"https:\\\/\\\/secure.gravatar.com\\\/avatar\\\/80aac995bc5dfa8d4c1c78a62678a69fadea7ba9d6f39def803c65d069593291?s=96&d=mm&r=g\",\"caption\":\"Moni Rizza\"},\"url\":\"https:\\\/\\\/www.article-marketing.eu\\\/comunicatistampa\\\/author\\\/moni-rizza\\\/\"}]}<\/script>\n<!-- \/ Yoast SEO plugin. -->","yoast_head_json":{"title":"Roberto Meneguzzo: Il rapporto con gli imprenditori - Article Marketing","robots":{"index":"index","follow":"follow","max-snippet":"max-snippet:-1","max-image-preview":"max-image-preview:large","max-video-preview":"max-video-preview:-1"},"canonical":"https:\/\/www.article-marketing.eu\/comunicatistampa\/roberto-meneguzzo-il-rapporto-con-gli-imprenditori\/","og_locale":"it_IT","og_type":"article","og_title":"Roberto Meneguzzo: Il rapporto con gli imprenditori - Article Marketing","og_description":"Roberto Meneguzzo, fondatore e consigliere della holding di investimento PFH, racconta il rapporto del gruppo con gli impenditori in una videointervista sul blog \u201cPalladio Team\u201d. Secondo Roberto Meneguzzo, &#8220;il fatto di essere manager e azionisti \u00e8 un grandissimo vantaggio\u201d. Perch\u00e9 -spiega &#8211; quando ci sediamo allo stesso tavolo, gli imprenditori ci considerano uno di loro. Avere di fronte un manager che \u00e8 anche azionista d\u00e0 la sicurezza di un rapportoContinue reading...","og_url":"https:\/\/www.article-marketing.eu\/comunicatistampa\/roberto-meneguzzo-il-rapporto-con-gli-imprenditori\/","og_site_name":"Article Marketing","article_published_time":"2017-06-14T12:14:03+00:00","author":"Moni Rizza","twitter_card":"summary_large_image","twitter_misc":{"Scritto da":"Moni Rizza","Tempo di lettura stimato":"2 minuti"},"schema":{"@context":"https:\/\/schema.org","@graph":[{"@type":"Article","@id":"https:\/\/www.article-marketing.eu\/comunicatistampa\/roberto-meneguzzo-il-rapporto-con-gli-imprenditori\/#article","isPartOf":{"@id":"https:\/\/www.article-marketing.eu\/comunicatistampa\/roberto-meneguzzo-il-rapporto-con-gli-imprenditori\/"},"author":{"name":"Moni Rizza","@id":"https:\/\/www.article-marketing.eu\/comunicatistampa\/#\/schema\/person\/715bb8a033ed0623928561550396b8f7"},"headline":"Roberto Meneguzzo: Il rapporto con gli imprenditori","datePublished":"2017-06-14T12:14:03+00:00","mainEntityOfPage":{"@id":"https:\/\/www.article-marketing.eu\/comunicatistampa\/roberto-meneguzzo-il-rapporto-con-gli-imprenditori\/"},"wordCount":460,"commentCount":0,"keywords":["PFH","Roberto Meneguzzo"],"articleSection":["Economia e lavoro"],"inLanguage":"it-IT","potentialAction":[{"@type":"CommentAction","name":"Comment","target":["https:\/\/www.article-marketing.eu\/comunicatistampa\/roberto-meneguzzo-il-rapporto-con-gli-imprenditori\/#respond"]}]},{"@type":"WebPage","@id":"https:\/\/www.article-marketing.eu\/comunicatistampa\/roberto-meneguzzo-il-rapporto-con-gli-imprenditori\/","url":"https:\/\/www.article-marketing.eu\/comunicatistampa\/roberto-meneguzzo-il-rapporto-con-gli-imprenditori\/","name":"Roberto Meneguzzo: Il rapporto con gli imprenditori - Article Marketing","isPartOf":{"@id":"https:\/\/www.article-marketing.eu\/comunicatistampa\/#website"},"datePublished":"2017-06-14T12:14:03+00:00","author":{"@id":"https:\/\/www.article-marketing.eu\/comunicatistampa\/#\/schema\/person\/715bb8a033ed0623928561550396b8f7"},"breadcrumb":{"@id":"https:\/\/www.article-marketing.eu\/comunicatistampa\/roberto-meneguzzo-il-rapporto-con-gli-imprenditori\/#breadcrumb"},"inLanguage":"it-IT","potentialAction":[{"@type":"ReadAction","target":["https:\/\/www.article-marketing.eu\/comunicatistampa\/roberto-meneguzzo-il-rapporto-con-gli-imprenditori\/"]}]},{"@type":"BreadcrumbList","@id":"https:\/\/www.article-marketing.eu\/comunicatistampa\/roberto-meneguzzo-il-rapporto-con-gli-imprenditori\/#breadcrumb","itemListElement":[{"@type":"ListItem","position":1,"name":"Home","item":"https:\/\/www.article-marketing.eu\/comunicatistampa\/"},{"@type":"ListItem","position":2,"name":"Roberto Meneguzzo: Il rapporto con gli imprenditori"}]},{"@type":"WebSite","@id":"https:\/\/www.article-marketing.eu\/comunicatistampa\/#website","url":"https:\/\/www.article-marketing.eu\/comunicatistampa\/","name":"Article Marketing","description":"article marketing &amp; press release","potentialAction":[{"@type":"SearchAction","target":{"@type":"EntryPoint","urlTemplate":"https:\/\/www.article-marketing.eu\/comunicatistampa\/?s={search_term_string}"},"query-input":{"@type":"PropertyValueSpecification","valueRequired":true,"valueName":"search_term_string"}}],"inLanguage":"it-IT"},{"@type":"Person","@id":"https:\/\/www.article-marketing.eu\/comunicatistampa\/#\/schema\/person\/715bb8a033ed0623928561550396b8f7","name":"Moni Rizza","image":{"@type":"ImageObject","inLanguage":"it-IT","@id":"https:\/\/secure.gravatar.com\/avatar\/80aac995bc5dfa8d4c1c78a62678a69fadea7ba9d6f39def803c65d069593291?s=96&d=mm&r=g","url":"https:\/\/secure.gravatar.com\/avatar\/80aac995bc5dfa8d4c1c78a62678a69fadea7ba9d6f39def803c65d069593291?s=96&d=mm&r=g","contentUrl":"https:\/\/secure.gravatar.com\/avatar\/80aac995bc5dfa8d4c1c78a62678a69fadea7ba9d6f39def803c65d069593291?s=96&d=mm&r=g","caption":"Moni Rizza"},"url":"https:\/\/www.article-marketing.eu\/comunicatistampa\/author\/moni-rizza\/"}]}},"_links":{"self":[{"href":"https:\/\/www.article-marketing.eu\/comunicatistampa\/wp-json\/wp\/v2\/posts\/3282","targetHints":{"allow":["GET"]}}],"collection":[{"href":"https:\/\/www.article-marketing.eu\/comunicatistampa\/wp-json\/wp\/v2\/posts"}],"about":[{"href":"https:\/\/www.article-marketing.eu\/comunicatistampa\/wp-json\/wp\/v2\/types\/post"}],"author":[{"embeddable":true,"href":"https:\/\/www.article-marketing.eu\/comunicatistampa\/wp-json\/wp\/v2\/users\/226"}],"replies":[{"embeddable":true,"href":"https:\/\/www.article-marketing.eu\/comunicatistampa\/wp-json\/wp\/v2\/comments?post=3282"}],"version-history":[{"count":3,"href":"https:\/\/www.article-marketing.eu\/comunicatistampa\/wp-json\/wp\/v2\/posts\/3282\/revisions"}],"predecessor-version":[{"id":3336,"href":"https:\/\/www.article-marketing.eu\/comunicatistampa\/wp-json\/wp\/v2\/posts\/3282\/revisions\/3336"}],"wp:attachment":[{"href":"https:\/\/www.article-marketing.eu\/comunicatistampa\/wp-json\/wp\/v2\/media?parent=3282"}],"wp:term":[{"taxonomy":"category","embeddable":true,"href":"https:\/\/www.article-marketing.eu\/comunicatistampa\/wp-json\/wp\/v2\/categories?post=3282"},{"taxonomy":"post_tag","embeddable":true,"href":"https:\/\/www.article-marketing.eu\/comunicatistampa\/wp-json\/wp\/v2\/tags?post=3282"}],"curies":[{"name":"wp","href":"https:\/\/api.w.org\/{rel}","templated":true}]}}