{"id":3300,"date":"2017-06-14T14:12:57","date_gmt":"2017-06-14T12:12:57","guid":{"rendered":"http:\/\/www.article-marketing.eu\/comunicatistampa\/?p=3300"},"modified":"2017-06-14T14:12:57","modified_gmt":"2017-06-14T12:12:57","slug":"istituto-queen-la-tua-scuola-a-milano-per-recuperare-gli-anni-scolastici-persi","status":"publish","type":"post","link":"https:\/\/www.article-marketing.eu\/comunicatistampa\/istituto-queen-la-tua-scuola-a-milano-per-recuperare-gli-anni-scolastici-persi\/","title":{"rendered":"Istituto Queen: la tua scuola a Milano per recuperare gli anni scolastici persi!"},"content":{"rendered":"<p>Presente a Milano da oltre 20 anni, <strong>\u00a0Istituto Queen \u00e8 una scuola privata di formazione e recupero anni scolastici.<\/strong><br \/>\nOgni anno, si rivolgono a noi,\u00a0trovando la giusta risposta: studenti all&#8217;ultimo anno di Scuola Media\u00a0che necessitano di un orientamento che li aiuti a scegliere\u00a0l&#8217;indirizzo di studio pi\u00f9 adatto;<br \/>\nstudenti di Scuole Superiori\u00a0che vogliono cambiare l&#8217;attuale scuola o indirizzo di studio;<br \/>\nstudenti che devono recuperare\u00a0uno o pi\u00f9 anni scolastici ed adulti che intendono conseguire un Diploma<br \/>\nDa sempre perseguiamo un unico scopo: diventare il punto di riferimento per tutti gli studenti che desiderano conseguire brillantemente un Diploma.<br \/>\nCon l\u2019obiettivo di rendere sempre migliore il servizio offerto, essere in costante aggiornamento e garantire una preparazione formativa all\u2019avanguardia ai nostri studenti, abbiamo quest\u2019anno creato il nuovo logo della Scuola, \u201cIstituto Queen\u201d.<br \/>\nQuest\u2019ultimo, accompagnato dal pay-off \u201c<em>Tutta un\u2019altra scuola<\/em>\u201d ha sostituito \u201c<em>Queen Centro Studi International<\/em>\u201d, brand ci ha accompagnati per oltre vent\u2019anni.<br \/>\nOgni anno investiamo nella formazione dello staff didattico, al fine di favorire la crescita culturale, professionale e personale di ogni studente attraverso l\u2019offerta formativa, i laboratori didattici e e le attivit\u00e0 extra-scolastiche: affidarsi alla nostra esperienza, significa affidarsi ad una Scuola esclusiva, predisposta all\u2019ascolto e alla comprensione delle difficolt\u00e0 che ogni studente pu\u00f2 incontrare durante gli anni di studio.<\/p>\n<p><strong>Perch\u00e9 \u201cTutta un\u2019altra scuola\u201d?<\/strong><\/p>\n<p>Perch\u00e9 supporto, ascolto, dialogo e confronto, questi sono i capisaldi del nostro Istituto e i plus che ci contraddistinguono.<br \/>\nOgni allievo per noi \u00e8 unico e come tale, ha un proprio talento: far s\u00ec che possa emergere \u00e8 il nostro obiettivo.<br \/>\nCi affidiamo a docenti selezionati in maniera accurata, affinch\u00e9 non insegnino soltanto le materie, ma riescano a trasmetterle agli allievi, facendoli appassionare e rendendoli partecipi alla vita scolastica.<br \/>\nIl nostro punto di forza\u00a0\u00e8 quello di\u00a0comprendere le difficolt\u00e0\u00a0che incontrano gli studenti,\u00a0ascoltarli per trovare\u00a0le soluzioni\u00a0pi\u00f9 adatte e\u00a0supportarli anche psicologicamente,\u00a0in modo da\u00a0creare gli stimoli\u00a0necessari che\u00a0portano\u00a0a riacquistare la voglia e l&#8217;abitudine allo studio.<\/p>\n<p><strong>La sede<\/strong><\/p>\n<p>Studiare all\u2019Istituto Queen significa\u00a0vivere in un ambiente sereno, moderno\u00a0e con uno staff sempre pronto ad ascoltare ciascun allievo.<br \/>\nLa sede di Istituto Queen \u00e8 composta, oltre che da\u00a0numerose aule,\u00a0da una\u00a0sala informatica con computer di ultima generazione; una sala proiezioni\u00a0dove vengono trasmessi documentari e film; una\u00a0grande biblioteca\u00a0sempre aggiornata e con tavoli di consultazione; una\u00a0moderna redazione giornalistica\u00a0dove si riuniscono gli studenti che partecipano alla realizzazione del giornale; tanto altro ancora.<\/p>\n<p><strong>Vieni a conoscerci:<\/strong> Istituto Queen apre le porte nella settimana di Open Day dal 19 Giugno al 24 Agosto, ad orario continuato dalle ore 10:00 alle ore 19:00<\/p>\n<p>&nbsp;<\/p>\n","protected":false},"excerpt":{"rendered":"<p>Presente a Milano da oltre 20 anni, \u00a0Istituto Queen \u00e8 una scuola privata di formazione e recupero anni scolastici. Ogni anno, si rivolgono a noi,\u00a0trovando la giusta risposta: studenti all&#8217;ultimo anno di Scuola Media\u00a0che necessitano di un orientamento che li aiuti a scegliere\u00a0l&#8217;indirizzo di studio pi\u00f9 adatto; studenti di Scuole Superiori\u00a0che vogliono cambiare l&#8217;attuale scuola o indirizzo di studio; studenti che devono recuperare\u00a0uno o pi\u00f9 anni scolastici ed adulti che<\/p>\n<p><a class=\"continue-reading\" href=\"https:\/\/www.article-marketing.eu\/comunicatistampa\/istituto-queen-la-tua-scuola-a-milano-per-recuperare-gli-anni-scolastici-persi\/\">Continue reading&#8230;<\/a><\/p>\n","protected":false},"author":415,"featured_media":0,"comment_status":"open","ping_status":"open","sticky":false,"template":"","format":"standard","meta":{"_monsterinsights_skip_tracking":false,"_monsterinsights_sitenote_active":false,"_monsterinsights_sitenote_note":"","_monsterinsights_sitenote_category":0,"footnotes":""},"categories":[407,379,378,412],"tags":[1784,1783,988,1782],"class_list":["post-3300","post","type-post","status-publish","format-standard","hentry","category-arte-e-cultura","category-corsi","category-istruzione","category-ricerca-e-sviluppo","tag-milano-scuola","tag-recupero-anni-scolastici-milano","tag-scuola","tag-scuola-recupero-anni"],"yoast_head":"<!-- This site is optimized with the Yoast SEO plugin v27.3 - https:\/\/yoast.com\/product\/yoast-seo-wordpress\/ -->\n<title>Istituto Queen: la tua scuola a Milano per recuperare gli anni scolastici persi! - Article Marketing<\/title>\n<meta name=\"robots\" content=\"index, follow, max-snippet:-1, max-image-preview:large, max-video-preview:-1\" \/>\n<link rel=\"canonical\" href=\"https:\/\/www.article-marketing.eu\/comunicatistampa\/istituto-queen-la-tua-scuola-a-milano-per-recuperare-gli-anni-scolastici-persi\/\" \/>\n<meta property=\"og:locale\" content=\"it_IT\" \/>\n<meta property=\"og:type\" content=\"article\" \/>\n<meta property=\"og:title\" content=\"Istituto Queen: la tua scuola a Milano per recuperare gli anni scolastici persi! - Article Marketing\" \/>\n<meta property=\"og:description\" content=\"Presente a Milano da oltre 20 anni, \u00a0Istituto Queen \u00e8 una scuola privata di formazione e recupero anni scolastici. Ogni anno, si rivolgono a noi,\u00a0trovando la giusta risposta: studenti all&#8217;ultimo anno di Scuola Media\u00a0che necessitano di un orientamento che li aiuti a scegliere\u00a0l&#8217;indirizzo di studio pi\u00f9 adatto; studenti di Scuole Superiori\u00a0che vogliono cambiare l&#8217;attuale scuola o indirizzo di studio; studenti che devono recuperare\u00a0uno o pi\u00f9 anni scolastici ed adulti cheContinue reading...\" \/>\n<meta property=\"og:url\" content=\"https:\/\/www.article-marketing.eu\/comunicatistampa\/istituto-queen-la-tua-scuola-a-milano-per-recuperare-gli-anni-scolastici-persi\/\" \/>\n<meta property=\"og:site_name\" content=\"Article Marketing\" \/>\n<meta property=\"article:published_time\" content=\"2017-06-14T12:12:57+00:00\" \/>\n<meta name=\"author\" content=\"Eleonora Marchionni\" \/>\n<meta name=\"twitter:card\" content=\"summary_large_image\" \/>\n<meta name=\"twitter:label1\" content=\"Scritto da\" \/>\n\t<meta name=\"twitter:data1\" content=\"Eleonora Marchionni\" \/>\n\t<meta name=\"twitter:label2\" content=\"Tempo di lettura stimato\" \/>\n\t<meta name=\"twitter:data2\" content=\"2 minuti\" \/>\n<script type=\"application\/ld+json\" class=\"yoast-schema-graph\">{\"@context\":\"https:\\\/\\\/schema.org\",\"@graph\":[{\"@type\":\"Article\",\"@id\":\"https:\\\/\\\/www.article-marketing.eu\\\/comunicatistampa\\\/istituto-queen-la-tua-scuola-a-milano-per-recuperare-gli-anni-scolastici-persi\\\/#article\",\"isPartOf\":{\"@id\":\"https:\\\/\\\/www.article-marketing.eu\\\/comunicatistampa\\\/istituto-queen-la-tua-scuola-a-milano-per-recuperare-gli-anni-scolastici-persi\\\/\"},\"author\":{\"name\":\"Eleonora Marchionni\",\"@id\":\"https:\\\/\\\/www.article-marketing.eu\\\/comunicatistampa\\\/#\\\/schema\\\/person\\\/ef1633f4d4e7dd0562101ce0959b3f46\"},\"headline\":\"Istituto Queen: la tua scuola a Milano per recuperare gli anni scolastici persi!\",\"datePublished\":\"2017-06-14T12:12:57+00:00\",\"mainEntityOfPage\":{\"@id\":\"https:\\\/\\\/www.article-marketing.eu\\\/comunicatistampa\\\/istituto-queen-la-tua-scuola-a-milano-per-recuperare-gli-anni-scolastici-persi\\\/\"},\"wordCount\":449,\"commentCount\":0,\"keywords\":[\"milano scuola\",\"recupero anni scolastici milano\",\"scuola\",\"scuola recupero anni\"],\"articleSection\":[\"Arte e cultura\",\"Corsi\",\"Istruzione\",\"Ricerca e sviluppo\"],\"inLanguage\":\"it-IT\",\"potentialAction\":[{\"@type\":\"CommentAction\",\"name\":\"Comment\",\"target\":[\"https:\\\/\\\/www.article-marketing.eu\\\/comunicatistampa\\\/istituto-queen-la-tua-scuola-a-milano-per-recuperare-gli-anni-scolastici-persi\\\/#respond\"]}]},{\"@type\":\"WebPage\",\"@id\":\"https:\\\/\\\/www.article-marketing.eu\\\/comunicatistampa\\\/istituto-queen-la-tua-scuola-a-milano-per-recuperare-gli-anni-scolastici-persi\\\/\",\"url\":\"https:\\\/\\\/www.article-marketing.eu\\\/comunicatistampa\\\/istituto-queen-la-tua-scuola-a-milano-per-recuperare-gli-anni-scolastici-persi\\\/\",\"name\":\"Istituto Queen: la tua scuola a Milano per recuperare gli anni scolastici persi! - Article Marketing\",\"isPartOf\":{\"@id\":\"https:\\\/\\\/www.article-marketing.eu\\\/comunicatistampa\\\/#website\"},\"datePublished\":\"2017-06-14T12:12:57+00:00\",\"author\":{\"@id\":\"https:\\\/\\\/www.article-marketing.eu\\\/comunicatistampa\\\/#\\\/schema\\\/person\\\/ef1633f4d4e7dd0562101ce0959b3f46\"},\"breadcrumb\":{\"@id\":\"https:\\\/\\\/www.article-marketing.eu\\\/comunicatistampa\\\/istituto-queen-la-tua-scuola-a-milano-per-recuperare-gli-anni-scolastici-persi\\\/#breadcrumb\"},\"inLanguage\":\"it-IT\",\"potentialAction\":[{\"@type\":\"ReadAction\",\"target\":[\"https:\\\/\\\/www.article-marketing.eu\\\/comunicatistampa\\\/istituto-queen-la-tua-scuola-a-milano-per-recuperare-gli-anni-scolastici-persi\\\/\"]}]},{\"@type\":\"BreadcrumbList\",\"@id\":\"https:\\\/\\\/www.article-marketing.eu\\\/comunicatistampa\\\/istituto-queen-la-tua-scuola-a-milano-per-recuperare-gli-anni-scolastici-persi\\\/#breadcrumb\",\"itemListElement\":[{\"@type\":\"ListItem\",\"position\":1,\"name\":\"Home\",\"item\":\"https:\\\/\\\/www.article-marketing.eu\\\/comunicatistampa\\\/\"},{\"@type\":\"ListItem\",\"position\":2,\"name\":\"Istituto Queen: la tua scuola a Milano per recuperare gli anni scolastici persi!\"}]},{\"@type\":\"WebSite\",\"@id\":\"https:\\\/\\\/www.article-marketing.eu\\\/comunicatistampa\\\/#website\",\"url\":\"https:\\\/\\\/www.article-marketing.eu\\\/comunicatistampa\\\/\",\"name\":\"Article Marketing\",\"description\":\"article marketing &amp; press release\",\"potentialAction\":[{\"@type\":\"SearchAction\",\"target\":{\"@type\":\"EntryPoint\",\"urlTemplate\":\"https:\\\/\\\/www.article-marketing.eu\\\/comunicatistampa\\\/?s={search_term_string}\"},\"query-input\":{\"@type\":\"PropertyValueSpecification\",\"valueRequired\":true,\"valueName\":\"search_term_string\"}}],\"inLanguage\":\"it-IT\"},{\"@type\":\"Person\",\"@id\":\"https:\\\/\\\/www.article-marketing.eu\\\/comunicatistampa\\\/#\\\/schema\\\/person\\\/ef1633f4d4e7dd0562101ce0959b3f46\",\"name\":\"Eleonora Marchionni\",\"image\":{\"@type\":\"ImageObject\",\"inLanguage\":\"it-IT\",\"@id\":\"https:\\\/\\\/secure.gravatar.com\\\/avatar\\\/45fb321803a1fe772e53939e1ba9c55def85b7c94adbb384d8991506fb302ee5?s=96&d=mm&r=g\",\"url\":\"https:\\\/\\\/secure.gravatar.com\\\/avatar\\\/45fb321803a1fe772e53939e1ba9c55def85b7c94adbb384d8991506fb302ee5?s=96&d=mm&r=g\",\"contentUrl\":\"https:\\\/\\\/secure.gravatar.com\\\/avatar\\\/45fb321803a1fe772e53939e1ba9c55def85b7c94adbb384d8991506fb302ee5?s=96&d=mm&r=g\",\"caption\":\"Eleonora Marchionni\"},\"url\":\"https:\\\/\\\/www.article-marketing.eu\\\/comunicatistampa\\\/author\\\/eleonora-marchionni\\\/\"}]}<\/script>\n<!-- \/ Yoast SEO plugin. -->","yoast_head_json":{"title":"Istituto Queen: la tua scuola a Milano per recuperare gli anni scolastici persi! - Article Marketing","robots":{"index":"index","follow":"follow","max-snippet":"max-snippet:-1","max-image-preview":"max-image-preview:large","max-video-preview":"max-video-preview:-1"},"canonical":"https:\/\/www.article-marketing.eu\/comunicatistampa\/istituto-queen-la-tua-scuola-a-milano-per-recuperare-gli-anni-scolastici-persi\/","og_locale":"it_IT","og_type":"article","og_title":"Istituto Queen: la tua scuola a Milano per recuperare gli anni scolastici persi! - Article Marketing","og_description":"Presente a Milano da oltre 20 anni, \u00a0Istituto Queen \u00e8 una scuola privata di formazione e recupero anni scolastici. Ogni anno, si rivolgono a noi,\u00a0trovando la giusta risposta: studenti all&#8217;ultimo anno di Scuola Media\u00a0che necessitano di un orientamento che li aiuti a scegliere\u00a0l&#8217;indirizzo di studio pi\u00f9 adatto; studenti di Scuole Superiori\u00a0che vogliono cambiare l&#8217;attuale scuola o indirizzo di studio; studenti che devono recuperare\u00a0uno o pi\u00f9 anni scolastici ed adulti cheContinue reading...","og_url":"https:\/\/www.article-marketing.eu\/comunicatistampa\/istituto-queen-la-tua-scuola-a-milano-per-recuperare-gli-anni-scolastici-persi\/","og_site_name":"Article Marketing","article_published_time":"2017-06-14T12:12:57+00:00","author":"Eleonora Marchionni","twitter_card":"summary_large_image","twitter_misc":{"Scritto da":"Eleonora Marchionni","Tempo di lettura stimato":"2 minuti"},"schema":{"@context":"https:\/\/schema.org","@graph":[{"@type":"Article","@id":"https:\/\/www.article-marketing.eu\/comunicatistampa\/istituto-queen-la-tua-scuola-a-milano-per-recuperare-gli-anni-scolastici-persi\/#article","isPartOf":{"@id":"https:\/\/www.article-marketing.eu\/comunicatistampa\/istituto-queen-la-tua-scuola-a-milano-per-recuperare-gli-anni-scolastici-persi\/"},"author":{"name":"Eleonora Marchionni","@id":"https:\/\/www.article-marketing.eu\/comunicatistampa\/#\/schema\/person\/ef1633f4d4e7dd0562101ce0959b3f46"},"headline":"Istituto Queen: la tua scuola a Milano per recuperare gli anni scolastici persi!","datePublished":"2017-06-14T12:12:57+00:00","mainEntityOfPage":{"@id":"https:\/\/www.article-marketing.eu\/comunicatistampa\/istituto-queen-la-tua-scuola-a-milano-per-recuperare-gli-anni-scolastici-persi\/"},"wordCount":449,"commentCount":0,"keywords":["milano scuola","recupero anni scolastici milano","scuola","scuola recupero anni"],"articleSection":["Arte e cultura","Corsi","Istruzione","Ricerca e sviluppo"],"inLanguage":"it-IT","potentialAction":[{"@type":"CommentAction","name":"Comment","target":["https:\/\/www.article-marketing.eu\/comunicatistampa\/istituto-queen-la-tua-scuola-a-milano-per-recuperare-gli-anni-scolastici-persi\/#respond"]}]},{"@type":"WebPage","@id":"https:\/\/www.article-marketing.eu\/comunicatistampa\/istituto-queen-la-tua-scuola-a-milano-per-recuperare-gli-anni-scolastici-persi\/","url":"https:\/\/www.article-marketing.eu\/comunicatistampa\/istituto-queen-la-tua-scuola-a-milano-per-recuperare-gli-anni-scolastici-persi\/","name":"Istituto Queen: la tua scuola a Milano per recuperare gli anni scolastici persi! - Article Marketing","isPartOf":{"@id":"https:\/\/www.article-marketing.eu\/comunicatistampa\/#website"},"datePublished":"2017-06-14T12:12:57+00:00","author":{"@id":"https:\/\/www.article-marketing.eu\/comunicatistampa\/#\/schema\/person\/ef1633f4d4e7dd0562101ce0959b3f46"},"breadcrumb":{"@id":"https:\/\/www.article-marketing.eu\/comunicatistampa\/istituto-queen-la-tua-scuola-a-milano-per-recuperare-gli-anni-scolastici-persi\/#breadcrumb"},"inLanguage":"it-IT","potentialAction":[{"@type":"ReadAction","target":["https:\/\/www.article-marketing.eu\/comunicatistampa\/istituto-queen-la-tua-scuola-a-milano-per-recuperare-gli-anni-scolastici-persi\/"]}]},{"@type":"BreadcrumbList","@id":"https:\/\/www.article-marketing.eu\/comunicatistampa\/istituto-queen-la-tua-scuola-a-milano-per-recuperare-gli-anni-scolastici-persi\/#breadcrumb","itemListElement":[{"@type":"ListItem","position":1,"name":"Home","item":"https:\/\/www.article-marketing.eu\/comunicatistampa\/"},{"@type":"ListItem","position":2,"name":"Istituto Queen: la tua scuola a Milano per recuperare gli anni scolastici persi!"}]},{"@type":"WebSite","@id":"https:\/\/www.article-marketing.eu\/comunicatistampa\/#website","url":"https:\/\/www.article-marketing.eu\/comunicatistampa\/","name":"Article Marketing","description":"article marketing &amp; press release","potentialAction":[{"@type":"SearchAction","target":{"@type":"EntryPoint","urlTemplate":"https:\/\/www.article-marketing.eu\/comunicatistampa\/?s={search_term_string}"},"query-input":{"@type":"PropertyValueSpecification","valueRequired":true,"valueName":"search_term_string"}}],"inLanguage":"it-IT"},{"@type":"Person","@id":"https:\/\/www.article-marketing.eu\/comunicatistampa\/#\/schema\/person\/ef1633f4d4e7dd0562101ce0959b3f46","name":"Eleonora Marchionni","image":{"@type":"ImageObject","inLanguage":"it-IT","@id":"https:\/\/secure.gravatar.com\/avatar\/45fb321803a1fe772e53939e1ba9c55def85b7c94adbb384d8991506fb302ee5?s=96&d=mm&r=g","url":"https:\/\/secure.gravatar.com\/avatar\/45fb321803a1fe772e53939e1ba9c55def85b7c94adbb384d8991506fb302ee5?s=96&d=mm&r=g","contentUrl":"https:\/\/secure.gravatar.com\/avatar\/45fb321803a1fe772e53939e1ba9c55def85b7c94adbb384d8991506fb302ee5?s=96&d=mm&r=g","caption":"Eleonora Marchionni"},"url":"https:\/\/www.article-marketing.eu\/comunicatistampa\/author\/eleonora-marchionni\/"}]}},"_links":{"self":[{"href":"https:\/\/www.article-marketing.eu\/comunicatistampa\/wp-json\/wp\/v2\/posts\/3300","targetHints":{"allow":["GET"]}}],"collection":[{"href":"https:\/\/www.article-marketing.eu\/comunicatistampa\/wp-json\/wp\/v2\/posts"}],"about":[{"href":"https:\/\/www.article-marketing.eu\/comunicatistampa\/wp-json\/wp\/v2\/types\/post"}],"author":[{"embeddable":true,"href":"https:\/\/www.article-marketing.eu\/comunicatistampa\/wp-json\/wp\/v2\/users\/415"}],"replies":[{"embeddable":true,"href":"https:\/\/www.article-marketing.eu\/comunicatistampa\/wp-json\/wp\/v2\/comments?post=3300"}],"version-history":[{"count":4,"href":"https:\/\/www.article-marketing.eu\/comunicatistampa\/wp-json\/wp\/v2\/posts\/3300\/revisions"}],"predecessor-version":[{"id":3333,"href":"https:\/\/www.article-marketing.eu\/comunicatistampa\/wp-json\/wp\/v2\/posts\/3300\/revisions\/3333"}],"wp:attachment":[{"href":"https:\/\/www.article-marketing.eu\/comunicatistampa\/wp-json\/wp\/v2\/media?parent=3300"}],"wp:term":[{"taxonomy":"category","embeddable":true,"href":"https:\/\/www.article-marketing.eu\/comunicatistampa\/wp-json\/wp\/v2\/categories?post=3300"},{"taxonomy":"post_tag","embeddable":true,"href":"https:\/\/www.article-marketing.eu\/comunicatistampa\/wp-json\/wp\/v2\/tags?post=3300"}],"curies":[{"name":"wp","href":"https:\/\/api.w.org\/{rel}","templated":true}]}}