{"id":3309,"date":"2017-06-14T14:14:23","date_gmt":"2017-06-14T12:14:23","guid":{"rendered":"http:\/\/www.article-marketing.eu\/comunicatistampa\/?p=3309"},"modified":"2017-06-14T14:14:23","modified_gmt":"2017-06-14T12:14:23","slug":"affitti-estivi-in-salento-sul-mare","status":"publish","type":"post","link":"https:\/\/www.article-marketing.eu\/comunicatistampa\/affitti-estivi-in-salento-sul-mare\/","title":{"rendered":"Affitti estivi in Salento sul mare"},"content":{"rendered":"<p>Le vacanze sono il tema pi\u00f9 discusso del periodo: programmare una vacanza richiede un certo periodo d&#8217;anticipo, per poter pianificare le cose al meglio ed evitare spiacevoli sorprese. Le vacanze in Salento sono un&#8217;esperienza meravigliosa, da gustare in ogni momento, ma meritano un&#8217;attenta organizzazione.<\/p>\n<p>Perch\u00e8 scegliere il Salento<\/p>\n<p>Il Salento \u00e8 una terra antichissima e ricca di colori, sapori e suggestioni quasi magiche. Il suo cuore, racchiuso tra il Mar Ionio e il Mar Adriatico, \u00e8 culla di antiche civilt\u00e0 e di un illustre passato, che si riflette nell&#8217;immenso patrimonio archeologico, storico e culturale della regione. Visitare il Salento non significa solo godere di chilometri e chilometri di bellissime spiagge: significa anche andare alla scoperta di usanza, culture e tradizioni che si perdono nella storia. Per imparare a conoscere il Salento e i suoi abitanti, le ricche ed affascinanti tradizioni e la bellissima campagna che si estende nell&#8217;entroterra, un itinerario ben organizzato \u00e8 fondamentale. Le spiagge offrono al turista una scelta indimenticabile: coste bianche e sabbiose da una parte e coste rocciose e frastagliate dall&#8217;altra, per un percorso che si snoda tra la costa adriatica e quella ionica. La costa ionica \u00e8 dotata di meravigliose spiagge e di piccoli atolli, molto apprezzati dai turisti che la definiscono una piccola Polinesia tutta italiana. La costa adriatica, invece, \u00e8 meta degli appassionati dei panorami mozzafiato, con le sue alte scogliere e la particolare conformazione rocciosa. Il Salento \u00e8 dunque una meta ricca, variegata, che permette di soddisfare le esigenze di ogni tipo di turista, anche grazie ai<a href=\"http:\/\/www.oasidoriente.eu\/affitti-mare-salento.php\"> numerosi affitti estivi in Salento sul mare<\/a>, che mettono a disposizione ogni tipo di immobile per una pianificazione delle vacanze impeccabile sotto ogni punto di vista.<\/p>\n<p>Organizzare un itinerario<\/p>\n<p>Chi usufruisce degli affitti estivi in Salento sul mare, infatti, preferisce stilare un piccolo itinerario da seguire, per essere certo di non perdere nemmeno una delle bellezze naturali, storiche e culturali che questa ricca zona ha da offrire. Si consiglia quindi di rivolgersi a un sito specializzato che sapr\u00e0 indicare al turista le principali mete d&#8217;interesse, ma anche le sagre e le manifestazioni culturali ed enogastronomiche. Nonostante l&#8217;abbagliante bellezza delle spiagge, \u00e8 infatti importante valorizzare l&#8217;intera esperienza in Salento, imparando a conoscere e scoprire anche i sapori, gli usi e i costumi della regione, attraverso un itinerario completo in ogni parte: mare ed entroterra, divertimento, cultura, arte culinaria.<\/p>\n<p>Dove alloggiare<\/p>\n<p>In quanto meta di un turismo considerevole, la regione \u00e8 particolarmente ricca di strutture di ogni genere e di ogni tipo: non mancano infatti i b&#8217;n&#8217;b, gli alberghi, le camere in affitto. La soluzione pi\u00f9 brillante per chi si trova a trascorrere un periodo pi\u00f9 o meno lungo nella zona \u00e8 per\u00f2 ricorrere agli affitti estivi In Salento sul mare. Infatti un affitto estivo garantisce una migliore capacit\u00e0 d&#8217;organizzazione, indipendenza e libert\u00e0 di spostamento senza pari. Grazie a una casa o un appartamento preso in affitto, il turista pu\u00f2 organizzare al meglio il suo itinerario senza fretta, senza limitazioni di alcun tipo, e immergersi nella vita quotidiana locale.<\/p>\n","protected":false},"excerpt":{"rendered":"<p>Le vacanze sono il tema pi\u00f9 discusso del periodo: programmare una vacanza richiede un certo periodo d&#8217;anticipo, per poter pianificare le cose al meglio ed evitare spiacevoli sorprese. Le vacanze in Salento sono un&#8217;esperienza meravigliosa, da gustare in ogni momento, ma meritano un&#8217;attenta organizzazione. Perch\u00e8 scegliere il Salento Il Salento \u00e8 una terra antichissima e ricca di colori, sapori e suggestioni quasi magiche. Il suo cuore, racchiuso tra il Mar<\/p>\n<p><a class=\"continue-reading\" href=\"https:\/\/www.article-marketing.eu\/comunicatistampa\/affitti-estivi-in-salento-sul-mare\/\">Continue reading&#8230;<\/a><\/p>\n","protected":false},"author":202,"featured_media":0,"comment_status":"open","ping_status":"open","sticky":false,"template":"","format":"standard","meta":{"_monsterinsights_skip_tracking":false,"_monsterinsights_sitenote_active":false,"_monsterinsights_sitenote_note":"","_monsterinsights_sitenote_category":0,"footnotes":""},"categories":[348],"tags":[],"class_list":["post-3309","post","type-post","status-publish","format-standard","hentry","category-destinazioni"],"yoast_head":"<!-- This site is optimized with the Yoast SEO plugin v27.3 - https:\/\/yoast.com\/product\/yoast-seo-wordpress\/ -->\n<title>Affitti estivi in Salento sul mare - Article Marketing<\/title>\n<meta name=\"robots\" content=\"index, follow, max-snippet:-1, max-image-preview:large, max-video-preview:-1\" \/>\n<link rel=\"canonical\" href=\"https:\/\/www.article-marketing.eu\/comunicatistampa\/affitti-estivi-in-salento-sul-mare\/\" \/>\n<meta property=\"og:locale\" content=\"it_IT\" \/>\n<meta property=\"og:type\" content=\"article\" \/>\n<meta property=\"og:title\" content=\"Affitti estivi in Salento sul mare - Article Marketing\" \/>\n<meta property=\"og:description\" content=\"Le vacanze sono il tema pi\u00f9 discusso del periodo: programmare una vacanza richiede un certo periodo d&#8217;anticipo, per poter pianificare le cose al meglio ed evitare spiacevoli sorprese. Le vacanze in Salento sono un&#8217;esperienza meravigliosa, da gustare in ogni momento, ma meritano un&#8217;attenta organizzazione. Perch\u00e8 scegliere il Salento Il Salento \u00e8 una terra antichissima e ricca di colori, sapori e suggestioni quasi magiche. Il suo cuore, racchiuso tra il MarContinue reading...\" \/>\n<meta property=\"og:url\" content=\"https:\/\/www.article-marketing.eu\/comunicatistampa\/affitti-estivi-in-salento-sul-mare\/\" \/>\n<meta property=\"og:site_name\" content=\"Article Marketing\" \/>\n<meta property=\"article:published_time\" content=\"2017-06-14T12:14:23+00:00\" \/>\n<meta name=\"author\" content=\"merellir\" \/>\n<meta name=\"twitter:card\" content=\"summary_large_image\" \/>\n<meta name=\"twitter:label1\" content=\"Scritto da\" \/>\n\t<meta name=\"twitter:data1\" content=\"merellir\" \/>\n\t<meta name=\"twitter:label2\" content=\"Tempo di lettura stimato\" \/>\n\t<meta name=\"twitter:data2\" content=\"2 minuti\" \/>\n<script type=\"application\/ld+json\" class=\"yoast-schema-graph\">{\"@context\":\"https:\\\/\\\/schema.org\",\"@graph\":[{\"@type\":\"Article\",\"@id\":\"https:\\\/\\\/www.article-marketing.eu\\\/comunicatistampa\\\/affitti-estivi-in-salento-sul-mare\\\/#article\",\"isPartOf\":{\"@id\":\"https:\\\/\\\/www.article-marketing.eu\\\/comunicatistampa\\\/affitti-estivi-in-salento-sul-mare\\\/\"},\"author\":{\"name\":\"merellir\",\"@id\":\"https:\\\/\\\/www.article-marketing.eu\\\/comunicatistampa\\\/#\\\/schema\\\/person\\\/ad93a86d6a7760d56d31da897a21ec7b\"},\"headline\":\"Affitti estivi in Salento sul mare\",\"datePublished\":\"2017-06-14T12:14:23+00:00\",\"mainEntityOfPage\":{\"@id\":\"https:\\\/\\\/www.article-marketing.eu\\\/comunicatistampa\\\/affitti-estivi-in-salento-sul-mare\\\/\"},\"wordCount\":499,\"commentCount\":0,\"articleSection\":[\"Destinazioni\"],\"inLanguage\":\"it-IT\",\"potentialAction\":[{\"@type\":\"CommentAction\",\"name\":\"Comment\",\"target\":[\"https:\\\/\\\/www.article-marketing.eu\\\/comunicatistampa\\\/affitti-estivi-in-salento-sul-mare\\\/#respond\"]}]},{\"@type\":\"WebPage\",\"@id\":\"https:\\\/\\\/www.article-marketing.eu\\\/comunicatistampa\\\/affitti-estivi-in-salento-sul-mare\\\/\",\"url\":\"https:\\\/\\\/www.article-marketing.eu\\\/comunicatistampa\\\/affitti-estivi-in-salento-sul-mare\\\/\",\"name\":\"Affitti estivi in Salento sul mare - Article Marketing\",\"isPartOf\":{\"@id\":\"https:\\\/\\\/www.article-marketing.eu\\\/comunicatistampa\\\/#website\"},\"datePublished\":\"2017-06-14T12:14:23+00:00\",\"author\":{\"@id\":\"https:\\\/\\\/www.article-marketing.eu\\\/comunicatistampa\\\/#\\\/schema\\\/person\\\/ad93a86d6a7760d56d31da897a21ec7b\"},\"breadcrumb\":{\"@id\":\"https:\\\/\\\/www.article-marketing.eu\\\/comunicatistampa\\\/affitti-estivi-in-salento-sul-mare\\\/#breadcrumb\"},\"inLanguage\":\"it-IT\",\"potentialAction\":[{\"@type\":\"ReadAction\",\"target\":[\"https:\\\/\\\/www.article-marketing.eu\\\/comunicatistampa\\\/affitti-estivi-in-salento-sul-mare\\\/\"]}]},{\"@type\":\"BreadcrumbList\",\"@id\":\"https:\\\/\\\/www.article-marketing.eu\\\/comunicatistampa\\\/affitti-estivi-in-salento-sul-mare\\\/#breadcrumb\",\"itemListElement\":[{\"@type\":\"ListItem\",\"position\":1,\"name\":\"Home\",\"item\":\"https:\\\/\\\/www.article-marketing.eu\\\/comunicatistampa\\\/\"},{\"@type\":\"ListItem\",\"position\":2,\"name\":\"Affitti estivi in Salento sul mare\"}]},{\"@type\":\"WebSite\",\"@id\":\"https:\\\/\\\/www.article-marketing.eu\\\/comunicatistampa\\\/#website\",\"url\":\"https:\\\/\\\/www.article-marketing.eu\\\/comunicatistampa\\\/\",\"name\":\"Article Marketing\",\"description\":\"article marketing &amp; press release\",\"potentialAction\":[{\"@type\":\"SearchAction\",\"target\":{\"@type\":\"EntryPoint\",\"urlTemplate\":\"https:\\\/\\\/www.article-marketing.eu\\\/comunicatistampa\\\/?s={search_term_string}\"},\"query-input\":{\"@type\":\"PropertyValueSpecification\",\"valueRequired\":true,\"valueName\":\"search_term_string\"}}],\"inLanguage\":\"it-IT\"},{\"@type\":\"Person\",\"@id\":\"https:\\\/\\\/www.article-marketing.eu\\\/comunicatistampa\\\/#\\\/schema\\\/person\\\/ad93a86d6a7760d56d31da897a21ec7b\",\"name\":\"merellir\",\"image\":{\"@type\":\"ImageObject\",\"inLanguage\":\"it-IT\",\"@id\":\"https:\\\/\\\/secure.gravatar.com\\\/avatar\\\/1d3d79c36dbe87999cf3070b87dac773df5f04b18fa0d478fd9dcf849b3616a1?s=96&d=mm&r=g\",\"url\":\"https:\\\/\\\/secure.gravatar.com\\\/avatar\\\/1d3d79c36dbe87999cf3070b87dac773df5f04b18fa0d478fd9dcf849b3616a1?s=96&d=mm&r=g\",\"contentUrl\":\"https:\\\/\\\/secure.gravatar.com\\\/avatar\\\/1d3d79c36dbe87999cf3070b87dac773df5f04b18fa0d478fd9dcf849b3616a1?s=96&d=mm&r=g\",\"caption\":\"merellir\"},\"url\":\"https:\\\/\\\/www.article-marketing.eu\\\/comunicatistampa\\\/author\\\/merellir\\\/\"}]}<\/script>\n<!-- \/ Yoast SEO plugin. -->","yoast_head_json":{"title":"Affitti estivi in Salento sul mare - Article Marketing","robots":{"index":"index","follow":"follow","max-snippet":"max-snippet:-1","max-image-preview":"max-image-preview:large","max-video-preview":"max-video-preview:-1"},"canonical":"https:\/\/www.article-marketing.eu\/comunicatistampa\/affitti-estivi-in-salento-sul-mare\/","og_locale":"it_IT","og_type":"article","og_title":"Affitti estivi in Salento sul mare - Article Marketing","og_description":"Le vacanze sono il tema pi\u00f9 discusso del periodo: programmare una vacanza richiede un certo periodo d&#8217;anticipo, per poter pianificare le cose al meglio ed evitare spiacevoli sorprese. Le vacanze in Salento sono un&#8217;esperienza meravigliosa, da gustare in ogni momento, ma meritano un&#8217;attenta organizzazione. Perch\u00e8 scegliere il Salento Il Salento \u00e8 una terra antichissima e ricca di colori, sapori e suggestioni quasi magiche. Il suo cuore, racchiuso tra il MarContinue reading...","og_url":"https:\/\/www.article-marketing.eu\/comunicatistampa\/affitti-estivi-in-salento-sul-mare\/","og_site_name":"Article Marketing","article_published_time":"2017-06-14T12:14:23+00:00","author":"merellir","twitter_card":"summary_large_image","twitter_misc":{"Scritto da":"merellir","Tempo di lettura stimato":"2 minuti"},"schema":{"@context":"https:\/\/schema.org","@graph":[{"@type":"Article","@id":"https:\/\/www.article-marketing.eu\/comunicatistampa\/affitti-estivi-in-salento-sul-mare\/#article","isPartOf":{"@id":"https:\/\/www.article-marketing.eu\/comunicatistampa\/affitti-estivi-in-salento-sul-mare\/"},"author":{"name":"merellir","@id":"https:\/\/www.article-marketing.eu\/comunicatistampa\/#\/schema\/person\/ad93a86d6a7760d56d31da897a21ec7b"},"headline":"Affitti estivi in Salento sul mare","datePublished":"2017-06-14T12:14:23+00:00","mainEntityOfPage":{"@id":"https:\/\/www.article-marketing.eu\/comunicatistampa\/affitti-estivi-in-salento-sul-mare\/"},"wordCount":499,"commentCount":0,"articleSection":["Destinazioni"],"inLanguage":"it-IT","potentialAction":[{"@type":"CommentAction","name":"Comment","target":["https:\/\/www.article-marketing.eu\/comunicatistampa\/affitti-estivi-in-salento-sul-mare\/#respond"]}]},{"@type":"WebPage","@id":"https:\/\/www.article-marketing.eu\/comunicatistampa\/affitti-estivi-in-salento-sul-mare\/","url":"https:\/\/www.article-marketing.eu\/comunicatistampa\/affitti-estivi-in-salento-sul-mare\/","name":"Affitti estivi in Salento sul mare - Article Marketing","isPartOf":{"@id":"https:\/\/www.article-marketing.eu\/comunicatistampa\/#website"},"datePublished":"2017-06-14T12:14:23+00:00","author":{"@id":"https:\/\/www.article-marketing.eu\/comunicatistampa\/#\/schema\/person\/ad93a86d6a7760d56d31da897a21ec7b"},"breadcrumb":{"@id":"https:\/\/www.article-marketing.eu\/comunicatistampa\/affitti-estivi-in-salento-sul-mare\/#breadcrumb"},"inLanguage":"it-IT","potentialAction":[{"@type":"ReadAction","target":["https:\/\/www.article-marketing.eu\/comunicatistampa\/affitti-estivi-in-salento-sul-mare\/"]}]},{"@type":"BreadcrumbList","@id":"https:\/\/www.article-marketing.eu\/comunicatistampa\/affitti-estivi-in-salento-sul-mare\/#breadcrumb","itemListElement":[{"@type":"ListItem","position":1,"name":"Home","item":"https:\/\/www.article-marketing.eu\/comunicatistampa\/"},{"@type":"ListItem","position":2,"name":"Affitti estivi in Salento sul mare"}]},{"@type":"WebSite","@id":"https:\/\/www.article-marketing.eu\/comunicatistampa\/#website","url":"https:\/\/www.article-marketing.eu\/comunicatistampa\/","name":"Article Marketing","description":"article marketing &amp; press release","potentialAction":[{"@type":"SearchAction","target":{"@type":"EntryPoint","urlTemplate":"https:\/\/www.article-marketing.eu\/comunicatistampa\/?s={search_term_string}"},"query-input":{"@type":"PropertyValueSpecification","valueRequired":true,"valueName":"search_term_string"}}],"inLanguage":"it-IT"},{"@type":"Person","@id":"https:\/\/www.article-marketing.eu\/comunicatistampa\/#\/schema\/person\/ad93a86d6a7760d56d31da897a21ec7b","name":"merellir","image":{"@type":"ImageObject","inLanguage":"it-IT","@id":"https:\/\/secure.gravatar.com\/avatar\/1d3d79c36dbe87999cf3070b87dac773df5f04b18fa0d478fd9dcf849b3616a1?s=96&d=mm&r=g","url":"https:\/\/secure.gravatar.com\/avatar\/1d3d79c36dbe87999cf3070b87dac773df5f04b18fa0d478fd9dcf849b3616a1?s=96&d=mm&r=g","contentUrl":"https:\/\/secure.gravatar.com\/avatar\/1d3d79c36dbe87999cf3070b87dac773df5f04b18fa0d478fd9dcf849b3616a1?s=96&d=mm&r=g","caption":"merellir"},"url":"https:\/\/www.article-marketing.eu\/comunicatistampa\/author\/merellir\/"}]}},"_links":{"self":[{"href":"https:\/\/www.article-marketing.eu\/comunicatistampa\/wp-json\/wp\/v2\/posts\/3309","targetHints":{"allow":["GET"]}}],"collection":[{"href":"https:\/\/www.article-marketing.eu\/comunicatistampa\/wp-json\/wp\/v2\/posts"}],"about":[{"href":"https:\/\/www.article-marketing.eu\/comunicatistampa\/wp-json\/wp\/v2\/types\/post"}],"author":[{"embeddable":true,"href":"https:\/\/www.article-marketing.eu\/comunicatistampa\/wp-json\/wp\/v2\/users\/202"}],"replies":[{"embeddable":true,"href":"https:\/\/www.article-marketing.eu\/comunicatistampa\/wp-json\/wp\/v2\/comments?post=3309"}],"version-history":[{"count":2,"href":"https:\/\/www.article-marketing.eu\/comunicatistampa\/wp-json\/wp\/v2\/posts\/3309\/revisions"}],"predecessor-version":[{"id":3337,"href":"https:\/\/www.article-marketing.eu\/comunicatistampa\/wp-json\/wp\/v2\/posts\/3309\/revisions\/3337"}],"wp:attachment":[{"href":"https:\/\/www.article-marketing.eu\/comunicatistampa\/wp-json\/wp\/v2\/media?parent=3309"}],"wp:term":[{"taxonomy":"category","embeddable":true,"href":"https:\/\/www.article-marketing.eu\/comunicatistampa\/wp-json\/wp\/v2\/categories?post=3309"},{"taxonomy":"post_tag","embeddable":true,"href":"https:\/\/www.article-marketing.eu\/comunicatistampa\/wp-json\/wp\/v2\/tags?post=3309"}],"curies":[{"name":"wp","href":"https:\/\/api.w.org\/{rel}","templated":true}]}}