{"id":3367,"date":"2017-06-15T16:36:41","date_gmt":"2017-06-15T14:36:41","guid":{"rendered":"http:\/\/www.article-marketing.eu\/comunicatistampa\/?p=3367"},"modified":"2017-06-15T16:36:41","modified_gmt":"2017-06-15T14:36:41","slug":"grande-debutto-in-borsa-per-avio-carlo-pagliani","status":"publish","type":"post","link":"https:\/\/www.article-marketing.eu\/comunicatistampa\/grande-debutto-in-borsa-per-avio-carlo-pagliani\/","title":{"rendered":"Grande debutto in borsa per Avio &#8211; Carlo Pagliani"},"content":{"rendered":"<p>Debutto a razzo per Avio allo Star. Dopo la fusione con la Spac Space2 il gruppo aerospaziale chiude a 13,4 euro, +6,6%. L\u2019ad Ranzo: &#8220;in 44 manager abbiamo investito 9 milioni di euro, \u00e8 una garanzia dell\u2019impegno che ci metteremo per far crescere il gruppo, che ora ha in cassa 66 milioni per finanziare lo sviluppo&#8221;. \u00c8 stato un debutto con il botto quello di ieri del titolo Avio sullo Star nel primo giorno di quotazione del gruppo aerospaziale guidato dal ceo Giulio Ranzo dopo la fusione inversa con Space2. La Spac \u00e8 stata promossa tramite Space Holding da Sergio Erede, Roberto Italia (nominato presidente di Avio), Gianni Mion, <a href=\"http:\/\/www.carlopagliani.com\/uncategorized\/debutto-razzo-avio-allo-star\/\">Carlo Pagliani<\/a> e Edoardo Subert. Il gruppo aerospaziale Avio ha infatti chiuso le contrattazioni della prima giornata di borsa a 13,4\u20ac. L&#8217;ad Rano esprime grande soddisfazione evidenziando come anche il management abbia investto molto per far crescere il gruppo. Avio \u00e8 una azienda leader nel campo della propulsione spaziale che affonda le sue radici nella storica BPD \u2013 Difesa e Spazio di Colleferro (Roma). L\u2019esperienza e il know-how acquisiti nel corso degli oltre 100 anni di attivit\u00e0 consentono ad Avio oggi di primeggiare nel campo della propulsione spaziale a solido, a liquido e criogenica. Avio oggi ha un ruolo strategico nel settore spaziale\u00a0a livello mondiale nell\u2019ambito del programma Ariane 5,\u00a0il pi\u00f9 grande lanciatore satellitare europeo. Dal 2000, attraverso la societ\u00e0 partecipata ELV (Avio 70%, Agenzia Spaziale Italiana 30%), Avio \u00e8 capocommessa e sistemista di riferimento del vettore europeo Vega, un lanciatore leggero per satelliti fino a 1.500kg che ha effettuato con successo il lancio di qualifica nel febbario 2012 e il primo lancio commerciale nel maggio 2013. \u00c8 la prima volta al mondo che un produttore di lanciatori spaziali si quota in Borsa. Avio\u00a0 \u00e8 una public company tecnologica, con oltre 100 anni di storia. Soddisfazione anche da parte di Mauro Moretti, ad di Leonardo, \u00a0che ha raddoppiato la sua storica presenza in Avio (dal 14% al 28%).<\/p>\n","protected":false},"excerpt":{"rendered":"<p>Debutto a razzo per Avio allo Star. Dopo la fusione con la Spac Space2 il gruppo aerospaziale chiude a 13,4 euro, +6,6%. L\u2019ad Ranzo: &#8220;in 44 manager abbiamo investito 9 milioni di euro, \u00e8 una garanzia dell\u2019impegno che ci metteremo per far crescere il gruppo, che ora ha in cassa 66 milioni per finanziare lo sviluppo&#8221;. \u00c8 stato un debutto con il botto quello di ieri del titolo Avio sullo<\/p>\n<p><a class=\"continue-reading\" href=\"https:\/\/www.article-marketing.eu\/comunicatistampa\/grande-debutto-in-borsa-per-avio-carlo-pagliani\/\">Continue reading&#8230;<\/a><\/p>\n","protected":false},"author":226,"featured_media":0,"comment_status":"open","ping_status":"open","sticky":false,"template":"","format":"standard","meta":{"_monsterinsights_skip_tracking":false,"_monsterinsights_sitenote_active":false,"_monsterinsights_sitenote_note":"","_monsterinsights_sitenote_category":0,"footnotes":""},"categories":[386],"tags":[1822,1823],"class_list":["post-3367","post","type-post","status-publish","format-standard","hentry","category-economia-e-lavoro","tag-carlo-pagliani","tag-pagliani"],"yoast_head":"<!-- This site is optimized with the Yoast SEO plugin v27.3 - https:\/\/yoast.com\/product\/yoast-seo-wordpress\/ -->\n<title>Grande debutto in borsa per Avio - Carlo Pagliani - Article Marketing<\/title>\n<meta name=\"robots\" content=\"index, follow, max-snippet:-1, max-image-preview:large, max-video-preview:-1\" \/>\n<link rel=\"canonical\" href=\"https:\/\/www.article-marketing.eu\/comunicatistampa\/grande-debutto-in-borsa-per-avio-carlo-pagliani\/\" \/>\n<meta property=\"og:locale\" content=\"it_IT\" \/>\n<meta property=\"og:type\" content=\"article\" \/>\n<meta property=\"og:title\" content=\"Grande debutto in borsa per Avio - Carlo Pagliani - Article Marketing\" \/>\n<meta property=\"og:description\" content=\"Debutto a razzo per Avio allo Star. Dopo la fusione con la Spac Space2 il gruppo aerospaziale chiude a 13,4 euro, +6,6%. L\u2019ad Ranzo: &#8220;in 44 manager abbiamo investito 9 milioni di euro, \u00e8 una garanzia dell\u2019impegno che ci metteremo per far crescere il gruppo, che ora ha in cassa 66 milioni per finanziare lo sviluppo&#8221;. \u00c8 stato un debutto con il botto quello di ieri del titolo Avio sulloContinue reading...\" \/>\n<meta property=\"og:url\" content=\"https:\/\/www.article-marketing.eu\/comunicatistampa\/grande-debutto-in-borsa-per-avio-carlo-pagliani\/\" \/>\n<meta property=\"og:site_name\" content=\"Article Marketing\" \/>\n<meta property=\"article:published_time\" content=\"2017-06-15T14:36:41+00:00\" \/>\n<meta name=\"author\" content=\"Moni Rizza\" \/>\n<meta name=\"twitter:card\" content=\"summary_large_image\" \/>\n<meta name=\"twitter:label1\" content=\"Scritto da\" \/>\n\t<meta name=\"twitter:data1\" content=\"Moni Rizza\" \/>\n\t<meta name=\"twitter:label2\" content=\"Tempo di lettura stimato\" \/>\n\t<meta name=\"twitter:data2\" content=\"2 minuti\" \/>\n<script type=\"application\/ld+json\" class=\"yoast-schema-graph\">{\"@context\":\"https:\\\/\\\/schema.org\",\"@graph\":[{\"@type\":\"Article\",\"@id\":\"https:\\\/\\\/www.article-marketing.eu\\\/comunicatistampa\\\/grande-debutto-in-borsa-per-avio-carlo-pagliani\\\/#article\",\"isPartOf\":{\"@id\":\"https:\\\/\\\/www.article-marketing.eu\\\/comunicatistampa\\\/grande-debutto-in-borsa-per-avio-carlo-pagliani\\\/\"},\"author\":{\"name\":\"Moni Rizza\",\"@id\":\"https:\\\/\\\/www.article-marketing.eu\\\/comunicatistampa\\\/#\\\/schema\\\/person\\\/715bb8a033ed0623928561550396b8f7\"},\"headline\":\"Grande debutto in borsa per Avio &#8211; Carlo Pagliani\",\"datePublished\":\"2017-06-15T14:36:41+00:00\",\"mainEntityOfPage\":{\"@id\":\"https:\\\/\\\/www.article-marketing.eu\\\/comunicatistampa\\\/grande-debutto-in-borsa-per-avio-carlo-pagliani\\\/\"},\"wordCount\":318,\"commentCount\":0,\"keywords\":[\"carlo pagliani\",\"pagliani\"],\"articleSection\":[\"Economia e lavoro\"],\"inLanguage\":\"it-IT\",\"potentialAction\":[{\"@type\":\"CommentAction\",\"name\":\"Comment\",\"target\":[\"https:\\\/\\\/www.article-marketing.eu\\\/comunicatistampa\\\/grande-debutto-in-borsa-per-avio-carlo-pagliani\\\/#respond\"]}]},{\"@type\":\"WebPage\",\"@id\":\"https:\\\/\\\/www.article-marketing.eu\\\/comunicatistampa\\\/grande-debutto-in-borsa-per-avio-carlo-pagliani\\\/\",\"url\":\"https:\\\/\\\/www.article-marketing.eu\\\/comunicatistampa\\\/grande-debutto-in-borsa-per-avio-carlo-pagliani\\\/\",\"name\":\"Grande debutto in borsa per Avio - Carlo Pagliani - Article Marketing\",\"isPartOf\":{\"@id\":\"https:\\\/\\\/www.article-marketing.eu\\\/comunicatistampa\\\/#website\"},\"datePublished\":\"2017-06-15T14:36:41+00:00\",\"author\":{\"@id\":\"https:\\\/\\\/www.article-marketing.eu\\\/comunicatistampa\\\/#\\\/schema\\\/person\\\/715bb8a033ed0623928561550396b8f7\"},\"breadcrumb\":{\"@id\":\"https:\\\/\\\/www.article-marketing.eu\\\/comunicatistampa\\\/grande-debutto-in-borsa-per-avio-carlo-pagliani\\\/#breadcrumb\"},\"inLanguage\":\"it-IT\",\"potentialAction\":[{\"@type\":\"ReadAction\",\"target\":[\"https:\\\/\\\/www.article-marketing.eu\\\/comunicatistampa\\\/grande-debutto-in-borsa-per-avio-carlo-pagliani\\\/\"]}]},{\"@type\":\"BreadcrumbList\",\"@id\":\"https:\\\/\\\/www.article-marketing.eu\\\/comunicatistampa\\\/grande-debutto-in-borsa-per-avio-carlo-pagliani\\\/#breadcrumb\",\"itemListElement\":[{\"@type\":\"ListItem\",\"position\":1,\"name\":\"Home\",\"item\":\"https:\\\/\\\/www.article-marketing.eu\\\/comunicatistampa\\\/\"},{\"@type\":\"ListItem\",\"position\":2,\"name\":\"Grande debutto in borsa per Avio &#8211; Carlo Pagliani\"}]},{\"@type\":\"WebSite\",\"@id\":\"https:\\\/\\\/www.article-marketing.eu\\\/comunicatistampa\\\/#website\",\"url\":\"https:\\\/\\\/www.article-marketing.eu\\\/comunicatistampa\\\/\",\"name\":\"Article Marketing\",\"description\":\"article marketing &amp; press release\",\"potentialAction\":[{\"@type\":\"SearchAction\",\"target\":{\"@type\":\"EntryPoint\",\"urlTemplate\":\"https:\\\/\\\/www.article-marketing.eu\\\/comunicatistampa\\\/?s={search_term_string}\"},\"query-input\":{\"@type\":\"PropertyValueSpecification\",\"valueRequired\":true,\"valueName\":\"search_term_string\"}}],\"inLanguage\":\"it-IT\"},{\"@type\":\"Person\",\"@id\":\"https:\\\/\\\/www.article-marketing.eu\\\/comunicatistampa\\\/#\\\/schema\\\/person\\\/715bb8a033ed0623928561550396b8f7\",\"name\":\"Moni Rizza\",\"image\":{\"@type\":\"ImageObject\",\"inLanguage\":\"it-IT\",\"@id\":\"https:\\\/\\\/secure.gravatar.com\\\/avatar\\\/80aac995bc5dfa8d4c1c78a62678a69fadea7ba9d6f39def803c65d069593291?s=96&d=mm&r=g\",\"url\":\"https:\\\/\\\/secure.gravatar.com\\\/avatar\\\/80aac995bc5dfa8d4c1c78a62678a69fadea7ba9d6f39def803c65d069593291?s=96&d=mm&r=g\",\"contentUrl\":\"https:\\\/\\\/secure.gravatar.com\\\/avatar\\\/80aac995bc5dfa8d4c1c78a62678a69fadea7ba9d6f39def803c65d069593291?s=96&d=mm&r=g\",\"caption\":\"Moni Rizza\"},\"url\":\"https:\\\/\\\/www.article-marketing.eu\\\/comunicatistampa\\\/author\\\/moni-rizza\\\/\"}]}<\/script>\n<!-- \/ Yoast SEO plugin. -->","yoast_head_json":{"title":"Grande debutto in borsa per Avio - Carlo Pagliani - Article Marketing","robots":{"index":"index","follow":"follow","max-snippet":"max-snippet:-1","max-image-preview":"max-image-preview:large","max-video-preview":"max-video-preview:-1"},"canonical":"https:\/\/www.article-marketing.eu\/comunicatistampa\/grande-debutto-in-borsa-per-avio-carlo-pagliani\/","og_locale":"it_IT","og_type":"article","og_title":"Grande debutto in borsa per Avio - Carlo Pagliani - Article Marketing","og_description":"Debutto a razzo per Avio allo Star. Dopo la fusione con la Spac Space2 il gruppo aerospaziale chiude a 13,4 euro, +6,6%. L\u2019ad Ranzo: &#8220;in 44 manager abbiamo investito 9 milioni di euro, \u00e8 una garanzia dell\u2019impegno che ci metteremo per far crescere il gruppo, che ora ha in cassa 66 milioni per finanziare lo sviluppo&#8221;. \u00c8 stato un debutto con il botto quello di ieri del titolo Avio sulloContinue reading...","og_url":"https:\/\/www.article-marketing.eu\/comunicatistampa\/grande-debutto-in-borsa-per-avio-carlo-pagliani\/","og_site_name":"Article Marketing","article_published_time":"2017-06-15T14:36:41+00:00","author":"Moni Rizza","twitter_card":"summary_large_image","twitter_misc":{"Scritto da":"Moni Rizza","Tempo di lettura stimato":"2 minuti"},"schema":{"@context":"https:\/\/schema.org","@graph":[{"@type":"Article","@id":"https:\/\/www.article-marketing.eu\/comunicatistampa\/grande-debutto-in-borsa-per-avio-carlo-pagliani\/#article","isPartOf":{"@id":"https:\/\/www.article-marketing.eu\/comunicatistampa\/grande-debutto-in-borsa-per-avio-carlo-pagliani\/"},"author":{"name":"Moni Rizza","@id":"https:\/\/www.article-marketing.eu\/comunicatistampa\/#\/schema\/person\/715bb8a033ed0623928561550396b8f7"},"headline":"Grande debutto in borsa per Avio &#8211; Carlo Pagliani","datePublished":"2017-06-15T14:36:41+00:00","mainEntityOfPage":{"@id":"https:\/\/www.article-marketing.eu\/comunicatistampa\/grande-debutto-in-borsa-per-avio-carlo-pagliani\/"},"wordCount":318,"commentCount":0,"keywords":["carlo pagliani","pagliani"],"articleSection":["Economia e lavoro"],"inLanguage":"it-IT","potentialAction":[{"@type":"CommentAction","name":"Comment","target":["https:\/\/www.article-marketing.eu\/comunicatistampa\/grande-debutto-in-borsa-per-avio-carlo-pagliani\/#respond"]}]},{"@type":"WebPage","@id":"https:\/\/www.article-marketing.eu\/comunicatistampa\/grande-debutto-in-borsa-per-avio-carlo-pagliani\/","url":"https:\/\/www.article-marketing.eu\/comunicatistampa\/grande-debutto-in-borsa-per-avio-carlo-pagliani\/","name":"Grande debutto in borsa per Avio - Carlo Pagliani - Article Marketing","isPartOf":{"@id":"https:\/\/www.article-marketing.eu\/comunicatistampa\/#website"},"datePublished":"2017-06-15T14:36:41+00:00","author":{"@id":"https:\/\/www.article-marketing.eu\/comunicatistampa\/#\/schema\/person\/715bb8a033ed0623928561550396b8f7"},"breadcrumb":{"@id":"https:\/\/www.article-marketing.eu\/comunicatistampa\/grande-debutto-in-borsa-per-avio-carlo-pagliani\/#breadcrumb"},"inLanguage":"it-IT","potentialAction":[{"@type":"ReadAction","target":["https:\/\/www.article-marketing.eu\/comunicatistampa\/grande-debutto-in-borsa-per-avio-carlo-pagliani\/"]}]},{"@type":"BreadcrumbList","@id":"https:\/\/www.article-marketing.eu\/comunicatistampa\/grande-debutto-in-borsa-per-avio-carlo-pagliani\/#breadcrumb","itemListElement":[{"@type":"ListItem","position":1,"name":"Home","item":"https:\/\/www.article-marketing.eu\/comunicatistampa\/"},{"@type":"ListItem","position":2,"name":"Grande debutto in borsa per Avio &#8211; Carlo Pagliani"}]},{"@type":"WebSite","@id":"https:\/\/www.article-marketing.eu\/comunicatistampa\/#website","url":"https:\/\/www.article-marketing.eu\/comunicatistampa\/","name":"Article Marketing","description":"article marketing &amp; press release","potentialAction":[{"@type":"SearchAction","target":{"@type":"EntryPoint","urlTemplate":"https:\/\/www.article-marketing.eu\/comunicatistampa\/?s={search_term_string}"},"query-input":{"@type":"PropertyValueSpecification","valueRequired":true,"valueName":"search_term_string"}}],"inLanguage":"it-IT"},{"@type":"Person","@id":"https:\/\/www.article-marketing.eu\/comunicatistampa\/#\/schema\/person\/715bb8a033ed0623928561550396b8f7","name":"Moni Rizza","image":{"@type":"ImageObject","inLanguage":"it-IT","@id":"https:\/\/secure.gravatar.com\/avatar\/80aac995bc5dfa8d4c1c78a62678a69fadea7ba9d6f39def803c65d069593291?s=96&d=mm&r=g","url":"https:\/\/secure.gravatar.com\/avatar\/80aac995bc5dfa8d4c1c78a62678a69fadea7ba9d6f39def803c65d069593291?s=96&d=mm&r=g","contentUrl":"https:\/\/secure.gravatar.com\/avatar\/80aac995bc5dfa8d4c1c78a62678a69fadea7ba9d6f39def803c65d069593291?s=96&d=mm&r=g","caption":"Moni Rizza"},"url":"https:\/\/www.article-marketing.eu\/comunicatistampa\/author\/moni-rizza\/"}]}},"_links":{"self":[{"href":"https:\/\/www.article-marketing.eu\/comunicatistampa\/wp-json\/wp\/v2\/posts\/3367","targetHints":{"allow":["GET"]}}],"collection":[{"href":"https:\/\/www.article-marketing.eu\/comunicatistampa\/wp-json\/wp\/v2\/posts"}],"about":[{"href":"https:\/\/www.article-marketing.eu\/comunicatistampa\/wp-json\/wp\/v2\/types\/post"}],"author":[{"embeddable":true,"href":"https:\/\/www.article-marketing.eu\/comunicatistampa\/wp-json\/wp\/v2\/users\/226"}],"replies":[{"embeddable":true,"href":"https:\/\/www.article-marketing.eu\/comunicatistampa\/wp-json\/wp\/v2\/comments?post=3367"}],"version-history":[{"count":6,"href":"https:\/\/www.article-marketing.eu\/comunicatistampa\/wp-json\/wp\/v2\/posts\/3367\/revisions"}],"predecessor-version":[{"id":3388,"href":"https:\/\/www.article-marketing.eu\/comunicatistampa\/wp-json\/wp\/v2\/posts\/3367\/revisions\/3388"}],"wp:attachment":[{"href":"https:\/\/www.article-marketing.eu\/comunicatistampa\/wp-json\/wp\/v2\/media?parent=3367"}],"wp:term":[{"taxonomy":"category","embeddable":true,"href":"https:\/\/www.article-marketing.eu\/comunicatistampa\/wp-json\/wp\/v2\/categories?post=3367"},{"taxonomy":"post_tag","embeddable":true,"href":"https:\/\/www.article-marketing.eu\/comunicatistampa\/wp-json\/wp\/v2\/tags?post=3367"}],"curies":[{"name":"wp","href":"https:\/\/api.w.org\/{rel}","templated":true}]}}