{"id":3432,"date":"2017-06-16T18:25:38","date_gmt":"2017-06-16T16:25:38","guid":{"rendered":"http:\/\/www.article-marketing.eu\/comunicatistampa\/?p=3432"},"modified":"2020-08-10T01:48:06","modified_gmt":"2020-08-09T23:48:06","slug":"parte-la-pre-produzione-del-film-di-gianfranco-nullo-voglio-essere-una-star","status":"publish","type":"post","link":"https:\/\/www.article-marketing.eu\/comunicatistampa\/parte-la-pre-produzione-del-film-di-gianfranco-nullo-voglio-essere-una-star\/","title":{"rendered":"PARTE LA PRE-PRODUZIONE DEL FILM  DI GIANFRANCO NULLO: \u201cVOGLIO ESSERE UNA STAR\u201d"},"content":{"rendered":"<p><a href=\"http:\/\/www.bluwom-milano.com\/wp-content\/uploads\/2017\/06\/logo-colore-1.jpg\" rel=\"attachment wp-att-1842\"><img loading=\"lazy\" decoding=\"async\" class=\"aligncenter wp-image-1842\" src=\"http:\/\/www.bluwom-milano.com\/wp-content\/uploads\/2017\/06\/logo-colore-1.jpg\" alt=\"logo colore\" width=\"382\" height=\"189\" \/><\/a><\/p>\n<p>In questi giorni a Milano parte la pre-produzione di \u201c<strong>Voglio essere una star<\/strong>\u201d,regia di Gianfranco Nullo, comedy movie musicale di respiro internazionale.<br \/>\nIl film ha come obbiettivo quello di diventare un punto di riferimento nel mondo della <strong>danza latino-americana<\/strong>.<\/p>\n<p>\u201c<strong>Voglio essere una star<\/strong>\u201d racconta la storia di \u201c<strong>Gloria<\/strong>\u201d , una giovane ragazza che coltiva un sogno, quello di diventare famosa ed imporsi nel mondo della danza latino-americana come la pi\u00f9 grande ballerina ed arrivare a ballare con il numero uno al mondo, Ram\u00f2n Ruiz.<\/p>\n<p><a href=\"http:\/\/www.bluwom-milano.com\/wp-content\/uploads\/2017\/06\/Schermata-2017-06-15-alle-16.42.55.png\" rel=\"attachment wp-att-1864\"><img loading=\"lazy\" decoding=\"async\" class=\" wp-image-1864 alignright\" src=\"http:\/\/www.bluwom-milano.com\/wp-content\/uploads\/2017\/06\/Schermata-2017-06-15-alle-16.42.55.png\" alt=\"Schermata 2017-06-15 alle 16.42.55\" width=\"175\" height=\"258\" \/><\/a>\u201cQual \u00e8 il confine tra sogno e realt\u00e0? \u2013 <em>commenta il regista, <strong>Gianfranco Nullo<\/strong><\/em> \u2013 A volte \u00e8 solo una parete tanto sottile da far sembrare reale un sogno o viceversa. Quando ci\u00f2 avviene non si pu\u00f2 parlare di confine, ma di collante, quello che unisce la fantasia del sogno con la verit\u00e0 della relat\u00e0.<br \/>\nEd \u00e8 ci\u00f2 che accede in <strong>VOGLIO ESSERE UNA STAR<\/strong> in cui sogno e realt\u00e0 si uniscono, si confondono e si sfumano, alimentati da una grande passione, quella vissuta con naturalezza, a volte incosciente, di chi con tutte le forze cerca i mezzi per non uccidere le proprie emozioni.<br \/>\n<strong>VOGLIO ESSERE UNA STAR<\/strong>, narra la storia di Gloria, una ragazza che nutre a passione per la musica e per il ballo latino-americano. La danza le fa apprezzare il senso di coppia e come tutte le storie d\u2019amore, anche questa \u00e8 contraddistinta da forti sentimenti, che vanno dalla gelosia all\u2019amicizia.<br \/>\nLa danza latino-americana viene interpretata in chiave fantasiosa, vivace e brillante, capace di esprimersi con linguaggi diversi, \u00e8 il filo conduttore che tiene unita la storia\u201d<\/p>\n<p>Le<strong> location<\/strong> selezionate per le riprese del film sono l\u2019<strong>Italia<\/strong> ( Milano-Puglia) ed il <strong>Sud della Spagna<\/strong>.<br \/>\n<strong>L&#8217;uscita nelle sale in Italia \u00e8 prevista a<\/strong> febbraio 2018.<br \/>\nLa <strong>distribuzione<\/strong> del film \u00e8 SIM con schermi UCI e The Space ed \u00e8 prevista anche la distribuzione all&#8217;estero.<\/p>\n<p>&nbsp;<\/p>\n<p>&nbsp;<\/p>\n<p>&nbsp;<\/p>\n<p>Per ulteriori informazioni:<\/p>\n<p>Digital PR a cura di Blu Wom Milano<br \/>\n<a href=\"http:\/\/www.bluwom-milano.com\/\">www.bluwom-milano.com<\/a><br \/>\np.fabretti@bluwom-milano.com<\/p>\n","protected":false},"excerpt":{"rendered":"<p>In questi giorni a Milano parte la pre-produzione di \u201cVoglio essere una star\u201d,regia di Gianfranco Nullo, comedy movie musicale di respiro internazionale. Il film ha come obbiettivo quello di diventare un punto di riferimento nel mondo della danza latino-americana. \u201cVoglio essere una star\u201d racconta la storia di \u201cGloria\u201d , una giovane ragazza che coltiva un sogno, quello di diventare famosa ed imporsi nel mondo della danza latino-americana come la pi\u00f9<\/p>\n<p><a class=\"continue-reading\" href=\"https:\/\/www.article-marketing.eu\/comunicatistampa\/parte-la-pre-produzione-del-film-di-gianfranco-nullo-voglio-essere-una-star\/\">Continue reading&#8230;<\/a><\/p>\n","protected":false},"author":12,"featured_media":0,"comment_status":"open","ping_status":"open","sticky":false,"template":"","format":"standard","meta":{"_monsterinsights_skip_tracking":false,"_monsterinsights_sitenote_active":false,"_monsterinsights_sitenote_note":"","_monsterinsights_sitenote_category":0,"footnotes":""},"categories":[408],"tags":[1844],"class_list":["post-3432","post","type-post","status-publish","format-standard","hentry","category-cinema","tag-filmvoglioessereunastarcomedymoviemusicaleregiagianfranconullopreproduzionedanzalatinoamericana"],"yoast_head":"<!-- This site is optimized with the Yoast SEO plugin v27.3 - https:\/\/yoast.com\/product\/yoast-seo-wordpress\/ -->\n<title>PARTE LA PRE-PRODUZIONE DEL FILM DI GIANFRANCO NULLO: \u201cVOGLIO ESSERE UNA STAR\u201d - Article Marketing<\/title>\n<meta name=\"robots\" content=\"index, follow, max-snippet:-1, max-image-preview:large, max-video-preview:-1\" \/>\n<link rel=\"canonical\" href=\"https:\/\/www.article-marketing.eu\/comunicatistampa\/parte-la-pre-produzione-del-film-di-gianfranco-nullo-voglio-essere-una-star\/\" \/>\n<meta property=\"og:locale\" content=\"it_IT\" \/>\n<meta property=\"og:type\" content=\"article\" \/>\n<meta property=\"og:title\" content=\"PARTE LA PRE-PRODUZIONE DEL FILM DI GIANFRANCO NULLO: \u201cVOGLIO ESSERE UNA STAR\u201d - Article Marketing\" \/>\n<meta property=\"og:description\" content=\"In questi giorni a Milano parte la pre-produzione di \u201cVoglio essere una star\u201d,regia di Gianfranco Nullo, comedy movie musicale di respiro internazionale. Il film ha come obbiettivo quello di diventare un punto di riferimento nel mondo della danza latino-americana. \u201cVoglio essere una star\u201d racconta la storia di \u201cGloria\u201d , una giovane ragazza che coltiva un sogno, quello di diventare famosa ed imporsi nel mondo della danza latino-americana come la pi\u00f9Continue reading...\" \/>\n<meta property=\"og:url\" content=\"https:\/\/www.article-marketing.eu\/comunicatistampa\/parte-la-pre-produzione-del-film-di-gianfranco-nullo-voglio-essere-una-star\/\" \/>\n<meta property=\"og:site_name\" content=\"Article Marketing\" \/>\n<meta property=\"article:published_time\" content=\"2017-06-16T16:25:38+00:00\" \/>\n<meta property=\"article:modified_time\" content=\"2020-08-09T23:48:06+00:00\" \/>\n<meta property=\"og:image\" content=\"http:\/\/www.bluwom-milano.com\/wp-content\/uploads\/2017\/06\/logo-colore-1.jpg\" \/>\n<meta name=\"author\" content=\"bluwommilano\" \/>\n<meta name=\"twitter:card\" content=\"summary_large_image\" \/>\n<meta name=\"twitter:label1\" content=\"Scritto da\" \/>\n\t<meta name=\"twitter:data1\" content=\"bluwommilano\" \/>\n\t<meta name=\"twitter:label2\" content=\"Tempo di lettura stimato\" \/>\n\t<meta name=\"twitter:data2\" content=\"2 minuti\" \/>\n<script type=\"application\/ld+json\" class=\"yoast-schema-graph\">{\"@context\":\"https:\\\/\\\/schema.org\",\"@graph\":[{\"@type\":\"Article\",\"@id\":\"https:\\\/\\\/www.article-marketing.eu\\\/comunicatistampa\\\/parte-la-pre-produzione-del-film-di-gianfranco-nullo-voglio-essere-una-star\\\/#article\",\"isPartOf\":{\"@id\":\"https:\\\/\\\/www.article-marketing.eu\\\/comunicatistampa\\\/parte-la-pre-produzione-del-film-di-gianfranco-nullo-voglio-essere-una-star\\\/\"},\"author\":{\"name\":\"bluwommilano\",\"@id\":\"https:\\\/\\\/www.article-marketing.eu\\\/comunicatistampa\\\/#\\\/schema\\\/person\\\/75a8cec9b0e554e822d3cf8a7d9bc185\"},\"headline\":\"PARTE LA PRE-PRODUZIONE DEL FILM DI GIANFRANCO NULLO: \u201cVOGLIO ESSERE UNA STAR\u201d\",\"datePublished\":\"2017-06-16T16:25:38+00:00\",\"dateModified\":\"2020-08-09T23:48:06+00:00\",\"mainEntityOfPage\":{\"@id\":\"https:\\\/\\\/www.article-marketing.eu\\\/comunicatistampa\\\/parte-la-pre-produzione-del-film-di-gianfranco-nullo-voglio-essere-una-star\\\/\"},\"wordCount\":335,\"commentCount\":0,\"image\":{\"@id\":\"https:\\\/\\\/www.article-marketing.eu\\\/comunicatistampa\\\/parte-la-pre-produzione-del-film-di-gianfranco-nullo-voglio-essere-una-star\\\/#primaryimage\"},\"thumbnailUrl\":\"http:\\\/\\\/www.bluwom-milano.com\\\/wp-content\\\/uploads\\\/2017\\\/06\\\/logo-colore-1.jpg\",\"keywords\":[\"#film#voglioessereunastar#comedy#movie#musicale#regia#gianfranco#nullo#preproduzione#danza#latinoamericana\"],\"articleSection\":[\"Cinema\"],\"inLanguage\":\"it-IT\",\"potentialAction\":[{\"@type\":\"CommentAction\",\"name\":\"Comment\",\"target\":[\"https:\\\/\\\/www.article-marketing.eu\\\/comunicatistampa\\\/parte-la-pre-produzione-del-film-di-gianfranco-nullo-voglio-essere-una-star\\\/#respond\"]}]},{\"@type\":\"WebPage\",\"@id\":\"https:\\\/\\\/www.article-marketing.eu\\\/comunicatistampa\\\/parte-la-pre-produzione-del-film-di-gianfranco-nullo-voglio-essere-una-star\\\/\",\"url\":\"https:\\\/\\\/www.article-marketing.eu\\\/comunicatistampa\\\/parte-la-pre-produzione-del-film-di-gianfranco-nullo-voglio-essere-una-star\\\/\",\"name\":\"PARTE LA PRE-PRODUZIONE DEL FILM DI GIANFRANCO NULLO: \u201cVOGLIO ESSERE UNA STAR\u201d - Article Marketing\",\"isPartOf\":{\"@id\":\"https:\\\/\\\/www.article-marketing.eu\\\/comunicatistampa\\\/#website\"},\"primaryImageOfPage\":{\"@id\":\"https:\\\/\\\/www.article-marketing.eu\\\/comunicatistampa\\\/parte-la-pre-produzione-del-film-di-gianfranco-nullo-voglio-essere-una-star\\\/#primaryimage\"},\"image\":{\"@id\":\"https:\\\/\\\/www.article-marketing.eu\\\/comunicatistampa\\\/parte-la-pre-produzione-del-film-di-gianfranco-nullo-voglio-essere-una-star\\\/#primaryimage\"},\"thumbnailUrl\":\"http:\\\/\\\/www.bluwom-milano.com\\\/wp-content\\\/uploads\\\/2017\\\/06\\\/logo-colore-1.jpg\",\"datePublished\":\"2017-06-16T16:25:38+00:00\",\"dateModified\":\"2020-08-09T23:48:06+00:00\",\"author\":{\"@id\":\"https:\\\/\\\/www.article-marketing.eu\\\/comunicatistampa\\\/#\\\/schema\\\/person\\\/75a8cec9b0e554e822d3cf8a7d9bc185\"},\"breadcrumb\":{\"@id\":\"https:\\\/\\\/www.article-marketing.eu\\\/comunicatistampa\\\/parte-la-pre-produzione-del-film-di-gianfranco-nullo-voglio-essere-una-star\\\/#breadcrumb\"},\"inLanguage\":\"it-IT\",\"potentialAction\":[{\"@type\":\"ReadAction\",\"target\":[\"https:\\\/\\\/www.article-marketing.eu\\\/comunicatistampa\\\/parte-la-pre-produzione-del-film-di-gianfranco-nullo-voglio-essere-una-star\\\/\"]}]},{\"@type\":\"ImageObject\",\"inLanguage\":\"it-IT\",\"@id\":\"https:\\\/\\\/www.article-marketing.eu\\\/comunicatistampa\\\/parte-la-pre-produzione-del-film-di-gianfranco-nullo-voglio-essere-una-star\\\/#primaryimage\",\"url\":\"http:\\\/\\\/www.bluwom-milano.com\\\/wp-content\\\/uploads\\\/2017\\\/06\\\/logo-colore-1.jpg\",\"contentUrl\":\"http:\\\/\\\/www.bluwom-milano.com\\\/wp-content\\\/uploads\\\/2017\\\/06\\\/logo-colore-1.jpg\"},{\"@type\":\"BreadcrumbList\",\"@id\":\"https:\\\/\\\/www.article-marketing.eu\\\/comunicatistampa\\\/parte-la-pre-produzione-del-film-di-gianfranco-nullo-voglio-essere-una-star\\\/#breadcrumb\",\"itemListElement\":[{\"@type\":\"ListItem\",\"position\":1,\"name\":\"Home\",\"item\":\"https:\\\/\\\/www.article-marketing.eu\\\/comunicatistampa\\\/\"},{\"@type\":\"ListItem\",\"position\":2,\"name\":\"PARTE LA PRE-PRODUZIONE DEL FILM DI GIANFRANCO NULLO: \u201cVOGLIO ESSERE UNA STAR\u201d\"}]},{\"@type\":\"WebSite\",\"@id\":\"https:\\\/\\\/www.article-marketing.eu\\\/comunicatistampa\\\/#website\",\"url\":\"https:\\\/\\\/www.article-marketing.eu\\\/comunicatistampa\\\/\",\"name\":\"Article Marketing\",\"description\":\"article marketing &amp; press release\",\"potentialAction\":[{\"@type\":\"SearchAction\",\"target\":{\"@type\":\"EntryPoint\",\"urlTemplate\":\"https:\\\/\\\/www.article-marketing.eu\\\/comunicatistampa\\\/?s={search_term_string}\"},\"query-input\":{\"@type\":\"PropertyValueSpecification\",\"valueRequired\":true,\"valueName\":\"search_term_string\"}}],\"inLanguage\":\"it-IT\"},{\"@type\":\"Person\",\"@id\":\"https:\\\/\\\/www.article-marketing.eu\\\/comunicatistampa\\\/#\\\/schema\\\/person\\\/75a8cec9b0e554e822d3cf8a7d9bc185\",\"name\":\"bluwommilano\",\"image\":{\"@type\":\"ImageObject\",\"inLanguage\":\"it-IT\",\"@id\":\"https:\\\/\\\/secure.gravatar.com\\\/avatar\\\/3eb7b659ca1198da18cd77dbe226dbaf573febd61155bcb87f4609bc1082e946?s=96&d=mm&r=g\",\"url\":\"https:\\\/\\\/secure.gravatar.com\\\/avatar\\\/3eb7b659ca1198da18cd77dbe226dbaf573febd61155bcb87f4609bc1082e946?s=96&d=mm&r=g\",\"contentUrl\":\"https:\\\/\\\/secure.gravatar.com\\\/avatar\\\/3eb7b659ca1198da18cd77dbe226dbaf573febd61155bcb87f4609bc1082e946?s=96&d=mm&r=g\",\"caption\":\"bluwommilano\"},\"url\":\"https:\\\/\\\/www.article-marketing.eu\\\/comunicatistampa\\\/author\\\/bluwommilano\\\/\"}]}<\/script>\n<!-- \/ Yoast SEO plugin. -->","yoast_head_json":{"title":"PARTE LA PRE-PRODUZIONE DEL FILM DI GIANFRANCO NULLO: \u201cVOGLIO ESSERE UNA STAR\u201d - Article Marketing","robots":{"index":"index","follow":"follow","max-snippet":"max-snippet:-1","max-image-preview":"max-image-preview:large","max-video-preview":"max-video-preview:-1"},"canonical":"https:\/\/www.article-marketing.eu\/comunicatistampa\/parte-la-pre-produzione-del-film-di-gianfranco-nullo-voglio-essere-una-star\/","og_locale":"it_IT","og_type":"article","og_title":"PARTE LA PRE-PRODUZIONE DEL FILM DI GIANFRANCO NULLO: \u201cVOGLIO ESSERE UNA STAR\u201d - Article Marketing","og_description":"In questi giorni a Milano parte la pre-produzione di \u201cVoglio essere una star\u201d,regia di Gianfranco Nullo, comedy movie musicale di respiro internazionale. Il film ha come obbiettivo quello di diventare un punto di riferimento nel mondo della danza latino-americana. \u201cVoglio essere una star\u201d racconta la storia di \u201cGloria\u201d , una giovane ragazza che coltiva un sogno, quello di diventare famosa ed imporsi nel mondo della danza latino-americana come la pi\u00f9Continue reading...","og_url":"https:\/\/www.article-marketing.eu\/comunicatistampa\/parte-la-pre-produzione-del-film-di-gianfranco-nullo-voglio-essere-una-star\/","og_site_name":"Article Marketing","article_published_time":"2017-06-16T16:25:38+00:00","article_modified_time":"2020-08-09T23:48:06+00:00","og_image":[{"url":"http:\/\/www.bluwom-milano.com\/wp-content\/uploads\/2017\/06\/logo-colore-1.jpg","type":"","width":"","height":""}],"author":"bluwommilano","twitter_card":"summary_large_image","twitter_misc":{"Scritto da":"bluwommilano","Tempo di lettura stimato":"2 minuti"},"schema":{"@context":"https:\/\/schema.org","@graph":[{"@type":"Article","@id":"https:\/\/www.article-marketing.eu\/comunicatistampa\/parte-la-pre-produzione-del-film-di-gianfranco-nullo-voglio-essere-una-star\/#article","isPartOf":{"@id":"https:\/\/www.article-marketing.eu\/comunicatistampa\/parte-la-pre-produzione-del-film-di-gianfranco-nullo-voglio-essere-una-star\/"},"author":{"name":"bluwommilano","@id":"https:\/\/www.article-marketing.eu\/comunicatistampa\/#\/schema\/person\/75a8cec9b0e554e822d3cf8a7d9bc185"},"headline":"PARTE LA PRE-PRODUZIONE DEL FILM DI GIANFRANCO NULLO: \u201cVOGLIO ESSERE UNA STAR\u201d","datePublished":"2017-06-16T16:25:38+00:00","dateModified":"2020-08-09T23:48:06+00:00","mainEntityOfPage":{"@id":"https:\/\/www.article-marketing.eu\/comunicatistampa\/parte-la-pre-produzione-del-film-di-gianfranco-nullo-voglio-essere-una-star\/"},"wordCount":335,"commentCount":0,"image":{"@id":"https:\/\/www.article-marketing.eu\/comunicatistampa\/parte-la-pre-produzione-del-film-di-gianfranco-nullo-voglio-essere-una-star\/#primaryimage"},"thumbnailUrl":"http:\/\/www.bluwom-milano.com\/wp-content\/uploads\/2017\/06\/logo-colore-1.jpg","keywords":["#film#voglioessereunastar#comedy#movie#musicale#regia#gianfranco#nullo#preproduzione#danza#latinoamericana"],"articleSection":["Cinema"],"inLanguage":"it-IT","potentialAction":[{"@type":"CommentAction","name":"Comment","target":["https:\/\/www.article-marketing.eu\/comunicatistampa\/parte-la-pre-produzione-del-film-di-gianfranco-nullo-voglio-essere-una-star\/#respond"]}]},{"@type":"WebPage","@id":"https:\/\/www.article-marketing.eu\/comunicatistampa\/parte-la-pre-produzione-del-film-di-gianfranco-nullo-voglio-essere-una-star\/","url":"https:\/\/www.article-marketing.eu\/comunicatistampa\/parte-la-pre-produzione-del-film-di-gianfranco-nullo-voglio-essere-una-star\/","name":"PARTE LA PRE-PRODUZIONE DEL FILM DI GIANFRANCO NULLO: \u201cVOGLIO ESSERE UNA STAR\u201d - Article Marketing","isPartOf":{"@id":"https:\/\/www.article-marketing.eu\/comunicatistampa\/#website"},"primaryImageOfPage":{"@id":"https:\/\/www.article-marketing.eu\/comunicatistampa\/parte-la-pre-produzione-del-film-di-gianfranco-nullo-voglio-essere-una-star\/#primaryimage"},"image":{"@id":"https:\/\/www.article-marketing.eu\/comunicatistampa\/parte-la-pre-produzione-del-film-di-gianfranco-nullo-voglio-essere-una-star\/#primaryimage"},"thumbnailUrl":"http:\/\/www.bluwom-milano.com\/wp-content\/uploads\/2017\/06\/logo-colore-1.jpg","datePublished":"2017-06-16T16:25:38+00:00","dateModified":"2020-08-09T23:48:06+00:00","author":{"@id":"https:\/\/www.article-marketing.eu\/comunicatistampa\/#\/schema\/person\/75a8cec9b0e554e822d3cf8a7d9bc185"},"breadcrumb":{"@id":"https:\/\/www.article-marketing.eu\/comunicatistampa\/parte-la-pre-produzione-del-film-di-gianfranco-nullo-voglio-essere-una-star\/#breadcrumb"},"inLanguage":"it-IT","potentialAction":[{"@type":"ReadAction","target":["https:\/\/www.article-marketing.eu\/comunicatistampa\/parte-la-pre-produzione-del-film-di-gianfranco-nullo-voglio-essere-una-star\/"]}]},{"@type":"ImageObject","inLanguage":"it-IT","@id":"https:\/\/www.article-marketing.eu\/comunicatistampa\/parte-la-pre-produzione-del-film-di-gianfranco-nullo-voglio-essere-una-star\/#primaryimage","url":"http:\/\/www.bluwom-milano.com\/wp-content\/uploads\/2017\/06\/logo-colore-1.jpg","contentUrl":"http:\/\/www.bluwom-milano.com\/wp-content\/uploads\/2017\/06\/logo-colore-1.jpg"},{"@type":"BreadcrumbList","@id":"https:\/\/www.article-marketing.eu\/comunicatistampa\/parte-la-pre-produzione-del-film-di-gianfranco-nullo-voglio-essere-una-star\/#breadcrumb","itemListElement":[{"@type":"ListItem","position":1,"name":"Home","item":"https:\/\/www.article-marketing.eu\/comunicatistampa\/"},{"@type":"ListItem","position":2,"name":"PARTE LA PRE-PRODUZIONE DEL FILM DI GIANFRANCO NULLO: \u201cVOGLIO ESSERE UNA STAR\u201d"}]},{"@type":"WebSite","@id":"https:\/\/www.article-marketing.eu\/comunicatistampa\/#website","url":"https:\/\/www.article-marketing.eu\/comunicatistampa\/","name":"Article Marketing","description":"article marketing &amp; press release","potentialAction":[{"@type":"SearchAction","target":{"@type":"EntryPoint","urlTemplate":"https:\/\/www.article-marketing.eu\/comunicatistampa\/?s={search_term_string}"},"query-input":{"@type":"PropertyValueSpecification","valueRequired":true,"valueName":"search_term_string"}}],"inLanguage":"it-IT"},{"@type":"Person","@id":"https:\/\/www.article-marketing.eu\/comunicatistampa\/#\/schema\/person\/75a8cec9b0e554e822d3cf8a7d9bc185","name":"bluwommilano","image":{"@type":"ImageObject","inLanguage":"it-IT","@id":"https:\/\/secure.gravatar.com\/avatar\/3eb7b659ca1198da18cd77dbe226dbaf573febd61155bcb87f4609bc1082e946?s=96&d=mm&r=g","url":"https:\/\/secure.gravatar.com\/avatar\/3eb7b659ca1198da18cd77dbe226dbaf573febd61155bcb87f4609bc1082e946?s=96&d=mm&r=g","contentUrl":"https:\/\/secure.gravatar.com\/avatar\/3eb7b659ca1198da18cd77dbe226dbaf573febd61155bcb87f4609bc1082e946?s=96&d=mm&r=g","caption":"bluwommilano"},"url":"https:\/\/www.article-marketing.eu\/comunicatistampa\/author\/bluwommilano\/"}]}},"_links":{"self":[{"href":"https:\/\/www.article-marketing.eu\/comunicatistampa\/wp-json\/wp\/v2\/posts\/3432","targetHints":{"allow":["GET"]}}],"collection":[{"href":"https:\/\/www.article-marketing.eu\/comunicatistampa\/wp-json\/wp\/v2\/posts"}],"about":[{"href":"https:\/\/www.article-marketing.eu\/comunicatistampa\/wp-json\/wp\/v2\/types\/post"}],"author":[{"embeddable":true,"href":"https:\/\/www.article-marketing.eu\/comunicatistampa\/wp-json\/wp\/v2\/users\/12"}],"replies":[{"embeddable":true,"href":"https:\/\/www.article-marketing.eu\/comunicatistampa\/wp-json\/wp\/v2\/comments?post=3432"}],"version-history":[{"count":2,"href":"https:\/\/www.article-marketing.eu\/comunicatistampa\/wp-json\/wp\/v2\/posts\/3432\/revisions"}],"predecessor-version":[{"id":3445,"href":"https:\/\/www.article-marketing.eu\/comunicatistampa\/wp-json\/wp\/v2\/posts\/3432\/revisions\/3445"}],"wp:attachment":[{"href":"https:\/\/www.article-marketing.eu\/comunicatistampa\/wp-json\/wp\/v2\/media?parent=3432"}],"wp:term":[{"taxonomy":"category","embeddable":true,"href":"https:\/\/www.article-marketing.eu\/comunicatistampa\/wp-json\/wp\/v2\/categories?post=3432"},{"taxonomy":"post_tag","embeddable":true,"href":"https:\/\/www.article-marketing.eu\/comunicatistampa\/wp-json\/wp\/v2\/tags?post=3432"}],"curies":[{"name":"wp","href":"https:\/\/api.w.org\/{rel}","templated":true}]}}