{"id":3504,"date":"2017-06-20T13:52:15","date_gmt":"2017-06-20T11:52:15","guid":{"rendered":"http:\/\/www.article-marketing.eu\/comunicatistampa\/?p=3504"},"modified":"2017-06-20T13:52:15","modified_gmt":"2017-06-20T11:52:15","slug":"per-la-fabbrica-intelligente-il-seminario-ain-lintegrazione-tra-macchine-e-sistemi","status":"publish","type":"post","link":"https:\/\/www.article-marketing.eu\/comunicatistampa\/per-la-fabbrica-intelligente-il-seminario-ain-lintegrazione-tra-macchine-e-sistemi\/","title":{"rendered":"Per la Fabbrica intelligente il seminario AIN \u201cL\u2019integrazione tra macchine e sistemi\u201d"},"content":{"rendered":"<p style=\"text-align: justify;\"><strong>Si terr\u00e0 oggi a Suno (NO) presso la Carlo Nobili Rubinetterie l\u2019incontro proposto dall\u2019AIN e Altea Federation sulle opportunit\u00e0 del piano Industria 4.0<\/strong><\/p>\n<p style=\"text-align: justify;\"><strong>Altea Federation<\/strong> e <strong>AIN &#8211;<\/strong> <strong>Associazione Industriali di Novara<\/strong>, nell\u2019ambito del ciclo \u201cVerso la Fabbrica 4.0: la manifattura e la quarta rivoluzione industriale\u201d propongono il seminario \u201cL\u2019integrazione tra macchine e sistemi\u201d. L\u2019incontro si terr\u00e0 oggi,<strong> 20 giugno 2017<\/strong> (ore 14.15), presso la sede di Suno (NO) della Carlo Nobili Rubinetterie, uno stabilimento dove la convergenza tra Business e Tecnologia \u00e8 gi\u00e0 realt\u00e0 e che presto vedr\u00e0 ulteriori interventi in ottica di interconnessione di impianti e sistemi.<\/p>\n<p style=\"text-align: justify;\">La capacit\u00e0 di dialogo tra macchine di produzione e sistemi informativi sar\u00e0 al centro dell\u2019incontro perch\u00e9 \u00e8 questo binomio che fa di una linea produttiva tradizionale, un impianto produttivo 4.0, cio\u00e8 in grado di scambiare informazioni con sistemi applicativi (sistema gestionale, sistemi di pianificazione, sistemi di progettazione e sviluppo del prodotto, ecc.), con altre macchine dello stabilimento (dialogo macchina verso macchina) o con sistemi esterni (piattaforme di clienti, fornitori, ecc.).<\/p>\n<p style=\"text-align: justify;\">Nell\u2019introduzione ai lavori <strong>Carlo Alberto Nobili<\/strong>, COO della Carlo Nobili Rubinetterie, spiegher\u00e0 come nell\u2019azienda piemontese il dialogo tra macchine e sistemi sia gi\u00e0 una realt\u00e0 e quali saranno gli sviluppi futuri. A partire da questa esperienza i consulenti di <strong>Nextea<\/strong> (Management Consulting Company di Altea Federation) Cristiano Daolio e Fabrizio Agazzone, parleranno di <strong>Business Transformation<\/strong>, cio\u00e8 del percorso da affrontare quando si voglia apportare innovazione sostenibile all\u2019interno della propria organizzazione, per farla evolvere fino alla definizione di nuovi modelli di business, e di <strong>Robochain<\/strong> un modello matematico di pianificazione integrata della value chain.<\/p>\n<p style=\"text-align: justify;\">Tra gli altri relatori, interverranno <strong>Giancarlo Adamo<\/strong> (CIO di Spig) e <strong>Michele Santoro<\/strong> (Altea UP \u2013 gruppo Altea Federation) che insieme analizzeranno le potenzialit\u00e0 del D3 Approach (Demand, Design, Deliver), un approccio che parte dal miglioramento del processo di vendita, ma che vede coinvolte tutte le funzioni aziendali attraverso la condivisione delle informazioni. Concluder\u00e0 l\u2019incontro <strong>Stefano Sodano<\/strong> (Altea UP), che spiegher\u00e0 l\u2019esperienza dell\u2019utilizzo del sistema \u201cAndon\u201d in un\u2019azienda di climatizzazione.<\/p>\n<p style=\"text-align: justify;\">Per effettuare un\u2019autodiagnosi sullo stato dell\u2019arte della propria azienda rispetto alle linee guida del Piano Nazionale 4.0 del ministro Carlo Calenda, <strong>Altea Federation <\/strong>ha inoltre realizzato l\u2019<strong>Industry 4.0 Check-Up<\/strong> che considera le strategie, l\u2019approccio verso le tecnologie e l\u2019analisi della digitalizzazione dei processi di produzione e degli impianti (<a href=\"http:\/\/industry4-0.alteafederation.it\/\">http:\/\/industry4-0.alteafederation.it\/<\/a>). Al termine dell\u2019autoanalisi si ottiene un punteggio che porta alla profilazione della propria azienda all\u2019interno di una griglia di riferimento per definirsi innovatori nel settore nel quale si opera. Inoltre \u00e8 possibile scaricare il <strong>White Paper di Devo Lab \u2013 SDA Bocconi \u2013 HIT Radar<\/strong>: uno strumento che valuta l\u2019impatto, l\u2019ecosistema e la dinamica delle soluzioni tecnologiche digitali, utile per i <strong>C-Levels<\/strong> nel processo di valutazione di piani di sviluppo strategico.<\/p>\n<p style=\"text-align: justify;\"><strong>About ALTEA FEDERATION<br \/>\n<\/strong><em>Altea Federation \u00e8 il brand sotto il quale riconosciute societ\u00e0 di consulenza aziendale collaborano in un modello federativo, un marchio che rappresenta la profonda collaborazione e complementariet\u00e0 tra le imprese federate. Un\u2019unica missione unisce le nove realt\u00e0 (e le oltre 900 persone che ne fanno parte): <strong>Innovare, convergendo business e tecnologia<\/strong>; Armonizzare persone \u2013 processi \u2013 tecnologie per accompagnare l\u2019evoluzione delle imprese. Nell\u2019agire la propria mission, Altea Federation adotta un approccio sistemico, basato su innovazione e trasformazione digitale, allo scopo di favorire nuovi modelli di business agili, sostenibili, adattabili. La capostipite Altea nasce nel 1993 come societ\u00e0 di consulenza e raccoglie oltre 20 anni di esperienza nel settore IT e in consulenza direzionale e organizzativa per ogni tipo di industria. Altea Federation supporta oltre 1.500 aziende con un\u2019offerta omni-disciplinare: dai progetti tecnologici e di revisione dell\u2019infrastruttura, all\u2019implementazione di soluzioni applicative in partnership con i vendor leader (SAP, Microsoft, Infor), fino alla digitalizzazione dei processi, definendo nuovi ambienti di lavoro e sostenendo il change management.<br \/>\n<a href=\"http:\/\/www.alteafederation.it\/\"><strong>www.alteafederation.it<\/strong><\/a><\/em><\/p>\n<p style=\"text-align: right;\"><em><br \/>\n<\/em><\/p>\n<p>&nbsp;<\/p>\n","protected":false},"excerpt":{"rendered":"<p>Si terr\u00e0 oggi a Suno (NO) presso la Carlo Nobili Rubinetterie l\u2019incontro proposto dall\u2019AIN e Altea Federation sulle opportunit\u00e0 del piano Industria 4.0 Altea Federation e AIN &#8211; Associazione Industriali di Novara, nell\u2019ambito del ciclo \u201cVerso la Fabbrica 4.0: la manifattura e la quarta rivoluzione industriale\u201d propongono il seminario \u201cL\u2019integrazione tra macchine e sistemi\u201d. L\u2019incontro si terr\u00e0 oggi, 20 giugno 2017 (ore 14.15), presso la sede di Suno (NO) della<\/p>\n<p><a class=\"continue-reading\" href=\"https:\/\/www.article-marketing.eu\/comunicatistampa\/per-la-fabbrica-intelligente-il-seminario-ain-lintegrazione-tra-macchine-e-sistemi\/\">Continue reading&#8230;<\/a><\/p>\n","protected":false},"author":83,"featured_media":0,"comment_status":"open","ping_status":"open","sticky":false,"template":"","format":"standard","meta":{"_monsterinsights_skip_tracking":false,"_monsterinsights_sitenote_active":false,"_monsterinsights_sitenote_note":"","_monsterinsights_sitenote_category":0,"footnotes":""},"categories":[78],"tags":[],"class_list":["post-3504","post","type-post","status-publish","format-standard","hentry","category-comunicati-stampa"],"yoast_head":"<!-- This site is optimized with the Yoast SEO plugin v27.3 - https:\/\/yoast.com\/product\/yoast-seo-wordpress\/ -->\n<title>Per la Fabbrica intelligente il seminario AIN \u201cL\u2019integrazione tra macchine e sistemi\u201d - Article Marketing<\/title>\n<meta name=\"robots\" content=\"index, follow, max-snippet:-1, max-image-preview:large, max-video-preview:-1\" \/>\n<link rel=\"canonical\" href=\"https:\/\/www.article-marketing.eu\/comunicatistampa\/per-la-fabbrica-intelligente-il-seminario-ain-lintegrazione-tra-macchine-e-sistemi\/\" \/>\n<meta property=\"og:locale\" content=\"it_IT\" \/>\n<meta property=\"og:type\" content=\"article\" \/>\n<meta property=\"og:title\" content=\"Per la Fabbrica intelligente il seminario AIN \u201cL\u2019integrazione tra macchine e sistemi\u201d - Article Marketing\" \/>\n<meta property=\"og:description\" content=\"Si terr\u00e0 oggi a Suno (NO) presso la Carlo Nobili Rubinetterie l\u2019incontro proposto dall\u2019AIN e Altea Federation sulle opportunit\u00e0 del piano Industria 4.0 Altea Federation e AIN &#8211; Associazione Industriali di Novara, nell\u2019ambito del ciclo \u201cVerso la Fabbrica 4.0: la manifattura e la quarta rivoluzione industriale\u201d propongono il seminario \u201cL\u2019integrazione tra macchine e sistemi\u201d. L\u2019incontro si terr\u00e0 oggi, 20 giugno 2017 (ore 14.15), presso la sede di Suno (NO) dellaContinue reading...\" \/>\n<meta property=\"og:url\" content=\"https:\/\/www.article-marketing.eu\/comunicatistampa\/per-la-fabbrica-intelligente-il-seminario-ain-lintegrazione-tra-macchine-e-sistemi\/\" \/>\n<meta property=\"og:site_name\" content=\"Article Marketing\" \/>\n<meta property=\"article:published_time\" content=\"2017-06-20T11:52:15+00:00\" \/>\n<meta name=\"author\" content=\"alteanet\" \/>\n<meta name=\"twitter:card\" content=\"summary_large_image\" \/>\n<meta name=\"twitter:label1\" content=\"Scritto da\" \/>\n\t<meta name=\"twitter:data1\" content=\"alteanet\" \/>\n\t<meta name=\"twitter:label2\" content=\"Tempo di lettura stimato\" \/>\n\t<meta name=\"twitter:data2\" content=\"3 minuti\" \/>\n<script type=\"application\/ld+json\" class=\"yoast-schema-graph\">{\"@context\":\"https:\\\/\\\/schema.org\",\"@graph\":[{\"@type\":\"Article\",\"@id\":\"https:\\\/\\\/www.article-marketing.eu\\\/comunicatistampa\\\/per-la-fabbrica-intelligente-il-seminario-ain-lintegrazione-tra-macchine-e-sistemi\\\/#article\",\"isPartOf\":{\"@id\":\"https:\\\/\\\/www.article-marketing.eu\\\/comunicatistampa\\\/per-la-fabbrica-intelligente-il-seminario-ain-lintegrazione-tra-macchine-e-sistemi\\\/\"},\"author\":{\"name\":\"alteanet\",\"@id\":\"https:\\\/\\\/www.article-marketing.eu\\\/comunicatistampa\\\/#\\\/schema\\\/person\\\/184442e7102c3a07c69663a47756935d\"},\"headline\":\"Per la Fabbrica intelligente il seminario AIN \u201cL\u2019integrazione tra macchine e sistemi\u201d\",\"datePublished\":\"2017-06-20T11:52:15+00:00\",\"mainEntityOfPage\":{\"@id\":\"https:\\\/\\\/www.article-marketing.eu\\\/comunicatistampa\\\/per-la-fabbrica-intelligente-il-seminario-ain-lintegrazione-tra-macchine-e-sistemi\\\/\"},\"wordCount\":647,\"commentCount\":0,\"articleSection\":[\"Comunicati stampa\"],\"inLanguage\":\"it-IT\",\"potentialAction\":[{\"@type\":\"CommentAction\",\"name\":\"Comment\",\"target\":[\"https:\\\/\\\/www.article-marketing.eu\\\/comunicatistampa\\\/per-la-fabbrica-intelligente-il-seminario-ain-lintegrazione-tra-macchine-e-sistemi\\\/#respond\"]}]},{\"@type\":\"WebPage\",\"@id\":\"https:\\\/\\\/www.article-marketing.eu\\\/comunicatistampa\\\/per-la-fabbrica-intelligente-il-seminario-ain-lintegrazione-tra-macchine-e-sistemi\\\/\",\"url\":\"https:\\\/\\\/www.article-marketing.eu\\\/comunicatistampa\\\/per-la-fabbrica-intelligente-il-seminario-ain-lintegrazione-tra-macchine-e-sistemi\\\/\",\"name\":\"Per la Fabbrica intelligente il seminario AIN \u201cL\u2019integrazione tra macchine e sistemi\u201d - Article Marketing\",\"isPartOf\":{\"@id\":\"https:\\\/\\\/www.article-marketing.eu\\\/comunicatistampa\\\/#website\"},\"datePublished\":\"2017-06-20T11:52:15+00:00\",\"author\":{\"@id\":\"https:\\\/\\\/www.article-marketing.eu\\\/comunicatistampa\\\/#\\\/schema\\\/person\\\/184442e7102c3a07c69663a47756935d\"},\"breadcrumb\":{\"@id\":\"https:\\\/\\\/www.article-marketing.eu\\\/comunicatistampa\\\/per-la-fabbrica-intelligente-il-seminario-ain-lintegrazione-tra-macchine-e-sistemi\\\/#breadcrumb\"},\"inLanguage\":\"it-IT\",\"potentialAction\":[{\"@type\":\"ReadAction\",\"target\":[\"https:\\\/\\\/www.article-marketing.eu\\\/comunicatistampa\\\/per-la-fabbrica-intelligente-il-seminario-ain-lintegrazione-tra-macchine-e-sistemi\\\/\"]}]},{\"@type\":\"BreadcrumbList\",\"@id\":\"https:\\\/\\\/www.article-marketing.eu\\\/comunicatistampa\\\/per-la-fabbrica-intelligente-il-seminario-ain-lintegrazione-tra-macchine-e-sistemi\\\/#breadcrumb\",\"itemListElement\":[{\"@type\":\"ListItem\",\"position\":1,\"name\":\"Home\",\"item\":\"https:\\\/\\\/www.article-marketing.eu\\\/comunicatistampa\\\/\"},{\"@type\":\"ListItem\",\"position\":2,\"name\":\"Per la Fabbrica intelligente il seminario AIN \u201cL\u2019integrazione tra macchine e sistemi\u201d\"}]},{\"@type\":\"WebSite\",\"@id\":\"https:\\\/\\\/www.article-marketing.eu\\\/comunicatistampa\\\/#website\",\"url\":\"https:\\\/\\\/www.article-marketing.eu\\\/comunicatistampa\\\/\",\"name\":\"Article Marketing\",\"description\":\"article marketing &amp; press release\",\"potentialAction\":[{\"@type\":\"SearchAction\",\"target\":{\"@type\":\"EntryPoint\",\"urlTemplate\":\"https:\\\/\\\/www.article-marketing.eu\\\/comunicatistampa\\\/?s={search_term_string}\"},\"query-input\":{\"@type\":\"PropertyValueSpecification\",\"valueRequired\":true,\"valueName\":\"search_term_string\"}}],\"inLanguage\":\"it-IT\"},{\"@type\":\"Person\",\"@id\":\"https:\\\/\\\/www.article-marketing.eu\\\/comunicatistampa\\\/#\\\/schema\\\/person\\\/184442e7102c3a07c69663a47756935d\",\"name\":\"alteanet\",\"image\":{\"@type\":\"ImageObject\",\"inLanguage\":\"it-IT\",\"@id\":\"https:\\\/\\\/secure.gravatar.com\\\/avatar\\\/305212166eeac9895b855f0444021bc5d57d6828aaa6c5b87eada20eefa0838c?s=96&d=mm&r=g\",\"url\":\"https:\\\/\\\/secure.gravatar.com\\\/avatar\\\/305212166eeac9895b855f0444021bc5d57d6828aaa6c5b87eada20eefa0838c?s=96&d=mm&r=g\",\"contentUrl\":\"https:\\\/\\\/secure.gravatar.com\\\/avatar\\\/305212166eeac9895b855f0444021bc5d57d6828aaa6c5b87eada20eefa0838c?s=96&d=mm&r=g\",\"caption\":\"alteanet\"},\"url\":\"https:\\\/\\\/www.article-marketing.eu\\\/comunicatistampa\\\/author\\\/alteanet\\\/\"}]}<\/script>\n<!-- \/ Yoast SEO plugin. -->","yoast_head_json":{"title":"Per la Fabbrica intelligente il seminario AIN \u201cL\u2019integrazione tra macchine e sistemi\u201d - Article Marketing","robots":{"index":"index","follow":"follow","max-snippet":"max-snippet:-1","max-image-preview":"max-image-preview:large","max-video-preview":"max-video-preview:-1"},"canonical":"https:\/\/www.article-marketing.eu\/comunicatistampa\/per-la-fabbrica-intelligente-il-seminario-ain-lintegrazione-tra-macchine-e-sistemi\/","og_locale":"it_IT","og_type":"article","og_title":"Per la Fabbrica intelligente il seminario AIN \u201cL\u2019integrazione tra macchine e sistemi\u201d - Article Marketing","og_description":"Si terr\u00e0 oggi a Suno (NO) presso la Carlo Nobili Rubinetterie l\u2019incontro proposto dall\u2019AIN e Altea Federation sulle opportunit\u00e0 del piano Industria 4.0 Altea Federation e AIN &#8211; Associazione Industriali di Novara, nell\u2019ambito del ciclo \u201cVerso la Fabbrica 4.0: la manifattura e la quarta rivoluzione industriale\u201d propongono il seminario \u201cL\u2019integrazione tra macchine e sistemi\u201d. L\u2019incontro si terr\u00e0 oggi, 20 giugno 2017 (ore 14.15), presso la sede di Suno (NO) dellaContinue reading...","og_url":"https:\/\/www.article-marketing.eu\/comunicatistampa\/per-la-fabbrica-intelligente-il-seminario-ain-lintegrazione-tra-macchine-e-sistemi\/","og_site_name":"Article Marketing","article_published_time":"2017-06-20T11:52:15+00:00","author":"alteanet","twitter_card":"summary_large_image","twitter_misc":{"Scritto da":"alteanet","Tempo di lettura stimato":"3 minuti"},"schema":{"@context":"https:\/\/schema.org","@graph":[{"@type":"Article","@id":"https:\/\/www.article-marketing.eu\/comunicatistampa\/per-la-fabbrica-intelligente-il-seminario-ain-lintegrazione-tra-macchine-e-sistemi\/#article","isPartOf":{"@id":"https:\/\/www.article-marketing.eu\/comunicatistampa\/per-la-fabbrica-intelligente-il-seminario-ain-lintegrazione-tra-macchine-e-sistemi\/"},"author":{"name":"alteanet","@id":"https:\/\/www.article-marketing.eu\/comunicatistampa\/#\/schema\/person\/184442e7102c3a07c69663a47756935d"},"headline":"Per la Fabbrica intelligente il seminario AIN \u201cL\u2019integrazione tra macchine e sistemi\u201d","datePublished":"2017-06-20T11:52:15+00:00","mainEntityOfPage":{"@id":"https:\/\/www.article-marketing.eu\/comunicatistampa\/per-la-fabbrica-intelligente-il-seminario-ain-lintegrazione-tra-macchine-e-sistemi\/"},"wordCount":647,"commentCount":0,"articleSection":["Comunicati stampa"],"inLanguage":"it-IT","potentialAction":[{"@type":"CommentAction","name":"Comment","target":["https:\/\/www.article-marketing.eu\/comunicatistampa\/per-la-fabbrica-intelligente-il-seminario-ain-lintegrazione-tra-macchine-e-sistemi\/#respond"]}]},{"@type":"WebPage","@id":"https:\/\/www.article-marketing.eu\/comunicatistampa\/per-la-fabbrica-intelligente-il-seminario-ain-lintegrazione-tra-macchine-e-sistemi\/","url":"https:\/\/www.article-marketing.eu\/comunicatistampa\/per-la-fabbrica-intelligente-il-seminario-ain-lintegrazione-tra-macchine-e-sistemi\/","name":"Per la Fabbrica intelligente il seminario AIN \u201cL\u2019integrazione tra macchine e sistemi\u201d - Article Marketing","isPartOf":{"@id":"https:\/\/www.article-marketing.eu\/comunicatistampa\/#website"},"datePublished":"2017-06-20T11:52:15+00:00","author":{"@id":"https:\/\/www.article-marketing.eu\/comunicatistampa\/#\/schema\/person\/184442e7102c3a07c69663a47756935d"},"breadcrumb":{"@id":"https:\/\/www.article-marketing.eu\/comunicatistampa\/per-la-fabbrica-intelligente-il-seminario-ain-lintegrazione-tra-macchine-e-sistemi\/#breadcrumb"},"inLanguage":"it-IT","potentialAction":[{"@type":"ReadAction","target":["https:\/\/www.article-marketing.eu\/comunicatistampa\/per-la-fabbrica-intelligente-il-seminario-ain-lintegrazione-tra-macchine-e-sistemi\/"]}]},{"@type":"BreadcrumbList","@id":"https:\/\/www.article-marketing.eu\/comunicatistampa\/per-la-fabbrica-intelligente-il-seminario-ain-lintegrazione-tra-macchine-e-sistemi\/#breadcrumb","itemListElement":[{"@type":"ListItem","position":1,"name":"Home","item":"https:\/\/www.article-marketing.eu\/comunicatistampa\/"},{"@type":"ListItem","position":2,"name":"Per la Fabbrica intelligente il seminario AIN \u201cL\u2019integrazione tra macchine e sistemi\u201d"}]},{"@type":"WebSite","@id":"https:\/\/www.article-marketing.eu\/comunicatistampa\/#website","url":"https:\/\/www.article-marketing.eu\/comunicatistampa\/","name":"Article Marketing","description":"article marketing &amp; press release","potentialAction":[{"@type":"SearchAction","target":{"@type":"EntryPoint","urlTemplate":"https:\/\/www.article-marketing.eu\/comunicatistampa\/?s={search_term_string}"},"query-input":{"@type":"PropertyValueSpecification","valueRequired":true,"valueName":"search_term_string"}}],"inLanguage":"it-IT"},{"@type":"Person","@id":"https:\/\/www.article-marketing.eu\/comunicatistampa\/#\/schema\/person\/184442e7102c3a07c69663a47756935d","name":"alteanet","image":{"@type":"ImageObject","inLanguage":"it-IT","@id":"https:\/\/secure.gravatar.com\/avatar\/305212166eeac9895b855f0444021bc5d57d6828aaa6c5b87eada20eefa0838c?s=96&d=mm&r=g","url":"https:\/\/secure.gravatar.com\/avatar\/305212166eeac9895b855f0444021bc5d57d6828aaa6c5b87eada20eefa0838c?s=96&d=mm&r=g","contentUrl":"https:\/\/secure.gravatar.com\/avatar\/305212166eeac9895b855f0444021bc5d57d6828aaa6c5b87eada20eefa0838c?s=96&d=mm&r=g","caption":"alteanet"},"url":"https:\/\/www.article-marketing.eu\/comunicatistampa\/author\/alteanet\/"}]}},"_links":{"self":[{"href":"https:\/\/www.article-marketing.eu\/comunicatistampa\/wp-json\/wp\/v2\/posts\/3504","targetHints":{"allow":["GET"]}}],"collection":[{"href":"https:\/\/www.article-marketing.eu\/comunicatistampa\/wp-json\/wp\/v2\/posts"}],"about":[{"href":"https:\/\/www.article-marketing.eu\/comunicatistampa\/wp-json\/wp\/v2\/types\/post"}],"author":[{"embeddable":true,"href":"https:\/\/www.article-marketing.eu\/comunicatistampa\/wp-json\/wp\/v2\/users\/83"}],"replies":[{"embeddable":true,"href":"https:\/\/www.article-marketing.eu\/comunicatistampa\/wp-json\/wp\/v2\/comments?post=3504"}],"version-history":[{"count":2,"href":"https:\/\/www.article-marketing.eu\/comunicatistampa\/wp-json\/wp\/v2\/posts\/3504\/revisions"}],"predecessor-version":[{"id":3523,"href":"https:\/\/www.article-marketing.eu\/comunicatistampa\/wp-json\/wp\/v2\/posts\/3504\/revisions\/3523"}],"wp:attachment":[{"href":"https:\/\/www.article-marketing.eu\/comunicatistampa\/wp-json\/wp\/v2\/media?parent=3504"}],"wp:term":[{"taxonomy":"category","embeddable":true,"href":"https:\/\/www.article-marketing.eu\/comunicatistampa\/wp-json\/wp\/v2\/categories?post=3504"},{"taxonomy":"post_tag","embeddable":true,"href":"https:\/\/www.article-marketing.eu\/comunicatistampa\/wp-json\/wp\/v2\/tags?post=3504"}],"curies":[{"name":"wp","href":"https:\/\/api.w.org\/{rel}","templated":true}]}}