{"id":3516,"date":"2017-06-20T13:53:53","date_gmt":"2017-06-20T11:53:53","guid":{"rendered":"http:\/\/www.article-marketing.eu\/comunicatistampa\/?p=3516"},"modified":"2017-06-20T13:53:53","modified_gmt":"2017-06-20T11:53:53","slug":"gestionale-conceria-vicenza-a-chi-rivolgersi","status":"publish","type":"post","link":"https:\/\/www.article-marketing.eu\/comunicatistampa\/gestionale-conceria-vicenza-a-chi-rivolgersi\/","title":{"rendered":"Gestionale conceria Vicenza: a chi rivolgersi?"},"content":{"rendered":"<p>Quando si parla di software gestionale si fa subito riferimento ad un meccanismo di <strong>gestione automatizzata<\/strong> di un\u2019azienda che riesce a far funzionare correttamente ogni reparto sia a livello dirigenziale che a livello della produzione. In virt\u00f9 di ci\u00f2, anche le pi\u00f9 piccole realt\u00e0 industriali hanno dovuto adeguarsi ad una gestione automatica e sicuramente migliore se la si vuole guardare dal punto di vista del lavoratore dipendente.<\/p>\n<p>Un\u2019attenzione particolare la si deve rivolgere alle aziende conciarie che necessitano di un gestionale ad hoc che sappia mettere in collegamento ogni reparto dell\u2019azienda conciaria. In particolare il software Ares \u00e8 un<strong> <a href=\"http:\/\/www.jekosolution.it\/it\/soluzioni\/ares-aziende-conciarie\/software-concerie\">gestionale conceria Vicenza<\/a> <\/strong>utilizzato da tanti utenti ogni giorno. Questo gestionale conciario \u00e8 in grado di garantire allo stesso tempo la massima efficienza, una buona organizzazione ei massimi profitti. In questo modo Ares risponde perfettamente alle esigenze che presenta la produzione di questa tipologia di azienda.<\/p>\n<p>Il gestionale conciario Ares prevede la gestione in un unico sistema che presenta\u00a0 un\u2019impostazione davvero innovativa per avviare la gestione dell\u2019azienda in modo impeccabile. Per il buon funzionamento di <strong>Ares<\/strong> ci si serve di un sistema cloud che comporta numerosi vantaggi. Partiamo con il dire che questo tipo di sistema non necessita di aggiornamenti n\u00e9 dell\u2019hardware che del software; inoltre si hanno sempre a disposizione i dati grazie al <strong>backup automatico<\/strong> ai quali si pu\u00f2 accedere in qualsiasi momento e in qualsiasi luogo. Il <strong>servizio cloud<\/strong> utilizzato dal gestionale Ares presenta un costo irrisorio da pagare ogni anno con tanto di relativa assistenza.<\/p>\n<p>Il\u00a0 <strong>gestionale conciario Ares<\/strong> \u00e8 un prodotto studiato appositamente per adeguarsi e rispondere alle esigenze dell\u2019azienda conciaria che necessita la presenza di una serie di funzionalit\u00e0 in grado di far funzionare ogni reparto in maniera efficiente e senza alcun intoppo. In particolare sono presenti moduli per gestire: gli ordini clienti, tutte le disposizioni con i relativi contratti, la fatturazione e la bollettazione, le provvigioni a ciascun agente, gli acquisti esterni dai fornitori, il magazzino interno e quello esterno, il conto lavoro da clienti, la partita di pelli, la produzione di bagnato, il collegamento con misuratrici e macchina, invio automatico e mail di Ares, costi della produzione industriale.<\/p>\n<p>Affidare la gestione della propria azienda ad un<strong> <a href=\"http:\/\/www.jekosolution.it\/it\/soluzioni\/ares-aziende-conciarie\/software-concerie\">software gestionale <\/a><\/strong>cloud potrebbe essere la soluzione perfetta per quelle realt\u00e0 aziendali del campo conciario che necessitano un miglioramento nella gestione quotidiana delle proprio lavoro. Oltre ad apportare vantaggi dal punto di vista lavorativo, un gestionale conceria comporta dei vantaggi anche dal punto di vista economico in quanto permette di liberarsi si tutti i vari programmi interni utilizzati fino ad ora ed affidare la propria gestione al software cloud.<\/p>\n<p>&nbsp;<\/p>\n","protected":false},"excerpt":{"rendered":"<p>Quando si parla di software gestionale si fa subito riferimento ad un meccanismo di gestione automatizzata di un\u2019azienda che riesce a far funzionare correttamente ogni reparto sia a livello dirigenziale che a livello della produzione. In virt\u00f9 di ci\u00f2, anche le pi\u00f9 piccole realt\u00e0 industriali hanno dovuto adeguarsi ad una gestione automatica e sicuramente migliore se la si vuole guardare dal punto di vista del lavoratore dipendente. Un\u2019attenzione particolare la<\/p>\n<p><a class=\"continue-reading\" href=\"https:\/\/www.article-marketing.eu\/comunicatistampa\/gestionale-conceria-vicenza-a-chi-rivolgersi\/\">Continue reading&#8230;<\/a><\/p>\n","protected":false},"author":385,"featured_media":0,"comment_status":"open","ping_status":"open","sticky":false,"template":"","format":"standard","meta":{"_monsterinsights_skip_tracking":false,"_monsterinsights_sitenote_active":false,"_monsterinsights_sitenote_note":"","_monsterinsights_sitenote_category":0,"footnotes":""},"categories":[388,395],"tags":[1867,1866,1587,225,1585,1868],"class_list":["post-3516","post","type-post","status-publish","format-standard","hentry","category-aziende","category-web","tag-ares","tag-conceria","tag-gestionale-cloud","tag-software","tag-software-contabile-cloud","tag-vicenza"],"yoast_head":"<!-- This site is optimized with the Yoast SEO plugin v27.3 - https:\/\/yoast.com\/product\/yoast-seo-wordpress\/ -->\n<title>Gestionale conceria Vicenza: a chi rivolgersi? - Article Marketing<\/title>\n<meta name=\"robots\" content=\"index, follow, max-snippet:-1, max-image-preview:large, max-video-preview:-1\" \/>\n<link rel=\"canonical\" href=\"https:\/\/www.article-marketing.eu\/comunicatistampa\/gestionale-conceria-vicenza-a-chi-rivolgersi\/\" \/>\n<meta property=\"og:locale\" content=\"it_IT\" \/>\n<meta property=\"og:type\" content=\"article\" \/>\n<meta property=\"og:title\" content=\"Gestionale conceria Vicenza: a chi rivolgersi? - Article Marketing\" \/>\n<meta property=\"og:description\" content=\"Quando si parla di software gestionale si fa subito riferimento ad un meccanismo di gestione automatizzata di un\u2019azienda che riesce a far funzionare correttamente ogni reparto sia a livello dirigenziale che a livello della produzione. In virt\u00f9 di ci\u00f2, anche le pi\u00f9 piccole realt\u00e0 industriali hanno dovuto adeguarsi ad una gestione automatica e sicuramente migliore se la si vuole guardare dal punto di vista del lavoratore dipendente. Un\u2019attenzione particolare laContinue reading...\" \/>\n<meta property=\"og:url\" content=\"https:\/\/www.article-marketing.eu\/comunicatistampa\/gestionale-conceria-vicenza-a-chi-rivolgersi\/\" \/>\n<meta property=\"og:site_name\" content=\"Article Marketing\" \/>\n<meta property=\"article:author\" content=\"https:\/\/www.facebook.com\/eden.baggio\" \/>\n<meta property=\"article:published_time\" content=\"2017-06-20T11:53:53+00:00\" \/>\n<meta name=\"author\" content=\"Eden\" \/>\n<meta name=\"twitter:card\" content=\"summary_large_image\" \/>\n<meta name=\"twitter:label1\" content=\"Scritto da\" \/>\n\t<meta name=\"twitter:data1\" content=\"Eden\" \/>\n\t<meta name=\"twitter:label2\" content=\"Tempo di lettura stimato\" \/>\n\t<meta name=\"twitter:data2\" content=\"2 minuti\" \/>\n<script type=\"application\/ld+json\" class=\"yoast-schema-graph\">{\"@context\":\"https:\\\/\\\/schema.org\",\"@graph\":[{\"@type\":\"Article\",\"@id\":\"https:\\\/\\\/www.article-marketing.eu\\\/comunicatistampa\\\/gestionale-conceria-vicenza-a-chi-rivolgersi\\\/#article\",\"isPartOf\":{\"@id\":\"https:\\\/\\\/www.article-marketing.eu\\\/comunicatistampa\\\/gestionale-conceria-vicenza-a-chi-rivolgersi\\\/\"},\"author\":{\"name\":\"Eden\",\"@id\":\"https:\\\/\\\/www.article-marketing.eu\\\/comunicatistampa\\\/#\\\/schema\\\/person\\\/1f07820bbe8fb226d25cf6ab91bb40d3\"},\"headline\":\"Gestionale conceria Vicenza: a chi rivolgersi?\",\"datePublished\":\"2017-06-20T11:53:53+00:00\",\"mainEntityOfPage\":{\"@id\":\"https:\\\/\\\/www.article-marketing.eu\\\/comunicatistampa\\\/gestionale-conceria-vicenza-a-chi-rivolgersi\\\/\"},\"wordCount\":443,\"commentCount\":0,\"keywords\":[\"ares\",\"conceria\",\"gestionale cloud\",\"software\",\"software contabile cloud\",\"vicenza\"],\"articleSection\":[\"Aziende\",\"Web\"],\"inLanguage\":\"it-IT\",\"potentialAction\":[{\"@type\":\"CommentAction\",\"name\":\"Comment\",\"target\":[\"https:\\\/\\\/www.article-marketing.eu\\\/comunicatistampa\\\/gestionale-conceria-vicenza-a-chi-rivolgersi\\\/#respond\"]}]},{\"@type\":\"WebPage\",\"@id\":\"https:\\\/\\\/www.article-marketing.eu\\\/comunicatistampa\\\/gestionale-conceria-vicenza-a-chi-rivolgersi\\\/\",\"url\":\"https:\\\/\\\/www.article-marketing.eu\\\/comunicatistampa\\\/gestionale-conceria-vicenza-a-chi-rivolgersi\\\/\",\"name\":\"Gestionale conceria Vicenza: a chi rivolgersi? - Article Marketing\",\"isPartOf\":{\"@id\":\"https:\\\/\\\/www.article-marketing.eu\\\/comunicatistampa\\\/#website\"},\"datePublished\":\"2017-06-20T11:53:53+00:00\",\"author\":{\"@id\":\"https:\\\/\\\/www.article-marketing.eu\\\/comunicatistampa\\\/#\\\/schema\\\/person\\\/1f07820bbe8fb226d25cf6ab91bb40d3\"},\"breadcrumb\":{\"@id\":\"https:\\\/\\\/www.article-marketing.eu\\\/comunicatistampa\\\/gestionale-conceria-vicenza-a-chi-rivolgersi\\\/#breadcrumb\"},\"inLanguage\":\"it-IT\",\"potentialAction\":[{\"@type\":\"ReadAction\",\"target\":[\"https:\\\/\\\/www.article-marketing.eu\\\/comunicatistampa\\\/gestionale-conceria-vicenza-a-chi-rivolgersi\\\/\"]}]},{\"@type\":\"BreadcrumbList\",\"@id\":\"https:\\\/\\\/www.article-marketing.eu\\\/comunicatistampa\\\/gestionale-conceria-vicenza-a-chi-rivolgersi\\\/#breadcrumb\",\"itemListElement\":[{\"@type\":\"ListItem\",\"position\":1,\"name\":\"Home\",\"item\":\"https:\\\/\\\/www.article-marketing.eu\\\/comunicatistampa\\\/\"},{\"@type\":\"ListItem\",\"position\":2,\"name\":\"Gestionale conceria Vicenza: a chi rivolgersi?\"}]},{\"@type\":\"WebSite\",\"@id\":\"https:\\\/\\\/www.article-marketing.eu\\\/comunicatistampa\\\/#website\",\"url\":\"https:\\\/\\\/www.article-marketing.eu\\\/comunicatistampa\\\/\",\"name\":\"Article Marketing\",\"description\":\"article marketing &amp; press release\",\"potentialAction\":[{\"@type\":\"SearchAction\",\"target\":{\"@type\":\"EntryPoint\",\"urlTemplate\":\"https:\\\/\\\/www.article-marketing.eu\\\/comunicatistampa\\\/?s={search_term_string}\"},\"query-input\":{\"@type\":\"PropertyValueSpecification\",\"valueRequired\":true,\"valueName\":\"search_term_string\"}}],\"inLanguage\":\"it-IT\"},{\"@type\":\"Person\",\"@id\":\"https:\\\/\\\/www.article-marketing.eu\\\/comunicatistampa\\\/#\\\/schema\\\/person\\\/1f07820bbe8fb226d25cf6ab91bb40d3\",\"name\":\"Eden\",\"image\":{\"@type\":\"ImageObject\",\"inLanguage\":\"it-IT\",\"@id\":\"https:\\\/\\\/secure.gravatar.com\\\/avatar\\\/64d1e4cb9608cb4222a9bca3e7f8ed1d477d94a2d27f041daecdaa9b05a6f9db?s=96&d=mm&r=g\",\"url\":\"https:\\\/\\\/secure.gravatar.com\\\/avatar\\\/64d1e4cb9608cb4222a9bca3e7f8ed1d477d94a2d27f041daecdaa9b05a6f9db?s=96&d=mm&r=g\",\"contentUrl\":\"https:\\\/\\\/secure.gravatar.com\\\/avatar\\\/64d1e4cb9608cb4222a9bca3e7f8ed1d477d94a2d27f041daecdaa9b05a6f9db?s=96&d=mm&r=g\",\"caption\":\"Eden\"},\"sameAs\":[\"https:\\\/\\\/www.facebook.com\\\/eden.baggio\"],\"url\":\"https:\\\/\\\/www.article-marketing.eu\\\/comunicatistampa\\\/author\\\/eden\\\/\"}]}<\/script>\n<!-- \/ Yoast SEO plugin. -->","yoast_head_json":{"title":"Gestionale conceria Vicenza: a chi rivolgersi? - Article Marketing","robots":{"index":"index","follow":"follow","max-snippet":"max-snippet:-1","max-image-preview":"max-image-preview:large","max-video-preview":"max-video-preview:-1"},"canonical":"https:\/\/www.article-marketing.eu\/comunicatistampa\/gestionale-conceria-vicenza-a-chi-rivolgersi\/","og_locale":"it_IT","og_type":"article","og_title":"Gestionale conceria Vicenza: a chi rivolgersi? - Article Marketing","og_description":"Quando si parla di software gestionale si fa subito riferimento ad un meccanismo di gestione automatizzata di un\u2019azienda che riesce a far funzionare correttamente ogni reparto sia a livello dirigenziale che a livello della produzione. In virt\u00f9 di ci\u00f2, anche le pi\u00f9 piccole realt\u00e0 industriali hanno dovuto adeguarsi ad una gestione automatica e sicuramente migliore se la si vuole guardare dal punto di vista del lavoratore dipendente. Un\u2019attenzione particolare laContinue reading...","og_url":"https:\/\/www.article-marketing.eu\/comunicatistampa\/gestionale-conceria-vicenza-a-chi-rivolgersi\/","og_site_name":"Article Marketing","article_author":"https:\/\/www.facebook.com\/eden.baggio","article_published_time":"2017-06-20T11:53:53+00:00","author":"Eden","twitter_card":"summary_large_image","twitter_misc":{"Scritto da":"Eden","Tempo di lettura stimato":"2 minuti"},"schema":{"@context":"https:\/\/schema.org","@graph":[{"@type":"Article","@id":"https:\/\/www.article-marketing.eu\/comunicatistampa\/gestionale-conceria-vicenza-a-chi-rivolgersi\/#article","isPartOf":{"@id":"https:\/\/www.article-marketing.eu\/comunicatistampa\/gestionale-conceria-vicenza-a-chi-rivolgersi\/"},"author":{"name":"Eden","@id":"https:\/\/www.article-marketing.eu\/comunicatistampa\/#\/schema\/person\/1f07820bbe8fb226d25cf6ab91bb40d3"},"headline":"Gestionale conceria Vicenza: a chi rivolgersi?","datePublished":"2017-06-20T11:53:53+00:00","mainEntityOfPage":{"@id":"https:\/\/www.article-marketing.eu\/comunicatistampa\/gestionale-conceria-vicenza-a-chi-rivolgersi\/"},"wordCount":443,"commentCount":0,"keywords":["ares","conceria","gestionale cloud","software","software contabile cloud","vicenza"],"articleSection":["Aziende","Web"],"inLanguage":"it-IT","potentialAction":[{"@type":"CommentAction","name":"Comment","target":["https:\/\/www.article-marketing.eu\/comunicatistampa\/gestionale-conceria-vicenza-a-chi-rivolgersi\/#respond"]}]},{"@type":"WebPage","@id":"https:\/\/www.article-marketing.eu\/comunicatistampa\/gestionale-conceria-vicenza-a-chi-rivolgersi\/","url":"https:\/\/www.article-marketing.eu\/comunicatistampa\/gestionale-conceria-vicenza-a-chi-rivolgersi\/","name":"Gestionale conceria Vicenza: a chi rivolgersi? - Article Marketing","isPartOf":{"@id":"https:\/\/www.article-marketing.eu\/comunicatistampa\/#website"},"datePublished":"2017-06-20T11:53:53+00:00","author":{"@id":"https:\/\/www.article-marketing.eu\/comunicatistampa\/#\/schema\/person\/1f07820bbe8fb226d25cf6ab91bb40d3"},"breadcrumb":{"@id":"https:\/\/www.article-marketing.eu\/comunicatistampa\/gestionale-conceria-vicenza-a-chi-rivolgersi\/#breadcrumb"},"inLanguage":"it-IT","potentialAction":[{"@type":"ReadAction","target":["https:\/\/www.article-marketing.eu\/comunicatistampa\/gestionale-conceria-vicenza-a-chi-rivolgersi\/"]}]},{"@type":"BreadcrumbList","@id":"https:\/\/www.article-marketing.eu\/comunicatistampa\/gestionale-conceria-vicenza-a-chi-rivolgersi\/#breadcrumb","itemListElement":[{"@type":"ListItem","position":1,"name":"Home","item":"https:\/\/www.article-marketing.eu\/comunicatistampa\/"},{"@type":"ListItem","position":2,"name":"Gestionale conceria Vicenza: a chi rivolgersi?"}]},{"@type":"WebSite","@id":"https:\/\/www.article-marketing.eu\/comunicatistampa\/#website","url":"https:\/\/www.article-marketing.eu\/comunicatistampa\/","name":"Article Marketing","description":"article marketing &amp; press release","potentialAction":[{"@type":"SearchAction","target":{"@type":"EntryPoint","urlTemplate":"https:\/\/www.article-marketing.eu\/comunicatistampa\/?s={search_term_string}"},"query-input":{"@type":"PropertyValueSpecification","valueRequired":true,"valueName":"search_term_string"}}],"inLanguage":"it-IT"},{"@type":"Person","@id":"https:\/\/www.article-marketing.eu\/comunicatistampa\/#\/schema\/person\/1f07820bbe8fb226d25cf6ab91bb40d3","name":"Eden","image":{"@type":"ImageObject","inLanguage":"it-IT","@id":"https:\/\/secure.gravatar.com\/avatar\/64d1e4cb9608cb4222a9bca3e7f8ed1d477d94a2d27f041daecdaa9b05a6f9db?s=96&d=mm&r=g","url":"https:\/\/secure.gravatar.com\/avatar\/64d1e4cb9608cb4222a9bca3e7f8ed1d477d94a2d27f041daecdaa9b05a6f9db?s=96&d=mm&r=g","contentUrl":"https:\/\/secure.gravatar.com\/avatar\/64d1e4cb9608cb4222a9bca3e7f8ed1d477d94a2d27f041daecdaa9b05a6f9db?s=96&d=mm&r=g","caption":"Eden"},"sameAs":["https:\/\/www.facebook.com\/eden.baggio"],"url":"https:\/\/www.article-marketing.eu\/comunicatistampa\/author\/eden\/"}]}},"_links":{"self":[{"href":"https:\/\/www.article-marketing.eu\/comunicatistampa\/wp-json\/wp\/v2\/posts\/3516","targetHints":{"allow":["GET"]}}],"collection":[{"href":"https:\/\/www.article-marketing.eu\/comunicatistampa\/wp-json\/wp\/v2\/posts"}],"about":[{"href":"https:\/\/www.article-marketing.eu\/comunicatistampa\/wp-json\/wp\/v2\/types\/post"}],"author":[{"embeddable":true,"href":"https:\/\/www.article-marketing.eu\/comunicatistampa\/wp-json\/wp\/v2\/users\/385"}],"replies":[{"embeddable":true,"href":"https:\/\/www.article-marketing.eu\/comunicatistampa\/wp-json\/wp\/v2\/comments?post=3516"}],"version-history":[{"count":3,"href":"https:\/\/www.article-marketing.eu\/comunicatistampa\/wp-json\/wp\/v2\/posts\/3516\/revisions"}],"predecessor-version":[{"id":3526,"href":"https:\/\/www.article-marketing.eu\/comunicatistampa\/wp-json\/wp\/v2\/posts\/3516\/revisions\/3526"}],"wp:attachment":[{"href":"https:\/\/www.article-marketing.eu\/comunicatistampa\/wp-json\/wp\/v2\/media?parent=3516"}],"wp:term":[{"taxonomy":"category","embeddable":true,"href":"https:\/\/www.article-marketing.eu\/comunicatistampa\/wp-json\/wp\/v2\/categories?post=3516"},{"taxonomy":"post_tag","embeddable":true,"href":"https:\/\/www.article-marketing.eu\/comunicatistampa\/wp-json\/wp\/v2\/tags?post=3516"}],"curies":[{"name":"wp","href":"https:\/\/api.w.org\/{rel}","templated":true}]}}