{"id":3605,"date":"2017-06-22T17:59:58","date_gmt":"2017-06-22T15:59:58","guid":{"rendered":"http:\/\/www.article-marketing.eu\/comunicatistampa\/?p=3605"},"modified":"2017-06-22T18:00:17","modified_gmt":"2017-06-22T16:00:17","slug":"continuano-le-attivita-divulgative-e-media-delluomo-del-sahara","status":"publish","type":"post","link":"https:\/\/www.article-marketing.eu\/comunicatistampa\/continuano-le-attivita-divulgative-e-media-delluomo-del-sahara\/","title":{"rendered":"Continuano le attivit\u00e0 divulgative e media dell\u2019uomo del Sahara"},"content":{"rendered":"<p><em>Fabrizio Rovella continua il suo tour in Italia tra conferenze, mostre e incontri con i media<\/em><\/p>\n<p>&nbsp;<\/p>\n<p>\u00c8 una permanenza tutt\u2019altro che all\u2019insegna del relax quella di <strong>Fabrizio Rovella<\/strong>, l\u2019<strong>Uomo del Sahara<\/strong>, in questi mesi in Italia per promuovere e organizzare i prossimi itinerari africani.<\/p>\n<p>Ritenuto un vero e proprio riferimento nei viaggi avventura, Rovella \u00e8 stato invitato a condividere le sue esperienze e le sue foto in prestigiosi eventi organizzati in suo onore. Di seguito le occasioni d\u2019incontro con l\u2019Uomo del Sahara:<\/p>\n<p>&nbsp;<\/p>\n<p>8 luglio \u2013 Ore 21 \u2013 Podere Giuvigiana-Razzuolo &#8211; Borgo San Lorenzo (FI)<\/p>\n<p>\u201c<strong><em>Sahara Night<\/em><\/strong>\u201d \u2013 organizzata da \u201cBambini nel deserto\u201d<\/p>\n<p>&nbsp;<\/p>\n<p>15 luglio \u2013 Ore 21 \u2013 Castel Merlino-Fondazione Morelli a Verolanuova (BS)<\/p>\n<p>\u201c<strong><em>Deserto Amore Mio<\/em><\/strong>\u201d \u2013 serata di racconto sotto le stelle<\/p>\n<p>Con il patrocinio dell\u2019Ass. alla cultura del Comune di Verolanuova<\/p>\n<p>Modera l\u2019incontro la giornalista Viviana Filippini<\/p>\n<p>&nbsp;<\/p>\n<p>A queste attivit\u00e0 dal vivo si aggiungono altre attivit\u00e0 divulgative. \u00c8 in uscita infatti, il libro \u201cClandestine Integration\u201d (<a href=\"https:\/\/www.facebook.com\/clandestineintegration\/\">https:\/\/www.facebook.com\/clandestineintegration\/<\/a>), che documenta un importante progetto che ha visto tra i protagonisti proprio Fabrizio Rovella.<\/p>\n<p>&nbsp;<\/p>\n<p>Anche i media tradizionali e generalisti confermano il loro interesse per l\u2019Uomo del Sahara richiedendo interviste. \u00c8 stato cos\u00ec per <strong>Radio Malvaglio<\/strong>, <strong>Radio Gold<\/strong> e per un\u2019intervista esclusiva che il 21 giugno scorso \u00e8 stata rilasciata alla storica radio torinese <strong>RadioFlash FM 97,6<\/strong>. Mentre continua a spopolare sui social la \u201cFebbre del Sahara\u201d con migliaia di fan e follower su Facebook, Twitter e Instagram.<\/p>\n<p>&nbsp;<\/p>\n<p>Un\u2019azione di relazioni Pubbliche e mediatica a 360 gradi che sta portando il titolare di Sahara Mon Amour ad essere un riferimento assoluto nell\u2019ambito dei viaggi avventura con un focus sahariano e non solo.<\/p>\n<p>Maggiori informazioni e catalogo completo su <a href=\"http:\/\/www.saharamonamour.com\">www.saharamonamour.com<\/a><\/p>\n<p>&nbsp;<\/p>\n<p><strong>Segui L\u2019uomo del Sahara anche sui social <\/strong><\/p>\n<p>Web: <a href=\"http:\/\/www.saharamonamour.com\/\">http:\/\/www.saharamonamour.com\/<\/a><\/p>\n<p>Facebook Page: https:\/\/www.facebook.com\/Saharamonamour-148661895146353\/<\/p>\n<p>Facebook Fabrizio Rovella: https:\/\/www.facebook.com\/profile.php?id=100013544742015<\/p>\n<p>Twitter: https:\/\/twitter.com\/saharamonamour<\/p>\n<p>Instagram: https:\/\/www.instagram.com\/saharamonamour\/<\/p>\n","protected":false},"excerpt":{"rendered":"<p>Fabrizio Rovella continua il suo tour in Italia tra conferenze, mostre e incontri con i media &nbsp; \u00c8 una permanenza tutt\u2019altro che all\u2019insegna del relax quella di Fabrizio Rovella, l\u2019Uomo del Sahara, in questi mesi in Italia per promuovere e organizzare i prossimi itinerari africani. Ritenuto un vero e proprio riferimento nei viaggi avventura, Rovella \u00e8 stato invitato a condividere le sue esperienze e le sue foto in prestigiosi eventi<\/p>\n<p><a class=\"continue-reading\" href=\"https:\/\/www.article-marketing.eu\/comunicatistampa\/continuano-le-attivita-divulgative-e-media-delluomo-del-sahara\/\">Continue reading&#8230;<\/a><\/p>\n","protected":false},"author":302,"featured_media":0,"comment_status":"open","ping_status":"open","sticky":false,"template":"","format":"standard","meta":{"_monsterinsights_skip_tracking":false,"_monsterinsights_sitenote_active":false,"_monsterinsights_sitenote_note":"","_monsterinsights_sitenote_category":0,"footnotes":""},"categories":[346],"tags":[1913,1916,1548,204,1542,1551,305,1473,1918,1912,1543,1547,1544,1915,1545,1917,233,173,1914,235],"class_list":["post-3605","post","type-post","status-publish","format-standard","hentry","category-viaggi-e-turismo","tag-amour","tag-bambini-nel-deserto","tag-deserto","tag-eventi","tag-fabrizio","tag-fabrizio-rovella","tag-facebook","tag-instagram","tag-interviste","tag-mon","tag-rovella","tag-sahara","tag-sahara-mon-amour","tag-sahara-night","tag-saharamonamour","tag-social","tag-turismo","tag-twitter","tag-uomo-del-sahara","tag-viaggi"],"yoast_head":"<!-- This site is optimized with the Yoast SEO plugin v27.3 - https:\/\/yoast.com\/product\/yoast-seo-wordpress\/ -->\n<title>Continuano le attivit\u00e0 divulgative e media dell\u2019uomo del Sahara - Article Marketing<\/title>\n<meta name=\"robots\" content=\"index, follow, max-snippet:-1, max-image-preview:large, max-video-preview:-1\" \/>\n<link rel=\"canonical\" href=\"https:\/\/www.article-marketing.eu\/comunicatistampa\/continuano-le-attivita-divulgative-e-media-delluomo-del-sahara\/\" \/>\n<meta property=\"og:locale\" content=\"it_IT\" \/>\n<meta property=\"og:type\" content=\"article\" \/>\n<meta property=\"og:title\" content=\"Continuano le attivit\u00e0 divulgative e media dell\u2019uomo del Sahara - Article Marketing\" \/>\n<meta property=\"og:description\" content=\"Fabrizio Rovella continua il suo tour in Italia tra conferenze, mostre e incontri con i media &nbsp; \u00c8 una permanenza tutt\u2019altro che all\u2019insegna del relax quella di Fabrizio Rovella, l\u2019Uomo del Sahara, in questi mesi in Italia per promuovere e organizzare i prossimi itinerari africani. Ritenuto un vero e proprio riferimento nei viaggi avventura, Rovella \u00e8 stato invitato a condividere le sue esperienze e le sue foto in prestigiosi eventiContinue reading...\" \/>\n<meta property=\"og:url\" content=\"https:\/\/www.article-marketing.eu\/comunicatistampa\/continuano-le-attivita-divulgative-e-media-delluomo-del-sahara\/\" \/>\n<meta property=\"og:site_name\" content=\"Article Marketing\" \/>\n<meta property=\"article:published_time\" content=\"2017-06-22T15:59:58+00:00\" \/>\n<meta property=\"article:modified_time\" content=\"2017-06-22T16:00:17+00:00\" \/>\n<meta name=\"author\" content=\"PRMedia Italia\" \/>\n<meta name=\"twitter:card\" content=\"summary_large_image\" \/>\n<meta name=\"twitter:label1\" content=\"Scritto da\" \/>\n\t<meta name=\"twitter:data1\" content=\"PRMedia Italia\" \/>\n\t<meta name=\"twitter:label2\" content=\"Tempo di lettura stimato\" \/>\n\t<meta name=\"twitter:data2\" content=\"2 minuti\" \/>\n<script type=\"application\/ld+json\" class=\"yoast-schema-graph\">{\"@context\":\"https:\\\/\\\/schema.org\",\"@graph\":[{\"@type\":\"Article\",\"@id\":\"https:\\\/\\\/www.article-marketing.eu\\\/comunicatistampa\\\/continuano-le-attivita-divulgative-e-media-delluomo-del-sahara\\\/#article\",\"isPartOf\":{\"@id\":\"https:\\\/\\\/www.article-marketing.eu\\\/comunicatistampa\\\/continuano-le-attivita-divulgative-e-media-delluomo-del-sahara\\\/\"},\"author\":{\"name\":\"PRMedia Italia\",\"@id\":\"https:\\\/\\\/www.article-marketing.eu\\\/comunicatistampa\\\/#\\\/schema\\\/person\\\/21714f7706e106b3df343a55bab16d8f\"},\"headline\":\"Continuano le attivit\u00e0 divulgative e media dell\u2019uomo del Sahara\",\"datePublished\":\"2017-06-22T15:59:58+00:00\",\"dateModified\":\"2017-06-22T16:00:17+00:00\",\"mainEntityOfPage\":{\"@id\":\"https:\\\/\\\/www.article-marketing.eu\\\/comunicatistampa\\\/continuano-le-attivita-divulgative-e-media-delluomo-del-sahara\\\/\"},\"wordCount\":336,\"commentCount\":0,\"keywords\":[\"amour\",\"bambini nel deserto\",\"deserto\",\"eventi\",\"Fabrizio\",\"fabrizio rovella\",\"Facebook\",\"instagram\",\"interviste\",\"mon\",\"rovella\",\"sahara\",\"sahara mon amour\",\"sahara night\",\"saharamonamour\",\"social\",\"Turismo\",\"Twitter\",\"uomo del sahara\",\"viaggi\"],\"articleSection\":[\"Viaggi e turismo\"],\"inLanguage\":\"it-IT\",\"potentialAction\":[{\"@type\":\"CommentAction\",\"name\":\"Comment\",\"target\":[\"https:\\\/\\\/www.article-marketing.eu\\\/comunicatistampa\\\/continuano-le-attivita-divulgative-e-media-delluomo-del-sahara\\\/#respond\"]}]},{\"@type\":\"WebPage\",\"@id\":\"https:\\\/\\\/www.article-marketing.eu\\\/comunicatistampa\\\/continuano-le-attivita-divulgative-e-media-delluomo-del-sahara\\\/\",\"url\":\"https:\\\/\\\/www.article-marketing.eu\\\/comunicatistampa\\\/continuano-le-attivita-divulgative-e-media-delluomo-del-sahara\\\/\",\"name\":\"Continuano le attivit\u00e0 divulgative e media dell\u2019uomo del Sahara - Article Marketing\",\"isPartOf\":{\"@id\":\"https:\\\/\\\/www.article-marketing.eu\\\/comunicatistampa\\\/#website\"},\"datePublished\":\"2017-06-22T15:59:58+00:00\",\"dateModified\":\"2017-06-22T16:00:17+00:00\",\"author\":{\"@id\":\"https:\\\/\\\/www.article-marketing.eu\\\/comunicatistampa\\\/#\\\/schema\\\/person\\\/21714f7706e106b3df343a55bab16d8f\"},\"breadcrumb\":{\"@id\":\"https:\\\/\\\/www.article-marketing.eu\\\/comunicatistampa\\\/continuano-le-attivita-divulgative-e-media-delluomo-del-sahara\\\/#breadcrumb\"},\"inLanguage\":\"it-IT\",\"potentialAction\":[{\"@type\":\"ReadAction\",\"target\":[\"https:\\\/\\\/www.article-marketing.eu\\\/comunicatistampa\\\/continuano-le-attivita-divulgative-e-media-delluomo-del-sahara\\\/\"]}]},{\"@type\":\"BreadcrumbList\",\"@id\":\"https:\\\/\\\/www.article-marketing.eu\\\/comunicatistampa\\\/continuano-le-attivita-divulgative-e-media-delluomo-del-sahara\\\/#breadcrumb\",\"itemListElement\":[{\"@type\":\"ListItem\",\"position\":1,\"name\":\"Home\",\"item\":\"https:\\\/\\\/www.article-marketing.eu\\\/comunicatistampa\\\/\"},{\"@type\":\"ListItem\",\"position\":2,\"name\":\"Continuano le attivit\u00e0 divulgative e media dell\u2019uomo del Sahara\"}]},{\"@type\":\"WebSite\",\"@id\":\"https:\\\/\\\/www.article-marketing.eu\\\/comunicatistampa\\\/#website\",\"url\":\"https:\\\/\\\/www.article-marketing.eu\\\/comunicatistampa\\\/\",\"name\":\"Article Marketing\",\"description\":\"article marketing &amp; press release\",\"potentialAction\":[{\"@type\":\"SearchAction\",\"target\":{\"@type\":\"EntryPoint\",\"urlTemplate\":\"https:\\\/\\\/www.article-marketing.eu\\\/comunicatistampa\\\/?s={search_term_string}\"},\"query-input\":{\"@type\":\"PropertyValueSpecification\",\"valueRequired\":true,\"valueName\":\"search_term_string\"}}],\"inLanguage\":\"it-IT\"},{\"@type\":\"Person\",\"@id\":\"https:\\\/\\\/www.article-marketing.eu\\\/comunicatistampa\\\/#\\\/schema\\\/person\\\/21714f7706e106b3df343a55bab16d8f\",\"name\":\"PRMedia Italia\",\"image\":{\"@type\":\"ImageObject\",\"inLanguage\":\"it-IT\",\"@id\":\"https:\\\/\\\/secure.gravatar.com\\\/avatar\\\/7ca847ec363082e45965db66f070b187be240f7eb3103bb35ee0576743ba05ed?s=96&d=mm&r=g\",\"url\":\"https:\\\/\\\/secure.gravatar.com\\\/avatar\\\/7ca847ec363082e45965db66f070b187be240f7eb3103bb35ee0576743ba05ed?s=96&d=mm&r=g\",\"contentUrl\":\"https:\\\/\\\/secure.gravatar.com\\\/avatar\\\/7ca847ec363082e45965db66f070b187be240f7eb3103bb35ee0576743ba05ed?s=96&d=mm&r=g\",\"caption\":\"PRMedia Italia\"},\"url\":\"https:\\\/\\\/www.article-marketing.eu\\\/comunicatistampa\\\/author\\\/prmedia-italia\\\/\"}]}<\/script>\n<!-- \/ Yoast SEO plugin. -->","yoast_head_json":{"title":"Continuano le attivit\u00e0 divulgative e media dell\u2019uomo del Sahara - Article Marketing","robots":{"index":"index","follow":"follow","max-snippet":"max-snippet:-1","max-image-preview":"max-image-preview:large","max-video-preview":"max-video-preview:-1"},"canonical":"https:\/\/www.article-marketing.eu\/comunicatistampa\/continuano-le-attivita-divulgative-e-media-delluomo-del-sahara\/","og_locale":"it_IT","og_type":"article","og_title":"Continuano le attivit\u00e0 divulgative e media dell\u2019uomo del Sahara - Article Marketing","og_description":"Fabrizio Rovella continua il suo tour in Italia tra conferenze, mostre e incontri con i media &nbsp; \u00c8 una permanenza tutt\u2019altro che all\u2019insegna del relax quella di Fabrizio Rovella, l\u2019Uomo del Sahara, in questi mesi in Italia per promuovere e organizzare i prossimi itinerari africani. Ritenuto un vero e proprio riferimento nei viaggi avventura, Rovella \u00e8 stato invitato a condividere le sue esperienze e le sue foto in prestigiosi eventiContinue reading...","og_url":"https:\/\/www.article-marketing.eu\/comunicatistampa\/continuano-le-attivita-divulgative-e-media-delluomo-del-sahara\/","og_site_name":"Article Marketing","article_published_time":"2017-06-22T15:59:58+00:00","article_modified_time":"2017-06-22T16:00:17+00:00","author":"PRMedia Italia","twitter_card":"summary_large_image","twitter_misc":{"Scritto da":"PRMedia Italia","Tempo di lettura stimato":"2 minuti"},"schema":{"@context":"https:\/\/schema.org","@graph":[{"@type":"Article","@id":"https:\/\/www.article-marketing.eu\/comunicatistampa\/continuano-le-attivita-divulgative-e-media-delluomo-del-sahara\/#article","isPartOf":{"@id":"https:\/\/www.article-marketing.eu\/comunicatistampa\/continuano-le-attivita-divulgative-e-media-delluomo-del-sahara\/"},"author":{"name":"PRMedia Italia","@id":"https:\/\/www.article-marketing.eu\/comunicatistampa\/#\/schema\/person\/21714f7706e106b3df343a55bab16d8f"},"headline":"Continuano le attivit\u00e0 divulgative e media dell\u2019uomo del Sahara","datePublished":"2017-06-22T15:59:58+00:00","dateModified":"2017-06-22T16:00:17+00:00","mainEntityOfPage":{"@id":"https:\/\/www.article-marketing.eu\/comunicatistampa\/continuano-le-attivita-divulgative-e-media-delluomo-del-sahara\/"},"wordCount":336,"commentCount":0,"keywords":["amour","bambini nel deserto","deserto","eventi","Fabrizio","fabrizio rovella","Facebook","instagram","interviste","mon","rovella","sahara","sahara mon amour","sahara night","saharamonamour","social","Turismo","Twitter","uomo del sahara","viaggi"],"articleSection":["Viaggi e turismo"],"inLanguage":"it-IT","potentialAction":[{"@type":"CommentAction","name":"Comment","target":["https:\/\/www.article-marketing.eu\/comunicatistampa\/continuano-le-attivita-divulgative-e-media-delluomo-del-sahara\/#respond"]}]},{"@type":"WebPage","@id":"https:\/\/www.article-marketing.eu\/comunicatistampa\/continuano-le-attivita-divulgative-e-media-delluomo-del-sahara\/","url":"https:\/\/www.article-marketing.eu\/comunicatistampa\/continuano-le-attivita-divulgative-e-media-delluomo-del-sahara\/","name":"Continuano le attivit\u00e0 divulgative e media dell\u2019uomo del Sahara - Article Marketing","isPartOf":{"@id":"https:\/\/www.article-marketing.eu\/comunicatistampa\/#website"},"datePublished":"2017-06-22T15:59:58+00:00","dateModified":"2017-06-22T16:00:17+00:00","author":{"@id":"https:\/\/www.article-marketing.eu\/comunicatistampa\/#\/schema\/person\/21714f7706e106b3df343a55bab16d8f"},"breadcrumb":{"@id":"https:\/\/www.article-marketing.eu\/comunicatistampa\/continuano-le-attivita-divulgative-e-media-delluomo-del-sahara\/#breadcrumb"},"inLanguage":"it-IT","potentialAction":[{"@type":"ReadAction","target":["https:\/\/www.article-marketing.eu\/comunicatistampa\/continuano-le-attivita-divulgative-e-media-delluomo-del-sahara\/"]}]},{"@type":"BreadcrumbList","@id":"https:\/\/www.article-marketing.eu\/comunicatistampa\/continuano-le-attivita-divulgative-e-media-delluomo-del-sahara\/#breadcrumb","itemListElement":[{"@type":"ListItem","position":1,"name":"Home","item":"https:\/\/www.article-marketing.eu\/comunicatistampa\/"},{"@type":"ListItem","position":2,"name":"Continuano le attivit\u00e0 divulgative e media dell\u2019uomo del Sahara"}]},{"@type":"WebSite","@id":"https:\/\/www.article-marketing.eu\/comunicatistampa\/#website","url":"https:\/\/www.article-marketing.eu\/comunicatistampa\/","name":"Article Marketing","description":"article marketing &amp; press release","potentialAction":[{"@type":"SearchAction","target":{"@type":"EntryPoint","urlTemplate":"https:\/\/www.article-marketing.eu\/comunicatistampa\/?s={search_term_string}"},"query-input":{"@type":"PropertyValueSpecification","valueRequired":true,"valueName":"search_term_string"}}],"inLanguage":"it-IT"},{"@type":"Person","@id":"https:\/\/www.article-marketing.eu\/comunicatistampa\/#\/schema\/person\/21714f7706e106b3df343a55bab16d8f","name":"PRMedia Italia","image":{"@type":"ImageObject","inLanguage":"it-IT","@id":"https:\/\/secure.gravatar.com\/avatar\/7ca847ec363082e45965db66f070b187be240f7eb3103bb35ee0576743ba05ed?s=96&d=mm&r=g","url":"https:\/\/secure.gravatar.com\/avatar\/7ca847ec363082e45965db66f070b187be240f7eb3103bb35ee0576743ba05ed?s=96&d=mm&r=g","contentUrl":"https:\/\/secure.gravatar.com\/avatar\/7ca847ec363082e45965db66f070b187be240f7eb3103bb35ee0576743ba05ed?s=96&d=mm&r=g","caption":"PRMedia Italia"},"url":"https:\/\/www.article-marketing.eu\/comunicatistampa\/author\/prmedia-italia\/"}]}},"_links":{"self":[{"href":"https:\/\/www.article-marketing.eu\/comunicatistampa\/wp-json\/wp\/v2\/posts\/3605","targetHints":{"allow":["GET"]}}],"collection":[{"href":"https:\/\/www.article-marketing.eu\/comunicatistampa\/wp-json\/wp\/v2\/posts"}],"about":[{"href":"https:\/\/www.article-marketing.eu\/comunicatistampa\/wp-json\/wp\/v2\/types\/post"}],"author":[{"embeddable":true,"href":"https:\/\/www.article-marketing.eu\/comunicatistampa\/wp-json\/wp\/v2\/users\/302"}],"replies":[{"embeddable":true,"href":"https:\/\/www.article-marketing.eu\/comunicatistampa\/wp-json\/wp\/v2\/comments?post=3605"}],"version-history":[{"count":2,"href":"https:\/\/www.article-marketing.eu\/comunicatistampa\/wp-json\/wp\/v2\/posts\/3605\/revisions"}],"predecessor-version":[{"id":3655,"href":"https:\/\/www.article-marketing.eu\/comunicatistampa\/wp-json\/wp\/v2\/posts\/3605\/revisions\/3655"}],"wp:attachment":[{"href":"https:\/\/www.article-marketing.eu\/comunicatistampa\/wp-json\/wp\/v2\/media?parent=3605"}],"wp:term":[{"taxonomy":"category","embeddable":true,"href":"https:\/\/www.article-marketing.eu\/comunicatistampa\/wp-json\/wp\/v2\/categories?post=3605"},{"taxonomy":"post_tag","embeddable":true,"href":"https:\/\/www.article-marketing.eu\/comunicatistampa\/wp-json\/wp\/v2\/tags?post=3605"}],"curies":[{"name":"wp","href":"https:\/\/api.w.org\/{rel}","templated":true}]}}