{"id":3613,"date":"2017-06-22T17:54:43","date_gmt":"2017-06-22T15:54:43","guid":{"rendered":"http:\/\/www.article-marketing.eu\/comunicatistampa\/?p=3613"},"modified":"2017-06-22T17:54:43","modified_gmt":"2017-06-22T15:54:43","slug":"ceapp-il-rifacimento-di-via-dei-fori-imperiali-a-roma","status":"publish","type":"post","link":"https:\/\/www.article-marketing.eu\/comunicatistampa\/ceapp-il-rifacimento-di-via-dei-fori-imperiali-a-roma\/","title":{"rendered":"CEAPP \u2013 Il rifacimento di Via dei Fori imperiali a Roma"},"content":{"rendered":"<p><img decoding=\"async\" style=\"margin-right: 10px; width: 250px; height: 300px; float: left;\" title=\"CEAPP Rifacimento Via dei Fori Imperiali Roma\" src=\"http:\/\/aldoludovisi.com\/wp-content\/uploads\/2017\/04\/Fori-Imperiali-Evidenza.jpg\" alt=\"CEAPP Rifacimento Via dei Fori Imperiali Roma\" \/>La <strong>CEAPP<\/strong> si \u00e8 occupata della cantierizzazione (risorse e logistica di cantiere) di fare le corre in cemento armato e della viabilit\u00e0 e del convogliamento delle acque reflue di <strong>Via dei Fori Imperiali a Roma<\/strong>.<\/p>\n<p>Quella della <strong>cantierizzazione<\/strong> \u00e8 un\u2019attivit\u00e0 che deve essere effettuata sulla base di un progetto preciso che porter\u00e0 alla realizzazione degli impianti e delle installazioni necessarie per realizzare un\u2019opera. Per progettazione della cantierizzazione si intende lo studio preciso delle diverse fasi. Queste fasi vanno dall&#8217;organizzazione del cantiere alle installazioni temporanee, senza dimenticare le vie di accesso ed il trasporto di materiali e rifiuti, garantendo sempre la massima sicurezza degli operatori ed il minimo impatto ambientale.<\/p>\n<p>Secondo il D.lgs n. 152\/06 e ss.mm.ii. (art. 74), le <strong>acque reflue<\/strong> sono cos\u00ec definite.<\/p>\n<blockquote><p>Acque reflue urbane: il miscuglio di acque reflue domestiche, di acque reflue industriali, e\/o di quelle cosiddette di ruscellamento (meteoriche di dilavamento, acque di lavaggio delle strade, ecc.) convogliate in reti fognarie, anche separate, e provenienti da agglomerato; le acque di ruscellamento contengono varie sostanze microinquinanti, quali idrocarburi, pesticidi, detergenti, detriti di gomma.<\/p><\/blockquote>\n<p>Sul sito di<strong> Aldo Ludovisi<\/strong> troverete una <a href=\"http:\/\/aldoludovisi.com\/2017\/04\/il-rifacimento-di-via-dei-fori-imperiali-a-roma\/\" target=\"_blank\" rel=\"noopener\">breve gallery<\/a> delle foto del cantiere relativo ai lavori di rifacimento di via dei Fori Imperiali in pieno centro storico a Roma.<\/p>\n<p>Tutti i progetti ed i relativi cantieri, naturalmente questo non fa eccezione, vengono realizzati sulla base del presupposto fondamentale di condizioni di lavoro sicure che vengono continuamente migliorate. Materiali, attrezzatura ed equipaggiamento personale sono di alta qualit\u00e0 proprio per garantire il pi\u00f9 alto livello di sicurezza possibile ad ogni operatore di tutti i cantieri.<\/p>\n<p>La <strong>CEAPP di Aldo Ludovisi<\/strong> \u00e8 stata inserita nell&#8217;elenco delle imprese di fiducia dell\u2019azienda ASTRAL S.P.A. dal luglio 2007.<\/p>\n<p>Nel corso dei nostri lavori abbiamo anche avuto bellissime sorprese come il ritrovamento di rovine romane nel corso degli scavi per la <strong>Metro C di Roma<\/strong>.<\/p>\n","protected":false},"excerpt":{"rendered":"<p>La CEAPP si \u00e8 occupata della cantierizzazione (risorse e logistica di cantiere) di fare le corre in cemento armato e della viabilit\u00e0 e del convogliamento delle acque reflue di Via dei Fori Imperiali a Roma. Quella della cantierizzazione \u00e8 un\u2019attivit\u00e0 che deve essere effettuata sulla base di un progetto preciso che porter\u00e0 alla realizzazione degli impianti e delle installazioni necessarie per realizzare un\u2019opera. Per progettazione della cantierizzazione si intende lo<\/p>\n<p><a class=\"continue-reading\" href=\"https:\/\/www.article-marketing.eu\/comunicatistampa\/ceapp-il-rifacimento-di-via-dei-fori-imperiali-a-roma\/\">Continue reading&#8230;<\/a><\/p>\n","protected":false},"author":435,"featured_media":0,"comment_status":"open","ping_status":"open","sticky":false,"template":"","format":"standard","meta":{"_monsterinsights_skip_tracking":false,"_monsterinsights_sitenote_active":false,"_monsterinsights_sitenote_note":"","_monsterinsights_sitenote_category":0,"footnotes":""},"categories":[415,78,367,394],"tags":[1882,1881,1920,732],"class_list":["post-3613","post","type-post","status-publish","format-standard","hentry","category-architecture","category-comunicati-stampa","category-news-e-attualita","category-servizi","tag-aldo-ludovisi","tag-ceapp","tag-rifacimento-via-dei-fori-imperiali","tag-roma"],"yoast_head":"<!-- This site is optimized with the Yoast SEO plugin v27.3 - https:\/\/yoast.com\/product\/yoast-seo-wordpress\/ -->\n<title>CEAPP \u2013 Il rifacimento di Via dei Fori imperiali a Roma - Article Marketing<\/title>\n<meta name=\"robots\" content=\"index, follow, max-snippet:-1, max-image-preview:large, max-video-preview:-1\" \/>\n<link rel=\"canonical\" href=\"https:\/\/www.article-marketing.eu\/comunicatistampa\/ceapp-il-rifacimento-di-via-dei-fori-imperiali-a-roma\/\" \/>\n<meta property=\"og:locale\" content=\"it_IT\" \/>\n<meta property=\"og:type\" content=\"article\" \/>\n<meta property=\"og:title\" content=\"CEAPP \u2013 Il rifacimento di Via dei Fori imperiali a Roma - Article Marketing\" \/>\n<meta property=\"og:description\" content=\"La CEAPP si \u00e8 occupata della cantierizzazione (risorse e logistica di cantiere) di fare le corre in cemento armato e della viabilit\u00e0 e del convogliamento delle acque reflue di Via dei Fori Imperiali a Roma. Quella della cantierizzazione \u00e8 un\u2019attivit\u00e0 che deve essere effettuata sulla base di un progetto preciso che porter\u00e0 alla realizzazione degli impianti e delle installazioni necessarie per realizzare un\u2019opera. Per progettazione della cantierizzazione si intende loContinue reading...\" \/>\n<meta property=\"og:url\" content=\"https:\/\/www.article-marketing.eu\/comunicatistampa\/ceapp-il-rifacimento-di-via-dei-fori-imperiali-a-roma\/\" \/>\n<meta property=\"og:site_name\" content=\"Article Marketing\" \/>\n<meta property=\"article:published_time\" content=\"2017-06-22T15:54:43+00:00\" \/>\n<meta property=\"og:image\" content=\"http:\/\/aldoludovisi.com\/wp-content\/uploads\/2017\/04\/Fori-Imperiali-Evidenza.jpg\" \/>\n<meta name=\"author\" content=\"Luana Rodriquez\" \/>\n<meta name=\"twitter:card\" content=\"summary_large_image\" \/>\n<meta name=\"twitter:label1\" content=\"Scritto da\" \/>\n\t<meta name=\"twitter:data1\" content=\"Luana Rodriquez\" \/>\n\t<meta name=\"twitter:label2\" content=\"Tempo di lettura stimato\" \/>\n\t<meta name=\"twitter:data2\" content=\"2 minuti\" \/>\n<script type=\"application\/ld+json\" class=\"yoast-schema-graph\">{\"@context\":\"https:\\\/\\\/schema.org\",\"@graph\":[{\"@type\":\"Article\",\"@id\":\"https:\\\/\\\/www.article-marketing.eu\\\/comunicatistampa\\\/ceapp-il-rifacimento-di-via-dei-fori-imperiali-a-roma\\\/#article\",\"isPartOf\":{\"@id\":\"https:\\\/\\\/www.article-marketing.eu\\\/comunicatistampa\\\/ceapp-il-rifacimento-di-via-dei-fori-imperiali-a-roma\\\/\"},\"author\":{\"name\":\"Luana Rodriquez\",\"@id\":\"https:\\\/\\\/www.article-marketing.eu\\\/comunicatistampa\\\/#\\\/schema\\\/person\\\/67b9d876cf04a6aea35ffcce651ef339\"},\"headline\":\"CEAPP \u2013 Il rifacimento di Via dei Fori imperiali a Roma\",\"datePublished\":\"2017-06-22T15:54:43+00:00\",\"mainEntityOfPage\":{\"@id\":\"https:\\\/\\\/www.article-marketing.eu\\\/comunicatistampa\\\/ceapp-il-rifacimento-di-via-dei-fori-imperiali-a-roma\\\/\"},\"wordCount\":318,\"commentCount\":0,\"image\":{\"@id\":\"https:\\\/\\\/www.article-marketing.eu\\\/comunicatistampa\\\/ceapp-il-rifacimento-di-via-dei-fori-imperiali-a-roma\\\/#primaryimage\"},\"thumbnailUrl\":\"http:\\\/\\\/aldoludovisi.com\\\/wp-content\\\/uploads\\\/2017\\\/04\\\/Fori-Imperiali-Evidenza.jpg\",\"keywords\":[\"Aldo Ludovisi\",\"CEAPP\",\"rifacimento Via dei Fori Imperiali\",\"Roma\"],\"articleSection\":[\"Architecture\",\"Comunicati stampa\",\"News e Attualit\u00e0\",\"Servizi\"],\"inLanguage\":\"it-IT\",\"potentialAction\":[{\"@type\":\"CommentAction\",\"name\":\"Comment\",\"target\":[\"https:\\\/\\\/www.article-marketing.eu\\\/comunicatistampa\\\/ceapp-il-rifacimento-di-via-dei-fori-imperiali-a-roma\\\/#respond\"]}]},{\"@type\":\"WebPage\",\"@id\":\"https:\\\/\\\/www.article-marketing.eu\\\/comunicatistampa\\\/ceapp-il-rifacimento-di-via-dei-fori-imperiali-a-roma\\\/\",\"url\":\"https:\\\/\\\/www.article-marketing.eu\\\/comunicatistampa\\\/ceapp-il-rifacimento-di-via-dei-fori-imperiali-a-roma\\\/\",\"name\":\"CEAPP \u2013 Il rifacimento di Via dei Fori imperiali a Roma - Article Marketing\",\"isPartOf\":{\"@id\":\"https:\\\/\\\/www.article-marketing.eu\\\/comunicatistampa\\\/#website\"},\"primaryImageOfPage\":{\"@id\":\"https:\\\/\\\/www.article-marketing.eu\\\/comunicatistampa\\\/ceapp-il-rifacimento-di-via-dei-fori-imperiali-a-roma\\\/#primaryimage\"},\"image\":{\"@id\":\"https:\\\/\\\/www.article-marketing.eu\\\/comunicatistampa\\\/ceapp-il-rifacimento-di-via-dei-fori-imperiali-a-roma\\\/#primaryimage\"},\"thumbnailUrl\":\"http:\\\/\\\/aldoludovisi.com\\\/wp-content\\\/uploads\\\/2017\\\/04\\\/Fori-Imperiali-Evidenza.jpg\",\"datePublished\":\"2017-06-22T15:54:43+00:00\",\"author\":{\"@id\":\"https:\\\/\\\/www.article-marketing.eu\\\/comunicatistampa\\\/#\\\/schema\\\/person\\\/67b9d876cf04a6aea35ffcce651ef339\"},\"breadcrumb\":{\"@id\":\"https:\\\/\\\/www.article-marketing.eu\\\/comunicatistampa\\\/ceapp-il-rifacimento-di-via-dei-fori-imperiali-a-roma\\\/#breadcrumb\"},\"inLanguage\":\"it-IT\",\"potentialAction\":[{\"@type\":\"ReadAction\",\"target\":[\"https:\\\/\\\/www.article-marketing.eu\\\/comunicatistampa\\\/ceapp-il-rifacimento-di-via-dei-fori-imperiali-a-roma\\\/\"]}]},{\"@type\":\"ImageObject\",\"inLanguage\":\"it-IT\",\"@id\":\"https:\\\/\\\/www.article-marketing.eu\\\/comunicatistampa\\\/ceapp-il-rifacimento-di-via-dei-fori-imperiali-a-roma\\\/#primaryimage\",\"url\":\"http:\\\/\\\/aldoludovisi.com\\\/wp-content\\\/uploads\\\/2017\\\/04\\\/Fori-Imperiali-Evidenza.jpg\",\"contentUrl\":\"http:\\\/\\\/aldoludovisi.com\\\/wp-content\\\/uploads\\\/2017\\\/04\\\/Fori-Imperiali-Evidenza.jpg\"},{\"@type\":\"BreadcrumbList\",\"@id\":\"https:\\\/\\\/www.article-marketing.eu\\\/comunicatistampa\\\/ceapp-il-rifacimento-di-via-dei-fori-imperiali-a-roma\\\/#breadcrumb\",\"itemListElement\":[{\"@type\":\"ListItem\",\"position\":1,\"name\":\"Home\",\"item\":\"https:\\\/\\\/www.article-marketing.eu\\\/comunicatistampa\\\/\"},{\"@type\":\"ListItem\",\"position\":2,\"name\":\"CEAPP \u2013 Il rifacimento di Via dei Fori imperiali a Roma\"}]},{\"@type\":\"WebSite\",\"@id\":\"https:\\\/\\\/www.article-marketing.eu\\\/comunicatistampa\\\/#website\",\"url\":\"https:\\\/\\\/www.article-marketing.eu\\\/comunicatistampa\\\/\",\"name\":\"Article Marketing\",\"description\":\"article marketing &amp; press release\",\"potentialAction\":[{\"@type\":\"SearchAction\",\"target\":{\"@type\":\"EntryPoint\",\"urlTemplate\":\"https:\\\/\\\/www.article-marketing.eu\\\/comunicatistampa\\\/?s={search_term_string}\"},\"query-input\":{\"@type\":\"PropertyValueSpecification\",\"valueRequired\":true,\"valueName\":\"search_term_string\"}}],\"inLanguage\":\"it-IT\"},{\"@type\":\"Person\",\"@id\":\"https:\\\/\\\/www.article-marketing.eu\\\/comunicatistampa\\\/#\\\/schema\\\/person\\\/67b9d876cf04a6aea35ffcce651ef339\",\"name\":\"Luana Rodriquez\",\"image\":{\"@type\":\"ImageObject\",\"inLanguage\":\"it-IT\",\"@id\":\"https:\\\/\\\/secure.gravatar.com\\\/avatar\\\/4d6f01c2b801ceb77925d08fa4261486f8a3f51437eae4f4791f40485a201af1?s=96&d=mm&r=g\",\"url\":\"https:\\\/\\\/secure.gravatar.com\\\/avatar\\\/4d6f01c2b801ceb77925d08fa4261486f8a3f51437eae4f4791f40485a201af1?s=96&d=mm&r=g\",\"contentUrl\":\"https:\\\/\\\/secure.gravatar.com\\\/avatar\\\/4d6f01c2b801ceb77925d08fa4261486f8a3f51437eae4f4791f40485a201af1?s=96&d=mm&r=g\",\"caption\":\"Luana Rodriquez\"},\"url\":\"https:\\\/\\\/www.article-marketing.eu\\\/comunicatistampa\\\/author\\\/luana-rodriquez\\\/\"}]}<\/script>\n<!-- \/ Yoast SEO plugin. -->","yoast_head_json":{"title":"CEAPP \u2013 Il rifacimento di Via dei Fori imperiali a Roma - Article Marketing","robots":{"index":"index","follow":"follow","max-snippet":"max-snippet:-1","max-image-preview":"max-image-preview:large","max-video-preview":"max-video-preview:-1"},"canonical":"https:\/\/www.article-marketing.eu\/comunicatistampa\/ceapp-il-rifacimento-di-via-dei-fori-imperiali-a-roma\/","og_locale":"it_IT","og_type":"article","og_title":"CEAPP \u2013 Il rifacimento di Via dei Fori imperiali a Roma - Article Marketing","og_description":"La CEAPP si \u00e8 occupata della cantierizzazione (risorse e logistica di cantiere) di fare le corre in cemento armato e della viabilit\u00e0 e del convogliamento delle acque reflue di Via dei Fori Imperiali a Roma. Quella della cantierizzazione \u00e8 un\u2019attivit\u00e0 che deve essere effettuata sulla base di un progetto preciso che porter\u00e0 alla realizzazione degli impianti e delle installazioni necessarie per realizzare un\u2019opera. Per progettazione della cantierizzazione si intende loContinue reading...","og_url":"https:\/\/www.article-marketing.eu\/comunicatistampa\/ceapp-il-rifacimento-di-via-dei-fori-imperiali-a-roma\/","og_site_name":"Article Marketing","article_published_time":"2017-06-22T15:54:43+00:00","og_image":[{"url":"http:\/\/aldoludovisi.com\/wp-content\/uploads\/2017\/04\/Fori-Imperiali-Evidenza.jpg","type":"","width":"","height":""}],"author":"Luana Rodriquez","twitter_card":"summary_large_image","twitter_misc":{"Scritto da":"Luana Rodriquez","Tempo di lettura stimato":"2 minuti"},"schema":{"@context":"https:\/\/schema.org","@graph":[{"@type":"Article","@id":"https:\/\/www.article-marketing.eu\/comunicatistampa\/ceapp-il-rifacimento-di-via-dei-fori-imperiali-a-roma\/#article","isPartOf":{"@id":"https:\/\/www.article-marketing.eu\/comunicatistampa\/ceapp-il-rifacimento-di-via-dei-fori-imperiali-a-roma\/"},"author":{"name":"Luana Rodriquez","@id":"https:\/\/www.article-marketing.eu\/comunicatistampa\/#\/schema\/person\/67b9d876cf04a6aea35ffcce651ef339"},"headline":"CEAPP \u2013 Il rifacimento di Via dei Fori imperiali a Roma","datePublished":"2017-06-22T15:54:43+00:00","mainEntityOfPage":{"@id":"https:\/\/www.article-marketing.eu\/comunicatistampa\/ceapp-il-rifacimento-di-via-dei-fori-imperiali-a-roma\/"},"wordCount":318,"commentCount":0,"image":{"@id":"https:\/\/www.article-marketing.eu\/comunicatistampa\/ceapp-il-rifacimento-di-via-dei-fori-imperiali-a-roma\/#primaryimage"},"thumbnailUrl":"http:\/\/aldoludovisi.com\/wp-content\/uploads\/2017\/04\/Fori-Imperiali-Evidenza.jpg","keywords":["Aldo Ludovisi","CEAPP","rifacimento Via dei Fori Imperiali","Roma"],"articleSection":["Architecture","Comunicati stampa","News e Attualit\u00e0","Servizi"],"inLanguage":"it-IT","potentialAction":[{"@type":"CommentAction","name":"Comment","target":["https:\/\/www.article-marketing.eu\/comunicatistampa\/ceapp-il-rifacimento-di-via-dei-fori-imperiali-a-roma\/#respond"]}]},{"@type":"WebPage","@id":"https:\/\/www.article-marketing.eu\/comunicatistampa\/ceapp-il-rifacimento-di-via-dei-fori-imperiali-a-roma\/","url":"https:\/\/www.article-marketing.eu\/comunicatistampa\/ceapp-il-rifacimento-di-via-dei-fori-imperiali-a-roma\/","name":"CEAPP \u2013 Il rifacimento di Via dei Fori imperiali a Roma - Article Marketing","isPartOf":{"@id":"https:\/\/www.article-marketing.eu\/comunicatistampa\/#website"},"primaryImageOfPage":{"@id":"https:\/\/www.article-marketing.eu\/comunicatistampa\/ceapp-il-rifacimento-di-via-dei-fori-imperiali-a-roma\/#primaryimage"},"image":{"@id":"https:\/\/www.article-marketing.eu\/comunicatistampa\/ceapp-il-rifacimento-di-via-dei-fori-imperiali-a-roma\/#primaryimage"},"thumbnailUrl":"http:\/\/aldoludovisi.com\/wp-content\/uploads\/2017\/04\/Fori-Imperiali-Evidenza.jpg","datePublished":"2017-06-22T15:54:43+00:00","author":{"@id":"https:\/\/www.article-marketing.eu\/comunicatistampa\/#\/schema\/person\/67b9d876cf04a6aea35ffcce651ef339"},"breadcrumb":{"@id":"https:\/\/www.article-marketing.eu\/comunicatistampa\/ceapp-il-rifacimento-di-via-dei-fori-imperiali-a-roma\/#breadcrumb"},"inLanguage":"it-IT","potentialAction":[{"@type":"ReadAction","target":["https:\/\/www.article-marketing.eu\/comunicatistampa\/ceapp-il-rifacimento-di-via-dei-fori-imperiali-a-roma\/"]}]},{"@type":"ImageObject","inLanguage":"it-IT","@id":"https:\/\/www.article-marketing.eu\/comunicatistampa\/ceapp-il-rifacimento-di-via-dei-fori-imperiali-a-roma\/#primaryimage","url":"http:\/\/aldoludovisi.com\/wp-content\/uploads\/2017\/04\/Fori-Imperiali-Evidenza.jpg","contentUrl":"http:\/\/aldoludovisi.com\/wp-content\/uploads\/2017\/04\/Fori-Imperiali-Evidenza.jpg"},{"@type":"BreadcrumbList","@id":"https:\/\/www.article-marketing.eu\/comunicatistampa\/ceapp-il-rifacimento-di-via-dei-fori-imperiali-a-roma\/#breadcrumb","itemListElement":[{"@type":"ListItem","position":1,"name":"Home","item":"https:\/\/www.article-marketing.eu\/comunicatistampa\/"},{"@type":"ListItem","position":2,"name":"CEAPP \u2013 Il rifacimento di Via dei Fori imperiali a Roma"}]},{"@type":"WebSite","@id":"https:\/\/www.article-marketing.eu\/comunicatistampa\/#website","url":"https:\/\/www.article-marketing.eu\/comunicatistampa\/","name":"Article Marketing","description":"article marketing &amp; press release","potentialAction":[{"@type":"SearchAction","target":{"@type":"EntryPoint","urlTemplate":"https:\/\/www.article-marketing.eu\/comunicatistampa\/?s={search_term_string}"},"query-input":{"@type":"PropertyValueSpecification","valueRequired":true,"valueName":"search_term_string"}}],"inLanguage":"it-IT"},{"@type":"Person","@id":"https:\/\/www.article-marketing.eu\/comunicatistampa\/#\/schema\/person\/67b9d876cf04a6aea35ffcce651ef339","name":"Luana Rodriquez","image":{"@type":"ImageObject","inLanguage":"it-IT","@id":"https:\/\/secure.gravatar.com\/avatar\/4d6f01c2b801ceb77925d08fa4261486f8a3f51437eae4f4791f40485a201af1?s=96&d=mm&r=g","url":"https:\/\/secure.gravatar.com\/avatar\/4d6f01c2b801ceb77925d08fa4261486f8a3f51437eae4f4791f40485a201af1?s=96&d=mm&r=g","contentUrl":"https:\/\/secure.gravatar.com\/avatar\/4d6f01c2b801ceb77925d08fa4261486f8a3f51437eae4f4791f40485a201af1?s=96&d=mm&r=g","caption":"Luana Rodriquez"},"url":"https:\/\/www.article-marketing.eu\/comunicatistampa\/author\/luana-rodriquez\/"}]}},"_links":{"self":[{"href":"https:\/\/www.article-marketing.eu\/comunicatistampa\/wp-json\/wp\/v2\/posts\/3613","targetHints":{"allow":["GET"]}}],"collection":[{"href":"https:\/\/www.article-marketing.eu\/comunicatistampa\/wp-json\/wp\/v2\/posts"}],"about":[{"href":"https:\/\/www.article-marketing.eu\/comunicatistampa\/wp-json\/wp\/v2\/types\/post"}],"author":[{"embeddable":true,"href":"https:\/\/www.article-marketing.eu\/comunicatistampa\/wp-json\/wp\/v2\/users\/435"}],"replies":[{"embeddable":true,"href":"https:\/\/www.article-marketing.eu\/comunicatistampa\/wp-json\/wp\/v2\/comments?post=3613"}],"version-history":[{"count":11,"href":"https:\/\/www.article-marketing.eu\/comunicatistampa\/wp-json\/wp\/v2\/posts\/3613\/revisions"}],"predecessor-version":[{"id":3645,"href":"https:\/\/www.article-marketing.eu\/comunicatistampa\/wp-json\/wp\/v2\/posts\/3613\/revisions\/3645"}],"wp:attachment":[{"href":"https:\/\/www.article-marketing.eu\/comunicatistampa\/wp-json\/wp\/v2\/media?parent=3613"}],"wp:term":[{"taxonomy":"category","embeddable":true,"href":"https:\/\/www.article-marketing.eu\/comunicatistampa\/wp-json\/wp\/v2\/categories?post=3613"},{"taxonomy":"post_tag","embeddable":true,"href":"https:\/\/www.article-marketing.eu\/comunicatistampa\/wp-json\/wp\/v2\/tags?post=3613"}],"curies":[{"name":"wp","href":"https:\/\/api.w.org\/{rel}","templated":true}]}}