{"id":3829,"date":"2017-06-30T11:48:42","date_gmt":"2017-06-30T09:48:42","guid":{"rendered":"http:\/\/www.article-marketing.eu\/comunicatistampa\/?p=3829"},"modified":"2020-08-10T01:48:05","modified_gmt":"2020-08-09T23:48:05","slug":"torino-fantastica-un-ordine-di-dei-oscuri-sconvolge-il-destino-della-citta","status":"publish","type":"post","link":"https:\/\/www.article-marketing.eu\/comunicatistampa\/torino-fantastica-un-ordine-di-dei-oscuri-sconvolge-il-destino-della-citta\/","title":{"rendered":"Torino fantastica: un ordine di d\u00e8i oscuri sconvolge il destino della citt\u00e0"},"content":{"rendered":"<p><em>Il cantante e scrittore ligure Federico Carro torna in libreria con un fantasy dalle vicende imprevedibili, ambientato nella citt\u00e0 magica <\/em><\/p>\n<p>Dopo il successo del libro <em>Il segreto del verziere<\/em>, il cantante e scrittore ligure Federico Carro torna in libreria con <em>Il re della luce: l\u2019ordine degli d\u00e8i oscuri (18,00 \u20ac, Youcanprint)<\/em>, una storia fantasy romantica e avventurosa ambientata durante la Prima Crociata per conquistare Gerusalemme, il cui protagonista \u00e8 un crociato di nome Fedrick.<\/p>\n<p>Raggiunto in segreto il Santo Sepolcro, egli trova una misteriosa pietra verde che si rompe cadendo a terra, e libera una malvagia entit\u00e0 dai poteri demoniaci. Fedrick finisce cos\u00ec in un mondo parallelo, e decide di abbandonare la battaglia per raggiungere a Torino Eleonor, la ragazza di cui \u00e8 innamorato. Non sa ancora che questa \u00e8 la capitale di un impero proibito, fulcro di tutto il male che si cela nel mondo, e a nessuno, nemmeno agli d\u00e8i, \u00e8 concesso entrarvi senza l\u2019autorizzazione di chi la governa. Ma soprattutto, una volta dentro non \u00e8 pi\u00f9 possibile uscire.<\/p>\n<p>Interessante e originale la scelta di Carro di ambientare la storia nel capoluogo piemontese, invece della solita foresta del terrore o landa dei draghi. Si dice infatti che Torino sia uno dei vertici del triangolo della magia bianca, assieme a Praga e Lione. Per questo \u00e8 considerata una citt\u00e0 magica, misteriosa ed esoterica fin dalla notte dei tempi. Il luogo perfetto dove trasformare l\u2019energia malvagia delle oscure divinit\u00e0 nel vero amore che lega le anime di Fedrick ed Eleonor.<\/p>\n<p>Avvisato dei pericoli, Fedrick decide comunque di tentarla, assieme ad altri valorosi personaggi, inoltrandosi in luoghi pieni di insidie ed esseri maligni, boschi incantati, muri di rovi, tempeste, nebbia e incantesimi.<\/p>\n<p>Riuscir\u00e0 il cavaliere, in nome del suo potente amore, a sfidare l\u2019ordine degli d\u00e8i oscuri che governa il mondo e a entrare nell\u2019impero proibito per riunirsi a Eleonor? Che cosa vogliono gli d\u00e8i oscuri dagli uomini? Chi \u00e8 realmente la creatura rinchiusa nella pietra del Santo Sepolcro?<\/p>\n<p><em>Il re della luce: l\u2019ordine degli d\u00e8i oscuri<\/em> \u00e8 il primo romanzo di una trilogia fantasy che catapulta il lettore in un mondo dominato dal male e dall\u2019odio, dove un eroe \u00e8 pronto a rischiare la vita per riabbracciare la sua amata, nella pi\u00f9 pura tradizione cavalleresca. Con lo stile aulico e raffinato che lo caratterizza, a tratti venato di ironia, Federico Carro dedica l\u2019opera \u00aba tutti coloro che non vogliono rinunciare all\u2019amore con un pizzico di fantasia\u00bb.<\/p>\n<p>Il libro \u00e8 disponibile su <a href=\"http:\/\/www.amazon.com\/\">www.amazon.com<\/a>, <a href=\"http:\/\/www.youcanprint.it\/\">www.youcanprint.it<\/a>, <a href=\"http:\/\/www.federicocarro.com\/\">www.federicocarro.com<\/a> e nelle migliori librerie.<\/p>\n<p><strong>Federico Carro<\/strong>, classe 1991, vive a La Spezia. Artista poliedrico, oltre a scrivere romanzi fantasy\u00a0 \u00e8 appassionato di musica pop, blues e jazz, che fonde nelle sue opere musicali originali. Nel 2015 pubblica <em>Il segreto del verziere <\/em>(Arduino Sacco Editore). <em>Il re della luce: l\u2019ordine degli d\u00e8i oscuri <\/em>\u00e8 il suo secondo libro.<\/p>\n<p><strong>Ufficio stampa<\/strong><\/p>\n<p><strong>Giro di Parole \u2013 divisione di Metaphor<\/strong><\/p>\n<p><strong>Tel. 02 30910986 <\/strong><\/p>\n<p><strong>media@girodiparole.it<\/strong><\/p>\n<p>&nbsp;<\/p>\n<p><strong>Youcanprint Self-Publishing<\/strong><\/p>\n<p><strong>www.youcanprint.it<\/strong><\/p>\n<p><strong>info@youcanprint.it<\/strong><\/p>\n<p><strong>\u00a0<\/strong><\/p>\n<p><strong>\u00a0<\/strong><\/p>\n","protected":false},"excerpt":{"rendered":"<p>Il cantante e scrittore ligure Federico Carro torna in libreria con un fantasy dalle vicende imprevedibili, ambientato nella citt\u00e0 magica Dopo il successo del libro Il segreto del verziere, il cantante e scrittore ligure Federico Carro torna in libreria con Il re della luce: l\u2019ordine degli d\u00e8i oscuri (18,00 \u20ac, Youcanprint), una storia fantasy romantica e avventurosa ambientata durante la Prima Crociata per conquistare Gerusalemme, il cui protagonista \u00e8 un<\/p>\n<p><a class=\"continue-reading\" href=\"https:\/\/www.article-marketing.eu\/comunicatistampa\/torino-fantastica-un-ordine-di-dei-oscuri-sconvolge-il-destino-della-citta\/\">Continue reading&#8230;<\/a><\/p>\n","protected":false},"author":459,"featured_media":0,"comment_status":"open","ping_status":"open","sticky":false,"template":"","format":"standard","meta":{"_monsterinsights_skip_tracking":false,"_monsterinsights_sitenote_active":false,"_monsterinsights_sitenote_note":"","_monsterinsights_sitenote_category":0,"footnotes":""},"categories":[407],"tags":[2004,2000,2002,2001,2003,48],"class_list":["post-3829","post","type-post","status-publish","format-standard","hentry","category-arte-e-cultura","tag-esoterismo","tag-fantasy","tag-incantesimi","tag-magia","tag-misteri","tag-torino"],"yoast_head":"<!-- This site is optimized with the Yoast SEO plugin v27.3 - https:\/\/yoast.com\/product\/yoast-seo-wordpress\/ -->\n<title>Torino fantastica: un ordine di d\u00e8i oscuri sconvolge il destino della citt\u00e0 - Article Marketing<\/title>\n<meta name=\"robots\" content=\"index, follow, max-snippet:-1, max-image-preview:large, max-video-preview:-1\" \/>\n<link rel=\"canonical\" href=\"https:\/\/www.article-marketing.eu\/comunicatistampa\/torino-fantastica-un-ordine-di-dei-oscuri-sconvolge-il-destino-della-citta\/\" \/>\n<meta property=\"og:locale\" content=\"it_IT\" \/>\n<meta property=\"og:type\" content=\"article\" \/>\n<meta property=\"og:title\" content=\"Torino fantastica: un ordine di d\u00e8i oscuri sconvolge il destino della citt\u00e0 - Article Marketing\" \/>\n<meta property=\"og:description\" content=\"Il cantante e scrittore ligure Federico Carro torna in libreria con un fantasy dalle vicende imprevedibili, ambientato nella citt\u00e0 magica Dopo il successo del libro Il segreto del verziere, il cantante e scrittore ligure Federico Carro torna in libreria con Il re della luce: l\u2019ordine degli d\u00e8i oscuri (18,00 \u20ac, Youcanprint), una storia fantasy romantica e avventurosa ambientata durante la Prima Crociata per conquistare Gerusalemme, il cui protagonista \u00e8 unContinue reading...\" \/>\n<meta property=\"og:url\" content=\"https:\/\/www.article-marketing.eu\/comunicatistampa\/torino-fantastica-un-ordine-di-dei-oscuri-sconvolge-il-destino-della-citta\/\" \/>\n<meta property=\"og:site_name\" content=\"Article Marketing\" \/>\n<meta property=\"article:published_time\" content=\"2017-06-30T09:48:42+00:00\" \/>\n<meta property=\"article:modified_time\" content=\"2020-08-09T23:48:05+00:00\" \/>\n<meta name=\"author\" content=\"Giro di Parole\" \/>\n<meta name=\"twitter:card\" content=\"summary_large_image\" \/>\n<meta name=\"twitter:label1\" content=\"Scritto da\" \/>\n\t<meta name=\"twitter:data1\" content=\"Giro di Parole\" \/>\n\t<meta name=\"twitter:label2\" content=\"Tempo di lettura stimato\" \/>\n\t<meta name=\"twitter:data2\" content=\"2 minuti\" \/>\n<script type=\"application\/ld+json\" class=\"yoast-schema-graph\">{\"@context\":\"https:\\\/\\\/schema.org\",\"@graph\":[{\"@type\":\"Article\",\"@id\":\"https:\\\/\\\/www.article-marketing.eu\\\/comunicatistampa\\\/torino-fantastica-un-ordine-di-dei-oscuri-sconvolge-il-destino-della-citta\\\/#article\",\"isPartOf\":{\"@id\":\"https:\\\/\\\/www.article-marketing.eu\\\/comunicatistampa\\\/torino-fantastica-un-ordine-di-dei-oscuri-sconvolge-il-destino-della-citta\\\/\"},\"author\":{\"name\":\"Giro di Parole\",\"@id\":\"https:\\\/\\\/www.article-marketing.eu\\\/comunicatistampa\\\/#\\\/schema\\\/person\\\/513de347c95f2e2b895280f7e2177684\"},\"headline\":\"Torino fantastica: un ordine di d\u00e8i oscuri sconvolge il destino della citt\u00e0\",\"datePublished\":\"2017-06-30T09:48:42+00:00\",\"dateModified\":\"2020-08-09T23:48:05+00:00\",\"mainEntityOfPage\":{\"@id\":\"https:\\\/\\\/www.article-marketing.eu\\\/comunicatistampa\\\/torino-fantastica-un-ordine-di-dei-oscuri-sconvolge-il-destino-della-citta\\\/\"},\"wordCount\":511,\"commentCount\":0,\"keywords\":[\"esoterismo\",\"fantasy\",\"incantesimi\",\"magia\",\"misteri\",\"torino\"],\"articleSection\":[\"Arte e cultura\"],\"inLanguage\":\"it-IT\",\"potentialAction\":[{\"@type\":\"CommentAction\",\"name\":\"Comment\",\"target\":[\"https:\\\/\\\/www.article-marketing.eu\\\/comunicatistampa\\\/torino-fantastica-un-ordine-di-dei-oscuri-sconvolge-il-destino-della-citta\\\/#respond\"]}]},{\"@type\":\"WebPage\",\"@id\":\"https:\\\/\\\/www.article-marketing.eu\\\/comunicatistampa\\\/torino-fantastica-un-ordine-di-dei-oscuri-sconvolge-il-destino-della-citta\\\/\",\"url\":\"https:\\\/\\\/www.article-marketing.eu\\\/comunicatistampa\\\/torino-fantastica-un-ordine-di-dei-oscuri-sconvolge-il-destino-della-citta\\\/\",\"name\":\"Torino fantastica: un ordine di d\u00e8i oscuri sconvolge il destino della citt\u00e0 - Article Marketing\",\"isPartOf\":{\"@id\":\"https:\\\/\\\/www.article-marketing.eu\\\/comunicatistampa\\\/#website\"},\"datePublished\":\"2017-06-30T09:48:42+00:00\",\"dateModified\":\"2020-08-09T23:48:05+00:00\",\"author\":{\"@id\":\"https:\\\/\\\/www.article-marketing.eu\\\/comunicatistampa\\\/#\\\/schema\\\/person\\\/513de347c95f2e2b895280f7e2177684\"},\"breadcrumb\":{\"@id\":\"https:\\\/\\\/www.article-marketing.eu\\\/comunicatistampa\\\/torino-fantastica-un-ordine-di-dei-oscuri-sconvolge-il-destino-della-citta\\\/#breadcrumb\"},\"inLanguage\":\"it-IT\",\"potentialAction\":[{\"@type\":\"ReadAction\",\"target\":[\"https:\\\/\\\/www.article-marketing.eu\\\/comunicatistampa\\\/torino-fantastica-un-ordine-di-dei-oscuri-sconvolge-il-destino-della-citta\\\/\"]}]},{\"@type\":\"BreadcrumbList\",\"@id\":\"https:\\\/\\\/www.article-marketing.eu\\\/comunicatistampa\\\/torino-fantastica-un-ordine-di-dei-oscuri-sconvolge-il-destino-della-citta\\\/#breadcrumb\",\"itemListElement\":[{\"@type\":\"ListItem\",\"position\":1,\"name\":\"Home\",\"item\":\"https:\\\/\\\/www.article-marketing.eu\\\/comunicatistampa\\\/\"},{\"@type\":\"ListItem\",\"position\":2,\"name\":\"Torino fantastica: un ordine di d\u00e8i oscuri sconvolge il destino della citt\u00e0\"}]},{\"@type\":\"WebSite\",\"@id\":\"https:\\\/\\\/www.article-marketing.eu\\\/comunicatistampa\\\/#website\",\"url\":\"https:\\\/\\\/www.article-marketing.eu\\\/comunicatistampa\\\/\",\"name\":\"Article Marketing\",\"description\":\"article marketing &amp; press release\",\"potentialAction\":[{\"@type\":\"SearchAction\",\"target\":{\"@type\":\"EntryPoint\",\"urlTemplate\":\"https:\\\/\\\/www.article-marketing.eu\\\/comunicatistampa\\\/?s={search_term_string}\"},\"query-input\":{\"@type\":\"PropertyValueSpecification\",\"valueRequired\":true,\"valueName\":\"search_term_string\"}}],\"inLanguage\":\"it-IT\"},{\"@type\":\"Person\",\"@id\":\"https:\\\/\\\/www.article-marketing.eu\\\/comunicatistampa\\\/#\\\/schema\\\/person\\\/513de347c95f2e2b895280f7e2177684\",\"name\":\"Giro di Parole\",\"image\":{\"@type\":\"ImageObject\",\"inLanguage\":\"it-IT\",\"@id\":\"https:\\\/\\\/secure.gravatar.com\\\/avatar\\\/b7ace0e78fc31527e682c0b5fe25d4cdce59c51256b01f42a41bde378c099305?s=96&d=mm&r=g\",\"url\":\"https:\\\/\\\/secure.gravatar.com\\\/avatar\\\/b7ace0e78fc31527e682c0b5fe25d4cdce59c51256b01f42a41bde378c099305?s=96&d=mm&r=g\",\"contentUrl\":\"https:\\\/\\\/secure.gravatar.com\\\/avatar\\\/b7ace0e78fc31527e682c0b5fe25d4cdce59c51256b01f42a41bde378c099305?s=96&d=mm&r=g\",\"caption\":\"Giro di Parole\"},\"url\":\"https:\\\/\\\/www.article-marketing.eu\\\/comunicatistampa\\\/author\\\/giro-di-parole\\\/\"}]}<\/script>\n<!-- \/ Yoast SEO plugin. -->","yoast_head_json":{"title":"Torino fantastica: un ordine di d\u00e8i oscuri sconvolge il destino della citt\u00e0 - Article Marketing","robots":{"index":"index","follow":"follow","max-snippet":"max-snippet:-1","max-image-preview":"max-image-preview:large","max-video-preview":"max-video-preview:-1"},"canonical":"https:\/\/www.article-marketing.eu\/comunicatistampa\/torino-fantastica-un-ordine-di-dei-oscuri-sconvolge-il-destino-della-citta\/","og_locale":"it_IT","og_type":"article","og_title":"Torino fantastica: un ordine di d\u00e8i oscuri sconvolge il destino della citt\u00e0 - Article Marketing","og_description":"Il cantante e scrittore ligure Federico Carro torna in libreria con un fantasy dalle vicende imprevedibili, ambientato nella citt\u00e0 magica Dopo il successo del libro Il segreto del verziere, il cantante e scrittore ligure Federico Carro torna in libreria con Il re della luce: l\u2019ordine degli d\u00e8i oscuri (18,00 \u20ac, Youcanprint), una storia fantasy romantica e avventurosa ambientata durante la Prima Crociata per conquistare Gerusalemme, il cui protagonista \u00e8 unContinue reading...","og_url":"https:\/\/www.article-marketing.eu\/comunicatistampa\/torino-fantastica-un-ordine-di-dei-oscuri-sconvolge-il-destino-della-citta\/","og_site_name":"Article Marketing","article_published_time":"2017-06-30T09:48:42+00:00","article_modified_time":"2020-08-09T23:48:05+00:00","author":"Giro di Parole","twitter_card":"summary_large_image","twitter_misc":{"Scritto da":"Giro di Parole","Tempo di lettura stimato":"2 minuti"},"schema":{"@context":"https:\/\/schema.org","@graph":[{"@type":"Article","@id":"https:\/\/www.article-marketing.eu\/comunicatistampa\/torino-fantastica-un-ordine-di-dei-oscuri-sconvolge-il-destino-della-citta\/#article","isPartOf":{"@id":"https:\/\/www.article-marketing.eu\/comunicatistampa\/torino-fantastica-un-ordine-di-dei-oscuri-sconvolge-il-destino-della-citta\/"},"author":{"name":"Giro di Parole","@id":"https:\/\/www.article-marketing.eu\/comunicatistampa\/#\/schema\/person\/513de347c95f2e2b895280f7e2177684"},"headline":"Torino fantastica: un ordine di d\u00e8i oscuri sconvolge il destino della citt\u00e0","datePublished":"2017-06-30T09:48:42+00:00","dateModified":"2020-08-09T23:48:05+00:00","mainEntityOfPage":{"@id":"https:\/\/www.article-marketing.eu\/comunicatistampa\/torino-fantastica-un-ordine-di-dei-oscuri-sconvolge-il-destino-della-citta\/"},"wordCount":511,"commentCount":0,"keywords":["esoterismo","fantasy","incantesimi","magia","misteri","torino"],"articleSection":["Arte e cultura"],"inLanguage":"it-IT","potentialAction":[{"@type":"CommentAction","name":"Comment","target":["https:\/\/www.article-marketing.eu\/comunicatistampa\/torino-fantastica-un-ordine-di-dei-oscuri-sconvolge-il-destino-della-citta\/#respond"]}]},{"@type":"WebPage","@id":"https:\/\/www.article-marketing.eu\/comunicatistampa\/torino-fantastica-un-ordine-di-dei-oscuri-sconvolge-il-destino-della-citta\/","url":"https:\/\/www.article-marketing.eu\/comunicatistampa\/torino-fantastica-un-ordine-di-dei-oscuri-sconvolge-il-destino-della-citta\/","name":"Torino fantastica: un ordine di d\u00e8i oscuri sconvolge il destino della citt\u00e0 - Article Marketing","isPartOf":{"@id":"https:\/\/www.article-marketing.eu\/comunicatistampa\/#website"},"datePublished":"2017-06-30T09:48:42+00:00","dateModified":"2020-08-09T23:48:05+00:00","author":{"@id":"https:\/\/www.article-marketing.eu\/comunicatistampa\/#\/schema\/person\/513de347c95f2e2b895280f7e2177684"},"breadcrumb":{"@id":"https:\/\/www.article-marketing.eu\/comunicatistampa\/torino-fantastica-un-ordine-di-dei-oscuri-sconvolge-il-destino-della-citta\/#breadcrumb"},"inLanguage":"it-IT","potentialAction":[{"@type":"ReadAction","target":["https:\/\/www.article-marketing.eu\/comunicatistampa\/torino-fantastica-un-ordine-di-dei-oscuri-sconvolge-il-destino-della-citta\/"]}]},{"@type":"BreadcrumbList","@id":"https:\/\/www.article-marketing.eu\/comunicatistampa\/torino-fantastica-un-ordine-di-dei-oscuri-sconvolge-il-destino-della-citta\/#breadcrumb","itemListElement":[{"@type":"ListItem","position":1,"name":"Home","item":"https:\/\/www.article-marketing.eu\/comunicatistampa\/"},{"@type":"ListItem","position":2,"name":"Torino fantastica: un ordine di d\u00e8i oscuri sconvolge il destino della citt\u00e0"}]},{"@type":"WebSite","@id":"https:\/\/www.article-marketing.eu\/comunicatistampa\/#website","url":"https:\/\/www.article-marketing.eu\/comunicatistampa\/","name":"Article Marketing","description":"article marketing &amp; press release","potentialAction":[{"@type":"SearchAction","target":{"@type":"EntryPoint","urlTemplate":"https:\/\/www.article-marketing.eu\/comunicatistampa\/?s={search_term_string}"},"query-input":{"@type":"PropertyValueSpecification","valueRequired":true,"valueName":"search_term_string"}}],"inLanguage":"it-IT"},{"@type":"Person","@id":"https:\/\/www.article-marketing.eu\/comunicatistampa\/#\/schema\/person\/513de347c95f2e2b895280f7e2177684","name":"Giro di Parole","image":{"@type":"ImageObject","inLanguage":"it-IT","@id":"https:\/\/secure.gravatar.com\/avatar\/b7ace0e78fc31527e682c0b5fe25d4cdce59c51256b01f42a41bde378c099305?s=96&d=mm&r=g","url":"https:\/\/secure.gravatar.com\/avatar\/b7ace0e78fc31527e682c0b5fe25d4cdce59c51256b01f42a41bde378c099305?s=96&d=mm&r=g","contentUrl":"https:\/\/secure.gravatar.com\/avatar\/b7ace0e78fc31527e682c0b5fe25d4cdce59c51256b01f42a41bde378c099305?s=96&d=mm&r=g","caption":"Giro di Parole"},"url":"https:\/\/www.article-marketing.eu\/comunicatistampa\/author\/giro-di-parole\/"}]}},"_links":{"self":[{"href":"https:\/\/www.article-marketing.eu\/comunicatistampa\/wp-json\/wp\/v2\/posts\/3829","targetHints":{"allow":["GET"]}}],"collection":[{"href":"https:\/\/www.article-marketing.eu\/comunicatistampa\/wp-json\/wp\/v2\/posts"}],"about":[{"href":"https:\/\/www.article-marketing.eu\/comunicatistampa\/wp-json\/wp\/v2\/types\/post"}],"author":[{"embeddable":true,"href":"https:\/\/www.article-marketing.eu\/comunicatistampa\/wp-json\/wp\/v2\/users\/459"}],"replies":[{"embeddable":true,"href":"https:\/\/www.article-marketing.eu\/comunicatistampa\/wp-json\/wp\/v2\/comments?post=3829"}],"version-history":[{"count":3,"href":"https:\/\/www.article-marketing.eu\/comunicatistampa\/wp-json\/wp\/v2\/posts\/3829\/revisions"}],"predecessor-version":[{"id":3841,"href":"https:\/\/www.article-marketing.eu\/comunicatistampa\/wp-json\/wp\/v2\/posts\/3829\/revisions\/3841"}],"wp:attachment":[{"href":"https:\/\/www.article-marketing.eu\/comunicatistampa\/wp-json\/wp\/v2\/media?parent=3829"}],"wp:term":[{"taxonomy":"category","embeddable":true,"href":"https:\/\/www.article-marketing.eu\/comunicatistampa\/wp-json\/wp\/v2\/categories?post=3829"},{"taxonomy":"post_tag","embeddable":true,"href":"https:\/\/www.article-marketing.eu\/comunicatistampa\/wp-json\/wp\/v2\/tags?post=3829"}],"curies":[{"name":"wp","href":"https:\/\/api.w.org\/{rel}","templated":true}]}}