{"id":3984,"date":"2017-07-11T16:03:19","date_gmt":"2017-07-11T14:03:19","guid":{"rendered":"http:\/\/www.article-marketing.eu\/comunicatistampa\/?p=3984"},"modified":"2017-07-11T16:03:19","modified_gmt":"2017-07-11T14:03:19","slug":"dimensione-benessere-in-edicola-alessandro-cecchi-paone-affronta-il-tema-dei-vaccini","status":"publish","type":"post","link":"https:\/\/www.article-marketing.eu\/comunicatistampa\/dimensione-benessere-in-edicola-alessandro-cecchi-paone-affronta-il-tema-dei-vaccini\/","title":{"rendered":"DIMENSIONE BENESSERE IN EDICOLA: ALESSANDRO CECCHI PAONE AFFRONTA IL TEMA DEI VACCINI"},"content":{"rendered":"<p><strong><img loading=\"lazy\" decoding=\"async\" class=\"wp-image-1969 alignright\" src=\"http:\/\/www.bluwom-milano.com\/wp-content\/uploads\/2017\/07\/dimensione-benessere.jpg\" alt=\"dimensione benessere\" width=\"167\" height=\"234\" \/>Luglio 2017<\/strong>. \u00c8 in edicola l\u2019attesissimo nuovo numero di <strong>Dimensione Benessere<\/strong>, il mensile di salute e benessere naturale della nuova casa editrice <strong>Jaguar Publishing<\/strong> (direttore editoriale <strong>Gian Maria Madella)<\/strong> ed il nuovo direttore responsabile <strong>Giovanna Tettamanzi)<\/strong>.<\/p>\n<p>Le novit\u00e0 non si esauriscono qui: la rivista si presenta carica di nuovi contenuti editoriali: uno di questi l\u2019esordio come opinionista di <strong>Alessandro Cecchi Paone<\/strong>, giornalista e divulgatore scientifico, su argomenti scientifici e medici. In questo numero <strong>Cecchi Paone<\/strong> affronta il tema della<strong> vaccinazione<\/strong>, argomento al centro della discussione dell\u2019ultimo periodo. Proprio oggi la Commissione sanit\u00e0 del Senato ha approvato un decreto in cui quattro vaccinazioni saranno suggerite dalle Asl e 10 saranno obbligatorie, tutte gratuite. Quelle suggerite riguardano il vaccino <strong>meningococco<\/strong> <strong>B<\/strong> e <strong>C<\/strong>, gi\u00e0 obbligatorie e di quelle contro il <strong>rotavirus<\/strong> e il <strong>pneumococco<\/strong>.<\/p>\n<p><a href=\"http:\/\/www.bluwom-milano.com\/wp-content\/uploads\/2017\/07\/vaccini.png\" rel=\"attachment wp-att-1970\"><img loading=\"lazy\" decoding=\"async\" class=\"wp-image-1970 alignleft\" src=\"http:\/\/www.bluwom-milano.com\/wp-content\/uploads\/2017\/07\/vaccini.png\" alt=\"vaccini\" width=\"299\" height=\"209\" \/><\/a> Dure le parole utilizzate dall\u2019opinionista in questo numero che evidenziano la sua posizione a favore dei vaccini: \u201cLa scienza non \u00e8 una religione n\u00e9 un\u2019ideologia. Non consente dibattiti, perch\u00e9 non produce opinioni. Sull\u2019utilit\u00e0 e la non pericolosit\u00e0 dei vaccini il consenso medico scientifico \u00e8 unanime: <strong>non c<\/strong><strong>\u2019\u00e8<\/strong> <strong>alcuna evidenza di un rapporto causa effetto tra vaccinazioni ed autismo. Nessuno <\/strong><strong>\u00e8<\/strong> <strong>mai morto in seguito ad una vaccinazione, ma anzi, prima, un terzo dei bambini non vaccinati moriva nel primo anno di vita.<\/strong><strong>\u201d<\/strong> Inoltre Alessandro Cecchi Paone invita alla vaccinazione con l\u2019obbiettivo di proteggere s\u00e9 stessi, ma in questo modo anche gli altri. All\u2019interno del servizio \u00e8 inserita l\u2019immagine della campagna<\/p>\n<p><strong>Win for Meningitis<\/strong> che vede protagonista <strong>Bebe Vio<\/strong>, campionessa paralimpica, con lo scopo di sensibilizzare l\u2019opinione pubblica mondiale sull\u2019importanza della vaccinazione contro la meningite.<\/p>\n<p><strong>Dimensione benessere<\/strong>, infatti, non \u00e8 solo una rivista guida con lo scopo di aiutare i lettori ad avvicinarsi ad uno stile di vita sano e naturale, ma anche un magazine di rigorosa informazione medica e scientifica.<\/p>\n<p>&nbsp;<\/p>\n<p>&nbsp;<\/p>\n<p>&nbsp;<\/p>\n<p>&nbsp;<\/p>\n<p><em><strong>Per ulteriori informazioni:<\/strong><\/em><br \/>\nDigital PR a cura di Blu Wom Milano<br \/>\nwww.bluwom-milano.com<br \/>\np.fabretti@bluwom-milano.com<\/p>\n<p>&nbsp;<\/p>\n","protected":false},"excerpt":{"rendered":"<p>Luglio 2017. \u00c8 in edicola l\u2019attesissimo nuovo numero di Dimensione Benessere, il mensile di salute e benessere naturale della nuova casa editrice Jaguar Publishing (direttore editoriale Gian Maria Madella) ed il nuovo direttore responsabile Giovanna Tettamanzi). Le novit\u00e0 non si esauriscono qui: la rivista si presenta carica di nuovi contenuti editoriali: uno di questi l\u2019esordio come opinionista di Alessandro Cecchi Paone, giornalista e divulgatore scientifico, su argomenti scientifici e medici.<\/p>\n<p><a class=\"continue-reading\" href=\"https:\/\/www.article-marketing.eu\/comunicatistampa\/dimensione-benessere-in-edicola-alessandro-cecchi-paone-affronta-il-tema-dei-vaccini\/\">Continue reading&#8230;<\/a><\/p>\n","protected":false},"author":12,"featured_media":0,"comment_status":"open","ping_status":"open","sticky":false,"template":"","format":"standard","meta":{"_monsterinsights_skip_tracking":false,"_monsterinsights_sitenote_active":false,"_monsterinsights_sitenote_note":"","_monsterinsights_sitenote_category":0,"footnotes":""},"categories":[367],"tags":[2060],"class_list":["post-3984","post","type-post","status-publish","format-standard","hentry","category-news-e-attualita","tag-dimensionebenesseremagazinesalutealessandrocecchipaonevacciniopinionista"],"yoast_head":"<!-- This site is optimized with the Yoast SEO plugin v27.3 - https:\/\/yoast.com\/product\/yoast-seo-wordpress\/ -->\n<title>DIMENSIONE BENESSERE IN EDICOLA: ALESSANDRO CECCHI PAONE AFFRONTA IL TEMA DEI VACCINI - Article Marketing<\/title>\n<meta name=\"robots\" content=\"index, follow, max-snippet:-1, max-image-preview:large, max-video-preview:-1\" \/>\n<link rel=\"canonical\" href=\"https:\/\/www.article-marketing.eu\/comunicatistampa\/dimensione-benessere-in-edicola-alessandro-cecchi-paone-affronta-il-tema-dei-vaccini\/\" \/>\n<meta property=\"og:locale\" content=\"it_IT\" \/>\n<meta property=\"og:type\" content=\"article\" \/>\n<meta property=\"og:title\" content=\"DIMENSIONE BENESSERE IN EDICOLA: ALESSANDRO CECCHI PAONE AFFRONTA IL TEMA DEI VACCINI - Article Marketing\" \/>\n<meta property=\"og:description\" content=\"Luglio 2017. \u00c8 in edicola l\u2019attesissimo nuovo numero di Dimensione Benessere, il mensile di salute e benessere naturale della nuova casa editrice Jaguar Publishing (direttore editoriale Gian Maria Madella) ed il nuovo direttore responsabile Giovanna Tettamanzi). Le novit\u00e0 non si esauriscono qui: la rivista si presenta carica di nuovi contenuti editoriali: uno di questi l\u2019esordio come opinionista di Alessandro Cecchi Paone, giornalista e divulgatore scientifico, su argomenti scientifici e medici.Continue reading...\" \/>\n<meta property=\"og:url\" content=\"https:\/\/www.article-marketing.eu\/comunicatistampa\/dimensione-benessere-in-edicola-alessandro-cecchi-paone-affronta-il-tema-dei-vaccini\/\" \/>\n<meta property=\"og:site_name\" content=\"Article Marketing\" \/>\n<meta property=\"article:published_time\" content=\"2017-07-11T14:03:19+00:00\" \/>\n<meta property=\"og:image\" content=\"http:\/\/www.bluwom-milano.com\/wp-content\/uploads\/2017\/07\/dimensione-benessere.jpg\" \/>\n<meta name=\"author\" content=\"bluwommilano\" \/>\n<meta name=\"twitter:card\" content=\"summary_large_image\" \/>\n<meta name=\"twitter:label1\" content=\"Scritto da\" \/>\n\t<meta name=\"twitter:data1\" content=\"bluwommilano\" \/>\n\t<meta name=\"twitter:label2\" content=\"Tempo di lettura stimato\" \/>\n\t<meta name=\"twitter:data2\" content=\"2 minuti\" \/>\n<script type=\"application\/ld+json\" class=\"yoast-schema-graph\">{\"@context\":\"https:\\\/\\\/schema.org\",\"@graph\":[{\"@type\":\"Article\",\"@id\":\"https:\\\/\\\/www.article-marketing.eu\\\/comunicatistampa\\\/dimensione-benessere-in-edicola-alessandro-cecchi-paone-affronta-il-tema-dei-vaccini\\\/#article\",\"isPartOf\":{\"@id\":\"https:\\\/\\\/www.article-marketing.eu\\\/comunicatistampa\\\/dimensione-benessere-in-edicola-alessandro-cecchi-paone-affronta-il-tema-dei-vaccini\\\/\"},\"author\":{\"name\":\"bluwommilano\",\"@id\":\"https:\\\/\\\/www.article-marketing.eu\\\/comunicatistampa\\\/#\\\/schema\\\/person\\\/75a8cec9b0e554e822d3cf8a7d9bc185\"},\"headline\":\"DIMENSIONE BENESSERE IN EDICOLA: ALESSANDRO CECCHI PAONE AFFRONTA IL TEMA DEI VACCINI\",\"datePublished\":\"2017-07-11T14:03:19+00:00\",\"mainEntityOfPage\":{\"@id\":\"https:\\\/\\\/www.article-marketing.eu\\\/comunicatistampa\\\/dimensione-benessere-in-edicola-alessandro-cecchi-paone-affronta-il-tema-dei-vaccini\\\/\"},\"wordCount\":340,\"commentCount\":0,\"image\":{\"@id\":\"https:\\\/\\\/www.article-marketing.eu\\\/comunicatistampa\\\/dimensione-benessere-in-edicola-alessandro-cecchi-paone-affronta-il-tema-dei-vaccini\\\/#primaryimage\"},\"thumbnailUrl\":\"http:\\\/\\\/www.bluwom-milano.com\\\/wp-content\\\/uploads\\\/2017\\\/07\\\/dimensione-benessere.jpg\",\"keywords\":[\"#dimensionebenessere#magazine#salute#alessandro#cecchipaone#vaccini#opinionista\"],\"articleSection\":[\"News e Attualit\u00e0\"],\"inLanguage\":\"it-IT\",\"potentialAction\":[{\"@type\":\"CommentAction\",\"name\":\"Comment\",\"target\":[\"https:\\\/\\\/www.article-marketing.eu\\\/comunicatistampa\\\/dimensione-benessere-in-edicola-alessandro-cecchi-paone-affronta-il-tema-dei-vaccini\\\/#respond\"]}]},{\"@type\":\"WebPage\",\"@id\":\"https:\\\/\\\/www.article-marketing.eu\\\/comunicatistampa\\\/dimensione-benessere-in-edicola-alessandro-cecchi-paone-affronta-il-tema-dei-vaccini\\\/\",\"url\":\"https:\\\/\\\/www.article-marketing.eu\\\/comunicatistampa\\\/dimensione-benessere-in-edicola-alessandro-cecchi-paone-affronta-il-tema-dei-vaccini\\\/\",\"name\":\"DIMENSIONE BENESSERE IN EDICOLA: ALESSANDRO CECCHI PAONE AFFRONTA IL TEMA DEI VACCINI - Article Marketing\",\"isPartOf\":{\"@id\":\"https:\\\/\\\/www.article-marketing.eu\\\/comunicatistampa\\\/#website\"},\"primaryImageOfPage\":{\"@id\":\"https:\\\/\\\/www.article-marketing.eu\\\/comunicatistampa\\\/dimensione-benessere-in-edicola-alessandro-cecchi-paone-affronta-il-tema-dei-vaccini\\\/#primaryimage\"},\"image\":{\"@id\":\"https:\\\/\\\/www.article-marketing.eu\\\/comunicatistampa\\\/dimensione-benessere-in-edicola-alessandro-cecchi-paone-affronta-il-tema-dei-vaccini\\\/#primaryimage\"},\"thumbnailUrl\":\"http:\\\/\\\/www.bluwom-milano.com\\\/wp-content\\\/uploads\\\/2017\\\/07\\\/dimensione-benessere.jpg\",\"datePublished\":\"2017-07-11T14:03:19+00:00\",\"author\":{\"@id\":\"https:\\\/\\\/www.article-marketing.eu\\\/comunicatistampa\\\/#\\\/schema\\\/person\\\/75a8cec9b0e554e822d3cf8a7d9bc185\"},\"breadcrumb\":{\"@id\":\"https:\\\/\\\/www.article-marketing.eu\\\/comunicatistampa\\\/dimensione-benessere-in-edicola-alessandro-cecchi-paone-affronta-il-tema-dei-vaccini\\\/#breadcrumb\"},\"inLanguage\":\"it-IT\",\"potentialAction\":[{\"@type\":\"ReadAction\",\"target\":[\"https:\\\/\\\/www.article-marketing.eu\\\/comunicatistampa\\\/dimensione-benessere-in-edicola-alessandro-cecchi-paone-affronta-il-tema-dei-vaccini\\\/\"]}]},{\"@type\":\"ImageObject\",\"inLanguage\":\"it-IT\",\"@id\":\"https:\\\/\\\/www.article-marketing.eu\\\/comunicatistampa\\\/dimensione-benessere-in-edicola-alessandro-cecchi-paone-affronta-il-tema-dei-vaccini\\\/#primaryimage\",\"url\":\"http:\\\/\\\/www.bluwom-milano.com\\\/wp-content\\\/uploads\\\/2017\\\/07\\\/dimensione-benessere.jpg\",\"contentUrl\":\"http:\\\/\\\/www.bluwom-milano.com\\\/wp-content\\\/uploads\\\/2017\\\/07\\\/dimensione-benessere.jpg\"},{\"@type\":\"BreadcrumbList\",\"@id\":\"https:\\\/\\\/www.article-marketing.eu\\\/comunicatistampa\\\/dimensione-benessere-in-edicola-alessandro-cecchi-paone-affronta-il-tema-dei-vaccini\\\/#breadcrumb\",\"itemListElement\":[{\"@type\":\"ListItem\",\"position\":1,\"name\":\"Home\",\"item\":\"https:\\\/\\\/www.article-marketing.eu\\\/comunicatistampa\\\/\"},{\"@type\":\"ListItem\",\"position\":2,\"name\":\"DIMENSIONE BENESSERE IN EDICOLA: ALESSANDRO CECCHI PAONE AFFRONTA IL TEMA DEI VACCINI\"}]},{\"@type\":\"WebSite\",\"@id\":\"https:\\\/\\\/www.article-marketing.eu\\\/comunicatistampa\\\/#website\",\"url\":\"https:\\\/\\\/www.article-marketing.eu\\\/comunicatistampa\\\/\",\"name\":\"Article Marketing\",\"description\":\"article marketing &amp; press release\",\"potentialAction\":[{\"@type\":\"SearchAction\",\"target\":{\"@type\":\"EntryPoint\",\"urlTemplate\":\"https:\\\/\\\/www.article-marketing.eu\\\/comunicatistampa\\\/?s={search_term_string}\"},\"query-input\":{\"@type\":\"PropertyValueSpecification\",\"valueRequired\":true,\"valueName\":\"search_term_string\"}}],\"inLanguage\":\"it-IT\"},{\"@type\":\"Person\",\"@id\":\"https:\\\/\\\/www.article-marketing.eu\\\/comunicatistampa\\\/#\\\/schema\\\/person\\\/75a8cec9b0e554e822d3cf8a7d9bc185\",\"name\":\"bluwommilano\",\"image\":{\"@type\":\"ImageObject\",\"inLanguage\":\"it-IT\",\"@id\":\"https:\\\/\\\/secure.gravatar.com\\\/avatar\\\/3eb7b659ca1198da18cd77dbe226dbaf573febd61155bcb87f4609bc1082e946?s=96&d=mm&r=g\",\"url\":\"https:\\\/\\\/secure.gravatar.com\\\/avatar\\\/3eb7b659ca1198da18cd77dbe226dbaf573febd61155bcb87f4609bc1082e946?s=96&d=mm&r=g\",\"contentUrl\":\"https:\\\/\\\/secure.gravatar.com\\\/avatar\\\/3eb7b659ca1198da18cd77dbe226dbaf573febd61155bcb87f4609bc1082e946?s=96&d=mm&r=g\",\"caption\":\"bluwommilano\"},\"url\":\"https:\\\/\\\/www.article-marketing.eu\\\/comunicatistampa\\\/author\\\/bluwommilano\\\/\"}]}<\/script>\n<!-- \/ Yoast SEO plugin. -->","yoast_head_json":{"title":"DIMENSIONE BENESSERE IN EDICOLA: ALESSANDRO CECCHI PAONE AFFRONTA IL TEMA DEI VACCINI - Article Marketing","robots":{"index":"index","follow":"follow","max-snippet":"max-snippet:-1","max-image-preview":"max-image-preview:large","max-video-preview":"max-video-preview:-1"},"canonical":"https:\/\/www.article-marketing.eu\/comunicatistampa\/dimensione-benessere-in-edicola-alessandro-cecchi-paone-affronta-il-tema-dei-vaccini\/","og_locale":"it_IT","og_type":"article","og_title":"DIMENSIONE BENESSERE IN EDICOLA: ALESSANDRO CECCHI PAONE AFFRONTA IL TEMA DEI VACCINI - Article Marketing","og_description":"Luglio 2017. \u00c8 in edicola l\u2019attesissimo nuovo numero di Dimensione Benessere, il mensile di salute e benessere naturale della nuova casa editrice Jaguar Publishing (direttore editoriale Gian Maria Madella) ed il nuovo direttore responsabile Giovanna Tettamanzi). Le novit\u00e0 non si esauriscono qui: la rivista si presenta carica di nuovi contenuti editoriali: uno di questi l\u2019esordio come opinionista di Alessandro Cecchi Paone, giornalista e divulgatore scientifico, su argomenti scientifici e medici.Continue reading...","og_url":"https:\/\/www.article-marketing.eu\/comunicatistampa\/dimensione-benessere-in-edicola-alessandro-cecchi-paone-affronta-il-tema-dei-vaccini\/","og_site_name":"Article Marketing","article_published_time":"2017-07-11T14:03:19+00:00","og_image":[{"url":"http:\/\/www.bluwom-milano.com\/wp-content\/uploads\/2017\/07\/dimensione-benessere.jpg","type":"","width":"","height":""}],"author":"bluwommilano","twitter_card":"summary_large_image","twitter_misc":{"Scritto da":"bluwommilano","Tempo di lettura stimato":"2 minuti"},"schema":{"@context":"https:\/\/schema.org","@graph":[{"@type":"Article","@id":"https:\/\/www.article-marketing.eu\/comunicatistampa\/dimensione-benessere-in-edicola-alessandro-cecchi-paone-affronta-il-tema-dei-vaccini\/#article","isPartOf":{"@id":"https:\/\/www.article-marketing.eu\/comunicatistampa\/dimensione-benessere-in-edicola-alessandro-cecchi-paone-affronta-il-tema-dei-vaccini\/"},"author":{"name":"bluwommilano","@id":"https:\/\/www.article-marketing.eu\/comunicatistampa\/#\/schema\/person\/75a8cec9b0e554e822d3cf8a7d9bc185"},"headline":"DIMENSIONE BENESSERE IN EDICOLA: ALESSANDRO CECCHI PAONE AFFRONTA IL TEMA DEI VACCINI","datePublished":"2017-07-11T14:03:19+00:00","mainEntityOfPage":{"@id":"https:\/\/www.article-marketing.eu\/comunicatistampa\/dimensione-benessere-in-edicola-alessandro-cecchi-paone-affronta-il-tema-dei-vaccini\/"},"wordCount":340,"commentCount":0,"image":{"@id":"https:\/\/www.article-marketing.eu\/comunicatistampa\/dimensione-benessere-in-edicola-alessandro-cecchi-paone-affronta-il-tema-dei-vaccini\/#primaryimage"},"thumbnailUrl":"http:\/\/www.bluwom-milano.com\/wp-content\/uploads\/2017\/07\/dimensione-benessere.jpg","keywords":["#dimensionebenessere#magazine#salute#alessandro#cecchipaone#vaccini#opinionista"],"articleSection":["News e Attualit\u00e0"],"inLanguage":"it-IT","potentialAction":[{"@type":"CommentAction","name":"Comment","target":["https:\/\/www.article-marketing.eu\/comunicatistampa\/dimensione-benessere-in-edicola-alessandro-cecchi-paone-affronta-il-tema-dei-vaccini\/#respond"]}]},{"@type":"WebPage","@id":"https:\/\/www.article-marketing.eu\/comunicatistampa\/dimensione-benessere-in-edicola-alessandro-cecchi-paone-affronta-il-tema-dei-vaccini\/","url":"https:\/\/www.article-marketing.eu\/comunicatistampa\/dimensione-benessere-in-edicola-alessandro-cecchi-paone-affronta-il-tema-dei-vaccini\/","name":"DIMENSIONE BENESSERE IN EDICOLA: ALESSANDRO CECCHI PAONE AFFRONTA IL TEMA DEI VACCINI - Article Marketing","isPartOf":{"@id":"https:\/\/www.article-marketing.eu\/comunicatistampa\/#website"},"primaryImageOfPage":{"@id":"https:\/\/www.article-marketing.eu\/comunicatistampa\/dimensione-benessere-in-edicola-alessandro-cecchi-paone-affronta-il-tema-dei-vaccini\/#primaryimage"},"image":{"@id":"https:\/\/www.article-marketing.eu\/comunicatistampa\/dimensione-benessere-in-edicola-alessandro-cecchi-paone-affronta-il-tema-dei-vaccini\/#primaryimage"},"thumbnailUrl":"http:\/\/www.bluwom-milano.com\/wp-content\/uploads\/2017\/07\/dimensione-benessere.jpg","datePublished":"2017-07-11T14:03:19+00:00","author":{"@id":"https:\/\/www.article-marketing.eu\/comunicatistampa\/#\/schema\/person\/75a8cec9b0e554e822d3cf8a7d9bc185"},"breadcrumb":{"@id":"https:\/\/www.article-marketing.eu\/comunicatistampa\/dimensione-benessere-in-edicola-alessandro-cecchi-paone-affronta-il-tema-dei-vaccini\/#breadcrumb"},"inLanguage":"it-IT","potentialAction":[{"@type":"ReadAction","target":["https:\/\/www.article-marketing.eu\/comunicatistampa\/dimensione-benessere-in-edicola-alessandro-cecchi-paone-affronta-il-tema-dei-vaccini\/"]}]},{"@type":"ImageObject","inLanguage":"it-IT","@id":"https:\/\/www.article-marketing.eu\/comunicatistampa\/dimensione-benessere-in-edicola-alessandro-cecchi-paone-affronta-il-tema-dei-vaccini\/#primaryimage","url":"http:\/\/www.bluwom-milano.com\/wp-content\/uploads\/2017\/07\/dimensione-benessere.jpg","contentUrl":"http:\/\/www.bluwom-milano.com\/wp-content\/uploads\/2017\/07\/dimensione-benessere.jpg"},{"@type":"BreadcrumbList","@id":"https:\/\/www.article-marketing.eu\/comunicatistampa\/dimensione-benessere-in-edicola-alessandro-cecchi-paone-affronta-il-tema-dei-vaccini\/#breadcrumb","itemListElement":[{"@type":"ListItem","position":1,"name":"Home","item":"https:\/\/www.article-marketing.eu\/comunicatistampa\/"},{"@type":"ListItem","position":2,"name":"DIMENSIONE BENESSERE IN EDICOLA: ALESSANDRO CECCHI PAONE AFFRONTA IL TEMA DEI VACCINI"}]},{"@type":"WebSite","@id":"https:\/\/www.article-marketing.eu\/comunicatistampa\/#website","url":"https:\/\/www.article-marketing.eu\/comunicatistampa\/","name":"Article Marketing","description":"article marketing &amp; press release","potentialAction":[{"@type":"SearchAction","target":{"@type":"EntryPoint","urlTemplate":"https:\/\/www.article-marketing.eu\/comunicatistampa\/?s={search_term_string}"},"query-input":{"@type":"PropertyValueSpecification","valueRequired":true,"valueName":"search_term_string"}}],"inLanguage":"it-IT"},{"@type":"Person","@id":"https:\/\/www.article-marketing.eu\/comunicatistampa\/#\/schema\/person\/75a8cec9b0e554e822d3cf8a7d9bc185","name":"bluwommilano","image":{"@type":"ImageObject","inLanguage":"it-IT","@id":"https:\/\/secure.gravatar.com\/avatar\/3eb7b659ca1198da18cd77dbe226dbaf573febd61155bcb87f4609bc1082e946?s=96&d=mm&r=g","url":"https:\/\/secure.gravatar.com\/avatar\/3eb7b659ca1198da18cd77dbe226dbaf573febd61155bcb87f4609bc1082e946?s=96&d=mm&r=g","contentUrl":"https:\/\/secure.gravatar.com\/avatar\/3eb7b659ca1198da18cd77dbe226dbaf573febd61155bcb87f4609bc1082e946?s=96&d=mm&r=g","caption":"bluwommilano"},"url":"https:\/\/www.article-marketing.eu\/comunicatistampa\/author\/bluwommilano\/"}]}},"_links":{"self":[{"href":"https:\/\/www.article-marketing.eu\/comunicatistampa\/wp-json\/wp\/v2\/posts\/3984","targetHints":{"allow":["GET"]}}],"collection":[{"href":"https:\/\/www.article-marketing.eu\/comunicatistampa\/wp-json\/wp\/v2\/posts"}],"about":[{"href":"https:\/\/www.article-marketing.eu\/comunicatistampa\/wp-json\/wp\/v2\/types\/post"}],"author":[{"embeddable":true,"href":"https:\/\/www.article-marketing.eu\/comunicatistampa\/wp-json\/wp\/v2\/users\/12"}],"replies":[{"embeddable":true,"href":"https:\/\/www.article-marketing.eu\/comunicatistampa\/wp-json\/wp\/v2\/comments?post=3984"}],"version-history":[{"count":2,"href":"https:\/\/www.article-marketing.eu\/comunicatistampa\/wp-json\/wp\/v2\/posts\/3984\/revisions"}],"predecessor-version":[{"id":4005,"href":"https:\/\/www.article-marketing.eu\/comunicatistampa\/wp-json\/wp\/v2\/posts\/3984\/revisions\/4005"}],"wp:attachment":[{"href":"https:\/\/www.article-marketing.eu\/comunicatistampa\/wp-json\/wp\/v2\/media?parent=3984"}],"wp:term":[{"taxonomy":"category","embeddable":true,"href":"https:\/\/www.article-marketing.eu\/comunicatistampa\/wp-json\/wp\/v2\/categories?post=3984"},{"taxonomy":"post_tag","embeddable":true,"href":"https:\/\/www.article-marketing.eu\/comunicatistampa\/wp-json\/wp\/v2\/tags?post=3984"}],"curies":[{"name":"wp","href":"https:\/\/api.w.org\/{rel}","templated":true}]}}