{"id":4018,"date":"2017-07-12T20:07:37","date_gmt":"2017-07-12T18:07:37","guid":{"rendered":"http:\/\/www.article-marketing.eu\/comunicatistampa\/?p=4018"},"modified":"2017-07-12T20:07:37","modified_gmt":"2017-07-12T18:07:37","slug":"tra-i-vip-scoppia-la-moda-delle-minifigure-personalizzate","status":"publish","type":"post","link":"https:\/\/www.article-marketing.eu\/comunicatistampa\/tra-i-vip-scoppia-la-moda-delle-minifigure-personalizzate\/","title":{"rendered":"Tra i VIP scoppia la moda delle minifigure personalizzate"},"content":{"rendered":"<h1>Rovazzi, Fede, J-Ax, Salvatore Esposito: le celebrit\u00e0 sfoggiano le proprie miniature a immagine e somiglianza.<\/h1>\n<p>&nbsp;<\/p>\n<p>Dischi di platino, incassi al botteghino, follower sui social non sono pi\u00f9 i soli metri di paragone per la celebrit\u00e0: ora ci sono anche le <strong>miniature personalizzate<\/strong>! Proprio cos\u00ec: esistono versioni Lego delle celebrit\u00e0 italiane!<\/p>\n<p>&nbsp;<\/p>\n<p>Una delle prime ad venire avvistate \u00e8 stata quella di <strong>Salvatore Esposito, il Genny Savastano di Gomorra<\/strong>, che su Instagram ha pubblicato una foto con la versione in miniatura del personaggio interpretato nella serie TV (con tanto di mini-pistola e cresta).<\/p>\n<p>&nbsp;<\/p>\n<blockquote class=\"instagram-media\">\n<div style=\"padding: 8px;\">\n<div style=\"background: #F8F8F8; line-height: 0; margin-top: 40px; padding: 50.0% 0; text-align: center; width: 100%;\"><\/div>\n<p style=\"margin: 8px 0 0 0; padding: 0 4px;\"><a style=\"color: #000; font-family: Arial,sans-serif; font-size: 14px; font-style: normal; font-weight: normal; line-height: 17px; text-decoration: none;\" href=\"https:\/\/www.instagram.com\/p\/BUzMtgJAXeV\/\" target=\"_blank\" rel=\"noopener\">Grazie ai ragazzi di @myego_toys per questo #GennySavastano versione Lego ???? #myegotoys<\/a><\/p>\n<p style=\"color: #c9c8cd; font-family: Arial,sans-serif; font-size: 14px; line-height: 17px; margin-bottom: 0; margin-top: 8px; overflow: hidden; padding: 8px 0 7px; text-align: center;\">Un post condiviso da Salvatore Esposito (@salvatoreesposito) in data: 1 Giu 2017 alle ore 07:16 PDT<\/p>\n<\/div>\n<\/blockquote>\n<p>\u00c8 stato poi il turno di <strong>Rovazzi<\/strong>, che, sempre su Instagram, si \u00e8 esibito un foto di gruppo in modalit\u00e0 Lego insieme a tutta la sua \u201ccrew\u201d. Accanto alla miniatura dello youtuber, infatti, appaiono anche quelle di <strong>Fedez, J-Ax, Chiara Ferragni e Gianni Morandi.<\/strong><\/p>\n<p>&nbsp;<\/p>\n<blockquote class=\"instagram-media\">\n<div style=\"padding: 8px;\">\n<div style=\"background: #F8F8F8; line-height: 0; margin-top: 40px; padding: 40.0462962962963% 0; text-align: center; width: 100%;\"><\/div>\n<p style=\"margin: 8px 0 0 0; padding: 0 4px;\"><a style=\"color: #000; font-family: Arial,sans-serif; font-size: 14px; font-style: normal; font-weight: normal; line-height: 17px; text-decoration: none;\" href=\"https:\/\/www.instagram.com\/p\/BWC1AzRFK46\/\" target=\"_blank\" rel=\"noopener\">Lego edition ???? (foto di Lego Anna)<\/a><\/p>\n<p style=\"color: #c9c8cd; font-family: Arial,sans-serif; font-size: 14px; line-height: 17px; margin-bottom: 0; margin-top: 8px; overflow: hidden; padding: 8px 0 7px; text-align: center;\">Un post condiviso da Fabio Rovazzi (@rovazzi) in data: 2 Lug 2017 alle ore 05:28 PDT<\/p>\n<\/div>\n<\/blockquote>\n<p>Ma i veri predecessori sembrano essere state le aspiranti celebrit\u00e0: gi\u00e0 qualche tempo fa erano comparse sui social i mini-me di <strong>Joe Croci, semifinalista di The Voice of Italy, e di Redoxx, finalista di Top DJ<\/strong>. \u00a0Probabilmente si erano gi\u00e0 preparati per il momento in cui avrebbero sfondato!<\/p>\n<p>&nbsp;<\/p>\n<blockquote class=\"instagram-media\">\n<div style=\"padding: 8px;\">\n<div style=\"background: #F8F8F8; line-height: 0; margin-top: 40px; padding: 37.4537037037037% 0; text-align: center; width: 100%;\"><\/div>\n<p style=\"margin: 8px 0 0 0; padding: 0 4px;\"><a style=\"color: #000; font-family: Arial,sans-serif; font-size: 14px; font-style: normal; font-weight: normal; line-height: 17px; text-decoration: none;\" href=\"https:\/\/www.instagram.com\/p\/BK3ClZMgOAy\/\" target=\"_blank\" rel=\"noopener\">Thanks @myego_toys for this amazing &#8216;mini Redoxx&#8217; ! Avete mai sognato di essere un personaggio Lego ? Io no, ma ora sinceramente mi chiedo come ho fatto a vivere 18 anni senza la mia miniatura ???????? #miniRedoxx @miniredoxx<\/a><\/p>\n<p style=\"color: #c9c8cd; font-family: Arial,sans-serif; font-size: 14px; line-height: 17px; margin-bottom: 0; margin-top: 8px; overflow: hidden; padding: 8px 0 7px; text-align: center;\">Un post condiviso da Redoxx (@redoxxmusic) in data: 27 Set 2016 alle ore 05:51 PDT<\/p>\n<\/div>\n<\/blockquote>\n<p>&nbsp;<\/p>\n<p>&nbsp;<\/p>\n<h2>Chi \u00e8 che rimpicciolisce le star?<\/h2>\n<p>&nbsp;<\/p>\n<p>Da dove vengono queste minifigure? Molti penserebbero dalla Lego\u2026 e invece no! Sono tutte opere di un brand italiano, <strong>MyEgo Toys<\/strong>, specializzato nella realizzazione di minifigure personalizzate. Usando pezzi originali Lego, l\u2019azienda \u00e8 in grado di riprodurre qualsiasi persona nei minimi dettagli.<\/p>\n<p>Ma gli omini gialli su misura non sono solo un\u2019esclusiva dei VIP. Chiunque volesse vedersi \u201clego-lizzato\u201d pu\u00f2 andare sul sito di MyEgo Toys (www.myegotoys.com) e creare il proprio omino scegliendo tra due modi:<\/p>\n<ul>\n<li>Attraverso il configuratore.<br \/>\nCon questo strumento si possono assemblare pezzo per pezzo i primi personaggi, scegliendo ogni dettagli, dai vesti all\u2019acconciatura e al colore dei capelli.<\/li>\n<li>Mandando una foto.<br \/>\n\u00c8 possibile inviare una propria foto e lasciare che sia MyEgo Toys a creare la miniatura basandosi su di essa.<\/li>\n<\/ul>\n<p>Le miniature possono poi essere dotate di gadget particolari e vi pu\u00f2 essere aggiunto un portachiavi.<\/p>\n<p>&nbsp;<\/p>\n<h2>Chi saranno i prossimi?<\/h2>\n<p>&nbsp;<\/p>\n<p>Ora che star del calibro di Rovazzi, Fedez e J-Ax possono vantare un omino Lego tutto loro, chi saranno i prossimi a procurarselo? Per scoprirlo, si dovr\u00e0 tenere monitorari i social!<\/p>\n","protected":false},"excerpt":{"rendered":"<p>Rovazzi, Fede, J-Ax, Salvatore Esposito: le celebrit\u00e0 sfoggiano le proprie miniature a immagine e somiglianza. &nbsp; Dischi di platino, incassi al botteghino, follower sui social non sono pi\u00f9 i soli metri di paragone per la celebrit\u00e0: ora ci sono anche le miniature personalizzate! Proprio cos\u00ec: esistono versioni Lego delle celebrit\u00e0 italiane! &nbsp; Una delle prime ad venire avvistate \u00e8 stata quella di Salvatore Esposito, il Genny Savastano di Gomorra, che<\/p>\n<p><a class=\"continue-reading\" href=\"https:\/\/www.article-marketing.eu\/comunicatistampa\/tra-i-vip-scoppia-la-moda-delle-minifigure-personalizzate\/\">Continue reading&#8230;<\/a><\/p>\n","protected":false},"author":205,"featured_media":0,"comment_status":"open","ping_status":"open","sticky":false,"template":"","format":"standard","meta":{"_monsterinsights_skip_tracking":false,"_monsterinsights_sitenote_active":false,"_monsterinsights_sitenote_note":"","_monsterinsights_sitenote_category":0,"footnotes":""},"categories":[363],"tags":[888,886],"class_list":["post-4018","post","type-post","status-publish","format-standard","hentry","category-abbigliamento-e-accessori","tag-gadget","tag-miniature"],"yoast_head":"<!-- This site is optimized with the Yoast SEO plugin v27.3 - https:\/\/yoast.com\/product\/yoast-seo-wordpress\/ -->\n<title>Tra i VIP scoppia la moda delle minifigure personalizzate - Article Marketing<\/title>\n<meta name=\"robots\" content=\"index, follow, max-snippet:-1, max-image-preview:large, max-video-preview:-1\" \/>\n<link rel=\"canonical\" href=\"https:\/\/www.article-marketing.eu\/comunicatistampa\/tra-i-vip-scoppia-la-moda-delle-minifigure-personalizzate\/\" \/>\n<meta property=\"og:locale\" content=\"it_IT\" \/>\n<meta property=\"og:type\" content=\"article\" \/>\n<meta property=\"og:title\" content=\"Tra i VIP scoppia la moda delle minifigure personalizzate - Article Marketing\" \/>\n<meta property=\"og:description\" content=\"Rovazzi, Fede, J-Ax, Salvatore Esposito: le celebrit\u00e0 sfoggiano le proprie miniature a immagine e somiglianza. &nbsp; Dischi di platino, incassi al botteghino, follower sui social non sono pi\u00f9 i soli metri di paragone per la celebrit\u00e0: ora ci sono anche le miniature personalizzate! Proprio cos\u00ec: esistono versioni Lego delle celebrit\u00e0 italiane! &nbsp; Una delle prime ad venire avvistate \u00e8 stata quella di Salvatore Esposito, il Genny Savastano di Gomorra, cheContinue reading...\" \/>\n<meta property=\"og:url\" content=\"https:\/\/www.article-marketing.eu\/comunicatistampa\/tra-i-vip-scoppia-la-moda-delle-minifigure-personalizzate\/\" \/>\n<meta property=\"og:site_name\" content=\"Article Marketing\" \/>\n<meta property=\"article:published_time\" content=\"2017-07-12T18:07:37+00:00\" \/>\n<meta name=\"author\" content=\"Alessio Longhi\" \/>\n<meta name=\"twitter:card\" content=\"summary_large_image\" \/>\n<meta name=\"twitter:label1\" content=\"Scritto da\" \/>\n\t<meta name=\"twitter:data1\" content=\"Alessio Longhi\" \/>\n\t<meta name=\"twitter:label2\" content=\"Tempo di lettura stimato\" \/>\n\t<meta name=\"twitter:data2\" content=\"2 minuti\" \/>\n<script type=\"application\/ld+json\" class=\"yoast-schema-graph\">{\"@context\":\"https:\\\/\\\/schema.org\",\"@graph\":[{\"@type\":\"Article\",\"@id\":\"https:\\\/\\\/www.article-marketing.eu\\\/comunicatistampa\\\/tra-i-vip-scoppia-la-moda-delle-minifigure-personalizzate\\\/#article\",\"isPartOf\":{\"@id\":\"https:\\\/\\\/www.article-marketing.eu\\\/comunicatistampa\\\/tra-i-vip-scoppia-la-moda-delle-minifigure-personalizzate\\\/\"},\"author\":{\"name\":\"Alessio Longhi\",\"@id\":\"https:\\\/\\\/www.article-marketing.eu\\\/comunicatistampa\\\/#\\\/schema\\\/person\\\/dbdbe4a8363a5455326dc99432ee41a6\"},\"headline\":\"Tra i VIP scoppia la moda delle minifigure personalizzate\",\"datePublished\":\"2017-07-12T18:07:37+00:00\",\"mainEntityOfPage\":{\"@id\":\"https:\\\/\\\/www.article-marketing.eu\\\/comunicatistampa\\\/tra-i-vip-scoppia-la-moda-delle-minifigure-personalizzate\\\/\"},\"wordCount\":473,\"commentCount\":0,\"keywords\":[\"gadget\",\"miniature\"],\"articleSection\":[\"Abbigliamento e accessori\"],\"inLanguage\":\"it-IT\",\"potentialAction\":[{\"@type\":\"CommentAction\",\"name\":\"Comment\",\"target\":[\"https:\\\/\\\/www.article-marketing.eu\\\/comunicatistampa\\\/tra-i-vip-scoppia-la-moda-delle-minifigure-personalizzate\\\/#respond\"]}]},{\"@type\":\"WebPage\",\"@id\":\"https:\\\/\\\/www.article-marketing.eu\\\/comunicatistampa\\\/tra-i-vip-scoppia-la-moda-delle-minifigure-personalizzate\\\/\",\"url\":\"https:\\\/\\\/www.article-marketing.eu\\\/comunicatistampa\\\/tra-i-vip-scoppia-la-moda-delle-minifigure-personalizzate\\\/\",\"name\":\"Tra i VIP scoppia la moda delle minifigure personalizzate - Article Marketing\",\"isPartOf\":{\"@id\":\"https:\\\/\\\/www.article-marketing.eu\\\/comunicatistampa\\\/#website\"},\"datePublished\":\"2017-07-12T18:07:37+00:00\",\"author\":{\"@id\":\"https:\\\/\\\/www.article-marketing.eu\\\/comunicatistampa\\\/#\\\/schema\\\/person\\\/dbdbe4a8363a5455326dc99432ee41a6\"},\"breadcrumb\":{\"@id\":\"https:\\\/\\\/www.article-marketing.eu\\\/comunicatistampa\\\/tra-i-vip-scoppia-la-moda-delle-minifigure-personalizzate\\\/#breadcrumb\"},\"inLanguage\":\"it-IT\",\"potentialAction\":[{\"@type\":\"ReadAction\",\"target\":[\"https:\\\/\\\/www.article-marketing.eu\\\/comunicatistampa\\\/tra-i-vip-scoppia-la-moda-delle-minifigure-personalizzate\\\/\"]}]},{\"@type\":\"BreadcrumbList\",\"@id\":\"https:\\\/\\\/www.article-marketing.eu\\\/comunicatistampa\\\/tra-i-vip-scoppia-la-moda-delle-minifigure-personalizzate\\\/#breadcrumb\",\"itemListElement\":[{\"@type\":\"ListItem\",\"position\":1,\"name\":\"Home\",\"item\":\"https:\\\/\\\/www.article-marketing.eu\\\/comunicatistampa\\\/\"},{\"@type\":\"ListItem\",\"position\":2,\"name\":\"Tra i VIP scoppia la moda delle minifigure personalizzate\"}]},{\"@type\":\"WebSite\",\"@id\":\"https:\\\/\\\/www.article-marketing.eu\\\/comunicatistampa\\\/#website\",\"url\":\"https:\\\/\\\/www.article-marketing.eu\\\/comunicatistampa\\\/\",\"name\":\"Article Marketing\",\"description\":\"article marketing &amp; press release\",\"potentialAction\":[{\"@type\":\"SearchAction\",\"target\":{\"@type\":\"EntryPoint\",\"urlTemplate\":\"https:\\\/\\\/www.article-marketing.eu\\\/comunicatistampa\\\/?s={search_term_string}\"},\"query-input\":{\"@type\":\"PropertyValueSpecification\",\"valueRequired\":true,\"valueName\":\"search_term_string\"}}],\"inLanguage\":\"it-IT\"},{\"@type\":\"Person\",\"@id\":\"https:\\\/\\\/www.article-marketing.eu\\\/comunicatistampa\\\/#\\\/schema\\\/person\\\/dbdbe4a8363a5455326dc99432ee41a6\",\"name\":\"Alessio Longhi\",\"image\":{\"@type\":\"ImageObject\",\"inLanguage\":\"it-IT\",\"@id\":\"https:\\\/\\\/secure.gravatar.com\\\/avatar\\\/0b285afc6da43b19561393319bb7e19221f7ede76d6d3b8cc222bc06f6b0d823?s=96&d=mm&r=g\",\"url\":\"https:\\\/\\\/secure.gravatar.com\\\/avatar\\\/0b285afc6da43b19561393319bb7e19221f7ede76d6d3b8cc222bc06f6b0d823?s=96&d=mm&r=g\",\"contentUrl\":\"https:\\\/\\\/secure.gravatar.com\\\/avatar\\\/0b285afc6da43b19561393319bb7e19221f7ede76d6d3b8cc222bc06f6b0d823?s=96&d=mm&r=g\",\"caption\":\"Alessio Longhi\"},\"url\":\"https:\\\/\\\/www.article-marketing.eu\\\/comunicatistampa\\\/author\\\/alessio-longhi\\\/\"}]}<\/script>\n<!-- \/ Yoast SEO plugin. -->","yoast_head_json":{"title":"Tra i VIP scoppia la moda delle minifigure personalizzate - Article Marketing","robots":{"index":"index","follow":"follow","max-snippet":"max-snippet:-1","max-image-preview":"max-image-preview:large","max-video-preview":"max-video-preview:-1"},"canonical":"https:\/\/www.article-marketing.eu\/comunicatistampa\/tra-i-vip-scoppia-la-moda-delle-minifigure-personalizzate\/","og_locale":"it_IT","og_type":"article","og_title":"Tra i VIP scoppia la moda delle minifigure personalizzate - Article Marketing","og_description":"Rovazzi, Fede, J-Ax, Salvatore Esposito: le celebrit\u00e0 sfoggiano le proprie miniature a immagine e somiglianza. &nbsp; Dischi di platino, incassi al botteghino, follower sui social non sono pi\u00f9 i soli metri di paragone per la celebrit\u00e0: ora ci sono anche le miniature personalizzate! Proprio cos\u00ec: esistono versioni Lego delle celebrit\u00e0 italiane! &nbsp; Una delle prime ad venire avvistate \u00e8 stata quella di Salvatore Esposito, il Genny Savastano di Gomorra, cheContinue reading...","og_url":"https:\/\/www.article-marketing.eu\/comunicatistampa\/tra-i-vip-scoppia-la-moda-delle-minifigure-personalizzate\/","og_site_name":"Article Marketing","article_published_time":"2017-07-12T18:07:37+00:00","author":"Alessio Longhi","twitter_card":"summary_large_image","twitter_misc":{"Scritto da":"Alessio Longhi","Tempo di lettura stimato":"2 minuti"},"schema":{"@context":"https:\/\/schema.org","@graph":[{"@type":"Article","@id":"https:\/\/www.article-marketing.eu\/comunicatistampa\/tra-i-vip-scoppia-la-moda-delle-minifigure-personalizzate\/#article","isPartOf":{"@id":"https:\/\/www.article-marketing.eu\/comunicatistampa\/tra-i-vip-scoppia-la-moda-delle-minifigure-personalizzate\/"},"author":{"name":"Alessio Longhi","@id":"https:\/\/www.article-marketing.eu\/comunicatistampa\/#\/schema\/person\/dbdbe4a8363a5455326dc99432ee41a6"},"headline":"Tra i VIP scoppia la moda delle minifigure personalizzate","datePublished":"2017-07-12T18:07:37+00:00","mainEntityOfPage":{"@id":"https:\/\/www.article-marketing.eu\/comunicatistampa\/tra-i-vip-scoppia-la-moda-delle-minifigure-personalizzate\/"},"wordCount":473,"commentCount":0,"keywords":["gadget","miniature"],"articleSection":["Abbigliamento e accessori"],"inLanguage":"it-IT","potentialAction":[{"@type":"CommentAction","name":"Comment","target":["https:\/\/www.article-marketing.eu\/comunicatistampa\/tra-i-vip-scoppia-la-moda-delle-minifigure-personalizzate\/#respond"]}]},{"@type":"WebPage","@id":"https:\/\/www.article-marketing.eu\/comunicatistampa\/tra-i-vip-scoppia-la-moda-delle-minifigure-personalizzate\/","url":"https:\/\/www.article-marketing.eu\/comunicatistampa\/tra-i-vip-scoppia-la-moda-delle-minifigure-personalizzate\/","name":"Tra i VIP scoppia la moda delle minifigure personalizzate - Article Marketing","isPartOf":{"@id":"https:\/\/www.article-marketing.eu\/comunicatistampa\/#website"},"datePublished":"2017-07-12T18:07:37+00:00","author":{"@id":"https:\/\/www.article-marketing.eu\/comunicatistampa\/#\/schema\/person\/dbdbe4a8363a5455326dc99432ee41a6"},"breadcrumb":{"@id":"https:\/\/www.article-marketing.eu\/comunicatistampa\/tra-i-vip-scoppia-la-moda-delle-minifigure-personalizzate\/#breadcrumb"},"inLanguage":"it-IT","potentialAction":[{"@type":"ReadAction","target":["https:\/\/www.article-marketing.eu\/comunicatistampa\/tra-i-vip-scoppia-la-moda-delle-minifigure-personalizzate\/"]}]},{"@type":"BreadcrumbList","@id":"https:\/\/www.article-marketing.eu\/comunicatistampa\/tra-i-vip-scoppia-la-moda-delle-minifigure-personalizzate\/#breadcrumb","itemListElement":[{"@type":"ListItem","position":1,"name":"Home","item":"https:\/\/www.article-marketing.eu\/comunicatistampa\/"},{"@type":"ListItem","position":2,"name":"Tra i VIP scoppia la moda delle minifigure personalizzate"}]},{"@type":"WebSite","@id":"https:\/\/www.article-marketing.eu\/comunicatistampa\/#website","url":"https:\/\/www.article-marketing.eu\/comunicatistampa\/","name":"Article Marketing","description":"article marketing &amp; press release","potentialAction":[{"@type":"SearchAction","target":{"@type":"EntryPoint","urlTemplate":"https:\/\/www.article-marketing.eu\/comunicatistampa\/?s={search_term_string}"},"query-input":{"@type":"PropertyValueSpecification","valueRequired":true,"valueName":"search_term_string"}}],"inLanguage":"it-IT"},{"@type":"Person","@id":"https:\/\/www.article-marketing.eu\/comunicatistampa\/#\/schema\/person\/dbdbe4a8363a5455326dc99432ee41a6","name":"Alessio Longhi","image":{"@type":"ImageObject","inLanguage":"it-IT","@id":"https:\/\/secure.gravatar.com\/avatar\/0b285afc6da43b19561393319bb7e19221f7ede76d6d3b8cc222bc06f6b0d823?s=96&d=mm&r=g","url":"https:\/\/secure.gravatar.com\/avatar\/0b285afc6da43b19561393319bb7e19221f7ede76d6d3b8cc222bc06f6b0d823?s=96&d=mm&r=g","contentUrl":"https:\/\/secure.gravatar.com\/avatar\/0b285afc6da43b19561393319bb7e19221f7ede76d6d3b8cc222bc06f6b0d823?s=96&d=mm&r=g","caption":"Alessio Longhi"},"url":"https:\/\/www.article-marketing.eu\/comunicatistampa\/author\/alessio-longhi\/"}]}},"_links":{"self":[{"href":"https:\/\/www.article-marketing.eu\/comunicatistampa\/wp-json\/wp\/v2\/posts\/4018","targetHints":{"allow":["GET"]}}],"collection":[{"href":"https:\/\/www.article-marketing.eu\/comunicatistampa\/wp-json\/wp\/v2\/posts"}],"about":[{"href":"https:\/\/www.article-marketing.eu\/comunicatistampa\/wp-json\/wp\/v2\/types\/post"}],"author":[{"embeddable":true,"href":"https:\/\/www.article-marketing.eu\/comunicatistampa\/wp-json\/wp\/v2\/users\/205"}],"replies":[{"embeddable":true,"href":"https:\/\/www.article-marketing.eu\/comunicatistampa\/wp-json\/wp\/v2\/comments?post=4018"}],"version-history":[{"count":3,"href":"https:\/\/www.article-marketing.eu\/comunicatistampa\/wp-json\/wp\/v2\/posts\/4018\/revisions"}],"predecessor-version":[{"id":4038,"href":"https:\/\/www.article-marketing.eu\/comunicatistampa\/wp-json\/wp\/v2\/posts\/4018\/revisions\/4038"}],"wp:attachment":[{"href":"https:\/\/www.article-marketing.eu\/comunicatistampa\/wp-json\/wp\/v2\/media?parent=4018"}],"wp:term":[{"taxonomy":"category","embeddable":true,"href":"https:\/\/www.article-marketing.eu\/comunicatistampa\/wp-json\/wp\/v2\/categories?post=4018"},{"taxonomy":"post_tag","embeddable":true,"href":"https:\/\/www.article-marketing.eu\/comunicatistampa\/wp-json\/wp\/v2\/tags?post=4018"}],"curies":[{"name":"wp","href":"https:\/\/api.w.org\/{rel}","templated":true}]}}