{"id":4043,"date":"2017-07-14T20:26:30","date_gmt":"2017-07-14T18:26:30","guid":{"rendered":"http:\/\/www.article-marketing.eu\/comunicatistampa\/?p=4043"},"modified":"2017-07-14T20:26:30","modified_gmt":"2017-07-14T18:26:30","slug":"lex-ospedale-psichiatrico-san-benedetto-di-pesaro-raccontato-in-un-libro","status":"publish","type":"post","link":"https:\/\/www.article-marketing.eu\/comunicatistampa\/lex-ospedale-psichiatrico-san-benedetto-di-pesaro-raccontato-in-un-libro\/","title":{"rendered":"L&#8217;ex ospedale psichiatrico San Benedetto di Pesaro raccontato in un libro"},"content":{"rendered":"<p>Troviamo in libreria per Affinit\u00e0 Elettive Edizioni <em>Al posto del dolore<\/em>, il romanzo d\u2019esordio di Ilva Sartini, ex dirigente di un\u2019importante associazione di categoria, che con questo libro racconta il dolore e le miserie del periodo della Seconda guerra mondiale a Pennabilli e dintorni, terra in cui l\u2019autrice ha trascorso l\u2019infanzia e la giovinezza.<\/p>\n<p>In questo romanzo si intrecciano le vicende di due donne appartenenti a due epoche diverse. La prima \u00e8 Angela, una contadina nata negli anni \u201930 del 1900 che, dopo essere stata colpita in piena testa da una mucca, viene ricoverata in un\u2019orribile stanza del San Benedetto, l\u2019Ospedale Psichiatrico di Pesaro.<\/p>\n<p>E poi Elisabetta, laureata a pieni voti in urbanistica in una prestigiosa universit\u00e0 che, alla soglia dei 30 anni, \u00e8 ancora in cerca di una sua stabilit\u00e0. Frequenta master e corsi di specializzazione, fa stage e partecipa a concorsi, nella speranza di un contratto che si possa definire serio. Cos\u00ec, quando ormai valuta persino di trasferirsi all\u2019estero, trova casualmente nel sito del Comune una novit\u00e0 che la stimola molto: un concorso d\u2019idee per riqualificare la struttura pericolante del manicomio. Non pu\u00f2 sapere che si tratta dello stesso luogo in cui fu ricoverata Angela oltre mezzo secolo prima.<\/p>\n<p>\u00c8 proprio una foto ingiallita, scovata per caso in un\u2019enorme pila di cartelle mediche umide e polverose, abbandonate in una stanza del San Benedetto, a sconvolgere emotivamente Elisabetta, spingendola ad andare oltre il suo interesse professionale per il recupero della struttura. \u00c8 la storia di Angela, protagonista dello scatto, morta prematuramente e in qualche modo legata alle vicende della sua famiglia. Che fine hanno fatto i documenti di questa giovane donna? Sono stati occultati di proposito? Qual era la sua reale malattia mentale? E soprattutto, si tratta di una malattia ereditaria?<\/p>\n<p>A queste e altre domande dovr\u00e0 rispondere Elisabetta, immergendosi in storie di guerra e fame del mondo contadino, di bombardamenti e di cadaveri abbandonati senza una degna sepoltura. Storie dell\u2019occupazione dei tedeschi, della loro irruzione nella vita delle famiglie italiane, di superstizioni, soprusi fascisti e donne abbandonate. Ma anche di donne <em>violentate nell\u2019indifferenza del vicinato e della Chiesa<\/em>, che anzi provvedevano a condannarle e ad allontanarle perch\u00e9 <em>colpevoli di avere l\u2019onore macchiato.<\/em> Rinchiuse proprio in quei manicomi dove terapie mediche dolorose e spesso errate venivano somministrate con troppa facilit\u00e0. Luoghi dai quali i pazienti, o supposti tali, a volte, uscivano privi di vita.<\/p>\n<p><em>Al posto del dolore<\/em> \u00e8 un libro molto coinvolgente destinato a lettori di tutte le et\u00e0, perch\u00e9 la storia incrociata di Elisabetta e Angela propone una riflessione senza tempo: <em>non dimenticare per non ricadere negli errori. Ricordare per stendere un ponte verso il nuovo.<\/em><\/p>\n<p>&nbsp;<\/p>\n","protected":false},"excerpt":{"rendered":"<p>Troviamo in libreria per Affinit\u00e0 Elettive Edizioni Al posto del dolore, il romanzo d\u2019esordio di Ilva Sartini, ex dirigente di un\u2019importante associazione di categoria, che con questo libro racconta il dolore e le miserie del periodo della Seconda guerra mondiale a Pennabilli e dintorni, terra in cui l\u2019autrice ha trascorso l\u2019infanzia e la giovinezza. In questo romanzo si intrecciano le vicende di due donne appartenenti a due epoche diverse. La<\/p>\n<p><a class=\"continue-reading\" href=\"https:\/\/www.article-marketing.eu\/comunicatistampa\/lex-ospedale-psichiatrico-san-benedetto-di-pesaro-raccontato-in-un-libro\/\">Continue reading&#8230;<\/a><\/p>\n","protected":false},"author":459,"featured_media":0,"comment_status":"open","ping_status":"open","sticky":false,"template":"","format":"standard","meta":{"_monsterinsights_skip_tracking":false,"_monsterinsights_sitenote_active":false,"_monsterinsights_sitenote_note":"","_monsterinsights_sitenote_category":0,"footnotes":""},"categories":[407,410],"tags":[2081,2080],"class_list":["post-4043","post","type-post","status-publish","format-standard","hentry","category-arte-e-cultura","category-libri","tag-manicomio","tag-seconda-guerra-mondiale"],"yoast_head":"<!-- This site is optimized with the Yoast SEO plugin v27.3 - https:\/\/yoast.com\/product\/yoast-seo-wordpress\/ -->\n<title>L&#039;ex ospedale psichiatrico San Benedetto di Pesaro raccontato in un libro - Article Marketing<\/title>\n<meta name=\"robots\" content=\"index, follow, max-snippet:-1, max-image-preview:large, max-video-preview:-1\" \/>\n<link rel=\"canonical\" href=\"https:\/\/www.article-marketing.eu\/comunicatistampa\/lex-ospedale-psichiatrico-san-benedetto-di-pesaro-raccontato-in-un-libro\/\" \/>\n<meta property=\"og:locale\" content=\"it_IT\" \/>\n<meta property=\"og:type\" content=\"article\" \/>\n<meta property=\"og:title\" content=\"L&#039;ex ospedale psichiatrico San Benedetto di Pesaro raccontato in un libro - Article Marketing\" \/>\n<meta property=\"og:description\" content=\"Troviamo in libreria per Affinit\u00e0 Elettive Edizioni Al posto del dolore, il romanzo d\u2019esordio di Ilva Sartini, ex dirigente di un\u2019importante associazione di categoria, che con questo libro racconta il dolore e le miserie del periodo della Seconda guerra mondiale a Pennabilli e dintorni, terra in cui l\u2019autrice ha trascorso l\u2019infanzia e la giovinezza. In questo romanzo si intrecciano le vicende di due donne appartenenti a due epoche diverse. LaContinue reading...\" \/>\n<meta property=\"og:url\" content=\"https:\/\/www.article-marketing.eu\/comunicatistampa\/lex-ospedale-psichiatrico-san-benedetto-di-pesaro-raccontato-in-un-libro\/\" \/>\n<meta property=\"og:site_name\" content=\"Article Marketing\" \/>\n<meta property=\"article:published_time\" content=\"2017-07-14T18:26:30+00:00\" \/>\n<meta name=\"author\" content=\"Giro di Parole\" \/>\n<meta name=\"twitter:card\" content=\"summary_large_image\" \/>\n<meta name=\"twitter:label1\" content=\"Scritto da\" \/>\n\t<meta name=\"twitter:data1\" content=\"Giro di Parole\" \/>\n\t<meta name=\"twitter:label2\" content=\"Tempo di lettura stimato\" \/>\n\t<meta name=\"twitter:data2\" content=\"2 minuti\" \/>\n<script type=\"application\/ld+json\" class=\"yoast-schema-graph\">{\"@context\":\"https:\\\/\\\/schema.org\",\"@graph\":[{\"@type\":\"Article\",\"@id\":\"https:\\\/\\\/www.article-marketing.eu\\\/comunicatistampa\\\/lex-ospedale-psichiatrico-san-benedetto-di-pesaro-raccontato-in-un-libro\\\/#article\",\"isPartOf\":{\"@id\":\"https:\\\/\\\/www.article-marketing.eu\\\/comunicatistampa\\\/lex-ospedale-psichiatrico-san-benedetto-di-pesaro-raccontato-in-un-libro\\\/\"},\"author\":{\"name\":\"Giro di Parole\",\"@id\":\"https:\\\/\\\/www.article-marketing.eu\\\/comunicatistampa\\\/#\\\/schema\\\/person\\\/513de347c95f2e2b895280f7e2177684\"},\"headline\":\"L&#8217;ex ospedale psichiatrico San Benedetto di Pesaro raccontato in un libro\",\"datePublished\":\"2017-07-14T18:26:30+00:00\",\"mainEntityOfPage\":{\"@id\":\"https:\\\/\\\/www.article-marketing.eu\\\/comunicatistampa\\\/lex-ospedale-psichiatrico-san-benedetto-di-pesaro-raccontato-in-un-libro\\\/\"},\"wordCount\":455,\"commentCount\":0,\"keywords\":[\"manicomio\",\"seconda guerra mondiale\"],\"articleSection\":[\"Arte e cultura\",\"Libri\"],\"inLanguage\":\"it-IT\",\"potentialAction\":[{\"@type\":\"CommentAction\",\"name\":\"Comment\",\"target\":[\"https:\\\/\\\/www.article-marketing.eu\\\/comunicatistampa\\\/lex-ospedale-psichiatrico-san-benedetto-di-pesaro-raccontato-in-un-libro\\\/#respond\"]}]},{\"@type\":\"WebPage\",\"@id\":\"https:\\\/\\\/www.article-marketing.eu\\\/comunicatistampa\\\/lex-ospedale-psichiatrico-san-benedetto-di-pesaro-raccontato-in-un-libro\\\/\",\"url\":\"https:\\\/\\\/www.article-marketing.eu\\\/comunicatistampa\\\/lex-ospedale-psichiatrico-san-benedetto-di-pesaro-raccontato-in-un-libro\\\/\",\"name\":\"L'ex ospedale psichiatrico San Benedetto di Pesaro raccontato in un libro - Article Marketing\",\"isPartOf\":{\"@id\":\"https:\\\/\\\/www.article-marketing.eu\\\/comunicatistampa\\\/#website\"},\"datePublished\":\"2017-07-14T18:26:30+00:00\",\"author\":{\"@id\":\"https:\\\/\\\/www.article-marketing.eu\\\/comunicatistampa\\\/#\\\/schema\\\/person\\\/513de347c95f2e2b895280f7e2177684\"},\"breadcrumb\":{\"@id\":\"https:\\\/\\\/www.article-marketing.eu\\\/comunicatistampa\\\/lex-ospedale-psichiatrico-san-benedetto-di-pesaro-raccontato-in-un-libro\\\/#breadcrumb\"},\"inLanguage\":\"it-IT\",\"potentialAction\":[{\"@type\":\"ReadAction\",\"target\":[\"https:\\\/\\\/www.article-marketing.eu\\\/comunicatistampa\\\/lex-ospedale-psichiatrico-san-benedetto-di-pesaro-raccontato-in-un-libro\\\/\"]}]},{\"@type\":\"BreadcrumbList\",\"@id\":\"https:\\\/\\\/www.article-marketing.eu\\\/comunicatistampa\\\/lex-ospedale-psichiatrico-san-benedetto-di-pesaro-raccontato-in-un-libro\\\/#breadcrumb\",\"itemListElement\":[{\"@type\":\"ListItem\",\"position\":1,\"name\":\"Home\",\"item\":\"https:\\\/\\\/www.article-marketing.eu\\\/comunicatistampa\\\/\"},{\"@type\":\"ListItem\",\"position\":2,\"name\":\"L&#8217;ex ospedale psichiatrico San Benedetto di Pesaro raccontato in un libro\"}]},{\"@type\":\"WebSite\",\"@id\":\"https:\\\/\\\/www.article-marketing.eu\\\/comunicatistampa\\\/#website\",\"url\":\"https:\\\/\\\/www.article-marketing.eu\\\/comunicatistampa\\\/\",\"name\":\"Article Marketing\",\"description\":\"article marketing &amp; press release\",\"potentialAction\":[{\"@type\":\"SearchAction\",\"target\":{\"@type\":\"EntryPoint\",\"urlTemplate\":\"https:\\\/\\\/www.article-marketing.eu\\\/comunicatistampa\\\/?s={search_term_string}\"},\"query-input\":{\"@type\":\"PropertyValueSpecification\",\"valueRequired\":true,\"valueName\":\"search_term_string\"}}],\"inLanguage\":\"it-IT\"},{\"@type\":\"Person\",\"@id\":\"https:\\\/\\\/www.article-marketing.eu\\\/comunicatistampa\\\/#\\\/schema\\\/person\\\/513de347c95f2e2b895280f7e2177684\",\"name\":\"Giro di Parole\",\"image\":{\"@type\":\"ImageObject\",\"inLanguage\":\"it-IT\",\"@id\":\"https:\\\/\\\/secure.gravatar.com\\\/avatar\\\/b7ace0e78fc31527e682c0b5fe25d4cdce59c51256b01f42a41bde378c099305?s=96&d=mm&r=g\",\"url\":\"https:\\\/\\\/secure.gravatar.com\\\/avatar\\\/b7ace0e78fc31527e682c0b5fe25d4cdce59c51256b01f42a41bde378c099305?s=96&d=mm&r=g\",\"contentUrl\":\"https:\\\/\\\/secure.gravatar.com\\\/avatar\\\/b7ace0e78fc31527e682c0b5fe25d4cdce59c51256b01f42a41bde378c099305?s=96&d=mm&r=g\",\"caption\":\"Giro di Parole\"},\"url\":\"https:\\\/\\\/www.article-marketing.eu\\\/comunicatistampa\\\/author\\\/giro-di-parole\\\/\"}]}<\/script>\n<!-- \/ Yoast SEO plugin. -->","yoast_head_json":{"title":"L'ex ospedale psichiatrico San Benedetto di Pesaro raccontato in un libro - Article Marketing","robots":{"index":"index","follow":"follow","max-snippet":"max-snippet:-1","max-image-preview":"max-image-preview:large","max-video-preview":"max-video-preview:-1"},"canonical":"https:\/\/www.article-marketing.eu\/comunicatistampa\/lex-ospedale-psichiatrico-san-benedetto-di-pesaro-raccontato-in-un-libro\/","og_locale":"it_IT","og_type":"article","og_title":"L'ex ospedale psichiatrico San Benedetto di Pesaro raccontato in un libro - Article Marketing","og_description":"Troviamo in libreria per Affinit\u00e0 Elettive Edizioni Al posto del dolore, il romanzo d\u2019esordio di Ilva Sartini, ex dirigente di un\u2019importante associazione di categoria, che con questo libro racconta il dolore e le miserie del periodo della Seconda guerra mondiale a Pennabilli e dintorni, terra in cui l\u2019autrice ha trascorso l\u2019infanzia e la giovinezza. In questo romanzo si intrecciano le vicende di due donne appartenenti a due epoche diverse. LaContinue reading...","og_url":"https:\/\/www.article-marketing.eu\/comunicatistampa\/lex-ospedale-psichiatrico-san-benedetto-di-pesaro-raccontato-in-un-libro\/","og_site_name":"Article Marketing","article_published_time":"2017-07-14T18:26:30+00:00","author":"Giro di Parole","twitter_card":"summary_large_image","twitter_misc":{"Scritto da":"Giro di Parole","Tempo di lettura stimato":"2 minuti"},"schema":{"@context":"https:\/\/schema.org","@graph":[{"@type":"Article","@id":"https:\/\/www.article-marketing.eu\/comunicatistampa\/lex-ospedale-psichiatrico-san-benedetto-di-pesaro-raccontato-in-un-libro\/#article","isPartOf":{"@id":"https:\/\/www.article-marketing.eu\/comunicatistampa\/lex-ospedale-psichiatrico-san-benedetto-di-pesaro-raccontato-in-un-libro\/"},"author":{"name":"Giro di Parole","@id":"https:\/\/www.article-marketing.eu\/comunicatistampa\/#\/schema\/person\/513de347c95f2e2b895280f7e2177684"},"headline":"L&#8217;ex ospedale psichiatrico San Benedetto di Pesaro raccontato in un libro","datePublished":"2017-07-14T18:26:30+00:00","mainEntityOfPage":{"@id":"https:\/\/www.article-marketing.eu\/comunicatistampa\/lex-ospedale-psichiatrico-san-benedetto-di-pesaro-raccontato-in-un-libro\/"},"wordCount":455,"commentCount":0,"keywords":["manicomio","seconda guerra mondiale"],"articleSection":["Arte e cultura","Libri"],"inLanguage":"it-IT","potentialAction":[{"@type":"CommentAction","name":"Comment","target":["https:\/\/www.article-marketing.eu\/comunicatistampa\/lex-ospedale-psichiatrico-san-benedetto-di-pesaro-raccontato-in-un-libro\/#respond"]}]},{"@type":"WebPage","@id":"https:\/\/www.article-marketing.eu\/comunicatistampa\/lex-ospedale-psichiatrico-san-benedetto-di-pesaro-raccontato-in-un-libro\/","url":"https:\/\/www.article-marketing.eu\/comunicatistampa\/lex-ospedale-psichiatrico-san-benedetto-di-pesaro-raccontato-in-un-libro\/","name":"L'ex ospedale psichiatrico San Benedetto di Pesaro raccontato in un libro - Article Marketing","isPartOf":{"@id":"https:\/\/www.article-marketing.eu\/comunicatistampa\/#website"},"datePublished":"2017-07-14T18:26:30+00:00","author":{"@id":"https:\/\/www.article-marketing.eu\/comunicatistampa\/#\/schema\/person\/513de347c95f2e2b895280f7e2177684"},"breadcrumb":{"@id":"https:\/\/www.article-marketing.eu\/comunicatistampa\/lex-ospedale-psichiatrico-san-benedetto-di-pesaro-raccontato-in-un-libro\/#breadcrumb"},"inLanguage":"it-IT","potentialAction":[{"@type":"ReadAction","target":["https:\/\/www.article-marketing.eu\/comunicatistampa\/lex-ospedale-psichiatrico-san-benedetto-di-pesaro-raccontato-in-un-libro\/"]}]},{"@type":"BreadcrumbList","@id":"https:\/\/www.article-marketing.eu\/comunicatistampa\/lex-ospedale-psichiatrico-san-benedetto-di-pesaro-raccontato-in-un-libro\/#breadcrumb","itemListElement":[{"@type":"ListItem","position":1,"name":"Home","item":"https:\/\/www.article-marketing.eu\/comunicatistampa\/"},{"@type":"ListItem","position":2,"name":"L&#8217;ex ospedale psichiatrico San Benedetto di Pesaro raccontato in un libro"}]},{"@type":"WebSite","@id":"https:\/\/www.article-marketing.eu\/comunicatistampa\/#website","url":"https:\/\/www.article-marketing.eu\/comunicatistampa\/","name":"Article Marketing","description":"article marketing &amp; press release","potentialAction":[{"@type":"SearchAction","target":{"@type":"EntryPoint","urlTemplate":"https:\/\/www.article-marketing.eu\/comunicatistampa\/?s={search_term_string}"},"query-input":{"@type":"PropertyValueSpecification","valueRequired":true,"valueName":"search_term_string"}}],"inLanguage":"it-IT"},{"@type":"Person","@id":"https:\/\/www.article-marketing.eu\/comunicatistampa\/#\/schema\/person\/513de347c95f2e2b895280f7e2177684","name":"Giro di Parole","image":{"@type":"ImageObject","inLanguage":"it-IT","@id":"https:\/\/secure.gravatar.com\/avatar\/b7ace0e78fc31527e682c0b5fe25d4cdce59c51256b01f42a41bde378c099305?s=96&d=mm&r=g","url":"https:\/\/secure.gravatar.com\/avatar\/b7ace0e78fc31527e682c0b5fe25d4cdce59c51256b01f42a41bde378c099305?s=96&d=mm&r=g","contentUrl":"https:\/\/secure.gravatar.com\/avatar\/b7ace0e78fc31527e682c0b5fe25d4cdce59c51256b01f42a41bde378c099305?s=96&d=mm&r=g","caption":"Giro di Parole"},"url":"https:\/\/www.article-marketing.eu\/comunicatistampa\/author\/giro-di-parole\/"}]}},"_links":{"self":[{"href":"https:\/\/www.article-marketing.eu\/comunicatistampa\/wp-json\/wp\/v2\/posts\/4043","targetHints":{"allow":["GET"]}}],"collection":[{"href":"https:\/\/www.article-marketing.eu\/comunicatistampa\/wp-json\/wp\/v2\/posts"}],"about":[{"href":"https:\/\/www.article-marketing.eu\/comunicatistampa\/wp-json\/wp\/v2\/types\/post"}],"author":[{"embeddable":true,"href":"https:\/\/www.article-marketing.eu\/comunicatistampa\/wp-json\/wp\/v2\/users\/459"}],"replies":[{"embeddable":true,"href":"https:\/\/www.article-marketing.eu\/comunicatistampa\/wp-json\/wp\/v2\/comments?post=4043"}],"version-history":[{"count":2,"href":"https:\/\/www.article-marketing.eu\/comunicatistampa\/wp-json\/wp\/v2\/posts\/4043\/revisions"}],"predecessor-version":[{"id":4115,"href":"https:\/\/www.article-marketing.eu\/comunicatistampa\/wp-json\/wp\/v2\/posts\/4043\/revisions\/4115"}],"wp:attachment":[{"href":"https:\/\/www.article-marketing.eu\/comunicatistampa\/wp-json\/wp\/v2\/media?parent=4043"}],"wp:term":[{"taxonomy":"category","embeddable":true,"href":"https:\/\/www.article-marketing.eu\/comunicatistampa\/wp-json\/wp\/v2\/categories?post=4043"},{"taxonomy":"post_tag","embeddable":true,"href":"https:\/\/www.article-marketing.eu\/comunicatistampa\/wp-json\/wp\/v2\/tags?post=4043"}],"curies":[{"name":"wp","href":"https:\/\/api.w.org\/{rel}","templated":true}]}}