{"id":4045,"date":"2017-07-14T20:26:04","date_gmt":"2017-07-14T18:26:04","guid":{"rendered":"http:\/\/www.article-marketing.eu\/comunicatistampa\/?p=4045"},"modified":"2017-07-14T20:26:04","modified_gmt":"2017-07-14T18:26:04","slug":"in-libreria-il-nuovo-romanzo-di-edizioni-eventualmente","status":"publish","type":"post","link":"https:\/\/www.article-marketing.eu\/comunicatistampa\/in-libreria-il-nuovo-romanzo-di-edizioni-eventualmente\/","title":{"rendered":"In libreria il nuovo romanzo di Edizioni EventualMente"},"content":{"rendered":"<p>E&#8217; in libreria per Edizioni EventualMente <em>Chiaro di Venere<\/em> di Claudio Demurtas, un romanzo ambientato negli anni \u201960 dalla particolare qualit\u00e0 narrativa e virtuosismo stilistico.<\/p>\n<p>Il libro narra la storia di Federico Nemis, uno studente universitario di giurisprudenza, debole e titubante, insoddisfatto della vita, spesso invischiato in amori complicati, indifferente alle contraddizioni e alle problematiche di un\u2019epoca che contesta idee, valori e comportamenti del passato, ma fanatico del mondo calcistico, l\u2019unica sua vera passione giovanile.<\/p>\n<p>La nomina di insegnante di lettere in una scuola media di uno sperduto paesino della Sardegna si rivela tuttavia provvidenziale. Fare il professore gli permette di acquistare una certa autonomia economica e dalla famiglia d\u2019origine, ma soprattutto di comprare la sua prima Seicento, un grande vanto per quegli anni. Diventa pertanto il punto di riferimento di molti alunni, che lo apprezzano per la sua passione istintiva.<\/p>\n<p>L\u2019iniziale indifferenza a tematiche politiche, sociali e religiose lascia cos\u00ec finalmente spazio a un percorso di formazione e di crescita anche grazie all\u2019incontro con Luisella, una matricola della facolt\u00e0 di giurisprudenza che proviene da un ambiente sociale operaio molto diverso da quello di Federico, con cui sosterr\u00e0 pian piano accese discussioni politiche. \u00c8 il 1963, in piena guerra del Vietnam con tutte le sue atrocit\u00e0, ma altre saranno le occasioni di dibattito, tra cui l\u2019elezione in Cile di Salvador Allende nel 1970 e il golpe dell\u201911 settembre 1973 che porta al potere Pinochet.<\/p>\n<p>Caduti i pregiudizi che l\u2019hanno condizionato profondamente e negativamente, e in seguito agli incontri con don Marino, un prete contestatore, Federico trova infine se stesso e gli altri, l\u2019amore tanto agognato e la vita.<\/p>\n<p>Con questo romanzo d\u2019esordio Demurtas filma una condizione umana pi\u00f9 vasta con descrizioni puntuali, personaggi che si incontrano, si perdono e si ritrovano, emozioni, digressioni ragionate su liberalismo e comunismo, religione e religiosit\u00e0, excursus antropologici, geopolitici e sociologici. Il tutto usando la parola in modo talentuoso, tessendo metafore e un fraseggiare classico e moderno allo stesso tempo.<\/p>\n<p><strong>Claudio Demurtas <\/strong>nasce a Mores, in provincia di Sassari nel 1942, ma vive tra Palermo e Carbonia, dove viene a contatto con culture portatrici di diversi valori fondamentali nella sua formazione e attivit\u00e0 di scrittore. Trasferitosi a Cagliari, si laurea in Giurisprudenza e accetta l\u2019incarico di assistente volontario del professore di Istituzioni di Diritto Romano. Ben presto diventa docente nella scuola media, attirato dalle problematiche giovanili conosciute durante gli studi universitari, dove insegna Diritto ed Economia Politica per pi\u00f9 di 40 anni. <em>Chiaro di Venere<\/em> \u00e8 il suo primo romanzo.<\/p>\n<p><strong>Ufficio stampa<br \/>\n<\/strong><strong>Giro di Parole \u2013 divisione di Metaphor<\/strong><\/p>\n<p>&nbsp;<\/p>\n<p><strong>\u00a0<\/strong><\/p>\n<p><strong>Edizioni EventualMente<\/strong> <strong><br \/>\n<\/strong><a href=\"mailto:info@edizionieventualmente.it?subject=Contatto%20da%20sito%20internet%20EventualMente\u00ae.\"><strong>info@edizionieventualmente.it<\/strong><\/a><strong><br \/>\n<\/strong><a href=\"http:\/\/www.edizionieventualmente.it\/\"><strong>www.edizionieventualmente.it<\/strong><\/a><\/p>\n<p><strong>\u00a0<\/strong><\/p>\n","protected":false},"excerpt":{"rendered":"<p>E&#8217; in libreria per Edizioni EventualMente Chiaro di Venere di Claudio Demurtas, un romanzo ambientato negli anni \u201960 dalla particolare qualit\u00e0 narrativa e virtuosismo stilistico. Il libro narra la storia di Federico Nemis, uno studente universitario di giurisprudenza, debole e titubante, insoddisfatto della vita, spesso invischiato in amori complicati, indifferente alle contraddizioni e alle problematiche di un\u2019epoca che contesta idee, valori e comportamenti del passato, ma fanatico del mondo calcistico,<\/p>\n<p><a class=\"continue-reading\" href=\"https:\/\/www.article-marketing.eu\/comunicatistampa\/in-libreria-il-nuovo-romanzo-di-edizioni-eventualmente\/\">Continue reading&#8230;<\/a><\/p>\n","protected":false},"author":459,"featured_media":0,"comment_status":"open","ping_status":"open","sticky":false,"template":"","format":"standard","meta":{"_monsterinsights_skip_tracking":false,"_monsterinsights_sitenote_active":false,"_monsterinsights_sitenote_note":"","_monsterinsights_sitenote_category":0,"footnotes":""},"categories":[407],"tags":[2083,2082,2084,907],"class_list":["post-4045","post","type-post","status-publish","format-standard","hentry","category-arte-e-cultura","tag-comunismo","tag-politica","tag-religione","tag-sardegna"],"yoast_head":"<!-- This site is optimized with the Yoast SEO plugin v27.3 - https:\/\/yoast.com\/product\/yoast-seo-wordpress\/ -->\n<title>In libreria il nuovo romanzo di Edizioni EventualMente - Article Marketing<\/title>\n<meta name=\"robots\" content=\"index, follow, max-snippet:-1, max-image-preview:large, max-video-preview:-1\" \/>\n<link rel=\"canonical\" href=\"https:\/\/www.article-marketing.eu\/comunicatistampa\/in-libreria-il-nuovo-romanzo-di-edizioni-eventualmente\/\" \/>\n<meta property=\"og:locale\" content=\"it_IT\" \/>\n<meta property=\"og:type\" content=\"article\" \/>\n<meta property=\"og:title\" content=\"In libreria il nuovo romanzo di Edizioni EventualMente - Article Marketing\" \/>\n<meta property=\"og:description\" content=\"E&#8217; in libreria per Edizioni EventualMente Chiaro di Venere di Claudio Demurtas, un romanzo ambientato negli anni \u201960 dalla particolare qualit\u00e0 narrativa e virtuosismo stilistico. Il libro narra la storia di Federico Nemis, uno studente universitario di giurisprudenza, debole e titubante, insoddisfatto della vita, spesso invischiato in amori complicati, indifferente alle contraddizioni e alle problematiche di un\u2019epoca che contesta idee, valori e comportamenti del passato, ma fanatico del mondo calcistico,Continue reading...\" \/>\n<meta property=\"og:url\" content=\"https:\/\/www.article-marketing.eu\/comunicatistampa\/in-libreria-il-nuovo-romanzo-di-edizioni-eventualmente\/\" \/>\n<meta property=\"og:site_name\" content=\"Article Marketing\" \/>\n<meta property=\"article:published_time\" content=\"2017-07-14T18:26:04+00:00\" \/>\n<meta name=\"author\" content=\"Giro di Parole\" \/>\n<meta name=\"twitter:card\" content=\"summary_large_image\" \/>\n<meta name=\"twitter:label1\" content=\"Scritto da\" \/>\n\t<meta name=\"twitter:data1\" content=\"Giro di Parole\" \/>\n\t<meta name=\"twitter:label2\" content=\"Tempo di lettura stimato\" \/>\n\t<meta name=\"twitter:data2\" content=\"2 minuti\" \/>\n<script type=\"application\/ld+json\" class=\"yoast-schema-graph\">{\"@context\":\"https:\\\/\\\/schema.org\",\"@graph\":[{\"@type\":\"Article\",\"@id\":\"https:\\\/\\\/www.article-marketing.eu\\\/comunicatistampa\\\/in-libreria-il-nuovo-romanzo-di-edizioni-eventualmente\\\/#article\",\"isPartOf\":{\"@id\":\"https:\\\/\\\/www.article-marketing.eu\\\/comunicatistampa\\\/in-libreria-il-nuovo-romanzo-di-edizioni-eventualmente\\\/\"},\"author\":{\"name\":\"Giro di Parole\",\"@id\":\"https:\\\/\\\/www.article-marketing.eu\\\/comunicatistampa\\\/#\\\/schema\\\/person\\\/513de347c95f2e2b895280f7e2177684\"},\"headline\":\"In libreria il nuovo romanzo di Edizioni EventualMente\",\"datePublished\":\"2017-07-14T18:26:04+00:00\",\"mainEntityOfPage\":{\"@id\":\"https:\\\/\\\/www.article-marketing.eu\\\/comunicatistampa\\\/in-libreria-il-nuovo-romanzo-di-edizioni-eventualmente\\\/\"},\"wordCount\":442,\"commentCount\":0,\"keywords\":[\"comunismo\",\"politica\",\"religione\",\"Sardegna\"],\"articleSection\":[\"Arte e cultura\"],\"inLanguage\":\"it-IT\",\"potentialAction\":[{\"@type\":\"CommentAction\",\"name\":\"Comment\",\"target\":[\"https:\\\/\\\/www.article-marketing.eu\\\/comunicatistampa\\\/in-libreria-il-nuovo-romanzo-di-edizioni-eventualmente\\\/#respond\"]}]},{\"@type\":\"WebPage\",\"@id\":\"https:\\\/\\\/www.article-marketing.eu\\\/comunicatistampa\\\/in-libreria-il-nuovo-romanzo-di-edizioni-eventualmente\\\/\",\"url\":\"https:\\\/\\\/www.article-marketing.eu\\\/comunicatistampa\\\/in-libreria-il-nuovo-romanzo-di-edizioni-eventualmente\\\/\",\"name\":\"In libreria il nuovo romanzo di Edizioni EventualMente - Article Marketing\",\"isPartOf\":{\"@id\":\"https:\\\/\\\/www.article-marketing.eu\\\/comunicatistampa\\\/#website\"},\"datePublished\":\"2017-07-14T18:26:04+00:00\",\"author\":{\"@id\":\"https:\\\/\\\/www.article-marketing.eu\\\/comunicatistampa\\\/#\\\/schema\\\/person\\\/513de347c95f2e2b895280f7e2177684\"},\"breadcrumb\":{\"@id\":\"https:\\\/\\\/www.article-marketing.eu\\\/comunicatistampa\\\/in-libreria-il-nuovo-romanzo-di-edizioni-eventualmente\\\/#breadcrumb\"},\"inLanguage\":\"it-IT\",\"potentialAction\":[{\"@type\":\"ReadAction\",\"target\":[\"https:\\\/\\\/www.article-marketing.eu\\\/comunicatistampa\\\/in-libreria-il-nuovo-romanzo-di-edizioni-eventualmente\\\/\"]}]},{\"@type\":\"BreadcrumbList\",\"@id\":\"https:\\\/\\\/www.article-marketing.eu\\\/comunicatistampa\\\/in-libreria-il-nuovo-romanzo-di-edizioni-eventualmente\\\/#breadcrumb\",\"itemListElement\":[{\"@type\":\"ListItem\",\"position\":1,\"name\":\"Home\",\"item\":\"https:\\\/\\\/www.article-marketing.eu\\\/comunicatistampa\\\/\"},{\"@type\":\"ListItem\",\"position\":2,\"name\":\"In libreria il nuovo romanzo di Edizioni EventualMente\"}]},{\"@type\":\"WebSite\",\"@id\":\"https:\\\/\\\/www.article-marketing.eu\\\/comunicatistampa\\\/#website\",\"url\":\"https:\\\/\\\/www.article-marketing.eu\\\/comunicatistampa\\\/\",\"name\":\"Article Marketing\",\"description\":\"article marketing &amp; press release\",\"potentialAction\":[{\"@type\":\"SearchAction\",\"target\":{\"@type\":\"EntryPoint\",\"urlTemplate\":\"https:\\\/\\\/www.article-marketing.eu\\\/comunicatistampa\\\/?s={search_term_string}\"},\"query-input\":{\"@type\":\"PropertyValueSpecification\",\"valueRequired\":true,\"valueName\":\"search_term_string\"}}],\"inLanguage\":\"it-IT\"},{\"@type\":\"Person\",\"@id\":\"https:\\\/\\\/www.article-marketing.eu\\\/comunicatistampa\\\/#\\\/schema\\\/person\\\/513de347c95f2e2b895280f7e2177684\",\"name\":\"Giro di Parole\",\"image\":{\"@type\":\"ImageObject\",\"inLanguage\":\"it-IT\",\"@id\":\"https:\\\/\\\/secure.gravatar.com\\\/avatar\\\/b7ace0e78fc31527e682c0b5fe25d4cdce59c51256b01f42a41bde378c099305?s=96&d=mm&r=g\",\"url\":\"https:\\\/\\\/secure.gravatar.com\\\/avatar\\\/b7ace0e78fc31527e682c0b5fe25d4cdce59c51256b01f42a41bde378c099305?s=96&d=mm&r=g\",\"contentUrl\":\"https:\\\/\\\/secure.gravatar.com\\\/avatar\\\/b7ace0e78fc31527e682c0b5fe25d4cdce59c51256b01f42a41bde378c099305?s=96&d=mm&r=g\",\"caption\":\"Giro di Parole\"},\"url\":\"https:\\\/\\\/www.article-marketing.eu\\\/comunicatistampa\\\/author\\\/giro-di-parole\\\/\"}]}<\/script>\n<!-- \/ Yoast SEO plugin. -->","yoast_head_json":{"title":"In libreria il nuovo romanzo di Edizioni EventualMente - Article Marketing","robots":{"index":"index","follow":"follow","max-snippet":"max-snippet:-1","max-image-preview":"max-image-preview:large","max-video-preview":"max-video-preview:-1"},"canonical":"https:\/\/www.article-marketing.eu\/comunicatistampa\/in-libreria-il-nuovo-romanzo-di-edizioni-eventualmente\/","og_locale":"it_IT","og_type":"article","og_title":"In libreria il nuovo romanzo di Edizioni EventualMente - Article Marketing","og_description":"E&#8217; in libreria per Edizioni EventualMente Chiaro di Venere di Claudio Demurtas, un romanzo ambientato negli anni \u201960 dalla particolare qualit\u00e0 narrativa e virtuosismo stilistico. Il libro narra la storia di Federico Nemis, uno studente universitario di giurisprudenza, debole e titubante, insoddisfatto della vita, spesso invischiato in amori complicati, indifferente alle contraddizioni e alle problematiche di un\u2019epoca che contesta idee, valori e comportamenti del passato, ma fanatico del mondo calcistico,Continue reading...","og_url":"https:\/\/www.article-marketing.eu\/comunicatistampa\/in-libreria-il-nuovo-romanzo-di-edizioni-eventualmente\/","og_site_name":"Article Marketing","article_published_time":"2017-07-14T18:26:04+00:00","author":"Giro di Parole","twitter_card":"summary_large_image","twitter_misc":{"Scritto da":"Giro di Parole","Tempo di lettura stimato":"2 minuti"},"schema":{"@context":"https:\/\/schema.org","@graph":[{"@type":"Article","@id":"https:\/\/www.article-marketing.eu\/comunicatistampa\/in-libreria-il-nuovo-romanzo-di-edizioni-eventualmente\/#article","isPartOf":{"@id":"https:\/\/www.article-marketing.eu\/comunicatistampa\/in-libreria-il-nuovo-romanzo-di-edizioni-eventualmente\/"},"author":{"name":"Giro di Parole","@id":"https:\/\/www.article-marketing.eu\/comunicatistampa\/#\/schema\/person\/513de347c95f2e2b895280f7e2177684"},"headline":"In libreria il nuovo romanzo di Edizioni EventualMente","datePublished":"2017-07-14T18:26:04+00:00","mainEntityOfPage":{"@id":"https:\/\/www.article-marketing.eu\/comunicatistampa\/in-libreria-il-nuovo-romanzo-di-edizioni-eventualmente\/"},"wordCount":442,"commentCount":0,"keywords":["comunismo","politica","religione","Sardegna"],"articleSection":["Arte e cultura"],"inLanguage":"it-IT","potentialAction":[{"@type":"CommentAction","name":"Comment","target":["https:\/\/www.article-marketing.eu\/comunicatistampa\/in-libreria-il-nuovo-romanzo-di-edizioni-eventualmente\/#respond"]}]},{"@type":"WebPage","@id":"https:\/\/www.article-marketing.eu\/comunicatistampa\/in-libreria-il-nuovo-romanzo-di-edizioni-eventualmente\/","url":"https:\/\/www.article-marketing.eu\/comunicatistampa\/in-libreria-il-nuovo-romanzo-di-edizioni-eventualmente\/","name":"In libreria il nuovo romanzo di Edizioni EventualMente - Article Marketing","isPartOf":{"@id":"https:\/\/www.article-marketing.eu\/comunicatistampa\/#website"},"datePublished":"2017-07-14T18:26:04+00:00","author":{"@id":"https:\/\/www.article-marketing.eu\/comunicatistampa\/#\/schema\/person\/513de347c95f2e2b895280f7e2177684"},"breadcrumb":{"@id":"https:\/\/www.article-marketing.eu\/comunicatistampa\/in-libreria-il-nuovo-romanzo-di-edizioni-eventualmente\/#breadcrumb"},"inLanguage":"it-IT","potentialAction":[{"@type":"ReadAction","target":["https:\/\/www.article-marketing.eu\/comunicatistampa\/in-libreria-il-nuovo-romanzo-di-edizioni-eventualmente\/"]}]},{"@type":"BreadcrumbList","@id":"https:\/\/www.article-marketing.eu\/comunicatistampa\/in-libreria-il-nuovo-romanzo-di-edizioni-eventualmente\/#breadcrumb","itemListElement":[{"@type":"ListItem","position":1,"name":"Home","item":"https:\/\/www.article-marketing.eu\/comunicatistampa\/"},{"@type":"ListItem","position":2,"name":"In libreria il nuovo romanzo di Edizioni EventualMente"}]},{"@type":"WebSite","@id":"https:\/\/www.article-marketing.eu\/comunicatistampa\/#website","url":"https:\/\/www.article-marketing.eu\/comunicatistampa\/","name":"Article Marketing","description":"article marketing &amp; press release","potentialAction":[{"@type":"SearchAction","target":{"@type":"EntryPoint","urlTemplate":"https:\/\/www.article-marketing.eu\/comunicatistampa\/?s={search_term_string}"},"query-input":{"@type":"PropertyValueSpecification","valueRequired":true,"valueName":"search_term_string"}}],"inLanguage":"it-IT"},{"@type":"Person","@id":"https:\/\/www.article-marketing.eu\/comunicatistampa\/#\/schema\/person\/513de347c95f2e2b895280f7e2177684","name":"Giro di Parole","image":{"@type":"ImageObject","inLanguage":"it-IT","@id":"https:\/\/secure.gravatar.com\/avatar\/b7ace0e78fc31527e682c0b5fe25d4cdce59c51256b01f42a41bde378c099305?s=96&d=mm&r=g","url":"https:\/\/secure.gravatar.com\/avatar\/b7ace0e78fc31527e682c0b5fe25d4cdce59c51256b01f42a41bde378c099305?s=96&d=mm&r=g","contentUrl":"https:\/\/secure.gravatar.com\/avatar\/b7ace0e78fc31527e682c0b5fe25d4cdce59c51256b01f42a41bde378c099305?s=96&d=mm&r=g","caption":"Giro di Parole"},"url":"https:\/\/www.article-marketing.eu\/comunicatistampa\/author\/giro-di-parole\/"}]}},"_links":{"self":[{"href":"https:\/\/www.article-marketing.eu\/comunicatistampa\/wp-json\/wp\/v2\/posts\/4045","targetHints":{"allow":["GET"]}}],"collection":[{"href":"https:\/\/www.article-marketing.eu\/comunicatistampa\/wp-json\/wp\/v2\/posts"}],"about":[{"href":"https:\/\/www.article-marketing.eu\/comunicatistampa\/wp-json\/wp\/v2\/types\/post"}],"author":[{"embeddable":true,"href":"https:\/\/www.article-marketing.eu\/comunicatistampa\/wp-json\/wp\/v2\/users\/459"}],"replies":[{"embeddable":true,"href":"https:\/\/www.article-marketing.eu\/comunicatistampa\/wp-json\/wp\/v2\/comments?post=4045"}],"version-history":[{"count":2,"href":"https:\/\/www.article-marketing.eu\/comunicatistampa\/wp-json\/wp\/v2\/posts\/4045\/revisions"}],"predecessor-version":[{"id":4114,"href":"https:\/\/www.article-marketing.eu\/comunicatistampa\/wp-json\/wp\/v2\/posts\/4045\/revisions\/4114"}],"wp:attachment":[{"href":"https:\/\/www.article-marketing.eu\/comunicatistampa\/wp-json\/wp\/v2\/media?parent=4045"}],"wp:term":[{"taxonomy":"category","embeddable":true,"href":"https:\/\/www.article-marketing.eu\/comunicatistampa\/wp-json\/wp\/v2\/categories?post=4045"},{"taxonomy":"post_tag","embeddable":true,"href":"https:\/\/www.article-marketing.eu\/comunicatistampa\/wp-json\/wp\/v2\/tags?post=4045"}],"curies":[{"name":"wp","href":"https:\/\/api.w.org\/{rel}","templated":true}]}}