{"id":4061,"date":"2017-07-14T20:34:56","date_gmt":"2017-07-14T18:34:56","guid":{"rendered":"http:\/\/www.article-marketing.eu\/comunicatistampa\/?p=4061"},"modified":"2017-07-14T20:34:56","modified_gmt":"2017-07-14T18:34:56","slug":"il-consumatore-alle-aziende-dimmi-come-gestisci-i-miei-dati-personali-e-ti-diro-se-acquistero-ancora-da-te","status":"publish","type":"post","link":"https:\/\/www.article-marketing.eu\/comunicatistampa\/il-consumatore-alle-aziende-dimmi-come-gestisci-i-miei-dati-personali-e-ti-diro-se-acquistero-ancora-da-te\/","title":{"rendered":"Il consumatore alle aziende: dimmi come gestisci i miei dati personali e ti dir\u00f2 se acquister\u00f2 ancora da te"},"content":{"rendered":"<p>Da una nuova ricerca Ricoh emerge come i consumatori europei chiedano alle aziende trasparenza nella gestione dei dati personali. Da Ricoh tre consigli per rispondere a questa richiesta e prepararsi allo stesso tempo al nuovo GDPR.<\/p>\n<p>A cura di Javier Diez-Aguirre, Vice President, Corporate Marketing, CSR &amp; Environment di Ricoh Europe<\/p>\n<p>\u201cForse le persone dimenticheranno quello che hai detto, ma non scorderanno mai come le hai fatte sentire\u201d. Questo aforisma \u00e8 particolarmente vero nell\u2019ambito del Customer Service: i clienti ricordano sempre come il proprio interlocutore li ha fatti sentire ed \u00e8 quindi la qualit\u00e0 dell\u2019interazione a determinare il successo di un\u2019azienda.<\/p>\n<p>Una linea molto sottile<br \/>\nIl 70% dei consumatori coinvolti in una ricerca Ricoh afferma che le migliori aziende sono quelle che li trattano come singoli individui e che rispondono puntualmente alle loro esigenze. Allo stesso tempo, l\u201989% del campione afferma di essere disposto a interrompere tutte le relazioni con un\u2019azienda, se questa dovesse diventare troppo invadente. La linea tra \u201cattenzione al cliente\u201d e \u201cinvadenza\u201d \u00e8 quindi molto sottile e occorre prestare attenzione.<br \/>\nPer le Pmi questo rappresenta una grande opportunit\u00e0 dal momento che per loro pu\u00f2 essere pi\u00f9 semplice comunicare personalizzando le comunicazioni e mantenendo un \u201ctocco umano\u201d.<\/p>\n<p>Gestire la privacy nell\u2019epoca della personalizzazione<br \/>\nCome emerge dalla ricerca, per i consumatori \u00e8 importante essere coinvolti e considerati anche dopo l\u2019acquisto effettuato. Offerte e sconti personalizzati possono quindi rafforzare la relazione. Alla luce del nuovo GDPR e della generale diffidenza delle persone nei confronti del trattamento dei propri dati, \u00e8 importante che le aziende prendano in considerazione l\u2019aspetto della sicurezza e della privacy. Deve diventare prioritario riuscire a rispondere in maniera puntuale alle richieste dei clienti sulle modalit\u00e0 del trattamento dei dati ed essere il pi\u00f9 trasparenti possibili a riguardo. Perdere la fiducia di un cliente, significa perdere il cliente stesso. Ecco tre consigli che possono aiutare le imprese a gestire la privacy dei dati senza dover rinunciare alla personalizzazione.<\/p>\n<p>1. Apertura e trasparenza: comunica ai nuovi e ai vecchi clienti in che modo gestisci la privacy dei loro dati e assicurati che questo sia fatto con trasparenza, articolando chiaramente i termini e le condizioni.<br \/>\n2. Il nuovo GDPR prima di tutto: le aziende di tutte le dimensioni stanno cercando di capire gli obblighi del nuovo GDPR per colmare il gap tra la situazione attuale e quanto richiesto dal decreto. \u00c8 probabile che da questa analisi emerga la necessit\u00e0 di aggiornamenti per riuscire a rispondere ai requisiti. Ricordati che, come dice un proverbio, \u201cun elefante si mangia un morso alla volta\u201d. Procedi quindi per piccoli passi, senza per\u00f2 perdere di vista le tempistiche e i costi necessari ad essere pronti entro il 25 maggio 2018.<br \/>\n3. La sicurezza deve essere trasversale: le informazioni sono potenzialmente a rischio durante tutto il loro ciclo di vita. Adotta quindi le opportune misure per fare in modo che la sicurezza sia garantita ogni qual volta le informazioni vengono distribuite, condivise e archiviate, indipendentemente dal dispositivo utilizzato e dal fatto che questo avvenga dentro oppure fuori i confini dell\u2019azienda. Anche la cancellazione deve essere sicura; i servizi di data cleansing, ad esempio, assicurano la rimozione dei dati dai dispositivi multifunzione una volta che questi vengono dismessi.<\/p>\n<p>Non si tratta di un percorso semplice, ma il valore delle comunicazioni personalizzate non pu\u00f2 essere trascurato. Per le aziende \u00e8 l\u2019unico modo per superare i competitor. L\u2019utilizzo corretto dei dati apre quindi a nuovi scenari, a patto che le aziende riescano a gestirli in modo responsabile e che i consumatori abbiano fiducia nella loro capacit\u00e0 di farlo.<\/p>\n","protected":false},"excerpt":{"rendered":"<p>Da una nuova ricerca Ricoh emerge come i consumatori europei chiedano alle aziende trasparenza nella gestione dei dati personali. Da Ricoh tre consigli per rispondere a questa richiesta e prepararsi allo stesso tempo al nuovo GDPR. A cura di Javier Diez-Aguirre, Vice President, Corporate Marketing, CSR &amp; Environment di Ricoh Europe \u201cForse le persone dimenticheranno quello che hai detto, ma non scorderanno mai come le hai fatte sentire\u201d. Questo aforisma<\/p>\n<p><a class=\"continue-reading\" href=\"https:\/\/www.article-marketing.eu\/comunicatistampa\/il-consumatore-alle-aziende-dimmi-come-gestisci-i-miei-dati-personali-e-ti-diro-se-acquistero-ancora-da-te\/\">Continue reading&#8230;<\/a><\/p>\n","protected":false},"author":15,"featured_media":0,"comment_status":"open","ping_status":"open","sticky":false,"template":"","format":"standard","meta":{"_monsterinsights_skip_tracking":false,"_monsterinsights_sitenote_active":false,"_monsterinsights_sitenote_note":"","_monsterinsights_sitenote_category":0,"footnotes":""},"categories":[78],"tags":[],"class_list":["post-4061","post","type-post","status-publish","format-standard","hentry","category-comunicati-stampa"],"yoast_head":"<!-- This site is optimized with the Yoast SEO plugin v27.3 - https:\/\/yoast.com\/product\/yoast-seo-wordpress\/ -->\n<title>Il consumatore alle aziende: dimmi come gestisci i miei dati personali e ti dir\u00f2 se acquister\u00f2 ancora da te - Article Marketing<\/title>\n<meta name=\"robots\" content=\"index, follow, max-snippet:-1, max-image-preview:large, max-video-preview:-1\" \/>\n<link rel=\"canonical\" href=\"https:\/\/www.article-marketing.eu\/comunicatistampa\/il-consumatore-alle-aziende-dimmi-come-gestisci-i-miei-dati-personali-e-ti-diro-se-acquistero-ancora-da-te\/\" \/>\n<meta property=\"og:locale\" content=\"it_IT\" \/>\n<meta property=\"og:type\" content=\"article\" \/>\n<meta property=\"og:title\" content=\"Il consumatore alle aziende: dimmi come gestisci i miei dati personali e ti dir\u00f2 se acquister\u00f2 ancora da te - Article Marketing\" \/>\n<meta property=\"og:description\" content=\"Da una nuova ricerca Ricoh emerge come i consumatori europei chiedano alle aziende trasparenza nella gestione dei dati personali. Da Ricoh tre consigli per rispondere a questa richiesta e prepararsi allo stesso tempo al nuovo GDPR. A cura di Javier Diez-Aguirre, Vice President, Corporate Marketing, CSR &amp; Environment di Ricoh Europe \u201cForse le persone dimenticheranno quello che hai detto, ma non scorderanno mai come le hai fatte sentire\u201d. Questo aforismaContinue reading...\" \/>\n<meta property=\"og:url\" content=\"https:\/\/www.article-marketing.eu\/comunicatistampa\/il-consumatore-alle-aziende-dimmi-come-gestisci-i-miei-dati-personali-e-ti-diro-se-acquistero-ancora-da-te\/\" \/>\n<meta property=\"og:site_name\" content=\"Article Marketing\" \/>\n<meta property=\"article:published_time\" content=\"2017-07-14T18:34:56+00:00\" \/>\n<meta name=\"author\" content=\"MartaOldani\" \/>\n<meta name=\"twitter:card\" content=\"summary_large_image\" \/>\n<meta name=\"twitter:label1\" content=\"Scritto da\" \/>\n\t<meta name=\"twitter:data1\" content=\"MartaOldani\" \/>\n\t<meta name=\"twitter:label2\" content=\"Tempo di lettura stimato\" \/>\n\t<meta name=\"twitter:data2\" content=\"3 minuti\" \/>\n<script type=\"application\/ld+json\" class=\"yoast-schema-graph\">{\"@context\":\"https:\\\/\\\/schema.org\",\"@graph\":[{\"@type\":\"Article\",\"@id\":\"https:\\\/\\\/www.article-marketing.eu\\\/comunicatistampa\\\/il-consumatore-alle-aziende-dimmi-come-gestisci-i-miei-dati-personali-e-ti-diro-se-acquistero-ancora-da-te\\\/#article\",\"isPartOf\":{\"@id\":\"https:\\\/\\\/www.article-marketing.eu\\\/comunicatistampa\\\/il-consumatore-alle-aziende-dimmi-come-gestisci-i-miei-dati-personali-e-ti-diro-se-acquistero-ancora-da-te\\\/\"},\"author\":{\"name\":\"MartaOldani\",\"@id\":\"https:\\\/\\\/www.article-marketing.eu\\\/comunicatistampa\\\/#\\\/schema\\\/person\\\/11429a0958085546a14f2ef8706ed1ad\"},\"headline\":\"Il consumatore alle aziende: dimmi come gestisci i miei dati personali e ti dir\u00f2 se acquister\u00f2 ancora da te\",\"datePublished\":\"2017-07-14T18:34:56+00:00\",\"mainEntityOfPage\":{\"@id\":\"https:\\\/\\\/www.article-marketing.eu\\\/comunicatistampa\\\/il-consumatore-alle-aziende-dimmi-come-gestisci-i-miei-dati-personali-e-ti-diro-se-acquistero-ancora-da-te\\\/\"},\"wordCount\":605,\"commentCount\":0,\"articleSection\":[\"Comunicati stampa\"],\"inLanguage\":\"it-IT\",\"potentialAction\":[{\"@type\":\"CommentAction\",\"name\":\"Comment\",\"target\":[\"https:\\\/\\\/www.article-marketing.eu\\\/comunicatistampa\\\/il-consumatore-alle-aziende-dimmi-come-gestisci-i-miei-dati-personali-e-ti-diro-se-acquistero-ancora-da-te\\\/#respond\"]}]},{\"@type\":\"WebPage\",\"@id\":\"https:\\\/\\\/www.article-marketing.eu\\\/comunicatistampa\\\/il-consumatore-alle-aziende-dimmi-come-gestisci-i-miei-dati-personali-e-ti-diro-se-acquistero-ancora-da-te\\\/\",\"url\":\"https:\\\/\\\/www.article-marketing.eu\\\/comunicatistampa\\\/il-consumatore-alle-aziende-dimmi-come-gestisci-i-miei-dati-personali-e-ti-diro-se-acquistero-ancora-da-te\\\/\",\"name\":\"Il consumatore alle aziende: dimmi come gestisci i miei dati personali e ti dir\u00f2 se acquister\u00f2 ancora da te - Article Marketing\",\"isPartOf\":{\"@id\":\"https:\\\/\\\/www.article-marketing.eu\\\/comunicatistampa\\\/#website\"},\"datePublished\":\"2017-07-14T18:34:56+00:00\",\"author\":{\"@id\":\"https:\\\/\\\/www.article-marketing.eu\\\/comunicatistampa\\\/#\\\/schema\\\/person\\\/11429a0958085546a14f2ef8706ed1ad\"},\"breadcrumb\":{\"@id\":\"https:\\\/\\\/www.article-marketing.eu\\\/comunicatistampa\\\/il-consumatore-alle-aziende-dimmi-come-gestisci-i-miei-dati-personali-e-ti-diro-se-acquistero-ancora-da-te\\\/#breadcrumb\"},\"inLanguage\":\"it-IT\",\"potentialAction\":[{\"@type\":\"ReadAction\",\"target\":[\"https:\\\/\\\/www.article-marketing.eu\\\/comunicatistampa\\\/il-consumatore-alle-aziende-dimmi-come-gestisci-i-miei-dati-personali-e-ti-diro-se-acquistero-ancora-da-te\\\/\"]}]},{\"@type\":\"BreadcrumbList\",\"@id\":\"https:\\\/\\\/www.article-marketing.eu\\\/comunicatistampa\\\/il-consumatore-alle-aziende-dimmi-come-gestisci-i-miei-dati-personali-e-ti-diro-se-acquistero-ancora-da-te\\\/#breadcrumb\",\"itemListElement\":[{\"@type\":\"ListItem\",\"position\":1,\"name\":\"Home\",\"item\":\"https:\\\/\\\/www.article-marketing.eu\\\/comunicatistampa\\\/\"},{\"@type\":\"ListItem\",\"position\":2,\"name\":\"Il consumatore alle aziende: dimmi come gestisci i miei dati personali e ti dir\u00f2 se acquister\u00f2 ancora da te\"}]},{\"@type\":\"WebSite\",\"@id\":\"https:\\\/\\\/www.article-marketing.eu\\\/comunicatistampa\\\/#website\",\"url\":\"https:\\\/\\\/www.article-marketing.eu\\\/comunicatistampa\\\/\",\"name\":\"Article Marketing\",\"description\":\"article marketing &amp; press release\",\"potentialAction\":[{\"@type\":\"SearchAction\",\"target\":{\"@type\":\"EntryPoint\",\"urlTemplate\":\"https:\\\/\\\/www.article-marketing.eu\\\/comunicatistampa\\\/?s={search_term_string}\"},\"query-input\":{\"@type\":\"PropertyValueSpecification\",\"valueRequired\":true,\"valueName\":\"search_term_string\"}}],\"inLanguage\":\"it-IT\"},{\"@type\":\"Person\",\"@id\":\"https:\\\/\\\/www.article-marketing.eu\\\/comunicatistampa\\\/#\\\/schema\\\/person\\\/11429a0958085546a14f2ef8706ed1ad\",\"name\":\"MartaOldani\",\"image\":{\"@type\":\"ImageObject\",\"inLanguage\":\"it-IT\",\"@id\":\"https:\\\/\\\/secure.gravatar.com\\\/avatar\\\/61f67e4d0e5fe2ae475d07df4f372fb6eb25341737f3c7e794f70d4c169f28dd?s=96&d=mm&r=g\",\"url\":\"https:\\\/\\\/secure.gravatar.com\\\/avatar\\\/61f67e4d0e5fe2ae475d07df4f372fb6eb25341737f3c7e794f70d4c169f28dd?s=96&d=mm&r=g\",\"contentUrl\":\"https:\\\/\\\/secure.gravatar.com\\\/avatar\\\/61f67e4d0e5fe2ae475d07df4f372fb6eb25341737f3c7e794f70d4c169f28dd?s=96&d=mm&r=g\",\"caption\":\"MartaOldani\"},\"url\":\"https:\\\/\\\/www.article-marketing.eu\\\/comunicatistampa\\\/author\\\/martaoldani\\\/\"}]}<\/script>\n<!-- \/ Yoast SEO plugin. -->","yoast_head_json":{"title":"Il consumatore alle aziende: dimmi come gestisci i miei dati personali e ti dir\u00f2 se acquister\u00f2 ancora da te - Article Marketing","robots":{"index":"index","follow":"follow","max-snippet":"max-snippet:-1","max-image-preview":"max-image-preview:large","max-video-preview":"max-video-preview:-1"},"canonical":"https:\/\/www.article-marketing.eu\/comunicatistampa\/il-consumatore-alle-aziende-dimmi-come-gestisci-i-miei-dati-personali-e-ti-diro-se-acquistero-ancora-da-te\/","og_locale":"it_IT","og_type":"article","og_title":"Il consumatore alle aziende: dimmi come gestisci i miei dati personali e ti dir\u00f2 se acquister\u00f2 ancora da te - Article Marketing","og_description":"Da una nuova ricerca Ricoh emerge come i consumatori europei chiedano alle aziende trasparenza nella gestione dei dati personali. Da Ricoh tre consigli per rispondere a questa richiesta e prepararsi allo stesso tempo al nuovo GDPR. A cura di Javier Diez-Aguirre, Vice President, Corporate Marketing, CSR &amp; Environment di Ricoh Europe \u201cForse le persone dimenticheranno quello che hai detto, ma non scorderanno mai come le hai fatte sentire\u201d. Questo aforismaContinue reading...","og_url":"https:\/\/www.article-marketing.eu\/comunicatistampa\/il-consumatore-alle-aziende-dimmi-come-gestisci-i-miei-dati-personali-e-ti-diro-se-acquistero-ancora-da-te\/","og_site_name":"Article Marketing","article_published_time":"2017-07-14T18:34:56+00:00","author":"MartaOldani","twitter_card":"summary_large_image","twitter_misc":{"Scritto da":"MartaOldani","Tempo di lettura stimato":"3 minuti"},"schema":{"@context":"https:\/\/schema.org","@graph":[{"@type":"Article","@id":"https:\/\/www.article-marketing.eu\/comunicatistampa\/il-consumatore-alle-aziende-dimmi-come-gestisci-i-miei-dati-personali-e-ti-diro-se-acquistero-ancora-da-te\/#article","isPartOf":{"@id":"https:\/\/www.article-marketing.eu\/comunicatistampa\/il-consumatore-alle-aziende-dimmi-come-gestisci-i-miei-dati-personali-e-ti-diro-se-acquistero-ancora-da-te\/"},"author":{"name":"MartaOldani","@id":"https:\/\/www.article-marketing.eu\/comunicatistampa\/#\/schema\/person\/11429a0958085546a14f2ef8706ed1ad"},"headline":"Il consumatore alle aziende: dimmi come gestisci i miei dati personali e ti dir\u00f2 se acquister\u00f2 ancora da te","datePublished":"2017-07-14T18:34:56+00:00","mainEntityOfPage":{"@id":"https:\/\/www.article-marketing.eu\/comunicatistampa\/il-consumatore-alle-aziende-dimmi-come-gestisci-i-miei-dati-personali-e-ti-diro-se-acquistero-ancora-da-te\/"},"wordCount":605,"commentCount":0,"articleSection":["Comunicati stampa"],"inLanguage":"it-IT","potentialAction":[{"@type":"CommentAction","name":"Comment","target":["https:\/\/www.article-marketing.eu\/comunicatistampa\/il-consumatore-alle-aziende-dimmi-come-gestisci-i-miei-dati-personali-e-ti-diro-se-acquistero-ancora-da-te\/#respond"]}]},{"@type":"WebPage","@id":"https:\/\/www.article-marketing.eu\/comunicatistampa\/il-consumatore-alle-aziende-dimmi-come-gestisci-i-miei-dati-personali-e-ti-diro-se-acquistero-ancora-da-te\/","url":"https:\/\/www.article-marketing.eu\/comunicatistampa\/il-consumatore-alle-aziende-dimmi-come-gestisci-i-miei-dati-personali-e-ti-diro-se-acquistero-ancora-da-te\/","name":"Il consumatore alle aziende: dimmi come gestisci i miei dati personali e ti dir\u00f2 se acquister\u00f2 ancora da te - Article Marketing","isPartOf":{"@id":"https:\/\/www.article-marketing.eu\/comunicatistampa\/#website"},"datePublished":"2017-07-14T18:34:56+00:00","author":{"@id":"https:\/\/www.article-marketing.eu\/comunicatistampa\/#\/schema\/person\/11429a0958085546a14f2ef8706ed1ad"},"breadcrumb":{"@id":"https:\/\/www.article-marketing.eu\/comunicatistampa\/il-consumatore-alle-aziende-dimmi-come-gestisci-i-miei-dati-personali-e-ti-diro-se-acquistero-ancora-da-te\/#breadcrumb"},"inLanguage":"it-IT","potentialAction":[{"@type":"ReadAction","target":["https:\/\/www.article-marketing.eu\/comunicatistampa\/il-consumatore-alle-aziende-dimmi-come-gestisci-i-miei-dati-personali-e-ti-diro-se-acquistero-ancora-da-te\/"]}]},{"@type":"BreadcrumbList","@id":"https:\/\/www.article-marketing.eu\/comunicatistampa\/il-consumatore-alle-aziende-dimmi-come-gestisci-i-miei-dati-personali-e-ti-diro-se-acquistero-ancora-da-te\/#breadcrumb","itemListElement":[{"@type":"ListItem","position":1,"name":"Home","item":"https:\/\/www.article-marketing.eu\/comunicatistampa\/"},{"@type":"ListItem","position":2,"name":"Il consumatore alle aziende: dimmi come gestisci i miei dati personali e ti dir\u00f2 se acquister\u00f2 ancora da te"}]},{"@type":"WebSite","@id":"https:\/\/www.article-marketing.eu\/comunicatistampa\/#website","url":"https:\/\/www.article-marketing.eu\/comunicatistampa\/","name":"Article Marketing","description":"article marketing &amp; press release","potentialAction":[{"@type":"SearchAction","target":{"@type":"EntryPoint","urlTemplate":"https:\/\/www.article-marketing.eu\/comunicatistampa\/?s={search_term_string}"},"query-input":{"@type":"PropertyValueSpecification","valueRequired":true,"valueName":"search_term_string"}}],"inLanguage":"it-IT"},{"@type":"Person","@id":"https:\/\/www.article-marketing.eu\/comunicatistampa\/#\/schema\/person\/11429a0958085546a14f2ef8706ed1ad","name":"MartaOldani","image":{"@type":"ImageObject","inLanguage":"it-IT","@id":"https:\/\/secure.gravatar.com\/avatar\/61f67e4d0e5fe2ae475d07df4f372fb6eb25341737f3c7e794f70d4c169f28dd?s=96&d=mm&r=g","url":"https:\/\/secure.gravatar.com\/avatar\/61f67e4d0e5fe2ae475d07df4f372fb6eb25341737f3c7e794f70d4c169f28dd?s=96&d=mm&r=g","contentUrl":"https:\/\/secure.gravatar.com\/avatar\/61f67e4d0e5fe2ae475d07df4f372fb6eb25341737f3c7e794f70d4c169f28dd?s=96&d=mm&r=g","caption":"MartaOldani"},"url":"https:\/\/www.article-marketing.eu\/comunicatistampa\/author\/martaoldani\/"}]}},"_links":{"self":[{"href":"https:\/\/www.article-marketing.eu\/comunicatistampa\/wp-json\/wp\/v2\/posts\/4061","targetHints":{"allow":["GET"]}}],"collection":[{"href":"https:\/\/www.article-marketing.eu\/comunicatistampa\/wp-json\/wp\/v2\/posts"}],"about":[{"href":"https:\/\/www.article-marketing.eu\/comunicatistampa\/wp-json\/wp\/v2\/types\/post"}],"author":[{"embeddable":true,"href":"https:\/\/www.article-marketing.eu\/comunicatistampa\/wp-json\/wp\/v2\/users\/15"}],"replies":[{"embeddable":true,"href":"https:\/\/www.article-marketing.eu\/comunicatistampa\/wp-json\/wp\/v2\/comments?post=4061"}],"version-history":[{"count":2,"href":"https:\/\/www.article-marketing.eu\/comunicatistampa\/wp-json\/wp\/v2\/posts\/4061\/revisions"}],"predecessor-version":[{"id":4130,"href":"https:\/\/www.article-marketing.eu\/comunicatistampa\/wp-json\/wp\/v2\/posts\/4061\/revisions\/4130"}],"wp:attachment":[{"href":"https:\/\/www.article-marketing.eu\/comunicatistampa\/wp-json\/wp\/v2\/media?parent=4061"}],"wp:term":[{"taxonomy":"category","embeddable":true,"href":"https:\/\/www.article-marketing.eu\/comunicatistampa\/wp-json\/wp\/v2\/categories?post=4061"},{"taxonomy":"post_tag","embeddable":true,"href":"https:\/\/www.article-marketing.eu\/comunicatistampa\/wp-json\/wp\/v2\/tags?post=4061"}],"curies":[{"name":"wp","href":"https:\/\/api.w.org\/{rel}","templated":true}]}}