{"id":4068,"date":"2017-07-14T20:34:20","date_gmt":"2017-07-14T18:34:20","guid":{"rendered":"http:\/\/www.article-marketing.eu\/comunicatistampa\/?p=4068"},"modified":"2020-03-26T14:09:52","modified_gmt":"2020-03-26T13:09:52","slug":"il-colore-non-mente-mai","status":"publish","type":"post","link":"https:\/\/www.article-marketing.eu\/comunicatistampa\/il-colore-non-mente-mai\/","title":{"rendered":"Il colore non mente mai"},"content":{"rendered":"<p>Disponibile il nuovo romanzo di Pietro De Montis<\/p>\n<p>E&#8217; uscito il romanzo &#8221; Il colore non mente mai &#8221; di Pietro De Montis ( Ed. Il Fiorino, Modena ), gi\u00e0 disponibile in libreria (a Modena, presso Feltrinelli e Ubik ) e per l&#8217;acquisto &#8220;online&#8221; sulle piattaforme Mondadori Store, Amazon, IBS, LibroCo, Libreria Universitaria e altre.<\/p>\n<p>Pietro De Montis, 41 anni, lavora come impiegato in un Istituto di Credito. Nutre la passione per la scrittura, ormai alla seconda esperienza in questo affascinante settore. Il romanzo \u00e8 ambientato in un&#8217;anonima citta Emiliana &#8211; ancorch\u00e8 siano forti le immagini ed i riferimenti alla nostra citt\u00e0, pur senza citarli apertamente &#8211; che fa da sfondo ad una vicenda &#8220;noir&#8221;. Una donna viene rinvenuta cadavere nello studio di un noto Legale. Nuda, con una stella a cinque punte disegnata sul corpo. Da qui inizia una profonda esplorazione dell\u2019intimo, per il lettore e per i singoli personaggi, che restituir\u00e0 luce e verit\u00e0 al delitto solamente alla fine, in un vorticoso susseguirsi di emozioni. Un prete scoprir\u00e0 di essere un uomo, prima di ogni altra cosa. Un pittore arriver\u00e0 a conoscere se stesso ed una donna riveler\u00e0 i ricordi di un\u2019infanzia spensierata nella Romania Comunista di Ceausescu. In tutto questo, solamente il colore riuscir\u00e0 a svelare il colpevole. Con la prefazione di Piero Malagoli.<\/p>\n<p>&#8221; Una storia avvincente, che mi ha dato la possibilit\u00e0 di affrontare anche temi molto attuali e controversi come l&#8217;emigrazione dai Paesi dell&#8217;Est Europa, l&#8217;emarginazione, il razzismo ma anche temi sensibili &#8211; sul piano Etico &#8211; come la convivenza, la morale Cattolica su Separazioni e Divorzi e la coerenza di certo clero. Infine, una rivelazione sconvolgente, con forti richiami al mondo dell&#8217;Esoterismo&#8221;<\/p>\n<p>https:\/\/www.facebook.com\/pietrodemontis76\/<\/p>\n","protected":false},"excerpt":{"rendered":"<p>Disponibile il nuovo romanzo di Pietro De Montis E&#8217; uscito il romanzo &#8221; Il colore non mente mai &#8221; di Pietro De Montis ( Ed. Il Fiorino, Modena ), gi\u00e0 disponibile in libreria (a Modena, presso Feltrinelli e Ubik ) e per l&#8217;acquisto &#8220;online&#8221; sulle piattaforme Mondadori Store, Amazon, IBS, LibroCo, Libreria Universitaria e altre. Pietro De Montis, 41 anni, lavora come impiegato in un Istituto di Credito. Nutre la<\/p>\n<p><a class=\"continue-reading\" href=\"https:\/\/www.article-marketing.eu\/comunicatistampa\/il-colore-non-mente-mai\/\">Continue reading&#8230;<\/a><\/p>\n","protected":false},"author":513,"featured_media":0,"comment_status":"open","ping_status":"open","sticky":false,"template":"","format":"standard","meta":{"_monsterinsights_skip_tracking":false,"_monsterinsights_sitenote_active":false,"_monsterinsights_sitenote_note":"","_monsterinsights_sitenote_category":0,"footnotes":""},"categories":[407,78,392],"tags":[],"class_list":["post-4068","post","type-post","status-publish","format-standard","hentry","category-arte-e-cultura","category-comunicati-stampa","category-eventi"],"yoast_head":"<!-- This site is optimized with the Yoast SEO plugin v27.3 - https:\/\/yoast.com\/product\/yoast-seo-wordpress\/ -->\n<title>Il colore non mente mai - Article Marketing<\/title>\n<meta name=\"robots\" content=\"index, follow, max-snippet:-1, max-image-preview:large, max-video-preview:-1\" \/>\n<link rel=\"canonical\" href=\"https:\/\/www.article-marketing.eu\/comunicatistampa\/il-colore-non-mente-mai\/\" \/>\n<meta property=\"og:locale\" content=\"it_IT\" \/>\n<meta property=\"og:type\" content=\"article\" \/>\n<meta property=\"og:title\" content=\"Il colore non mente mai - Article Marketing\" \/>\n<meta property=\"og:description\" content=\"Disponibile il nuovo romanzo di Pietro De Montis E&#8217; uscito il romanzo &#8221; Il colore non mente mai &#8221; di Pietro De Montis ( Ed. Il Fiorino, Modena ), gi\u00e0 disponibile in libreria (a Modena, presso Feltrinelli e Ubik ) e per l&#8217;acquisto &#8220;online&#8221; sulle piattaforme Mondadori Store, Amazon, IBS, LibroCo, Libreria Universitaria e altre. Pietro De Montis, 41 anni, lavora come impiegato in un Istituto di Credito. Nutre laContinue reading...\" \/>\n<meta property=\"og:url\" content=\"https:\/\/www.article-marketing.eu\/comunicatistampa\/il-colore-non-mente-mai\/\" \/>\n<meta property=\"og:site_name\" content=\"Article Marketing\" \/>\n<meta property=\"article:published_time\" content=\"2017-07-14T18:34:20+00:00\" \/>\n<meta property=\"article:modified_time\" content=\"2020-03-26T13:09:52+00:00\" \/>\n<meta name=\"author\" content=\"Pietro De Montis\" \/>\n<meta name=\"twitter:card\" content=\"summary_large_image\" \/>\n<meta name=\"twitter:label1\" content=\"Scritto da\" \/>\n\t<meta name=\"twitter:data1\" content=\"Pietro De Montis\" \/>\n\t<meta name=\"twitter:label2\" content=\"Tempo di lettura stimato\" \/>\n\t<meta name=\"twitter:data2\" content=\"1 minuto\" \/>\n<script type=\"application\/ld+json\" class=\"yoast-schema-graph\">{\"@context\":\"https:\\\/\\\/schema.org\",\"@graph\":[{\"@type\":\"Article\",\"@id\":\"https:\\\/\\\/www.article-marketing.eu\\\/comunicatistampa\\\/il-colore-non-mente-mai\\\/#article\",\"isPartOf\":{\"@id\":\"https:\\\/\\\/www.article-marketing.eu\\\/comunicatistampa\\\/il-colore-non-mente-mai\\\/\"},\"author\":{\"name\":\"Pietro De Montis\",\"@id\":\"https:\\\/\\\/www.article-marketing.eu\\\/comunicatistampa\\\/#\\\/schema\\\/person\\\/c85751c299d7db463823e7b9e08788db\"},\"headline\":\"Il colore non mente mai\",\"datePublished\":\"2017-07-14T18:34:20+00:00\",\"dateModified\":\"2020-03-26T13:09:52+00:00\",\"mainEntityOfPage\":{\"@id\":\"https:\\\/\\\/www.article-marketing.eu\\\/comunicatistampa\\\/il-colore-non-mente-mai\\\/\"},\"wordCount\":283,\"commentCount\":0,\"articleSection\":[\"Arte e cultura\",\"Comunicati stampa\",\"Eventi\"],\"inLanguage\":\"it-IT\",\"potentialAction\":[{\"@type\":\"CommentAction\",\"name\":\"Comment\",\"target\":[\"https:\\\/\\\/www.article-marketing.eu\\\/comunicatistampa\\\/il-colore-non-mente-mai\\\/#respond\"]}]},{\"@type\":\"WebPage\",\"@id\":\"https:\\\/\\\/www.article-marketing.eu\\\/comunicatistampa\\\/il-colore-non-mente-mai\\\/\",\"url\":\"https:\\\/\\\/www.article-marketing.eu\\\/comunicatistampa\\\/il-colore-non-mente-mai\\\/\",\"name\":\"Il colore non mente mai - Article Marketing\",\"isPartOf\":{\"@id\":\"https:\\\/\\\/www.article-marketing.eu\\\/comunicatistampa\\\/#website\"},\"datePublished\":\"2017-07-14T18:34:20+00:00\",\"dateModified\":\"2020-03-26T13:09:52+00:00\",\"author\":{\"@id\":\"https:\\\/\\\/www.article-marketing.eu\\\/comunicatistampa\\\/#\\\/schema\\\/person\\\/c85751c299d7db463823e7b9e08788db\"},\"breadcrumb\":{\"@id\":\"https:\\\/\\\/www.article-marketing.eu\\\/comunicatistampa\\\/il-colore-non-mente-mai\\\/#breadcrumb\"},\"inLanguage\":\"it-IT\",\"potentialAction\":[{\"@type\":\"ReadAction\",\"target\":[\"https:\\\/\\\/www.article-marketing.eu\\\/comunicatistampa\\\/il-colore-non-mente-mai\\\/\"]}]},{\"@type\":\"BreadcrumbList\",\"@id\":\"https:\\\/\\\/www.article-marketing.eu\\\/comunicatistampa\\\/il-colore-non-mente-mai\\\/#breadcrumb\",\"itemListElement\":[{\"@type\":\"ListItem\",\"position\":1,\"name\":\"Home\",\"item\":\"https:\\\/\\\/www.article-marketing.eu\\\/comunicatistampa\\\/\"},{\"@type\":\"ListItem\",\"position\":2,\"name\":\"Il colore non mente mai\"}]},{\"@type\":\"WebSite\",\"@id\":\"https:\\\/\\\/www.article-marketing.eu\\\/comunicatistampa\\\/#website\",\"url\":\"https:\\\/\\\/www.article-marketing.eu\\\/comunicatistampa\\\/\",\"name\":\"Article Marketing\",\"description\":\"article marketing &amp; press release\",\"potentialAction\":[{\"@type\":\"SearchAction\",\"target\":{\"@type\":\"EntryPoint\",\"urlTemplate\":\"https:\\\/\\\/www.article-marketing.eu\\\/comunicatistampa\\\/?s={search_term_string}\"},\"query-input\":{\"@type\":\"PropertyValueSpecification\",\"valueRequired\":true,\"valueName\":\"search_term_string\"}}],\"inLanguage\":\"it-IT\"},{\"@type\":\"Person\",\"@id\":\"https:\\\/\\\/www.article-marketing.eu\\\/comunicatistampa\\\/#\\\/schema\\\/person\\\/c85751c299d7db463823e7b9e08788db\",\"name\":\"Pietro De Montis\",\"image\":{\"@type\":\"ImageObject\",\"inLanguage\":\"it-IT\",\"@id\":\"https:\\\/\\\/secure.gravatar.com\\\/avatar\\\/21aa6a7972d8e48eb480c2e4310e28dc089d7312d65e7ef6c0f8973698d40546?s=96&d=mm&r=g\",\"url\":\"https:\\\/\\\/secure.gravatar.com\\\/avatar\\\/21aa6a7972d8e48eb480c2e4310e28dc089d7312d65e7ef6c0f8973698d40546?s=96&d=mm&r=g\",\"contentUrl\":\"https:\\\/\\\/secure.gravatar.com\\\/avatar\\\/21aa6a7972d8e48eb480c2e4310e28dc089d7312d65e7ef6c0f8973698d40546?s=96&d=mm&r=g\",\"caption\":\"Pietro De Montis\"},\"url\":\"https:\\\/\\\/www.article-marketing.eu\\\/comunicatistampa\\\/author\\\/pietro-de-montis\\\/\"}]}<\/script>\n<!-- \/ Yoast SEO plugin. -->","yoast_head_json":{"title":"Il colore non mente mai - Article Marketing","robots":{"index":"index","follow":"follow","max-snippet":"max-snippet:-1","max-image-preview":"max-image-preview:large","max-video-preview":"max-video-preview:-1"},"canonical":"https:\/\/www.article-marketing.eu\/comunicatistampa\/il-colore-non-mente-mai\/","og_locale":"it_IT","og_type":"article","og_title":"Il colore non mente mai - Article Marketing","og_description":"Disponibile il nuovo romanzo di Pietro De Montis E&#8217; uscito il romanzo &#8221; Il colore non mente mai &#8221; di Pietro De Montis ( Ed. Il Fiorino, Modena ), gi\u00e0 disponibile in libreria (a Modena, presso Feltrinelli e Ubik ) e per l&#8217;acquisto &#8220;online&#8221; sulle piattaforme Mondadori Store, Amazon, IBS, LibroCo, Libreria Universitaria e altre. Pietro De Montis, 41 anni, lavora come impiegato in un Istituto di Credito. Nutre laContinue reading...","og_url":"https:\/\/www.article-marketing.eu\/comunicatistampa\/il-colore-non-mente-mai\/","og_site_name":"Article Marketing","article_published_time":"2017-07-14T18:34:20+00:00","article_modified_time":"2020-03-26T13:09:52+00:00","author":"Pietro De Montis","twitter_card":"summary_large_image","twitter_misc":{"Scritto da":"Pietro De Montis","Tempo di lettura stimato":"1 minuto"},"schema":{"@context":"https:\/\/schema.org","@graph":[{"@type":"Article","@id":"https:\/\/www.article-marketing.eu\/comunicatistampa\/il-colore-non-mente-mai\/#article","isPartOf":{"@id":"https:\/\/www.article-marketing.eu\/comunicatistampa\/il-colore-non-mente-mai\/"},"author":{"name":"Pietro De Montis","@id":"https:\/\/www.article-marketing.eu\/comunicatistampa\/#\/schema\/person\/c85751c299d7db463823e7b9e08788db"},"headline":"Il colore non mente mai","datePublished":"2017-07-14T18:34:20+00:00","dateModified":"2020-03-26T13:09:52+00:00","mainEntityOfPage":{"@id":"https:\/\/www.article-marketing.eu\/comunicatistampa\/il-colore-non-mente-mai\/"},"wordCount":283,"commentCount":0,"articleSection":["Arte e cultura","Comunicati stampa","Eventi"],"inLanguage":"it-IT","potentialAction":[{"@type":"CommentAction","name":"Comment","target":["https:\/\/www.article-marketing.eu\/comunicatistampa\/il-colore-non-mente-mai\/#respond"]}]},{"@type":"WebPage","@id":"https:\/\/www.article-marketing.eu\/comunicatistampa\/il-colore-non-mente-mai\/","url":"https:\/\/www.article-marketing.eu\/comunicatistampa\/il-colore-non-mente-mai\/","name":"Il colore non mente mai - Article Marketing","isPartOf":{"@id":"https:\/\/www.article-marketing.eu\/comunicatistampa\/#website"},"datePublished":"2017-07-14T18:34:20+00:00","dateModified":"2020-03-26T13:09:52+00:00","author":{"@id":"https:\/\/www.article-marketing.eu\/comunicatistampa\/#\/schema\/person\/c85751c299d7db463823e7b9e08788db"},"breadcrumb":{"@id":"https:\/\/www.article-marketing.eu\/comunicatistampa\/il-colore-non-mente-mai\/#breadcrumb"},"inLanguage":"it-IT","potentialAction":[{"@type":"ReadAction","target":["https:\/\/www.article-marketing.eu\/comunicatistampa\/il-colore-non-mente-mai\/"]}]},{"@type":"BreadcrumbList","@id":"https:\/\/www.article-marketing.eu\/comunicatistampa\/il-colore-non-mente-mai\/#breadcrumb","itemListElement":[{"@type":"ListItem","position":1,"name":"Home","item":"https:\/\/www.article-marketing.eu\/comunicatistampa\/"},{"@type":"ListItem","position":2,"name":"Il colore non mente mai"}]},{"@type":"WebSite","@id":"https:\/\/www.article-marketing.eu\/comunicatistampa\/#website","url":"https:\/\/www.article-marketing.eu\/comunicatistampa\/","name":"Article Marketing","description":"article marketing &amp; press release","potentialAction":[{"@type":"SearchAction","target":{"@type":"EntryPoint","urlTemplate":"https:\/\/www.article-marketing.eu\/comunicatistampa\/?s={search_term_string}"},"query-input":{"@type":"PropertyValueSpecification","valueRequired":true,"valueName":"search_term_string"}}],"inLanguage":"it-IT"},{"@type":"Person","@id":"https:\/\/www.article-marketing.eu\/comunicatistampa\/#\/schema\/person\/c85751c299d7db463823e7b9e08788db","name":"Pietro De Montis","image":{"@type":"ImageObject","inLanguage":"it-IT","@id":"https:\/\/secure.gravatar.com\/avatar\/21aa6a7972d8e48eb480c2e4310e28dc089d7312d65e7ef6c0f8973698d40546?s=96&d=mm&r=g","url":"https:\/\/secure.gravatar.com\/avatar\/21aa6a7972d8e48eb480c2e4310e28dc089d7312d65e7ef6c0f8973698d40546?s=96&d=mm&r=g","contentUrl":"https:\/\/secure.gravatar.com\/avatar\/21aa6a7972d8e48eb480c2e4310e28dc089d7312d65e7ef6c0f8973698d40546?s=96&d=mm&r=g","caption":"Pietro De Montis"},"url":"https:\/\/www.article-marketing.eu\/comunicatistampa\/author\/pietro-de-montis\/"}]}},"_links":{"self":[{"href":"https:\/\/www.article-marketing.eu\/comunicatistampa\/wp-json\/wp\/v2\/posts\/4068","targetHints":{"allow":["GET"]}}],"collection":[{"href":"https:\/\/www.article-marketing.eu\/comunicatistampa\/wp-json\/wp\/v2\/posts"}],"about":[{"href":"https:\/\/www.article-marketing.eu\/comunicatistampa\/wp-json\/wp\/v2\/types\/post"}],"author":[{"embeddable":true,"href":"https:\/\/www.article-marketing.eu\/comunicatistampa\/wp-json\/wp\/v2\/users\/513"}],"replies":[{"embeddable":true,"href":"https:\/\/www.article-marketing.eu\/comunicatistampa\/wp-json\/wp\/v2\/comments?post=4068"}],"version-history":[{"count":4,"href":"https:\/\/www.article-marketing.eu\/comunicatistampa\/wp-json\/wp\/v2\/posts\/4068\/revisions"}],"predecessor-version":[{"id":14390,"href":"https:\/\/www.article-marketing.eu\/comunicatistampa\/wp-json\/wp\/v2\/posts\/4068\/revisions\/14390"}],"wp:attachment":[{"href":"https:\/\/www.article-marketing.eu\/comunicatistampa\/wp-json\/wp\/v2\/media?parent=4068"}],"wp:term":[{"taxonomy":"category","embeddable":true,"href":"https:\/\/www.article-marketing.eu\/comunicatistampa\/wp-json\/wp\/v2\/categories?post=4068"},{"taxonomy":"post_tag","embeddable":true,"href":"https:\/\/www.article-marketing.eu\/comunicatistampa\/wp-json\/wp\/v2\/tags?post=4068"}],"curies":[{"name":"wp","href":"https:\/\/api.w.org\/{rel}","templated":true}]}}