{"id":4099,"date":"2017-07-14T20:28:41","date_gmt":"2017-07-14T18:28:41","guid":{"rendered":"http:\/\/www.article-marketing.eu\/comunicatistampa\/?p=4099"},"modified":"2017-07-14T20:28:41","modified_gmt":"2017-07-14T18:28:41","slug":"traslocare-a-iglesias","status":"publish","type":"post","link":"https:\/\/www.article-marketing.eu\/comunicatistampa\/traslocare-a-iglesias\/","title":{"rendered":"Traslocare a Iglesias"},"content":{"rendered":"<p>Iglesias \u00e8 un comune sardo di 26 968 abitanti della Sardegna sud-occidentale, nella regione dell&#8217;Iglesiente a cui d\u00e0 il nome.<\/p>\n<p>Nei secoli passati quando ci fu la dominazione spagnola era una delle citt\u00e0 pi\u00f9 importanti della Sardegna. \u00c8 oggi anche sede vescovile.<\/p>\n<p>Molta gente ogni anno viene qui come turista e altri effettuano<a href=\"http:\/\/www.renatocambuli.com\/il-tuo-trasloco-daper-iglesias\/\"> traslochi a Iglesias<\/a>. Ma come organizzare i traslochi? Si sa la Sardegna \u00e8 un&#8217;isola e quindi le sue vie di comunicazione con le altre regioni avvengono prevalentemente per mare.<\/p>\n<p>Il porto di Sassari \u00e8 quello che ha il maggior numero di approdi per attrezzature e un elevato numero di linee di collegamento di trasporti di merci e per passeggeri dirette a Nord e Centro Italia. Cagliari \u00e8 un altro polo importante dal punto di vista commerciale e industriale oltre che turistico. Per la loro importanza turistica sono da ricordare anche il porto di Porto Corallo\u00a0 e Carloforte e Buggerru che possono ospitare un grande numero di imbarcazioni e offrono tutti i principali servizi.<\/p>\n<p>Ad Est si trova Olbia, lo scalo con maggiori opportunit\u00e0 per raggiungere l&#8217;Italia, a Nord-Ovest Porto Torres, a Ovest Alghero che \u00e8 importante sopratutto dal punto di vista turistico.<\/p>\n<p>Iglesias si trova a sud ovest, e qui vi sono diversi porti sopratutto turistici ma per trasporti e traslochi a e da Iglesias verso l&#8217;Italia e l&#8217;Europa si utilizzano i maggiori porti tra cui Cagliari.<br \/>\nLe merci vengono trasportate su ruote verso i grandi porti della Sardegna e quindi attraverso i traghetti raggiungono la terraferma.<\/p>\n<p>Per effettuare quindi i traslochi a Iglesias si possono chiamare esperti professionisti del settore che hanno esperienza e trasportano merci e mobilia al porto di Cagliari o con aereo da e verso l&#8217;Italia e l&#8217;Europa.<\/p>\n<p>Le merci sono assicurate per evitare danni durante il trasporto e inoltre i professionisti sapranno gestire al meglio un trasloco da o per la Sardegna con tutte le variabili che questo pu\u00f2 comportare , dato che i mezzi sono diversi e ci sono tratti via\u00a0 terra e via mare o per aereo.<\/p>\n","protected":false},"excerpt":{"rendered":"<p>Iglesias \u00e8 un comune sardo di 26 968 abitanti della Sardegna sud-occidentale, nella regione dell&#8217;Iglesiente a cui d\u00e0 il nome. Nei secoli passati quando ci fu la dominazione spagnola era una delle citt\u00e0 pi\u00f9 importanti della Sardegna. \u00c8 oggi anche sede vescovile. Molta gente ogni anno viene qui come turista e altri effettuano traslochi a Iglesias. Ma come organizzare i traslochi? Si sa la Sardegna \u00e8 un&#8217;isola e quindi le<\/p>\n<p><a class=\"continue-reading\" href=\"https:\/\/www.article-marketing.eu\/comunicatistampa\/traslocare-a-iglesias\/\">Continue reading&#8230;<\/a><\/p>\n","protected":false},"author":202,"featured_media":0,"comment_status":"open","ping_status":"open","sticky":false,"template":"","format":"standard","meta":{"_monsterinsights_skip_tracking":false,"_monsterinsights_sitenote_active":false,"_monsterinsights_sitenote_note":"","_monsterinsights_sitenote_category":0,"footnotes":""},"categories":[390],"tags":[],"class_list":["post-4099","post","type-post","status-publish","format-standard","hentry","category-professionisti"],"yoast_head":"<!-- This site is optimized with the Yoast SEO plugin v27.3 - https:\/\/yoast.com\/product\/yoast-seo-wordpress\/ -->\n<title>Traslocare a Iglesias - Article Marketing<\/title>\n<meta name=\"robots\" content=\"index, follow, max-snippet:-1, max-image-preview:large, max-video-preview:-1\" \/>\n<link rel=\"canonical\" href=\"https:\/\/www.article-marketing.eu\/comunicatistampa\/traslocare-a-iglesias\/\" \/>\n<meta property=\"og:locale\" content=\"it_IT\" \/>\n<meta property=\"og:type\" content=\"article\" \/>\n<meta property=\"og:title\" content=\"Traslocare a Iglesias - Article Marketing\" \/>\n<meta property=\"og:description\" content=\"Iglesias \u00e8 un comune sardo di 26 968 abitanti della Sardegna sud-occidentale, nella regione dell&#8217;Iglesiente a cui d\u00e0 il nome. Nei secoli passati quando ci fu la dominazione spagnola era una delle citt\u00e0 pi\u00f9 importanti della Sardegna. \u00c8 oggi anche sede vescovile. Molta gente ogni anno viene qui come turista e altri effettuano traslochi a Iglesias. Ma come organizzare i traslochi? Si sa la Sardegna \u00e8 un&#8217;isola e quindi leContinue reading...\" \/>\n<meta property=\"og:url\" content=\"https:\/\/www.article-marketing.eu\/comunicatistampa\/traslocare-a-iglesias\/\" \/>\n<meta property=\"og:site_name\" content=\"Article Marketing\" \/>\n<meta property=\"article:published_time\" content=\"2017-07-14T18:28:41+00:00\" \/>\n<meta name=\"author\" content=\"merellir\" \/>\n<meta name=\"twitter:card\" content=\"summary_large_image\" \/>\n<meta name=\"twitter:label1\" content=\"Scritto da\" \/>\n\t<meta name=\"twitter:data1\" content=\"merellir\" \/>\n\t<meta name=\"twitter:label2\" content=\"Tempo di lettura stimato\" \/>\n\t<meta name=\"twitter:data2\" content=\"2 minuti\" \/>\n<script type=\"application\/ld+json\" class=\"yoast-schema-graph\">{\"@context\":\"https:\\\/\\\/schema.org\",\"@graph\":[{\"@type\":\"Article\",\"@id\":\"https:\\\/\\\/www.article-marketing.eu\\\/comunicatistampa\\\/traslocare-a-iglesias\\\/#article\",\"isPartOf\":{\"@id\":\"https:\\\/\\\/www.article-marketing.eu\\\/comunicatistampa\\\/traslocare-a-iglesias\\\/\"},\"author\":{\"name\":\"merellir\",\"@id\":\"https:\\\/\\\/www.article-marketing.eu\\\/comunicatistampa\\\/#\\\/schema\\\/person\\\/ad93a86d6a7760d56d31da897a21ec7b\"},\"headline\":\"Traslocare a Iglesias\",\"datePublished\":\"2017-07-14T18:28:41+00:00\",\"mainEntityOfPage\":{\"@id\":\"https:\\\/\\\/www.article-marketing.eu\\\/comunicatistampa\\\/traslocare-a-iglesias\\\/\"},\"wordCount\":331,\"commentCount\":0,\"articleSection\":[\"Professionisti\"],\"inLanguage\":\"it-IT\",\"potentialAction\":[{\"@type\":\"CommentAction\",\"name\":\"Comment\",\"target\":[\"https:\\\/\\\/www.article-marketing.eu\\\/comunicatistampa\\\/traslocare-a-iglesias\\\/#respond\"]}]},{\"@type\":\"WebPage\",\"@id\":\"https:\\\/\\\/www.article-marketing.eu\\\/comunicatistampa\\\/traslocare-a-iglesias\\\/\",\"url\":\"https:\\\/\\\/www.article-marketing.eu\\\/comunicatistampa\\\/traslocare-a-iglesias\\\/\",\"name\":\"Traslocare a Iglesias - Article Marketing\",\"isPartOf\":{\"@id\":\"https:\\\/\\\/www.article-marketing.eu\\\/comunicatistampa\\\/#website\"},\"datePublished\":\"2017-07-14T18:28:41+00:00\",\"author\":{\"@id\":\"https:\\\/\\\/www.article-marketing.eu\\\/comunicatistampa\\\/#\\\/schema\\\/person\\\/ad93a86d6a7760d56d31da897a21ec7b\"},\"breadcrumb\":{\"@id\":\"https:\\\/\\\/www.article-marketing.eu\\\/comunicatistampa\\\/traslocare-a-iglesias\\\/#breadcrumb\"},\"inLanguage\":\"it-IT\",\"potentialAction\":[{\"@type\":\"ReadAction\",\"target\":[\"https:\\\/\\\/www.article-marketing.eu\\\/comunicatistampa\\\/traslocare-a-iglesias\\\/\"]}]},{\"@type\":\"BreadcrumbList\",\"@id\":\"https:\\\/\\\/www.article-marketing.eu\\\/comunicatistampa\\\/traslocare-a-iglesias\\\/#breadcrumb\",\"itemListElement\":[{\"@type\":\"ListItem\",\"position\":1,\"name\":\"Home\",\"item\":\"https:\\\/\\\/www.article-marketing.eu\\\/comunicatistampa\\\/\"},{\"@type\":\"ListItem\",\"position\":2,\"name\":\"Traslocare a Iglesias\"}]},{\"@type\":\"WebSite\",\"@id\":\"https:\\\/\\\/www.article-marketing.eu\\\/comunicatistampa\\\/#website\",\"url\":\"https:\\\/\\\/www.article-marketing.eu\\\/comunicatistampa\\\/\",\"name\":\"Article Marketing\",\"description\":\"article marketing &amp; press release\",\"potentialAction\":[{\"@type\":\"SearchAction\",\"target\":{\"@type\":\"EntryPoint\",\"urlTemplate\":\"https:\\\/\\\/www.article-marketing.eu\\\/comunicatistampa\\\/?s={search_term_string}\"},\"query-input\":{\"@type\":\"PropertyValueSpecification\",\"valueRequired\":true,\"valueName\":\"search_term_string\"}}],\"inLanguage\":\"it-IT\"},{\"@type\":\"Person\",\"@id\":\"https:\\\/\\\/www.article-marketing.eu\\\/comunicatistampa\\\/#\\\/schema\\\/person\\\/ad93a86d6a7760d56d31da897a21ec7b\",\"name\":\"merellir\",\"image\":{\"@type\":\"ImageObject\",\"inLanguage\":\"it-IT\",\"@id\":\"https:\\\/\\\/secure.gravatar.com\\\/avatar\\\/1d3d79c36dbe87999cf3070b87dac773df5f04b18fa0d478fd9dcf849b3616a1?s=96&d=mm&r=g\",\"url\":\"https:\\\/\\\/secure.gravatar.com\\\/avatar\\\/1d3d79c36dbe87999cf3070b87dac773df5f04b18fa0d478fd9dcf849b3616a1?s=96&d=mm&r=g\",\"contentUrl\":\"https:\\\/\\\/secure.gravatar.com\\\/avatar\\\/1d3d79c36dbe87999cf3070b87dac773df5f04b18fa0d478fd9dcf849b3616a1?s=96&d=mm&r=g\",\"caption\":\"merellir\"},\"url\":\"https:\\\/\\\/www.article-marketing.eu\\\/comunicatistampa\\\/author\\\/merellir\\\/\"}]}<\/script>\n<!-- \/ Yoast SEO plugin. -->","yoast_head_json":{"title":"Traslocare a Iglesias - Article Marketing","robots":{"index":"index","follow":"follow","max-snippet":"max-snippet:-1","max-image-preview":"max-image-preview:large","max-video-preview":"max-video-preview:-1"},"canonical":"https:\/\/www.article-marketing.eu\/comunicatistampa\/traslocare-a-iglesias\/","og_locale":"it_IT","og_type":"article","og_title":"Traslocare a Iglesias - Article Marketing","og_description":"Iglesias \u00e8 un comune sardo di 26 968 abitanti della Sardegna sud-occidentale, nella regione dell&#8217;Iglesiente a cui d\u00e0 il nome. Nei secoli passati quando ci fu la dominazione spagnola era una delle citt\u00e0 pi\u00f9 importanti della Sardegna. \u00c8 oggi anche sede vescovile. Molta gente ogni anno viene qui come turista e altri effettuano traslochi a Iglesias. Ma come organizzare i traslochi? Si sa la Sardegna \u00e8 un&#8217;isola e quindi leContinue reading...","og_url":"https:\/\/www.article-marketing.eu\/comunicatistampa\/traslocare-a-iglesias\/","og_site_name":"Article Marketing","article_published_time":"2017-07-14T18:28:41+00:00","author":"merellir","twitter_card":"summary_large_image","twitter_misc":{"Scritto da":"merellir","Tempo di lettura stimato":"2 minuti"},"schema":{"@context":"https:\/\/schema.org","@graph":[{"@type":"Article","@id":"https:\/\/www.article-marketing.eu\/comunicatistampa\/traslocare-a-iglesias\/#article","isPartOf":{"@id":"https:\/\/www.article-marketing.eu\/comunicatistampa\/traslocare-a-iglesias\/"},"author":{"name":"merellir","@id":"https:\/\/www.article-marketing.eu\/comunicatistampa\/#\/schema\/person\/ad93a86d6a7760d56d31da897a21ec7b"},"headline":"Traslocare a Iglesias","datePublished":"2017-07-14T18:28:41+00:00","mainEntityOfPage":{"@id":"https:\/\/www.article-marketing.eu\/comunicatistampa\/traslocare-a-iglesias\/"},"wordCount":331,"commentCount":0,"articleSection":["Professionisti"],"inLanguage":"it-IT","potentialAction":[{"@type":"CommentAction","name":"Comment","target":["https:\/\/www.article-marketing.eu\/comunicatistampa\/traslocare-a-iglesias\/#respond"]}]},{"@type":"WebPage","@id":"https:\/\/www.article-marketing.eu\/comunicatistampa\/traslocare-a-iglesias\/","url":"https:\/\/www.article-marketing.eu\/comunicatistampa\/traslocare-a-iglesias\/","name":"Traslocare a Iglesias - Article Marketing","isPartOf":{"@id":"https:\/\/www.article-marketing.eu\/comunicatistampa\/#website"},"datePublished":"2017-07-14T18:28:41+00:00","author":{"@id":"https:\/\/www.article-marketing.eu\/comunicatistampa\/#\/schema\/person\/ad93a86d6a7760d56d31da897a21ec7b"},"breadcrumb":{"@id":"https:\/\/www.article-marketing.eu\/comunicatistampa\/traslocare-a-iglesias\/#breadcrumb"},"inLanguage":"it-IT","potentialAction":[{"@type":"ReadAction","target":["https:\/\/www.article-marketing.eu\/comunicatistampa\/traslocare-a-iglesias\/"]}]},{"@type":"BreadcrumbList","@id":"https:\/\/www.article-marketing.eu\/comunicatistampa\/traslocare-a-iglesias\/#breadcrumb","itemListElement":[{"@type":"ListItem","position":1,"name":"Home","item":"https:\/\/www.article-marketing.eu\/comunicatistampa\/"},{"@type":"ListItem","position":2,"name":"Traslocare a Iglesias"}]},{"@type":"WebSite","@id":"https:\/\/www.article-marketing.eu\/comunicatistampa\/#website","url":"https:\/\/www.article-marketing.eu\/comunicatistampa\/","name":"Article Marketing","description":"article marketing &amp; press release","potentialAction":[{"@type":"SearchAction","target":{"@type":"EntryPoint","urlTemplate":"https:\/\/www.article-marketing.eu\/comunicatistampa\/?s={search_term_string}"},"query-input":{"@type":"PropertyValueSpecification","valueRequired":true,"valueName":"search_term_string"}}],"inLanguage":"it-IT"},{"@type":"Person","@id":"https:\/\/www.article-marketing.eu\/comunicatistampa\/#\/schema\/person\/ad93a86d6a7760d56d31da897a21ec7b","name":"merellir","image":{"@type":"ImageObject","inLanguage":"it-IT","@id":"https:\/\/secure.gravatar.com\/avatar\/1d3d79c36dbe87999cf3070b87dac773df5f04b18fa0d478fd9dcf849b3616a1?s=96&d=mm&r=g","url":"https:\/\/secure.gravatar.com\/avatar\/1d3d79c36dbe87999cf3070b87dac773df5f04b18fa0d478fd9dcf849b3616a1?s=96&d=mm&r=g","contentUrl":"https:\/\/secure.gravatar.com\/avatar\/1d3d79c36dbe87999cf3070b87dac773df5f04b18fa0d478fd9dcf849b3616a1?s=96&d=mm&r=g","caption":"merellir"},"url":"https:\/\/www.article-marketing.eu\/comunicatistampa\/author\/merellir\/"}]}},"_links":{"self":[{"href":"https:\/\/www.article-marketing.eu\/comunicatistampa\/wp-json\/wp\/v2\/posts\/4099","targetHints":{"allow":["GET"]}}],"collection":[{"href":"https:\/\/www.article-marketing.eu\/comunicatistampa\/wp-json\/wp\/v2\/posts"}],"about":[{"href":"https:\/\/www.article-marketing.eu\/comunicatistampa\/wp-json\/wp\/v2\/types\/post"}],"author":[{"embeddable":true,"href":"https:\/\/www.article-marketing.eu\/comunicatistampa\/wp-json\/wp\/v2\/users\/202"}],"replies":[{"embeddable":true,"href":"https:\/\/www.article-marketing.eu\/comunicatistampa\/wp-json\/wp\/v2\/comments?post=4099"}],"version-history":[{"count":3,"href":"https:\/\/www.article-marketing.eu\/comunicatistampa\/wp-json\/wp\/v2\/posts\/4099\/revisions"}],"predecessor-version":[{"id":4119,"href":"https:\/\/www.article-marketing.eu\/comunicatistampa\/wp-json\/wp\/v2\/posts\/4099\/revisions\/4119"}],"wp:attachment":[{"href":"https:\/\/www.article-marketing.eu\/comunicatistampa\/wp-json\/wp\/v2\/media?parent=4099"}],"wp:term":[{"taxonomy":"category","embeddable":true,"href":"https:\/\/www.article-marketing.eu\/comunicatistampa\/wp-json\/wp\/v2\/categories?post=4099"},{"taxonomy":"post_tag","embeddable":true,"href":"https:\/\/www.article-marketing.eu\/comunicatistampa\/wp-json\/wp\/v2\/tags?post=4099"}],"curies":[{"name":"wp","href":"https:\/\/api.w.org\/{rel}","templated":true}]}}