{"id":4151,"date":"2017-07-18T02:55:42","date_gmt":"2017-07-18T00:55:42","guid":{"rendered":"http:\/\/www.article-marketing.eu\/comunicatistampa\/?p=4151"},"modified":"2017-07-18T02:55:42","modified_gmt":"2017-07-18T00:55:42","slug":"living-outdoor-naturale-e-di-tendenza-per-decobel-nasce-veranda-della-linea-must","status":"publish","type":"post","link":"https:\/\/www.article-marketing.eu\/comunicatistampa\/living-outdoor-naturale-e-di-tendenza-per-decobel-nasce-veranda-della-linea-must\/","title":{"rendered":"Living outdoor naturale e di tendenza per Decobel: nasce Veranda della linea Must"},"content":{"rendered":"<p><em>Montemurlo (PO), Luglio 2017 <\/em>&#8211; I key trend dell\u2019interior design continuano ad influenzare fortemente i prodotti all\u2019aperto e <strong>il confine tra in e out \u00e8 sempre pi\u00f9 sottile<\/strong>. Lo sa bene <strong>Decobel, azienda italiana leader nel tessile di lusso per l\u2019arredamento, che proprio in questi giorni ha lanciato nella propria linea Must un nuovo tessuto dedicato appositamente all\u2019outdoor, Veranda<\/strong>. Massima versatilit\u00e0 ed alte performance, effetto m\u00e9lange estremamente luminoso: il tessuto <strong>Veranda \u00e8 antibatterico ed \u00e8 stato realizzato per resistere agli agenti atmosferici e ai raggi UV<\/strong>, presentando un look in armonia con la natura. <strong>Veranda<\/strong> ben si adatta agli arredi di tendenza &#8211; <em>per il giardino o il terrazzo<\/em> &#8211; in cui le strutture, principalmente in legno o metallo, sono ridotte al minimo o perfino rimosse completamente per rendere protagonisti i tessuti.<\/p>\n<p>Disponibile in 39 tonalit\u00e0, una palette ricca che rispecchia le nuance classiche e i trend cromatici attuali,<strong> Veranda ricrea l\u2019atmosfera accogliente e confortevole del salotto<\/strong>, di un\u2019area relax o di una sala da pranzo, in cui \u00e8 la dimensione tattile e decorativa ad essere valorizzata. Un must have che consente di creare continuit\u00e0 tra interno ed esterno, dove il tessuto \u00e8 di pari bellezza e qualit\u00e0.<\/p>\n<p><em>\u201cIl living outdoor sta assumendo sempre maggior rilevanza e Decobel ha voluto rispondere cos\u00ec, incrementando la gamma prodotti e ideando una proposta ad hoc in linea con le tendenze dell\u2019arredo giardino\u201d<\/em> ha affermato <strong>Gabriele Guidoni, Art Director di Decobel<\/strong>. <em>\u201cVeranda vuole incoraggiare i consumatori a trascorrere tempi pi\u00f9 prolungati all\u2019aperto, soprattutto nella bella stagione, ricreando un luogo intimo o all\u2019insegna della condivisione, che non ha nulla da invidiare al design interno della casa\u201d.<\/em><\/p>\n<p>Nuovi livelli di charm ed eleganza per <strong>Decobel<\/strong>, quindi, che non smette mai di rinnovarsi per offrire alla propria clientela il maggior numero di soluzioni d\u2019eccellenza, grazie all\u2019esperienza che contraddistingue l\u2019azienda e la rende apprezzata in tutto il mondo.<\/p>\n<p>DECOBEL S.r.l. Via dell\u2019Industria, 50\/52 59013 Montemurlo (Prato) Italia comunicazione@decobel.it T. 0573 55539 www.decobel.it<\/p>\n<p>Press office Terzomillennium barbara@terzomillennium.net info@terzomillennium.net T. 045 6050601 www.terzomillennium.net<\/p>\n","protected":false},"excerpt":{"rendered":"<p>Montemurlo (PO), Luglio 2017 &#8211; I key trend dell\u2019interior design continuano ad influenzare fortemente i prodotti all\u2019aperto e il confine tra in e out \u00e8 sempre pi\u00f9 sottile. Lo sa bene Decobel, azienda italiana leader nel tessile di lusso per l\u2019arredamento, che proprio in questi giorni ha lanciato nella propria linea Must un nuovo tessuto dedicato appositamente all\u2019outdoor, Veranda. Massima versatilit\u00e0 ed alte performance, effetto m\u00e9lange estremamente luminoso: il tessuto<\/p>\n<p><a class=\"continue-reading\" href=\"https:\/\/www.article-marketing.eu\/comunicatistampa\/living-outdoor-naturale-e-di-tendenza-per-decobel-nasce-veranda-della-linea-must\/\">Continue reading&#8230;<\/a><\/p>\n","protected":false},"author":344,"featured_media":0,"comment_status":"open","ping_status":"open","sticky":false,"template":"","format":"standard","meta":{"_monsterinsights_skip_tracking":false,"_monsterinsights_sitenote_active":false,"_monsterinsights_sitenote_note":"","_monsterinsights_sitenote_category":0,"footnotes":""},"categories":[405],"tags":[1683,1351,2125,1029,978,2124],"class_list":["post-4151","post","type-post","status-publish","format-standard","hentry","category-esterni","tag-decobel","tag-esterni","tag-linea-must","tag-outdoor","tag-tessuti","tag-veranda"],"yoast_head":"<!-- This site is optimized with the Yoast SEO plugin v27.3 - https:\/\/yoast.com\/product\/yoast-seo-wordpress\/ -->\n<title>Living outdoor naturale e di tendenza per Decobel: nasce Veranda della linea Must - Article Marketing<\/title>\n<meta name=\"robots\" content=\"index, follow, max-snippet:-1, max-image-preview:large, max-video-preview:-1\" \/>\n<link rel=\"canonical\" href=\"https:\/\/www.article-marketing.eu\/comunicatistampa\/living-outdoor-naturale-e-di-tendenza-per-decobel-nasce-veranda-della-linea-must\/\" \/>\n<meta property=\"og:locale\" content=\"it_IT\" \/>\n<meta property=\"og:type\" content=\"article\" \/>\n<meta property=\"og:title\" content=\"Living outdoor naturale e di tendenza per Decobel: nasce Veranda della linea Must - Article Marketing\" \/>\n<meta property=\"og:description\" content=\"Montemurlo (PO), Luglio 2017 &#8211; I key trend dell\u2019interior design continuano ad influenzare fortemente i prodotti all\u2019aperto e il confine tra in e out \u00e8 sempre pi\u00f9 sottile. Lo sa bene Decobel, azienda italiana leader nel tessile di lusso per l\u2019arredamento, che proprio in questi giorni ha lanciato nella propria linea Must un nuovo tessuto dedicato appositamente all\u2019outdoor, Veranda. Massima versatilit\u00e0 ed alte performance, effetto m\u00e9lange estremamente luminoso: il tessutoContinue reading...\" \/>\n<meta property=\"og:url\" content=\"https:\/\/www.article-marketing.eu\/comunicatistampa\/living-outdoor-naturale-e-di-tendenza-per-decobel-nasce-veranda-della-linea-must\/\" \/>\n<meta property=\"og:site_name\" content=\"Article Marketing\" \/>\n<meta property=\"article:published_time\" content=\"2017-07-18T00:55:42+00:00\" \/>\n<meta name=\"author\" content=\"terzomillennium\" \/>\n<meta name=\"twitter:card\" content=\"summary_large_image\" \/>\n<meta name=\"twitter:label1\" content=\"Scritto da\" \/>\n\t<meta name=\"twitter:data1\" content=\"terzomillennium\" \/>\n\t<meta name=\"twitter:label2\" content=\"Tempo di lettura stimato\" \/>\n\t<meta name=\"twitter:data2\" content=\"2 minuti\" \/>\n<script type=\"application\/ld+json\" class=\"yoast-schema-graph\">{\"@context\":\"https:\\\/\\\/schema.org\",\"@graph\":[{\"@type\":\"Article\",\"@id\":\"https:\\\/\\\/www.article-marketing.eu\\\/comunicatistampa\\\/living-outdoor-naturale-e-di-tendenza-per-decobel-nasce-veranda-della-linea-must\\\/#article\",\"isPartOf\":{\"@id\":\"https:\\\/\\\/www.article-marketing.eu\\\/comunicatistampa\\\/living-outdoor-naturale-e-di-tendenza-per-decobel-nasce-veranda-della-linea-must\\\/\"},\"author\":{\"name\":\"terzomillennium\",\"@id\":\"https:\\\/\\\/www.article-marketing.eu\\\/comunicatistampa\\\/#\\\/schema\\\/person\\\/dbe4c5d399df926e2213f28673797307\"},\"headline\":\"Living outdoor naturale e di tendenza per Decobel: nasce Veranda della linea Must\",\"datePublished\":\"2017-07-18T00:55:42+00:00\",\"mainEntityOfPage\":{\"@id\":\"https:\\\/\\\/www.article-marketing.eu\\\/comunicatistampa\\\/living-outdoor-naturale-e-di-tendenza-per-decobel-nasce-veranda-della-linea-must\\\/\"},\"wordCount\":359,\"commentCount\":0,\"keywords\":[\"Decobel\",\"Esterni\",\"linea Must\",\"outdoor\",\"tessuti\",\"Veranda\"],\"articleSection\":[\"Esterni\"],\"inLanguage\":\"it-IT\",\"potentialAction\":[{\"@type\":\"CommentAction\",\"name\":\"Comment\",\"target\":[\"https:\\\/\\\/www.article-marketing.eu\\\/comunicatistampa\\\/living-outdoor-naturale-e-di-tendenza-per-decobel-nasce-veranda-della-linea-must\\\/#respond\"]}]},{\"@type\":\"WebPage\",\"@id\":\"https:\\\/\\\/www.article-marketing.eu\\\/comunicatistampa\\\/living-outdoor-naturale-e-di-tendenza-per-decobel-nasce-veranda-della-linea-must\\\/\",\"url\":\"https:\\\/\\\/www.article-marketing.eu\\\/comunicatistampa\\\/living-outdoor-naturale-e-di-tendenza-per-decobel-nasce-veranda-della-linea-must\\\/\",\"name\":\"Living outdoor naturale e di tendenza per Decobel: nasce Veranda della linea Must - Article Marketing\",\"isPartOf\":{\"@id\":\"https:\\\/\\\/www.article-marketing.eu\\\/comunicatistampa\\\/#website\"},\"datePublished\":\"2017-07-18T00:55:42+00:00\",\"author\":{\"@id\":\"https:\\\/\\\/www.article-marketing.eu\\\/comunicatistampa\\\/#\\\/schema\\\/person\\\/dbe4c5d399df926e2213f28673797307\"},\"breadcrumb\":{\"@id\":\"https:\\\/\\\/www.article-marketing.eu\\\/comunicatistampa\\\/living-outdoor-naturale-e-di-tendenza-per-decobel-nasce-veranda-della-linea-must\\\/#breadcrumb\"},\"inLanguage\":\"it-IT\",\"potentialAction\":[{\"@type\":\"ReadAction\",\"target\":[\"https:\\\/\\\/www.article-marketing.eu\\\/comunicatistampa\\\/living-outdoor-naturale-e-di-tendenza-per-decobel-nasce-veranda-della-linea-must\\\/\"]}]},{\"@type\":\"BreadcrumbList\",\"@id\":\"https:\\\/\\\/www.article-marketing.eu\\\/comunicatistampa\\\/living-outdoor-naturale-e-di-tendenza-per-decobel-nasce-veranda-della-linea-must\\\/#breadcrumb\",\"itemListElement\":[{\"@type\":\"ListItem\",\"position\":1,\"name\":\"Home\",\"item\":\"https:\\\/\\\/www.article-marketing.eu\\\/comunicatistampa\\\/\"},{\"@type\":\"ListItem\",\"position\":2,\"name\":\"Living outdoor naturale e di tendenza per Decobel: nasce Veranda della linea Must\"}]},{\"@type\":\"WebSite\",\"@id\":\"https:\\\/\\\/www.article-marketing.eu\\\/comunicatistampa\\\/#website\",\"url\":\"https:\\\/\\\/www.article-marketing.eu\\\/comunicatistampa\\\/\",\"name\":\"Article Marketing\",\"description\":\"article marketing &amp; press release\",\"potentialAction\":[{\"@type\":\"SearchAction\",\"target\":{\"@type\":\"EntryPoint\",\"urlTemplate\":\"https:\\\/\\\/www.article-marketing.eu\\\/comunicatistampa\\\/?s={search_term_string}\"},\"query-input\":{\"@type\":\"PropertyValueSpecification\",\"valueRequired\":true,\"valueName\":\"search_term_string\"}}],\"inLanguage\":\"it-IT\"},{\"@type\":\"Person\",\"@id\":\"https:\\\/\\\/www.article-marketing.eu\\\/comunicatistampa\\\/#\\\/schema\\\/person\\\/dbe4c5d399df926e2213f28673797307\",\"name\":\"terzomillennium\",\"image\":{\"@type\":\"ImageObject\",\"inLanguage\":\"it-IT\",\"@id\":\"https:\\\/\\\/secure.gravatar.com\\\/avatar\\\/05fbb0856efe8321f9a676f0e98cc114b824c8fb0f82a087cc91ec92770cbec7?s=96&d=mm&r=g\",\"url\":\"https:\\\/\\\/secure.gravatar.com\\\/avatar\\\/05fbb0856efe8321f9a676f0e98cc114b824c8fb0f82a087cc91ec92770cbec7?s=96&d=mm&r=g\",\"contentUrl\":\"https:\\\/\\\/secure.gravatar.com\\\/avatar\\\/05fbb0856efe8321f9a676f0e98cc114b824c8fb0f82a087cc91ec92770cbec7?s=96&d=mm&r=g\",\"caption\":\"terzomillennium\"},\"url\":\"https:\\\/\\\/www.article-marketing.eu\\\/comunicatistampa\\\/author\\\/terzomillennium\\\/\"}]}<\/script>\n<!-- \/ Yoast SEO plugin. -->","yoast_head_json":{"title":"Living outdoor naturale e di tendenza per Decobel: nasce Veranda della linea Must - Article Marketing","robots":{"index":"index","follow":"follow","max-snippet":"max-snippet:-1","max-image-preview":"max-image-preview:large","max-video-preview":"max-video-preview:-1"},"canonical":"https:\/\/www.article-marketing.eu\/comunicatistampa\/living-outdoor-naturale-e-di-tendenza-per-decobel-nasce-veranda-della-linea-must\/","og_locale":"it_IT","og_type":"article","og_title":"Living outdoor naturale e di tendenza per Decobel: nasce Veranda della linea Must - Article Marketing","og_description":"Montemurlo (PO), Luglio 2017 &#8211; I key trend dell\u2019interior design continuano ad influenzare fortemente i prodotti all\u2019aperto e il confine tra in e out \u00e8 sempre pi\u00f9 sottile. Lo sa bene Decobel, azienda italiana leader nel tessile di lusso per l\u2019arredamento, che proprio in questi giorni ha lanciato nella propria linea Must un nuovo tessuto dedicato appositamente all\u2019outdoor, Veranda. Massima versatilit\u00e0 ed alte performance, effetto m\u00e9lange estremamente luminoso: il tessutoContinue reading...","og_url":"https:\/\/www.article-marketing.eu\/comunicatistampa\/living-outdoor-naturale-e-di-tendenza-per-decobel-nasce-veranda-della-linea-must\/","og_site_name":"Article Marketing","article_published_time":"2017-07-18T00:55:42+00:00","author":"terzomillennium","twitter_card":"summary_large_image","twitter_misc":{"Scritto da":"terzomillennium","Tempo di lettura stimato":"2 minuti"},"schema":{"@context":"https:\/\/schema.org","@graph":[{"@type":"Article","@id":"https:\/\/www.article-marketing.eu\/comunicatistampa\/living-outdoor-naturale-e-di-tendenza-per-decobel-nasce-veranda-della-linea-must\/#article","isPartOf":{"@id":"https:\/\/www.article-marketing.eu\/comunicatistampa\/living-outdoor-naturale-e-di-tendenza-per-decobel-nasce-veranda-della-linea-must\/"},"author":{"name":"terzomillennium","@id":"https:\/\/www.article-marketing.eu\/comunicatistampa\/#\/schema\/person\/dbe4c5d399df926e2213f28673797307"},"headline":"Living outdoor naturale e di tendenza per Decobel: nasce Veranda della linea Must","datePublished":"2017-07-18T00:55:42+00:00","mainEntityOfPage":{"@id":"https:\/\/www.article-marketing.eu\/comunicatistampa\/living-outdoor-naturale-e-di-tendenza-per-decobel-nasce-veranda-della-linea-must\/"},"wordCount":359,"commentCount":0,"keywords":["Decobel","Esterni","linea Must","outdoor","tessuti","Veranda"],"articleSection":["Esterni"],"inLanguage":"it-IT","potentialAction":[{"@type":"CommentAction","name":"Comment","target":["https:\/\/www.article-marketing.eu\/comunicatistampa\/living-outdoor-naturale-e-di-tendenza-per-decobel-nasce-veranda-della-linea-must\/#respond"]}]},{"@type":"WebPage","@id":"https:\/\/www.article-marketing.eu\/comunicatistampa\/living-outdoor-naturale-e-di-tendenza-per-decobel-nasce-veranda-della-linea-must\/","url":"https:\/\/www.article-marketing.eu\/comunicatistampa\/living-outdoor-naturale-e-di-tendenza-per-decobel-nasce-veranda-della-linea-must\/","name":"Living outdoor naturale e di tendenza per Decobel: nasce Veranda della linea Must - Article Marketing","isPartOf":{"@id":"https:\/\/www.article-marketing.eu\/comunicatistampa\/#website"},"datePublished":"2017-07-18T00:55:42+00:00","author":{"@id":"https:\/\/www.article-marketing.eu\/comunicatistampa\/#\/schema\/person\/dbe4c5d399df926e2213f28673797307"},"breadcrumb":{"@id":"https:\/\/www.article-marketing.eu\/comunicatistampa\/living-outdoor-naturale-e-di-tendenza-per-decobel-nasce-veranda-della-linea-must\/#breadcrumb"},"inLanguage":"it-IT","potentialAction":[{"@type":"ReadAction","target":["https:\/\/www.article-marketing.eu\/comunicatistampa\/living-outdoor-naturale-e-di-tendenza-per-decobel-nasce-veranda-della-linea-must\/"]}]},{"@type":"BreadcrumbList","@id":"https:\/\/www.article-marketing.eu\/comunicatistampa\/living-outdoor-naturale-e-di-tendenza-per-decobel-nasce-veranda-della-linea-must\/#breadcrumb","itemListElement":[{"@type":"ListItem","position":1,"name":"Home","item":"https:\/\/www.article-marketing.eu\/comunicatistampa\/"},{"@type":"ListItem","position":2,"name":"Living outdoor naturale e di tendenza per Decobel: nasce Veranda della linea Must"}]},{"@type":"WebSite","@id":"https:\/\/www.article-marketing.eu\/comunicatistampa\/#website","url":"https:\/\/www.article-marketing.eu\/comunicatistampa\/","name":"Article Marketing","description":"article marketing &amp; press release","potentialAction":[{"@type":"SearchAction","target":{"@type":"EntryPoint","urlTemplate":"https:\/\/www.article-marketing.eu\/comunicatistampa\/?s={search_term_string}"},"query-input":{"@type":"PropertyValueSpecification","valueRequired":true,"valueName":"search_term_string"}}],"inLanguage":"it-IT"},{"@type":"Person","@id":"https:\/\/www.article-marketing.eu\/comunicatistampa\/#\/schema\/person\/dbe4c5d399df926e2213f28673797307","name":"terzomillennium","image":{"@type":"ImageObject","inLanguage":"it-IT","@id":"https:\/\/secure.gravatar.com\/avatar\/05fbb0856efe8321f9a676f0e98cc114b824c8fb0f82a087cc91ec92770cbec7?s=96&d=mm&r=g","url":"https:\/\/secure.gravatar.com\/avatar\/05fbb0856efe8321f9a676f0e98cc114b824c8fb0f82a087cc91ec92770cbec7?s=96&d=mm&r=g","contentUrl":"https:\/\/secure.gravatar.com\/avatar\/05fbb0856efe8321f9a676f0e98cc114b824c8fb0f82a087cc91ec92770cbec7?s=96&d=mm&r=g","caption":"terzomillennium"},"url":"https:\/\/www.article-marketing.eu\/comunicatistampa\/author\/terzomillennium\/"}]}},"_links":{"self":[{"href":"https:\/\/www.article-marketing.eu\/comunicatistampa\/wp-json\/wp\/v2\/posts\/4151","targetHints":{"allow":["GET"]}}],"collection":[{"href":"https:\/\/www.article-marketing.eu\/comunicatistampa\/wp-json\/wp\/v2\/posts"}],"about":[{"href":"https:\/\/www.article-marketing.eu\/comunicatistampa\/wp-json\/wp\/v2\/types\/post"}],"author":[{"embeddable":true,"href":"https:\/\/www.article-marketing.eu\/comunicatistampa\/wp-json\/wp\/v2\/users\/344"}],"replies":[{"embeddable":true,"href":"https:\/\/www.article-marketing.eu\/comunicatistampa\/wp-json\/wp\/v2\/comments?post=4151"}],"version-history":[{"count":2,"href":"https:\/\/www.article-marketing.eu\/comunicatistampa\/wp-json\/wp\/v2\/posts\/4151\/revisions"}],"predecessor-version":[{"id":4166,"href":"https:\/\/www.article-marketing.eu\/comunicatistampa\/wp-json\/wp\/v2\/posts\/4151\/revisions\/4166"}],"wp:attachment":[{"href":"https:\/\/www.article-marketing.eu\/comunicatistampa\/wp-json\/wp\/v2\/media?parent=4151"}],"wp:term":[{"taxonomy":"category","embeddable":true,"href":"https:\/\/www.article-marketing.eu\/comunicatistampa\/wp-json\/wp\/v2\/categories?post=4151"},{"taxonomy":"post_tag","embeddable":true,"href":"https:\/\/www.article-marketing.eu\/comunicatistampa\/wp-json\/wp\/v2\/tags?post=4151"}],"curies":[{"name":"wp","href":"https:\/\/api.w.org\/{rel}","templated":true}]}}