{"id":4183,"date":"2017-07-21T02:05:13","date_gmt":"2017-07-21T00:05:13","guid":{"rendered":"http:\/\/www.article-marketing.eu\/comunicatistampa\/?p=4183"},"modified":"2017-07-21T02:07:36","modified_gmt":"2017-07-21T00:07:36","slug":"i-teli-per-il-mare","status":"publish","type":"post","link":"https:\/\/www.article-marketing.eu\/comunicatistampa\/i-teli-per-il-mare\/","title":{"rendered":"I teli per il mare"},"content":{"rendered":"<p>Il bel tempo ormai \u00e8 arrivato e ci si organizza per la preparazione di tutto il guardaroba per le vacanze. Anche quest&#8217;anno la gente pensa a viaggiare e soggiornare nella splendida costa che offre il mare mediterraneo e le sue spiagge.<\/p>\n<p>Tra le cose da preparare non possono mancare i teli mare personalizzati che sono asciugamani personali per ognuno, con nome o una immagine preferita che li contraddistingue dagli altri e li rende unici solo per noi.<\/p>\n<p>Principalmente gli abiti estivi sono vestiti e costumi da bagno confortevoli, pi\u00f9<a href=\"http:\/\/www.marcofrontini.com\/\"> i teli mare personalizzati per la spiaggia<\/a>.<\/p>\n<p>Se c&#8217;\u00e8 qualcosa che piace quando si \u00e8 lontani da casa \u00e8 l&#8217;organizzazione e, anche se pu\u00f2 sembrare sciocco, avere ciascuno il proprio asciugamano \u00e8 super confortevole. Soprattutto se si vive in una famiglia numerosa o con bambini.Dato che siamo in estate impariamo a prendere ognuno la nostra roba per andare in spiaggia.<\/p>\n<p>Inutile sostenere che i bambini non sopportano il peso ma avere uno zaino con la propria roba sempre con loro questa estate e portare i loro teli da mare personalizzati fa la differenza.<\/p>\n<p>Si possono personalizzare da soli con il fai da te o affidarsi a una ditta che crea teli mare personalizzati su misura per ogni esigenza.Quindi si potr\u00e0 scegliere il modello di telo mare, i colori e il disegno o la scritta con cui personalizzarlo e renderlo unico e inimitabile, oggetto ideale anche per fare un regalo.<\/p>\n<p>Inoltre si sa che molte ditte utilizzano gadgets anche in tessuto da offrire ai propri clienti e questo fa la differenza e lascia un segno positivo in chi li riceve, aprezzando il gesto e facendo ricordare la ditta in questione per riferimenti futuri. I teli mare personalizzati possono essere uno di questi gadgets che in questo caso vengono personalizzati col logo o sigla del marchio della ditta che li regala, diffondendo in questo modo il marchio a pi\u00f9 persone possibili che possono vedere il telo mare in spiaggia come in piscina o quando si fa un pic nic sull&#8217;erba.<\/p>\n<p>&nbsp;<\/p>\n<p>&nbsp;<\/p>\n<p>&nbsp;<\/p>\n<p>&nbsp;<\/p>\n","protected":false},"excerpt":{"rendered":"<p>Il bel tempo ormai \u00e8 arrivato e ci si organizza per la preparazione di tutto il guardaroba per le vacanze. Anche quest&#8217;anno la gente pensa a viaggiare e soggiornare nella splendida costa che offre il mare mediterraneo e le sue spiagge. Tra le cose da preparare non possono mancare i teli mare personalizzati che sono asciugamani personali per ognuno, con nome o una immagine preferita che li contraddistingue dagli altri<\/p>\n<p><a class=\"continue-reading\" href=\"https:\/\/www.article-marketing.eu\/comunicatistampa\/i-teli-per-il-mare\/\">Continue reading&#8230;<\/a><\/p>\n","protected":false},"author":202,"featured_media":0,"comment_status":"open","ping_status":"open","sticky":false,"template":"","format":"standard","meta":{"_monsterinsights_skip_tracking":false,"_monsterinsights_sitenote_active":false,"_monsterinsights_sitenote_note":"","_monsterinsights_sitenote_category":0,"footnotes":""},"categories":[363],"tags":[],"class_list":["post-4183","post","type-post","status-publish","format-standard","hentry","category-abbigliamento-e-accessori"],"yoast_head":"<!-- This site is optimized with the Yoast SEO plugin v27.3 - https:\/\/yoast.com\/product\/yoast-seo-wordpress\/ -->\n<title>I teli per il mare - Article Marketing<\/title>\n<meta name=\"robots\" content=\"index, follow, max-snippet:-1, max-image-preview:large, max-video-preview:-1\" \/>\n<link rel=\"canonical\" href=\"https:\/\/www.article-marketing.eu\/comunicatistampa\/i-teli-per-il-mare\/\" \/>\n<meta property=\"og:locale\" content=\"it_IT\" \/>\n<meta property=\"og:type\" content=\"article\" \/>\n<meta property=\"og:title\" content=\"I teli per il mare - Article Marketing\" \/>\n<meta property=\"og:description\" content=\"Il bel tempo ormai \u00e8 arrivato e ci si organizza per la preparazione di tutto il guardaroba per le vacanze. Anche quest&#8217;anno la gente pensa a viaggiare e soggiornare nella splendida costa che offre il mare mediterraneo e le sue spiagge. Tra le cose da preparare non possono mancare i teli mare personalizzati che sono asciugamani personali per ognuno, con nome o una immagine preferita che li contraddistingue dagli altriContinue reading...\" \/>\n<meta property=\"og:url\" content=\"https:\/\/www.article-marketing.eu\/comunicatistampa\/i-teli-per-il-mare\/\" \/>\n<meta property=\"og:site_name\" content=\"Article Marketing\" \/>\n<meta property=\"article:published_time\" content=\"2017-07-21T00:05:13+00:00\" \/>\n<meta property=\"article:modified_time\" content=\"2017-07-21T00:07:36+00:00\" \/>\n<meta name=\"author\" content=\"merellir\" \/>\n<meta name=\"twitter:card\" content=\"summary_large_image\" \/>\n<meta name=\"twitter:label1\" content=\"Scritto da\" \/>\n\t<meta name=\"twitter:data1\" content=\"merellir\" \/>\n\t<meta name=\"twitter:label2\" content=\"Tempo di lettura stimato\" \/>\n\t<meta name=\"twitter:data2\" content=\"2 minuti\" \/>\n<script type=\"application\/ld+json\" class=\"yoast-schema-graph\">{\"@context\":\"https:\\\/\\\/schema.org\",\"@graph\":[{\"@type\":\"Article\",\"@id\":\"https:\\\/\\\/www.article-marketing.eu\\\/comunicatistampa\\\/i-teli-per-il-mare\\\/#article\",\"isPartOf\":{\"@id\":\"https:\\\/\\\/www.article-marketing.eu\\\/comunicatistampa\\\/i-teli-per-il-mare\\\/\"},\"author\":{\"name\":\"merellir\",\"@id\":\"https:\\\/\\\/www.article-marketing.eu\\\/comunicatistampa\\\/#\\\/schema\\\/person\\\/ad93a86d6a7760d56d31da897a21ec7b\"},\"headline\":\"I teli per il mare\",\"datePublished\":\"2017-07-21T00:05:13+00:00\",\"dateModified\":\"2017-07-21T00:07:36+00:00\",\"mainEntityOfPage\":{\"@id\":\"https:\\\/\\\/www.article-marketing.eu\\\/comunicatistampa\\\/i-teli-per-il-mare\\\/\"},\"wordCount\":344,\"commentCount\":0,\"articleSection\":[\"Abbigliamento e accessori\"],\"inLanguage\":\"it-IT\",\"potentialAction\":[{\"@type\":\"CommentAction\",\"name\":\"Comment\",\"target\":[\"https:\\\/\\\/www.article-marketing.eu\\\/comunicatistampa\\\/i-teli-per-il-mare\\\/#respond\"]}]},{\"@type\":\"WebPage\",\"@id\":\"https:\\\/\\\/www.article-marketing.eu\\\/comunicatistampa\\\/i-teli-per-il-mare\\\/\",\"url\":\"https:\\\/\\\/www.article-marketing.eu\\\/comunicatistampa\\\/i-teli-per-il-mare\\\/\",\"name\":\"I teli per il mare - Article Marketing\",\"isPartOf\":{\"@id\":\"https:\\\/\\\/www.article-marketing.eu\\\/comunicatistampa\\\/#website\"},\"datePublished\":\"2017-07-21T00:05:13+00:00\",\"dateModified\":\"2017-07-21T00:07:36+00:00\",\"author\":{\"@id\":\"https:\\\/\\\/www.article-marketing.eu\\\/comunicatistampa\\\/#\\\/schema\\\/person\\\/ad93a86d6a7760d56d31da897a21ec7b\"},\"breadcrumb\":{\"@id\":\"https:\\\/\\\/www.article-marketing.eu\\\/comunicatistampa\\\/i-teli-per-il-mare\\\/#breadcrumb\"},\"inLanguage\":\"it-IT\",\"potentialAction\":[{\"@type\":\"ReadAction\",\"target\":[\"https:\\\/\\\/www.article-marketing.eu\\\/comunicatistampa\\\/i-teli-per-il-mare\\\/\"]}]},{\"@type\":\"BreadcrumbList\",\"@id\":\"https:\\\/\\\/www.article-marketing.eu\\\/comunicatistampa\\\/i-teli-per-il-mare\\\/#breadcrumb\",\"itemListElement\":[{\"@type\":\"ListItem\",\"position\":1,\"name\":\"Home\",\"item\":\"https:\\\/\\\/www.article-marketing.eu\\\/comunicatistampa\\\/\"},{\"@type\":\"ListItem\",\"position\":2,\"name\":\"I teli per il mare\"}]},{\"@type\":\"WebSite\",\"@id\":\"https:\\\/\\\/www.article-marketing.eu\\\/comunicatistampa\\\/#website\",\"url\":\"https:\\\/\\\/www.article-marketing.eu\\\/comunicatistampa\\\/\",\"name\":\"Article Marketing\",\"description\":\"article marketing &amp; press release\",\"potentialAction\":[{\"@type\":\"SearchAction\",\"target\":{\"@type\":\"EntryPoint\",\"urlTemplate\":\"https:\\\/\\\/www.article-marketing.eu\\\/comunicatistampa\\\/?s={search_term_string}\"},\"query-input\":{\"@type\":\"PropertyValueSpecification\",\"valueRequired\":true,\"valueName\":\"search_term_string\"}}],\"inLanguage\":\"it-IT\"},{\"@type\":\"Person\",\"@id\":\"https:\\\/\\\/www.article-marketing.eu\\\/comunicatistampa\\\/#\\\/schema\\\/person\\\/ad93a86d6a7760d56d31da897a21ec7b\",\"name\":\"merellir\",\"image\":{\"@type\":\"ImageObject\",\"inLanguage\":\"it-IT\",\"@id\":\"https:\\\/\\\/secure.gravatar.com\\\/avatar\\\/1d3d79c36dbe87999cf3070b87dac773df5f04b18fa0d478fd9dcf849b3616a1?s=96&d=mm&r=g\",\"url\":\"https:\\\/\\\/secure.gravatar.com\\\/avatar\\\/1d3d79c36dbe87999cf3070b87dac773df5f04b18fa0d478fd9dcf849b3616a1?s=96&d=mm&r=g\",\"contentUrl\":\"https:\\\/\\\/secure.gravatar.com\\\/avatar\\\/1d3d79c36dbe87999cf3070b87dac773df5f04b18fa0d478fd9dcf849b3616a1?s=96&d=mm&r=g\",\"caption\":\"merellir\"},\"url\":\"https:\\\/\\\/www.article-marketing.eu\\\/comunicatistampa\\\/author\\\/merellir\\\/\"}]}<\/script>\n<!-- \/ Yoast SEO plugin. -->","yoast_head_json":{"title":"I teli per il mare - Article Marketing","robots":{"index":"index","follow":"follow","max-snippet":"max-snippet:-1","max-image-preview":"max-image-preview:large","max-video-preview":"max-video-preview:-1"},"canonical":"https:\/\/www.article-marketing.eu\/comunicatistampa\/i-teli-per-il-mare\/","og_locale":"it_IT","og_type":"article","og_title":"I teli per il mare - Article Marketing","og_description":"Il bel tempo ormai \u00e8 arrivato e ci si organizza per la preparazione di tutto il guardaroba per le vacanze. Anche quest&#8217;anno la gente pensa a viaggiare e soggiornare nella splendida costa che offre il mare mediterraneo e le sue spiagge. Tra le cose da preparare non possono mancare i teli mare personalizzati che sono asciugamani personali per ognuno, con nome o una immagine preferita che li contraddistingue dagli altriContinue reading...","og_url":"https:\/\/www.article-marketing.eu\/comunicatistampa\/i-teli-per-il-mare\/","og_site_name":"Article Marketing","article_published_time":"2017-07-21T00:05:13+00:00","article_modified_time":"2017-07-21T00:07:36+00:00","author":"merellir","twitter_card":"summary_large_image","twitter_misc":{"Scritto da":"merellir","Tempo di lettura stimato":"2 minuti"},"schema":{"@context":"https:\/\/schema.org","@graph":[{"@type":"Article","@id":"https:\/\/www.article-marketing.eu\/comunicatistampa\/i-teli-per-il-mare\/#article","isPartOf":{"@id":"https:\/\/www.article-marketing.eu\/comunicatistampa\/i-teli-per-il-mare\/"},"author":{"name":"merellir","@id":"https:\/\/www.article-marketing.eu\/comunicatistampa\/#\/schema\/person\/ad93a86d6a7760d56d31da897a21ec7b"},"headline":"I teli per il mare","datePublished":"2017-07-21T00:05:13+00:00","dateModified":"2017-07-21T00:07:36+00:00","mainEntityOfPage":{"@id":"https:\/\/www.article-marketing.eu\/comunicatistampa\/i-teli-per-il-mare\/"},"wordCount":344,"commentCount":0,"articleSection":["Abbigliamento e accessori"],"inLanguage":"it-IT","potentialAction":[{"@type":"CommentAction","name":"Comment","target":["https:\/\/www.article-marketing.eu\/comunicatistampa\/i-teli-per-il-mare\/#respond"]}]},{"@type":"WebPage","@id":"https:\/\/www.article-marketing.eu\/comunicatistampa\/i-teli-per-il-mare\/","url":"https:\/\/www.article-marketing.eu\/comunicatistampa\/i-teli-per-il-mare\/","name":"I teli per il mare - Article Marketing","isPartOf":{"@id":"https:\/\/www.article-marketing.eu\/comunicatistampa\/#website"},"datePublished":"2017-07-21T00:05:13+00:00","dateModified":"2017-07-21T00:07:36+00:00","author":{"@id":"https:\/\/www.article-marketing.eu\/comunicatistampa\/#\/schema\/person\/ad93a86d6a7760d56d31da897a21ec7b"},"breadcrumb":{"@id":"https:\/\/www.article-marketing.eu\/comunicatistampa\/i-teli-per-il-mare\/#breadcrumb"},"inLanguage":"it-IT","potentialAction":[{"@type":"ReadAction","target":["https:\/\/www.article-marketing.eu\/comunicatistampa\/i-teli-per-il-mare\/"]}]},{"@type":"BreadcrumbList","@id":"https:\/\/www.article-marketing.eu\/comunicatistampa\/i-teli-per-il-mare\/#breadcrumb","itemListElement":[{"@type":"ListItem","position":1,"name":"Home","item":"https:\/\/www.article-marketing.eu\/comunicatistampa\/"},{"@type":"ListItem","position":2,"name":"I teli per il mare"}]},{"@type":"WebSite","@id":"https:\/\/www.article-marketing.eu\/comunicatistampa\/#website","url":"https:\/\/www.article-marketing.eu\/comunicatistampa\/","name":"Article Marketing","description":"article marketing &amp; press release","potentialAction":[{"@type":"SearchAction","target":{"@type":"EntryPoint","urlTemplate":"https:\/\/www.article-marketing.eu\/comunicatistampa\/?s={search_term_string}"},"query-input":{"@type":"PropertyValueSpecification","valueRequired":true,"valueName":"search_term_string"}}],"inLanguage":"it-IT"},{"@type":"Person","@id":"https:\/\/www.article-marketing.eu\/comunicatistampa\/#\/schema\/person\/ad93a86d6a7760d56d31da897a21ec7b","name":"merellir","image":{"@type":"ImageObject","inLanguage":"it-IT","@id":"https:\/\/secure.gravatar.com\/avatar\/1d3d79c36dbe87999cf3070b87dac773df5f04b18fa0d478fd9dcf849b3616a1?s=96&d=mm&r=g","url":"https:\/\/secure.gravatar.com\/avatar\/1d3d79c36dbe87999cf3070b87dac773df5f04b18fa0d478fd9dcf849b3616a1?s=96&d=mm&r=g","contentUrl":"https:\/\/secure.gravatar.com\/avatar\/1d3d79c36dbe87999cf3070b87dac773df5f04b18fa0d478fd9dcf849b3616a1?s=96&d=mm&r=g","caption":"merellir"},"url":"https:\/\/www.article-marketing.eu\/comunicatistampa\/author\/merellir\/"}]}},"_links":{"self":[{"href":"https:\/\/www.article-marketing.eu\/comunicatistampa\/wp-json\/wp\/v2\/posts\/4183","targetHints":{"allow":["GET"]}}],"collection":[{"href":"https:\/\/www.article-marketing.eu\/comunicatistampa\/wp-json\/wp\/v2\/posts"}],"about":[{"href":"https:\/\/www.article-marketing.eu\/comunicatistampa\/wp-json\/wp\/v2\/types\/post"}],"author":[{"embeddable":true,"href":"https:\/\/www.article-marketing.eu\/comunicatistampa\/wp-json\/wp\/v2\/users\/202"}],"replies":[{"embeddable":true,"href":"https:\/\/www.article-marketing.eu\/comunicatistampa\/wp-json\/wp\/v2\/comments?post=4183"}],"version-history":[{"count":2,"href":"https:\/\/www.article-marketing.eu\/comunicatistampa\/wp-json\/wp\/v2\/posts\/4183\/revisions"}],"predecessor-version":[{"id":4228,"href":"https:\/\/www.article-marketing.eu\/comunicatistampa\/wp-json\/wp\/v2\/posts\/4183\/revisions\/4228"}],"wp:attachment":[{"href":"https:\/\/www.article-marketing.eu\/comunicatistampa\/wp-json\/wp\/v2\/media?parent=4183"}],"wp:term":[{"taxonomy":"category","embeddable":true,"href":"https:\/\/www.article-marketing.eu\/comunicatistampa\/wp-json\/wp\/v2\/categories?post=4183"},{"taxonomy":"post_tag","embeddable":true,"href":"https:\/\/www.article-marketing.eu\/comunicatistampa\/wp-json\/wp\/v2\/tags?post=4183"}],"curies":[{"name":"wp","href":"https:\/\/api.w.org\/{rel}","templated":true}]}}