{"id":4198,"date":"2017-07-21T02:05:13","date_gmt":"2017-07-21T00:05:13","guid":{"rendered":"http:\/\/www.article-marketing.eu\/comunicatistampa\/?p=4198"},"modified":"2017-07-21T02:06:19","modified_gmt":"2017-07-21T00:06:19","slug":"al-via-lera-francese-per-telecom","status":"publish","type":"post","link":"https:\/\/www.article-marketing.eu\/comunicatistampa\/al-via-lera-francese-per-telecom\/","title":{"rendered":"Al via l&#8217;era francese per Telecom"},"content":{"rendered":"<p>L&#8217;azienda italiana pi\u00f9 importante di telefonia fissa ha assunto il CEO dell&#8217;azienda francese Vivendi nel ruolo di Presidente del gruppo, segnando una svolta decisiva.<\/p>\n<p>Il declassamento di Giuseppe Recchi<br \/>\nL&#8217;ingresso di Arnaud de Puyfontaine ha suscitato non poco interesse negli ultimi giorni. Il giornalista e imprenditore francese va infatti a sostituire Giuseppe Recchi, CEO di Telecom Italia sin dall&#8217;aprile 2014, che non lascer\u00e0 l&#8217;azienda ma diventer\u00e0 vice presidente. La situazione va dunque a capovolgersi rispetto al maggio scorso, e non \u00e8 detto che ci\u00f2 non abbia importanti ripercussioni sia sull&#8217;azienda che sul futuro dei rapporti internazionali con altri paesi e con altre aziende operanti all&#8217;estero. Sta di fatto che con questa mossa,<a href=\"http:\/\/finanzaparadisi.altervista.org\/\"> importanti e delicati aspetti dell&#8217;azienda<\/a> vanno sotto il controllo della Francia. La scelta di nominare Arnaud de Puyfontaine come Presidente di Telecom Italia sembra essere stata fortemente richiesta e, di conseguenza, ben accolta dagli azionisti Telecom, in quanto il giorno stesso della nomina, Telecom Italia ha chiuso in Borsa con uno +0.12%, un numero certamente non notevole ma se non altro apprezzabile.<\/p>\n<p>I poteri di Arnaud de Puyfontaine in Telecom Italia<br \/>\nC&#8217;\u00e8 un importante aspetto da tenere in considerazione: Telecom Italia controlla l&#8217;azienda Sparkle, detentrice della rete di cavi sottomarina che collega l&#8217;Italia (e, pi\u00f9 in generale, l&#8217;Europa) al Medio Oriente e altri Stati asiatici, attraverso la quale vengono scambiati dati estremamente sensibili. In quanto Presidente di Telecom Italia, Arnaud de Puyfontaine \u00e8 incaricato di supervisionare Sparkle, avendo di fatto accesso a molti dati che potrebbero essere poi trasferiti ai servizi di sicurezza francesi, il che permetterebbe alla Francia di assumere un ruolo di rilievo per ci\u00f2 che riguarda la sicurezza dell&#8217;occidente e del pianeta, soprattutto vista la situazione complicata degli ultimi tempi. Data la delicatezza del sistema, proprio un anno fa fu proposto di scorporare Telecom Italia e Sparkle, ma le trattative non andarono in porto.<\/p>\n<p>Le ripercussioni dell&#8217;attuale presidenza per l&#8217;azienda<br \/>\nViene dunque da chiedersi cosa cambier\u00e0 a causa di questo dominio. Attualmente, la risposta pi\u00f9 accreditata \u00e8 che non cambier\u00e0 niente, almeno nel breve periodo, e l&#8217;azienda continuer\u00e0 a mettere in atto le strategie di marketing gi\u00e0 elaborate, che coinvolgono anche molte altre aziende operanti sul panorama italiano.<br \/>\nVi \u00e8 anche un altro aspetto da tenere in considerazione, questa volta di natura legale: Arnaud de Puyfontaine \u00e8 attualmente indagato, insieme a Vincent Bollor\u00e9, dalla procura di Milano per aggiotaggio nei confronti di Mediaset, in quanto con un&#8217;operazione hanno comprato fino al 28% di Mediaset, inducendo il sospetto di una strategia atta a far scendere il valore in Borsa dell&#8217;azienda. Non vi \u00e8, tuttavia, un responso ufficiale e definitivo in merito.<\/p>\n","protected":false},"excerpt":{"rendered":"<p>L&#8217;azienda italiana pi\u00f9 importante di telefonia fissa ha assunto il CEO dell&#8217;azienda francese Vivendi nel ruolo di Presidente del gruppo, segnando una svolta decisiva. Il declassamento di Giuseppe Recchi L&#8217;ingresso di Arnaud de Puyfontaine ha suscitato non poco interesse negli ultimi giorni. Il giornalista e imprenditore francese va infatti a sostituire Giuseppe Recchi, CEO di Telecom Italia sin dall&#8217;aprile 2014, che non lascer\u00e0 l&#8217;azienda ma diventer\u00e0 vice presidente. La situazione<\/p>\n<p><a class=\"continue-reading\" href=\"https:\/\/www.article-marketing.eu\/comunicatistampa\/al-via-lera-francese-per-telecom\/\">Continue reading&#8230;<\/a><\/p>\n","protected":false},"author":202,"featured_media":0,"comment_status":"open","ping_status":"open","sticky":false,"template":"","format":"standard","meta":{"_monsterinsights_skip_tracking":false,"_monsterinsights_sitenote_active":false,"_monsterinsights_sitenote_note":"","_monsterinsights_sitenote_category":0,"footnotes":""},"categories":[386],"tags":[],"class_list":["post-4198","post","type-post","status-publish","format-standard","hentry","category-economia-e-lavoro"],"yoast_head":"<!-- This site is optimized with the Yoast SEO plugin v27.3 - https:\/\/yoast.com\/product\/yoast-seo-wordpress\/ -->\n<title>Al via l&#039;era francese per Telecom - Article Marketing<\/title>\n<meta name=\"robots\" content=\"index, follow, max-snippet:-1, max-image-preview:large, max-video-preview:-1\" \/>\n<link rel=\"canonical\" href=\"https:\/\/www.article-marketing.eu\/comunicatistampa\/al-via-lera-francese-per-telecom\/\" \/>\n<meta property=\"og:locale\" content=\"it_IT\" \/>\n<meta property=\"og:type\" content=\"article\" \/>\n<meta property=\"og:title\" content=\"Al via l&#039;era francese per Telecom - Article Marketing\" \/>\n<meta property=\"og:description\" content=\"L&#8217;azienda italiana pi\u00f9 importante di telefonia fissa ha assunto il CEO dell&#8217;azienda francese Vivendi nel ruolo di Presidente del gruppo, segnando una svolta decisiva. Il declassamento di Giuseppe Recchi L&#8217;ingresso di Arnaud de Puyfontaine ha suscitato non poco interesse negli ultimi giorni. Il giornalista e imprenditore francese va infatti a sostituire Giuseppe Recchi, CEO di Telecom Italia sin dall&#8217;aprile 2014, che non lascer\u00e0 l&#8217;azienda ma diventer\u00e0 vice presidente. La situazioneContinue reading...\" \/>\n<meta property=\"og:url\" content=\"https:\/\/www.article-marketing.eu\/comunicatistampa\/al-via-lera-francese-per-telecom\/\" \/>\n<meta property=\"og:site_name\" content=\"Article Marketing\" \/>\n<meta property=\"article:published_time\" content=\"2017-07-21T00:05:13+00:00\" \/>\n<meta property=\"article:modified_time\" content=\"2017-07-21T00:06:19+00:00\" \/>\n<meta name=\"author\" content=\"merellir\" \/>\n<meta name=\"twitter:card\" content=\"summary_large_image\" \/>\n<meta name=\"twitter:label1\" content=\"Scritto da\" \/>\n\t<meta name=\"twitter:data1\" content=\"merellir\" \/>\n\t<meta name=\"twitter:label2\" content=\"Tempo di lettura stimato\" \/>\n\t<meta name=\"twitter:data2\" content=\"2 minuti\" \/>\n<script type=\"application\/ld+json\" class=\"yoast-schema-graph\">{\"@context\":\"https:\\\/\\\/schema.org\",\"@graph\":[{\"@type\":\"Article\",\"@id\":\"https:\\\/\\\/www.article-marketing.eu\\\/comunicatistampa\\\/al-via-lera-francese-per-telecom\\\/#article\",\"isPartOf\":{\"@id\":\"https:\\\/\\\/www.article-marketing.eu\\\/comunicatistampa\\\/al-via-lera-francese-per-telecom\\\/\"},\"author\":{\"name\":\"merellir\",\"@id\":\"https:\\\/\\\/www.article-marketing.eu\\\/comunicatistampa\\\/#\\\/schema\\\/person\\\/ad93a86d6a7760d56d31da897a21ec7b\"},\"headline\":\"Al via l&#8217;era francese per Telecom\",\"datePublished\":\"2017-07-21T00:05:13+00:00\",\"dateModified\":\"2017-07-21T00:06:19+00:00\",\"mainEntityOfPage\":{\"@id\":\"https:\\\/\\\/www.article-marketing.eu\\\/comunicatistampa\\\/al-via-lera-francese-per-telecom\\\/\"},\"wordCount\":432,\"commentCount\":0,\"articleSection\":[\"Economia e lavoro\"],\"inLanguage\":\"it-IT\",\"potentialAction\":[{\"@type\":\"CommentAction\",\"name\":\"Comment\",\"target\":[\"https:\\\/\\\/www.article-marketing.eu\\\/comunicatistampa\\\/al-via-lera-francese-per-telecom\\\/#respond\"]}]},{\"@type\":\"WebPage\",\"@id\":\"https:\\\/\\\/www.article-marketing.eu\\\/comunicatistampa\\\/al-via-lera-francese-per-telecom\\\/\",\"url\":\"https:\\\/\\\/www.article-marketing.eu\\\/comunicatistampa\\\/al-via-lera-francese-per-telecom\\\/\",\"name\":\"Al via l'era francese per Telecom - Article Marketing\",\"isPartOf\":{\"@id\":\"https:\\\/\\\/www.article-marketing.eu\\\/comunicatistampa\\\/#website\"},\"datePublished\":\"2017-07-21T00:05:13+00:00\",\"dateModified\":\"2017-07-21T00:06:19+00:00\",\"author\":{\"@id\":\"https:\\\/\\\/www.article-marketing.eu\\\/comunicatistampa\\\/#\\\/schema\\\/person\\\/ad93a86d6a7760d56d31da897a21ec7b\"},\"breadcrumb\":{\"@id\":\"https:\\\/\\\/www.article-marketing.eu\\\/comunicatistampa\\\/al-via-lera-francese-per-telecom\\\/#breadcrumb\"},\"inLanguage\":\"it-IT\",\"potentialAction\":[{\"@type\":\"ReadAction\",\"target\":[\"https:\\\/\\\/www.article-marketing.eu\\\/comunicatistampa\\\/al-via-lera-francese-per-telecom\\\/\"]}]},{\"@type\":\"BreadcrumbList\",\"@id\":\"https:\\\/\\\/www.article-marketing.eu\\\/comunicatistampa\\\/al-via-lera-francese-per-telecom\\\/#breadcrumb\",\"itemListElement\":[{\"@type\":\"ListItem\",\"position\":1,\"name\":\"Home\",\"item\":\"https:\\\/\\\/www.article-marketing.eu\\\/comunicatistampa\\\/\"},{\"@type\":\"ListItem\",\"position\":2,\"name\":\"Al via l&#8217;era francese per Telecom\"}]},{\"@type\":\"WebSite\",\"@id\":\"https:\\\/\\\/www.article-marketing.eu\\\/comunicatistampa\\\/#website\",\"url\":\"https:\\\/\\\/www.article-marketing.eu\\\/comunicatistampa\\\/\",\"name\":\"Article Marketing\",\"description\":\"article marketing &amp; press release\",\"potentialAction\":[{\"@type\":\"SearchAction\",\"target\":{\"@type\":\"EntryPoint\",\"urlTemplate\":\"https:\\\/\\\/www.article-marketing.eu\\\/comunicatistampa\\\/?s={search_term_string}\"},\"query-input\":{\"@type\":\"PropertyValueSpecification\",\"valueRequired\":true,\"valueName\":\"search_term_string\"}}],\"inLanguage\":\"it-IT\"},{\"@type\":\"Person\",\"@id\":\"https:\\\/\\\/www.article-marketing.eu\\\/comunicatistampa\\\/#\\\/schema\\\/person\\\/ad93a86d6a7760d56d31da897a21ec7b\",\"name\":\"merellir\",\"image\":{\"@type\":\"ImageObject\",\"inLanguage\":\"it-IT\",\"@id\":\"https:\\\/\\\/secure.gravatar.com\\\/avatar\\\/1d3d79c36dbe87999cf3070b87dac773df5f04b18fa0d478fd9dcf849b3616a1?s=96&d=mm&r=g\",\"url\":\"https:\\\/\\\/secure.gravatar.com\\\/avatar\\\/1d3d79c36dbe87999cf3070b87dac773df5f04b18fa0d478fd9dcf849b3616a1?s=96&d=mm&r=g\",\"contentUrl\":\"https:\\\/\\\/secure.gravatar.com\\\/avatar\\\/1d3d79c36dbe87999cf3070b87dac773df5f04b18fa0d478fd9dcf849b3616a1?s=96&d=mm&r=g\",\"caption\":\"merellir\"},\"url\":\"https:\\\/\\\/www.article-marketing.eu\\\/comunicatistampa\\\/author\\\/merellir\\\/\"}]}<\/script>\n<!-- \/ Yoast SEO plugin. -->","yoast_head_json":{"title":"Al via l'era francese per Telecom - Article Marketing","robots":{"index":"index","follow":"follow","max-snippet":"max-snippet:-1","max-image-preview":"max-image-preview:large","max-video-preview":"max-video-preview:-1"},"canonical":"https:\/\/www.article-marketing.eu\/comunicatistampa\/al-via-lera-francese-per-telecom\/","og_locale":"it_IT","og_type":"article","og_title":"Al via l'era francese per Telecom - Article Marketing","og_description":"L&#8217;azienda italiana pi\u00f9 importante di telefonia fissa ha assunto il CEO dell&#8217;azienda francese Vivendi nel ruolo di Presidente del gruppo, segnando una svolta decisiva. Il declassamento di Giuseppe Recchi L&#8217;ingresso di Arnaud de Puyfontaine ha suscitato non poco interesse negli ultimi giorni. Il giornalista e imprenditore francese va infatti a sostituire Giuseppe Recchi, CEO di Telecom Italia sin dall&#8217;aprile 2014, che non lascer\u00e0 l&#8217;azienda ma diventer\u00e0 vice presidente. La situazioneContinue reading...","og_url":"https:\/\/www.article-marketing.eu\/comunicatistampa\/al-via-lera-francese-per-telecom\/","og_site_name":"Article Marketing","article_published_time":"2017-07-21T00:05:13+00:00","article_modified_time":"2017-07-21T00:06:19+00:00","author":"merellir","twitter_card":"summary_large_image","twitter_misc":{"Scritto da":"merellir","Tempo di lettura stimato":"2 minuti"},"schema":{"@context":"https:\/\/schema.org","@graph":[{"@type":"Article","@id":"https:\/\/www.article-marketing.eu\/comunicatistampa\/al-via-lera-francese-per-telecom\/#article","isPartOf":{"@id":"https:\/\/www.article-marketing.eu\/comunicatistampa\/al-via-lera-francese-per-telecom\/"},"author":{"name":"merellir","@id":"https:\/\/www.article-marketing.eu\/comunicatistampa\/#\/schema\/person\/ad93a86d6a7760d56d31da897a21ec7b"},"headline":"Al via l&#8217;era francese per Telecom","datePublished":"2017-07-21T00:05:13+00:00","dateModified":"2017-07-21T00:06:19+00:00","mainEntityOfPage":{"@id":"https:\/\/www.article-marketing.eu\/comunicatistampa\/al-via-lera-francese-per-telecom\/"},"wordCount":432,"commentCount":0,"articleSection":["Economia e lavoro"],"inLanguage":"it-IT","potentialAction":[{"@type":"CommentAction","name":"Comment","target":["https:\/\/www.article-marketing.eu\/comunicatistampa\/al-via-lera-francese-per-telecom\/#respond"]}]},{"@type":"WebPage","@id":"https:\/\/www.article-marketing.eu\/comunicatistampa\/al-via-lera-francese-per-telecom\/","url":"https:\/\/www.article-marketing.eu\/comunicatistampa\/al-via-lera-francese-per-telecom\/","name":"Al via l'era francese per Telecom - Article Marketing","isPartOf":{"@id":"https:\/\/www.article-marketing.eu\/comunicatistampa\/#website"},"datePublished":"2017-07-21T00:05:13+00:00","dateModified":"2017-07-21T00:06:19+00:00","author":{"@id":"https:\/\/www.article-marketing.eu\/comunicatistampa\/#\/schema\/person\/ad93a86d6a7760d56d31da897a21ec7b"},"breadcrumb":{"@id":"https:\/\/www.article-marketing.eu\/comunicatistampa\/al-via-lera-francese-per-telecom\/#breadcrumb"},"inLanguage":"it-IT","potentialAction":[{"@type":"ReadAction","target":["https:\/\/www.article-marketing.eu\/comunicatistampa\/al-via-lera-francese-per-telecom\/"]}]},{"@type":"BreadcrumbList","@id":"https:\/\/www.article-marketing.eu\/comunicatistampa\/al-via-lera-francese-per-telecom\/#breadcrumb","itemListElement":[{"@type":"ListItem","position":1,"name":"Home","item":"https:\/\/www.article-marketing.eu\/comunicatistampa\/"},{"@type":"ListItem","position":2,"name":"Al via l&#8217;era francese per Telecom"}]},{"@type":"WebSite","@id":"https:\/\/www.article-marketing.eu\/comunicatistampa\/#website","url":"https:\/\/www.article-marketing.eu\/comunicatistampa\/","name":"Article Marketing","description":"article marketing &amp; press release","potentialAction":[{"@type":"SearchAction","target":{"@type":"EntryPoint","urlTemplate":"https:\/\/www.article-marketing.eu\/comunicatistampa\/?s={search_term_string}"},"query-input":{"@type":"PropertyValueSpecification","valueRequired":true,"valueName":"search_term_string"}}],"inLanguage":"it-IT"},{"@type":"Person","@id":"https:\/\/www.article-marketing.eu\/comunicatistampa\/#\/schema\/person\/ad93a86d6a7760d56d31da897a21ec7b","name":"merellir","image":{"@type":"ImageObject","inLanguage":"it-IT","@id":"https:\/\/secure.gravatar.com\/avatar\/1d3d79c36dbe87999cf3070b87dac773df5f04b18fa0d478fd9dcf849b3616a1?s=96&d=mm&r=g","url":"https:\/\/secure.gravatar.com\/avatar\/1d3d79c36dbe87999cf3070b87dac773df5f04b18fa0d478fd9dcf849b3616a1?s=96&d=mm&r=g","contentUrl":"https:\/\/secure.gravatar.com\/avatar\/1d3d79c36dbe87999cf3070b87dac773df5f04b18fa0d478fd9dcf849b3616a1?s=96&d=mm&r=g","caption":"merellir"},"url":"https:\/\/www.article-marketing.eu\/comunicatistampa\/author\/merellir\/"}]}},"_links":{"self":[{"href":"https:\/\/www.article-marketing.eu\/comunicatistampa\/wp-json\/wp\/v2\/posts\/4198","targetHints":{"allow":["GET"]}}],"collection":[{"href":"https:\/\/www.article-marketing.eu\/comunicatistampa\/wp-json\/wp\/v2\/posts"}],"about":[{"href":"https:\/\/www.article-marketing.eu\/comunicatistampa\/wp-json\/wp\/v2\/types\/post"}],"author":[{"embeddable":true,"href":"https:\/\/www.article-marketing.eu\/comunicatistampa\/wp-json\/wp\/v2\/users\/202"}],"replies":[{"embeddable":true,"href":"https:\/\/www.article-marketing.eu\/comunicatistampa\/wp-json\/wp\/v2\/comments?post=4198"}],"version-history":[{"count":2,"href":"https:\/\/www.article-marketing.eu\/comunicatistampa\/wp-json\/wp\/v2\/posts\/4198\/revisions"}],"predecessor-version":[{"id":4222,"href":"https:\/\/www.article-marketing.eu\/comunicatistampa\/wp-json\/wp\/v2\/posts\/4198\/revisions\/4222"}],"wp:attachment":[{"href":"https:\/\/www.article-marketing.eu\/comunicatistampa\/wp-json\/wp\/v2\/media?parent=4198"}],"wp:term":[{"taxonomy":"category","embeddable":true,"href":"https:\/\/www.article-marketing.eu\/comunicatistampa\/wp-json\/wp\/v2\/categories?post=4198"},{"taxonomy":"post_tag","embeddable":true,"href":"https:\/\/www.article-marketing.eu\/comunicatistampa\/wp-json\/wp\/v2\/tags?post=4198"}],"curies":[{"name":"wp","href":"https:\/\/api.w.org\/{rel}","templated":true}]}}