{"id":4244,"date":"2017-07-21T19:44:19","date_gmt":"2017-07-21T17:44:19","guid":{"rendered":"http:\/\/www.article-marketing.eu\/comunicatistampa\/?p=4244"},"modified":"2017-07-21T19:44:19","modified_gmt":"2017-07-21T17:44:19","slug":"illy-un-grande-caffe-una-grande-storia","status":"publish","type":"post","link":"https:\/\/www.article-marketing.eu\/comunicatistampa\/illy-un-grande-caffe-una-grande-storia\/","title":{"rendered":"Illy: un grande caff\u00e8, una grande storia"},"content":{"rendered":"<p>Dietro al caff\u00e8 Illy c\u2019\u00e8 una grande storia, fatta di luoghi e di persone e di una materia prima sempre ottima, che nel corso del tempo \u00e8 stata protagonista di lavorazioni sempre pi\u00f9 innovative, sempre pi\u00f9<br \/>\nall\u2019avanguardia, fino ad arrivare ai giorni nostri.<br \/>\nTutto ha inizio con l\u2019ungherese Francesco Illy, che all\u2019inizio degli anni 30 arriva in Italia, precisamente a Trieste, e comincia a commerciare in caff\u00e8 e cacao. Trieste non a caso, crocevia di scambi commerciali e storie e prodotti provenienti da quasi tutto il mondo. Dalle idee di un uomo ambizioso e da una citt\u00e0 fucina<br \/>\ndi novit\u00e0 e stimoli, muove quindi i primi passi l\u2019avanzata del glorioso marchio Illy.<\/p>\n<h2>La cialda: invenzione, intuizione, piacere<\/h2>\n<p>Ci vorranno all\u2019incirca quaranta anni per arrivare all\u2019intuizione del caff\u00e8 in cialde, ad opera di Ernesto Illy, figlio del fondatore. Le cialde Illy, la grande invenzione che sdogana la polvere di caff\u00e8 e la porta in tutti i luoghi possibili ed immaginabili, oltre le mura domestiche, negli uffici, nei negozi, nelle piccole e grandi<br \/>\ncomunit\u00e0, nelle caserme.<br \/>\nLe cialde Illy, ad oggi, rappresentano un prodotto di riferimento per chi utilizza assiduamente una macchina da caff\u00e8; sono sinonimo di qualit\u00e0 ed affidabilit\u00e0, proprio perch\u00e9 frutto di un lavoro accurato e attento che\u00a0basa la propria produzione su una materia prima di altissimi livelli.<br \/>\nMiscela arabica al 100%, tostata e trasformata in modi differenti per fornire agli estimatori esattamente il<br \/>\ngusto di cui necessitano e di cui hanno voglia. \u00c8 possibile che sia necessario assaggiare pi\u00f9 e pi\u00f9 cialde Illy per arrivare a quella che si appaia completamente al proprio palato! Come dire: \u00e8 un duro lavoro, ma qualcuno dovr\u00e0 farlo!<\/p>\n<h3>La tecnologia al servizio del gusto<\/h3>\n<p>Le cialde Illy conservano alla perfezione tutti gli aromi e tutte le fragranze che le caratterizzano grazie allo specifico involucro sottovuoto, che, oltre a garantire la totale assenza di batteri e contaminazioni esterne, fa s\u00ec che tutte le propriet\u00e0 organolettiche del prodotto rimangano integre fino all\u2019utilizzo.<br \/>\nLa particolare struttura delle <a href=\"https:\/\/www.okcialde.it\/30--illy\">cialde Illy<\/a>, dotate di filtro carta con microfori, \u00e8 studiata in modo che l\u2019acqua scivoli e attraversi la polvere di caff\u00e8 solo il tempo necessario per sprigionare le essenze e per permettere alla preziosa bevanda di prender forma. \u00c8 un tempo tecnico accuratamente cercato e brevettato, che non annacqua ma che bens\u00ec corrobora la densit\u00e0 e la corposit\u00e0 dell\u2019infuso.<br \/>\nAppannaggio di pochi nell\u2019Italia degli anni 70, ad oggi le cialde Illy sono, fortunatamente, alla portata di chiunque voglia godere di un caff\u00e8 di ottima qualit\u00e0!<\/p>\n","protected":false},"excerpt":{"rendered":"<p>Dietro al caff\u00e8 Illy c\u2019\u00e8 una grande storia, fatta di luoghi e di persone e di una materia prima sempre ottima, che nel corso del tempo \u00e8 stata protagonista di lavorazioni sempre pi\u00f9 innovative, sempre pi\u00f9 all\u2019avanguardia, fino ad arrivare ai giorni nostri. Tutto ha inizio con l\u2019ungherese Francesco Illy, che all\u2019inizio degli anni 30 arriva in Italia, precisamente a Trieste, e comincia a commerciare in caff\u00e8 e cacao. Trieste<\/p>\n<p><a class=\"continue-reading\" href=\"https:\/\/www.article-marketing.eu\/comunicatistampa\/illy-un-grande-caffe-una-grande-storia\/\">Continue reading&#8230;<\/a><\/p>\n","protected":false},"author":436,"featured_media":0,"comment_status":"open","ping_status":"open","sticky":false,"template":"","format":"standard","meta":{"_monsterinsights_skip_tracking":false,"_monsterinsights_sitenote_active":false,"_monsterinsights_sitenote_note":"","_monsterinsights_sitenote_category":0,"footnotes":""},"categories":[388],"tags":[],"class_list":["post-4244","post","type-post","status-publish","format-standard","hentry","category-aziende"],"yoast_head":"<!-- This site is optimized with the Yoast SEO plugin v27.3 - https:\/\/yoast.com\/product\/yoast-seo-wordpress\/ -->\n<title>Illy: un grande caff\u00e8, una grande storia - Article Marketing<\/title>\n<meta name=\"robots\" content=\"index, follow, max-snippet:-1, max-image-preview:large, max-video-preview:-1\" \/>\n<link rel=\"canonical\" href=\"https:\/\/www.article-marketing.eu\/comunicatistampa\/illy-un-grande-caffe-una-grande-storia\/\" \/>\n<meta property=\"og:locale\" content=\"it_IT\" \/>\n<meta property=\"og:type\" content=\"article\" \/>\n<meta property=\"og:title\" content=\"Illy: un grande caff\u00e8, una grande storia - Article Marketing\" \/>\n<meta property=\"og:description\" content=\"Dietro al caff\u00e8 Illy c\u2019\u00e8 una grande storia, fatta di luoghi e di persone e di una materia prima sempre ottima, che nel corso del tempo \u00e8 stata protagonista di lavorazioni sempre pi\u00f9 innovative, sempre pi\u00f9 all\u2019avanguardia, fino ad arrivare ai giorni nostri. Tutto ha inizio con l\u2019ungherese Francesco Illy, che all\u2019inizio degli anni 30 arriva in Italia, precisamente a Trieste, e comincia a commerciare in caff\u00e8 e cacao. TriesteContinue reading...\" \/>\n<meta property=\"og:url\" content=\"https:\/\/www.article-marketing.eu\/comunicatistampa\/illy-un-grande-caffe-una-grande-storia\/\" \/>\n<meta property=\"og:site_name\" content=\"Article Marketing\" \/>\n<meta property=\"article:published_time\" content=\"2017-07-21T17:44:19+00:00\" \/>\n<meta name=\"author\" content=\"seoseverini\" \/>\n<meta name=\"twitter:card\" content=\"summary_large_image\" \/>\n<meta name=\"twitter:label1\" content=\"Scritto da\" \/>\n\t<meta name=\"twitter:data1\" content=\"seoseverini\" \/>\n\t<meta name=\"twitter:label2\" content=\"Tempo di lettura stimato\" \/>\n\t<meta name=\"twitter:data2\" content=\"2 minuti\" \/>\n<script type=\"application\/ld+json\" class=\"yoast-schema-graph\">{\"@context\":\"https:\\\/\\\/schema.org\",\"@graph\":[{\"@type\":\"Article\",\"@id\":\"https:\\\/\\\/www.article-marketing.eu\\\/comunicatistampa\\\/illy-un-grande-caffe-una-grande-storia\\\/#article\",\"isPartOf\":{\"@id\":\"https:\\\/\\\/www.article-marketing.eu\\\/comunicatistampa\\\/illy-un-grande-caffe-una-grande-storia\\\/\"},\"author\":{\"name\":\"seoseverini\",\"@id\":\"https:\\\/\\\/www.article-marketing.eu\\\/comunicatistampa\\\/#\\\/schema\\\/person\\\/4123b09ba5b5e42091f2389476421254\"},\"headline\":\"Illy: un grande caff\u00e8, una grande storia\",\"datePublished\":\"2017-07-21T17:44:19+00:00\",\"mainEntityOfPage\":{\"@id\":\"https:\\\/\\\/www.article-marketing.eu\\\/comunicatistampa\\\/illy-un-grande-caffe-una-grande-storia\\\/\"},\"wordCount\":426,\"commentCount\":0,\"articleSection\":[\"Aziende\"],\"inLanguage\":\"it-IT\",\"potentialAction\":[{\"@type\":\"CommentAction\",\"name\":\"Comment\",\"target\":[\"https:\\\/\\\/www.article-marketing.eu\\\/comunicatistampa\\\/illy-un-grande-caffe-una-grande-storia\\\/#respond\"]}]},{\"@type\":\"WebPage\",\"@id\":\"https:\\\/\\\/www.article-marketing.eu\\\/comunicatistampa\\\/illy-un-grande-caffe-una-grande-storia\\\/\",\"url\":\"https:\\\/\\\/www.article-marketing.eu\\\/comunicatistampa\\\/illy-un-grande-caffe-una-grande-storia\\\/\",\"name\":\"Illy: un grande caff\u00e8, una grande storia - Article Marketing\",\"isPartOf\":{\"@id\":\"https:\\\/\\\/www.article-marketing.eu\\\/comunicatistampa\\\/#website\"},\"datePublished\":\"2017-07-21T17:44:19+00:00\",\"author\":{\"@id\":\"https:\\\/\\\/www.article-marketing.eu\\\/comunicatistampa\\\/#\\\/schema\\\/person\\\/4123b09ba5b5e42091f2389476421254\"},\"breadcrumb\":{\"@id\":\"https:\\\/\\\/www.article-marketing.eu\\\/comunicatistampa\\\/illy-un-grande-caffe-una-grande-storia\\\/#breadcrumb\"},\"inLanguage\":\"it-IT\",\"potentialAction\":[{\"@type\":\"ReadAction\",\"target\":[\"https:\\\/\\\/www.article-marketing.eu\\\/comunicatistampa\\\/illy-un-grande-caffe-una-grande-storia\\\/\"]}]},{\"@type\":\"BreadcrumbList\",\"@id\":\"https:\\\/\\\/www.article-marketing.eu\\\/comunicatistampa\\\/illy-un-grande-caffe-una-grande-storia\\\/#breadcrumb\",\"itemListElement\":[{\"@type\":\"ListItem\",\"position\":1,\"name\":\"Home\",\"item\":\"https:\\\/\\\/www.article-marketing.eu\\\/comunicatistampa\\\/\"},{\"@type\":\"ListItem\",\"position\":2,\"name\":\"Illy: un grande caff\u00e8, una grande storia\"}]},{\"@type\":\"WebSite\",\"@id\":\"https:\\\/\\\/www.article-marketing.eu\\\/comunicatistampa\\\/#website\",\"url\":\"https:\\\/\\\/www.article-marketing.eu\\\/comunicatistampa\\\/\",\"name\":\"Article Marketing\",\"description\":\"article marketing &amp; press release\",\"potentialAction\":[{\"@type\":\"SearchAction\",\"target\":{\"@type\":\"EntryPoint\",\"urlTemplate\":\"https:\\\/\\\/www.article-marketing.eu\\\/comunicatistampa\\\/?s={search_term_string}\"},\"query-input\":{\"@type\":\"PropertyValueSpecification\",\"valueRequired\":true,\"valueName\":\"search_term_string\"}}],\"inLanguage\":\"it-IT\"},{\"@type\":\"Person\",\"@id\":\"https:\\\/\\\/www.article-marketing.eu\\\/comunicatistampa\\\/#\\\/schema\\\/person\\\/4123b09ba5b5e42091f2389476421254\",\"name\":\"seoseverini\",\"image\":{\"@type\":\"ImageObject\",\"inLanguage\":\"it-IT\",\"@id\":\"https:\\\/\\\/secure.gravatar.com\\\/avatar\\\/199a2e63e9614dc83afe5b2605213f3e70299de8d4fca9c3608bbc9c02de997b?s=96&d=mm&r=g\",\"url\":\"https:\\\/\\\/secure.gravatar.com\\\/avatar\\\/199a2e63e9614dc83afe5b2605213f3e70299de8d4fca9c3608bbc9c02de997b?s=96&d=mm&r=g\",\"contentUrl\":\"https:\\\/\\\/secure.gravatar.com\\\/avatar\\\/199a2e63e9614dc83afe5b2605213f3e70299de8d4fca9c3608bbc9c02de997b?s=96&d=mm&r=g\",\"caption\":\"seoseverini\"},\"sameAs\":[\"http:\\\/\\\/www.seoperseo.eu\"],\"url\":\"https:\\\/\\\/www.article-marketing.eu\\\/comunicatistampa\\\/author\\\/seoseverini\\\/\"}]}<\/script>\n<!-- \/ Yoast SEO plugin. -->","yoast_head_json":{"title":"Illy: un grande caff\u00e8, una grande storia - Article Marketing","robots":{"index":"index","follow":"follow","max-snippet":"max-snippet:-1","max-image-preview":"max-image-preview:large","max-video-preview":"max-video-preview:-1"},"canonical":"https:\/\/www.article-marketing.eu\/comunicatistampa\/illy-un-grande-caffe-una-grande-storia\/","og_locale":"it_IT","og_type":"article","og_title":"Illy: un grande caff\u00e8, una grande storia - Article Marketing","og_description":"Dietro al caff\u00e8 Illy c\u2019\u00e8 una grande storia, fatta di luoghi e di persone e di una materia prima sempre ottima, che nel corso del tempo \u00e8 stata protagonista di lavorazioni sempre pi\u00f9 innovative, sempre pi\u00f9 all\u2019avanguardia, fino ad arrivare ai giorni nostri. Tutto ha inizio con l\u2019ungherese Francesco Illy, che all\u2019inizio degli anni 30 arriva in Italia, precisamente a Trieste, e comincia a commerciare in caff\u00e8 e cacao. TriesteContinue reading...","og_url":"https:\/\/www.article-marketing.eu\/comunicatistampa\/illy-un-grande-caffe-una-grande-storia\/","og_site_name":"Article Marketing","article_published_time":"2017-07-21T17:44:19+00:00","author":"seoseverini","twitter_card":"summary_large_image","twitter_misc":{"Scritto da":"seoseverini","Tempo di lettura stimato":"2 minuti"},"schema":{"@context":"https:\/\/schema.org","@graph":[{"@type":"Article","@id":"https:\/\/www.article-marketing.eu\/comunicatistampa\/illy-un-grande-caffe-una-grande-storia\/#article","isPartOf":{"@id":"https:\/\/www.article-marketing.eu\/comunicatistampa\/illy-un-grande-caffe-una-grande-storia\/"},"author":{"name":"seoseverini","@id":"https:\/\/www.article-marketing.eu\/comunicatistampa\/#\/schema\/person\/4123b09ba5b5e42091f2389476421254"},"headline":"Illy: un grande caff\u00e8, una grande storia","datePublished":"2017-07-21T17:44:19+00:00","mainEntityOfPage":{"@id":"https:\/\/www.article-marketing.eu\/comunicatistampa\/illy-un-grande-caffe-una-grande-storia\/"},"wordCount":426,"commentCount":0,"articleSection":["Aziende"],"inLanguage":"it-IT","potentialAction":[{"@type":"CommentAction","name":"Comment","target":["https:\/\/www.article-marketing.eu\/comunicatistampa\/illy-un-grande-caffe-una-grande-storia\/#respond"]}]},{"@type":"WebPage","@id":"https:\/\/www.article-marketing.eu\/comunicatistampa\/illy-un-grande-caffe-una-grande-storia\/","url":"https:\/\/www.article-marketing.eu\/comunicatistampa\/illy-un-grande-caffe-una-grande-storia\/","name":"Illy: un grande caff\u00e8, una grande storia - Article Marketing","isPartOf":{"@id":"https:\/\/www.article-marketing.eu\/comunicatistampa\/#website"},"datePublished":"2017-07-21T17:44:19+00:00","author":{"@id":"https:\/\/www.article-marketing.eu\/comunicatistampa\/#\/schema\/person\/4123b09ba5b5e42091f2389476421254"},"breadcrumb":{"@id":"https:\/\/www.article-marketing.eu\/comunicatistampa\/illy-un-grande-caffe-una-grande-storia\/#breadcrumb"},"inLanguage":"it-IT","potentialAction":[{"@type":"ReadAction","target":["https:\/\/www.article-marketing.eu\/comunicatistampa\/illy-un-grande-caffe-una-grande-storia\/"]}]},{"@type":"BreadcrumbList","@id":"https:\/\/www.article-marketing.eu\/comunicatistampa\/illy-un-grande-caffe-una-grande-storia\/#breadcrumb","itemListElement":[{"@type":"ListItem","position":1,"name":"Home","item":"https:\/\/www.article-marketing.eu\/comunicatistampa\/"},{"@type":"ListItem","position":2,"name":"Illy: un grande caff\u00e8, una grande storia"}]},{"@type":"WebSite","@id":"https:\/\/www.article-marketing.eu\/comunicatistampa\/#website","url":"https:\/\/www.article-marketing.eu\/comunicatistampa\/","name":"Article Marketing","description":"article marketing &amp; press release","potentialAction":[{"@type":"SearchAction","target":{"@type":"EntryPoint","urlTemplate":"https:\/\/www.article-marketing.eu\/comunicatistampa\/?s={search_term_string}"},"query-input":{"@type":"PropertyValueSpecification","valueRequired":true,"valueName":"search_term_string"}}],"inLanguage":"it-IT"},{"@type":"Person","@id":"https:\/\/www.article-marketing.eu\/comunicatistampa\/#\/schema\/person\/4123b09ba5b5e42091f2389476421254","name":"seoseverini","image":{"@type":"ImageObject","inLanguage":"it-IT","@id":"https:\/\/secure.gravatar.com\/avatar\/199a2e63e9614dc83afe5b2605213f3e70299de8d4fca9c3608bbc9c02de997b?s=96&d=mm&r=g","url":"https:\/\/secure.gravatar.com\/avatar\/199a2e63e9614dc83afe5b2605213f3e70299de8d4fca9c3608bbc9c02de997b?s=96&d=mm&r=g","contentUrl":"https:\/\/secure.gravatar.com\/avatar\/199a2e63e9614dc83afe5b2605213f3e70299de8d4fca9c3608bbc9c02de997b?s=96&d=mm&r=g","caption":"seoseverini"},"sameAs":["http:\/\/www.seoperseo.eu"],"url":"https:\/\/www.article-marketing.eu\/comunicatistampa\/author\/seoseverini\/"}]}},"_links":{"self":[{"href":"https:\/\/www.article-marketing.eu\/comunicatistampa\/wp-json\/wp\/v2\/posts\/4244","targetHints":{"allow":["GET"]}}],"collection":[{"href":"https:\/\/www.article-marketing.eu\/comunicatistampa\/wp-json\/wp\/v2\/posts"}],"about":[{"href":"https:\/\/www.article-marketing.eu\/comunicatistampa\/wp-json\/wp\/v2\/types\/post"}],"author":[{"embeddable":true,"href":"https:\/\/www.article-marketing.eu\/comunicatistampa\/wp-json\/wp\/v2\/users\/436"}],"replies":[{"embeddable":true,"href":"https:\/\/www.article-marketing.eu\/comunicatistampa\/wp-json\/wp\/v2\/comments?post=4244"}],"version-history":[{"count":2,"href":"https:\/\/www.article-marketing.eu\/comunicatistampa\/wp-json\/wp\/v2\/posts\/4244\/revisions"}],"predecessor-version":[{"id":4261,"href":"https:\/\/www.article-marketing.eu\/comunicatistampa\/wp-json\/wp\/v2\/posts\/4244\/revisions\/4261"}],"wp:attachment":[{"href":"https:\/\/www.article-marketing.eu\/comunicatistampa\/wp-json\/wp\/v2\/media?parent=4244"}],"wp:term":[{"taxonomy":"category","embeddable":true,"href":"https:\/\/www.article-marketing.eu\/comunicatistampa\/wp-json\/wp\/v2\/categories?post=4244"},{"taxonomy":"post_tag","embeddable":true,"href":"https:\/\/www.article-marketing.eu\/comunicatistampa\/wp-json\/wp\/v2\/tags?post=4244"}],"curies":[{"name":"wp","href":"https:\/\/api.w.org\/{rel}","templated":true}]}}