{"id":4273,"date":"2017-07-24T16:16:28","date_gmt":"2017-07-24T14:16:28","guid":{"rendered":"http:\/\/www.article-marketing.eu\/comunicatistampa\/?p=4273"},"modified":"2017-07-24T16:16:28","modified_gmt":"2017-07-24T14:16:28","slug":"in-affitto-destate-nel-salento","status":"publish","type":"post","link":"https:\/\/www.article-marketing.eu\/comunicatistampa\/in-affitto-destate-nel-salento\/","title":{"rendered":"In affitto d&#8217;estate nel Salento"},"content":{"rendered":"<p>Il Salento ha tantissime soluzioni da affittare nei mesi estivi e si parte da semplici appartamenti fino ad arrivare a prestigiose masserie in pietra di tufo.<\/p>\n<h2>Ville e villini nel Salento<\/h2>\n<p>Il Salento propone in affitto numerose soluzioni per soggiornare in tutta tranquillit\u00e0 nei mesi estivi. Gli affitti estivi nel Salento sul mare riguardano numerose soluzioni di appartamentini, ville o villini che affacciano direttamente sulla spiaggia. Oltre all&#8217;indiscutibile scenario , non dimentichiamo che arrivare in spiaggia senza troppe complicazioni e, soprattutto senza dover usare l&#8217;auto, \u00e8 un privilegio per le famiglie con bambini piccoli. In Puglia ci sono queste soluzioni che sono le pi\u00f9 richieste dalle famigliole che desiderano solo tranquillit\u00e0 e praticit\u00e0, per dimenticare per un p\u00f2 i problemi quotidiani e per rilassarsi. Le agenzie mettono a disposizione dell&#8217;utente il loro valido sito completo di foto per visionare virtualmente la soluzione che pi\u00f9 si avvicina alle proprie esigenze. Il Salento, negli ultimi anni, sta ricevendo un boom di richieste di affitti estivi per le abitazioni e i proprietari cercano di accontentare le esigenze di tutti gli utenti con abitazioni piccole se si tratta di una coppia di giovani o una di pensionati o con appartamenti pi\u00f9 grandi se a richiederlo \u00e8 una famiglia con bambini. Fortunatamente, il Salento non manca di praticit\u00e0 ed ospitalit\u00e0 e ogni esigenza cerca di essere soddisfatta a seconda delle necessit\u00e0 dei turisti, che hanno la priorit\u00e0.<\/p>\n<h2>I dettagli da concordare<\/h2>\n<p>Ci sono vari dettagli da concordare con il proprietari prima di affittare un appartamento in Salento. Non sono dettagli insignificanti perch\u00e9 alcuni di essi influiscono sul prezzo finale come il fatto che lo spazio contiguo sia o meno in comune, se la casa \u00e8 provvista di climatizzatori o se c&#8217;\u00e8 una sola lavatrice disponibile per tutti gli affittuari. Come ultima cosa, che attualmente \u00e8 di fondamentale importanza, prima di effettuare un contratto di <a href=\"https:\/\/www.oasidoriente.eu\/affitti-estivi-nel-salento.php\">affitti estivi nel Salento sul mare<\/a>, bisogna domandare se sono ammessi gli animali domestici. I proprietari di appartamenti estivi si stanno adeguando e quasi tutti accettano che l&#8217;amico a quattro zampe possa essere ospitato. Tuttavia, in alcuni appartamenti vengono ammessi solo animali di piccola taglia e questa \u00e8 una cosa da valutare con attenzione visto che quasi tutti sono possessori di un cane.<\/p>\n<h2>Gli appartamenti di lusso<\/h2>\n<p>Potrebbe capitare di voler trascorrere una vacanza eccellente ed indimenticabile, magari in coppia. Per questo scopo ci sono in fitto delle graziose ed eleganti masserie d&#8217;epoca abilmente ristrutturate dove \u00e8 possibile trascorrere un soggiorno in un ambiente ricercato e chic con un&#8217;ampia cucina, con una camera da letto fiabesca e con un servizio in camera operato da camerieri che offrono il servizio cucina esterno. E&#8217; chiaro che gli affitti estivi nel Salento sul mare di questo genere, hanno un costo maggiore, ma vale la pena uscire per una volta fuori dalla normalit\u00e0 e provare cosa significa una vacanza all&#8217;insegna dell&#8217;eleganza e della raffinatezza.<\/p>\n","protected":false},"excerpt":{"rendered":"<p>Il Salento ha tantissime soluzioni da affittare nei mesi estivi e si parte da semplici appartamenti fino ad arrivare a prestigiose masserie in pietra di tufo. Ville e villini nel Salento Il Salento propone in affitto numerose soluzioni per soggiornare in tutta tranquillit\u00e0 nei mesi estivi. Gli affitti estivi nel Salento sul mare riguardano numerose soluzioni di appartamentini, ville o villini che affacciano direttamente sulla spiaggia. Oltre all&#8217;indiscutibile scenario ,<\/p>\n<p><a class=\"continue-reading\" href=\"https:\/\/www.article-marketing.eu\/comunicatistampa\/in-affitto-destate-nel-salento\/\">Continue reading&#8230;<\/a><\/p>\n","protected":false},"author":202,"featured_media":0,"comment_status":"open","ping_status":"open","sticky":false,"template":"","format":"standard","meta":{"_monsterinsights_skip_tracking":false,"_monsterinsights_sitenote_active":false,"_monsterinsights_sitenote_note":"","_monsterinsights_sitenote_category":0,"footnotes":""},"categories":[348],"tags":[],"class_list":["post-4273","post","type-post","status-publish","format-standard","hentry","category-destinazioni"],"yoast_head":"<!-- This site is optimized with the Yoast SEO plugin v27.3 - https:\/\/yoast.com\/product\/yoast-seo-wordpress\/ -->\n<title>In affitto d&#039;estate nel Salento - Article Marketing<\/title>\n<meta name=\"robots\" content=\"index, follow, max-snippet:-1, max-image-preview:large, max-video-preview:-1\" \/>\n<link rel=\"canonical\" href=\"https:\/\/www.article-marketing.eu\/comunicatistampa\/in-affitto-destate-nel-salento\/\" \/>\n<meta property=\"og:locale\" content=\"it_IT\" \/>\n<meta property=\"og:type\" content=\"article\" \/>\n<meta property=\"og:title\" content=\"In affitto d&#039;estate nel Salento - Article Marketing\" \/>\n<meta property=\"og:description\" content=\"Il Salento ha tantissime soluzioni da affittare nei mesi estivi e si parte da semplici appartamenti fino ad arrivare a prestigiose masserie in pietra di tufo. Ville e villini nel Salento Il Salento propone in affitto numerose soluzioni per soggiornare in tutta tranquillit\u00e0 nei mesi estivi. Gli affitti estivi nel Salento sul mare riguardano numerose soluzioni di appartamentini, ville o villini che affacciano direttamente sulla spiaggia. Oltre all&#8217;indiscutibile scenario ,Continue reading...\" \/>\n<meta property=\"og:url\" content=\"https:\/\/www.article-marketing.eu\/comunicatistampa\/in-affitto-destate-nel-salento\/\" \/>\n<meta property=\"og:site_name\" content=\"Article Marketing\" \/>\n<meta property=\"article:published_time\" content=\"2017-07-24T14:16:28+00:00\" \/>\n<meta name=\"author\" content=\"merellir\" \/>\n<meta name=\"twitter:card\" content=\"summary_large_image\" \/>\n<meta name=\"twitter:label1\" content=\"Scritto da\" \/>\n\t<meta name=\"twitter:data1\" content=\"merellir\" \/>\n\t<meta name=\"twitter:label2\" content=\"Tempo di lettura stimato\" \/>\n\t<meta name=\"twitter:data2\" content=\"2 minuti\" \/>\n<script type=\"application\/ld+json\" class=\"yoast-schema-graph\">{\"@context\":\"https:\\\/\\\/schema.org\",\"@graph\":[{\"@type\":\"Article\",\"@id\":\"https:\\\/\\\/www.article-marketing.eu\\\/comunicatistampa\\\/in-affitto-destate-nel-salento\\\/#article\",\"isPartOf\":{\"@id\":\"https:\\\/\\\/www.article-marketing.eu\\\/comunicatistampa\\\/in-affitto-destate-nel-salento\\\/\"},\"author\":{\"name\":\"merellir\",\"@id\":\"https:\\\/\\\/www.article-marketing.eu\\\/comunicatistampa\\\/#\\\/schema\\\/person\\\/ad93a86d6a7760d56d31da897a21ec7b\"},\"headline\":\"In affitto d&#8217;estate nel Salento\",\"datePublished\":\"2017-07-24T14:16:28+00:00\",\"mainEntityOfPage\":{\"@id\":\"https:\\\/\\\/www.article-marketing.eu\\\/comunicatistampa\\\/in-affitto-destate-nel-salento\\\/\"},\"wordCount\":477,\"commentCount\":0,\"articleSection\":[\"Destinazioni\"],\"inLanguage\":\"it-IT\",\"potentialAction\":[{\"@type\":\"CommentAction\",\"name\":\"Comment\",\"target\":[\"https:\\\/\\\/www.article-marketing.eu\\\/comunicatistampa\\\/in-affitto-destate-nel-salento\\\/#respond\"]}]},{\"@type\":\"WebPage\",\"@id\":\"https:\\\/\\\/www.article-marketing.eu\\\/comunicatistampa\\\/in-affitto-destate-nel-salento\\\/\",\"url\":\"https:\\\/\\\/www.article-marketing.eu\\\/comunicatistampa\\\/in-affitto-destate-nel-salento\\\/\",\"name\":\"In affitto d'estate nel Salento - Article Marketing\",\"isPartOf\":{\"@id\":\"https:\\\/\\\/www.article-marketing.eu\\\/comunicatistampa\\\/#website\"},\"datePublished\":\"2017-07-24T14:16:28+00:00\",\"author\":{\"@id\":\"https:\\\/\\\/www.article-marketing.eu\\\/comunicatistampa\\\/#\\\/schema\\\/person\\\/ad93a86d6a7760d56d31da897a21ec7b\"},\"breadcrumb\":{\"@id\":\"https:\\\/\\\/www.article-marketing.eu\\\/comunicatistampa\\\/in-affitto-destate-nel-salento\\\/#breadcrumb\"},\"inLanguage\":\"it-IT\",\"potentialAction\":[{\"@type\":\"ReadAction\",\"target\":[\"https:\\\/\\\/www.article-marketing.eu\\\/comunicatistampa\\\/in-affitto-destate-nel-salento\\\/\"]}]},{\"@type\":\"BreadcrumbList\",\"@id\":\"https:\\\/\\\/www.article-marketing.eu\\\/comunicatistampa\\\/in-affitto-destate-nel-salento\\\/#breadcrumb\",\"itemListElement\":[{\"@type\":\"ListItem\",\"position\":1,\"name\":\"Home\",\"item\":\"https:\\\/\\\/www.article-marketing.eu\\\/comunicatistampa\\\/\"},{\"@type\":\"ListItem\",\"position\":2,\"name\":\"In affitto d&#8217;estate nel Salento\"}]},{\"@type\":\"WebSite\",\"@id\":\"https:\\\/\\\/www.article-marketing.eu\\\/comunicatistampa\\\/#website\",\"url\":\"https:\\\/\\\/www.article-marketing.eu\\\/comunicatistampa\\\/\",\"name\":\"Article Marketing\",\"description\":\"article marketing &amp; press release\",\"potentialAction\":[{\"@type\":\"SearchAction\",\"target\":{\"@type\":\"EntryPoint\",\"urlTemplate\":\"https:\\\/\\\/www.article-marketing.eu\\\/comunicatistampa\\\/?s={search_term_string}\"},\"query-input\":{\"@type\":\"PropertyValueSpecification\",\"valueRequired\":true,\"valueName\":\"search_term_string\"}}],\"inLanguage\":\"it-IT\"},{\"@type\":\"Person\",\"@id\":\"https:\\\/\\\/www.article-marketing.eu\\\/comunicatistampa\\\/#\\\/schema\\\/person\\\/ad93a86d6a7760d56d31da897a21ec7b\",\"name\":\"merellir\",\"image\":{\"@type\":\"ImageObject\",\"inLanguage\":\"it-IT\",\"@id\":\"https:\\\/\\\/secure.gravatar.com\\\/avatar\\\/1d3d79c36dbe87999cf3070b87dac773df5f04b18fa0d478fd9dcf849b3616a1?s=96&d=mm&r=g\",\"url\":\"https:\\\/\\\/secure.gravatar.com\\\/avatar\\\/1d3d79c36dbe87999cf3070b87dac773df5f04b18fa0d478fd9dcf849b3616a1?s=96&d=mm&r=g\",\"contentUrl\":\"https:\\\/\\\/secure.gravatar.com\\\/avatar\\\/1d3d79c36dbe87999cf3070b87dac773df5f04b18fa0d478fd9dcf849b3616a1?s=96&d=mm&r=g\",\"caption\":\"merellir\"},\"url\":\"https:\\\/\\\/www.article-marketing.eu\\\/comunicatistampa\\\/author\\\/merellir\\\/\"}]}<\/script>\n<!-- \/ Yoast SEO plugin. -->","yoast_head_json":{"title":"In affitto d'estate nel Salento - Article Marketing","robots":{"index":"index","follow":"follow","max-snippet":"max-snippet:-1","max-image-preview":"max-image-preview:large","max-video-preview":"max-video-preview:-1"},"canonical":"https:\/\/www.article-marketing.eu\/comunicatistampa\/in-affitto-destate-nel-salento\/","og_locale":"it_IT","og_type":"article","og_title":"In affitto d'estate nel Salento - Article Marketing","og_description":"Il Salento ha tantissime soluzioni da affittare nei mesi estivi e si parte da semplici appartamenti fino ad arrivare a prestigiose masserie in pietra di tufo. Ville e villini nel Salento Il Salento propone in affitto numerose soluzioni per soggiornare in tutta tranquillit\u00e0 nei mesi estivi. Gli affitti estivi nel Salento sul mare riguardano numerose soluzioni di appartamentini, ville o villini che affacciano direttamente sulla spiaggia. Oltre all&#8217;indiscutibile scenario ,Continue reading...","og_url":"https:\/\/www.article-marketing.eu\/comunicatistampa\/in-affitto-destate-nel-salento\/","og_site_name":"Article Marketing","article_published_time":"2017-07-24T14:16:28+00:00","author":"merellir","twitter_card":"summary_large_image","twitter_misc":{"Scritto da":"merellir","Tempo di lettura stimato":"2 minuti"},"schema":{"@context":"https:\/\/schema.org","@graph":[{"@type":"Article","@id":"https:\/\/www.article-marketing.eu\/comunicatistampa\/in-affitto-destate-nel-salento\/#article","isPartOf":{"@id":"https:\/\/www.article-marketing.eu\/comunicatistampa\/in-affitto-destate-nel-salento\/"},"author":{"name":"merellir","@id":"https:\/\/www.article-marketing.eu\/comunicatistampa\/#\/schema\/person\/ad93a86d6a7760d56d31da897a21ec7b"},"headline":"In affitto d&#8217;estate nel Salento","datePublished":"2017-07-24T14:16:28+00:00","mainEntityOfPage":{"@id":"https:\/\/www.article-marketing.eu\/comunicatistampa\/in-affitto-destate-nel-salento\/"},"wordCount":477,"commentCount":0,"articleSection":["Destinazioni"],"inLanguage":"it-IT","potentialAction":[{"@type":"CommentAction","name":"Comment","target":["https:\/\/www.article-marketing.eu\/comunicatistampa\/in-affitto-destate-nel-salento\/#respond"]}]},{"@type":"WebPage","@id":"https:\/\/www.article-marketing.eu\/comunicatistampa\/in-affitto-destate-nel-salento\/","url":"https:\/\/www.article-marketing.eu\/comunicatistampa\/in-affitto-destate-nel-salento\/","name":"In affitto d'estate nel Salento - Article Marketing","isPartOf":{"@id":"https:\/\/www.article-marketing.eu\/comunicatistampa\/#website"},"datePublished":"2017-07-24T14:16:28+00:00","author":{"@id":"https:\/\/www.article-marketing.eu\/comunicatistampa\/#\/schema\/person\/ad93a86d6a7760d56d31da897a21ec7b"},"breadcrumb":{"@id":"https:\/\/www.article-marketing.eu\/comunicatistampa\/in-affitto-destate-nel-salento\/#breadcrumb"},"inLanguage":"it-IT","potentialAction":[{"@type":"ReadAction","target":["https:\/\/www.article-marketing.eu\/comunicatistampa\/in-affitto-destate-nel-salento\/"]}]},{"@type":"BreadcrumbList","@id":"https:\/\/www.article-marketing.eu\/comunicatistampa\/in-affitto-destate-nel-salento\/#breadcrumb","itemListElement":[{"@type":"ListItem","position":1,"name":"Home","item":"https:\/\/www.article-marketing.eu\/comunicatistampa\/"},{"@type":"ListItem","position":2,"name":"In affitto d&#8217;estate nel Salento"}]},{"@type":"WebSite","@id":"https:\/\/www.article-marketing.eu\/comunicatistampa\/#website","url":"https:\/\/www.article-marketing.eu\/comunicatistampa\/","name":"Article Marketing","description":"article marketing &amp; press release","potentialAction":[{"@type":"SearchAction","target":{"@type":"EntryPoint","urlTemplate":"https:\/\/www.article-marketing.eu\/comunicatistampa\/?s={search_term_string}"},"query-input":{"@type":"PropertyValueSpecification","valueRequired":true,"valueName":"search_term_string"}}],"inLanguage":"it-IT"},{"@type":"Person","@id":"https:\/\/www.article-marketing.eu\/comunicatistampa\/#\/schema\/person\/ad93a86d6a7760d56d31da897a21ec7b","name":"merellir","image":{"@type":"ImageObject","inLanguage":"it-IT","@id":"https:\/\/secure.gravatar.com\/avatar\/1d3d79c36dbe87999cf3070b87dac773df5f04b18fa0d478fd9dcf849b3616a1?s=96&d=mm&r=g","url":"https:\/\/secure.gravatar.com\/avatar\/1d3d79c36dbe87999cf3070b87dac773df5f04b18fa0d478fd9dcf849b3616a1?s=96&d=mm&r=g","contentUrl":"https:\/\/secure.gravatar.com\/avatar\/1d3d79c36dbe87999cf3070b87dac773df5f04b18fa0d478fd9dcf849b3616a1?s=96&d=mm&r=g","caption":"merellir"},"url":"https:\/\/www.article-marketing.eu\/comunicatistampa\/author\/merellir\/"}]}},"_links":{"self":[{"href":"https:\/\/www.article-marketing.eu\/comunicatistampa\/wp-json\/wp\/v2\/posts\/4273","targetHints":{"allow":["GET"]}}],"collection":[{"href":"https:\/\/www.article-marketing.eu\/comunicatistampa\/wp-json\/wp\/v2\/posts"}],"about":[{"href":"https:\/\/www.article-marketing.eu\/comunicatistampa\/wp-json\/wp\/v2\/types\/post"}],"author":[{"embeddable":true,"href":"https:\/\/www.article-marketing.eu\/comunicatistampa\/wp-json\/wp\/v2\/users\/202"}],"replies":[{"embeddable":true,"href":"https:\/\/www.article-marketing.eu\/comunicatistampa\/wp-json\/wp\/v2\/comments?post=4273"}],"version-history":[{"count":2,"href":"https:\/\/www.article-marketing.eu\/comunicatistampa\/wp-json\/wp\/v2\/posts\/4273\/revisions"}],"predecessor-version":[{"id":4305,"href":"https:\/\/www.article-marketing.eu\/comunicatistampa\/wp-json\/wp\/v2\/posts\/4273\/revisions\/4305"}],"wp:attachment":[{"href":"https:\/\/www.article-marketing.eu\/comunicatistampa\/wp-json\/wp\/v2\/media?parent=4273"}],"wp:term":[{"taxonomy":"category","embeddable":true,"href":"https:\/\/www.article-marketing.eu\/comunicatistampa\/wp-json\/wp\/v2\/categories?post=4273"},{"taxonomy":"post_tag","embeddable":true,"href":"https:\/\/www.article-marketing.eu\/comunicatistampa\/wp-json\/wp\/v2\/tags?post=4273"}],"curies":[{"name":"wp","href":"https:\/\/api.w.org\/{rel}","templated":true}]}}