{"id":4320,"date":"2017-07-26T15:24:10","date_gmt":"2017-07-26T13:24:10","guid":{"rendered":"http:\/\/www.article-marketing.eu\/comunicatistampa\/?p=4320"},"modified":"2017-07-26T15:24:10","modified_gmt":"2017-07-26T13:24:10","slug":"pronti-per-lestate-prese-le-creme-protettive","status":"publish","type":"post","link":"https:\/\/www.article-marketing.eu\/comunicatistampa\/pronti-per-lestate-prese-le-creme-protettive\/","title":{"rendered":"Pronti per l&#8217;estate? Prese le creme protettive?"},"content":{"rendered":"<p>L&#8217;estate \u00e8 sole, mare e &#8230; abbronzatura! Le creme solari sono i migliori alleati per la protezione della pelle e per prevenire eventuali ustioni o macchie della pelle.<\/p>\n<p>Perch\u00e9 utilizzare le creme solari?<br \/>\nIl sole \u00e8 un elemento fondamentale per la vita, sulla pelle ha un effetto benefico in quanto: aumenta la produzione della vitamina D, \u00e8 coadiuvante in alcune malattie, allevia le contratture muscolari. Inoltre \u00e8 anche benefico per l&#8217;umore poich\u00e9 stimola il sistema neuroendocrino. Ma \u00e8 anche una forte fonte di calore e in certi casi pu\u00f2 essere davvero dannoso per la pelle quindi l&#8217;utilizzo delle creme solari \u00e8 indispensabile. Le creme solari evitano i colpi di sole dovuti alla troppa esposizione ai raggi UVB e UVA. I raggi UVB aumentano la produzione di melanina, ma sono anche i responsabili della formazione degli eritemi; mentre i raggi UVA sono la causa dell&#8217;invecchiamento cutaneo e delle macchie della pelle poich\u00e9 causano alterazioni a livello cellulare. Altrettanto importanti sono le radiazione ultraviolette che danneggiamento le cellule causandone un aumento dell&#8217;invecchiamento, ma in casi estremi sono anche responsabili della formazione del cancro della pelle.<\/p>\n<p>Come usare la crema solare?<br \/>\nEsistono in commercio molti tipi di creme solari, per\u00f2 tutti presentano dei livelli di protezione diversa a seconda del tipo di pelle e della durata dell&#8217;esposizione. Esistono 4 livelli di protezione:<br \/>\n-protezione bassa, tra 6 e 10<br \/>\n-protezione media, tra 15 e 25<br \/>\n-protezione alta, tra 30 e 50<br \/>\n-protezione altissima, superiore a 50.<br \/>\nGli esperti consigliano di non <a href=\"http:\/\/blog.libero.it\/wp\/accessoridamare\/\">esporsi per periodi troppo lunghi al sole<\/a> e di evitare le &#8220;&#8221;ore calde&#8221;&#8221; , ovvero tre 12 e le 16 . Inoltre importante \u00e8 anche l&#8217;utilizzo di occhiali da sole e cappelli per una maggiore protezione. Per adoperare al meglio la crema solare \u00e8 bene eseguire alcuni semplici consigli: bisogna applicarla ogni qualvolta ci si espone al sole e dopo ogni bagno, non utilizzare prodotti dell&#8217;anno precedente perch\u00e9 gli effetti sono ridotti, fare particolare attenzione nelle prime esposizioni all&#8217;inizio bastono dai 15-20 minuti di esposizione, poi eventualmente se ne aumenta la durata.<\/p>\n<p>Attenzione alle creme solari<br \/>\nCome ogni prodotto anche le creme solari possono provocare allergia, quindi bisogna leggere bene le etichette e vedere gli ingredienti presenti. Quelli che potrebbero creare problemi sono conservanti come propylparaben e butylparaben, che potrebbero disturbare il sistema ormonale; il retinyl palmitate \u00e8 un&#8217;altra sostanza, derivante dalla vitamina A, che pu\u00f2 causare un&#8217;ipersensibilit\u00e0 al sole. Si crede che le nanoparticelle nei filtri solari come ossido di zinco e biossido di titanio possano essere dannosi, ma non \u00e8 cos\u00ec in quanto non si rompono al sole e danno un&#8217;alta protezione dai raggi UVA.<\/p>\n","protected":false},"excerpt":{"rendered":"<p>L&#8217;estate \u00e8 sole, mare e &#8230; abbronzatura! Le creme solari sono i migliori alleati per la protezione della pelle e per prevenire eventuali ustioni o macchie della pelle. Perch\u00e9 utilizzare le creme solari? Il sole \u00e8 un elemento fondamentale per la vita, sulla pelle ha un effetto benefico in quanto: aumenta la produzione della vitamina D, \u00e8 coadiuvante in alcune malattie, allevia le contratture muscolari. Inoltre \u00e8 anche benefico per<\/p>\n<p><a class=\"continue-reading\" href=\"https:\/\/www.article-marketing.eu\/comunicatistampa\/pronti-per-lestate-prese-le-creme-protettive\/\">Continue reading&#8230;<\/a><\/p>\n","protected":false},"author":202,"featured_media":0,"comment_status":"open","ping_status":"open","sticky":false,"template":"","format":"standard","meta":{"_monsterinsights_skip_tracking":false,"_monsterinsights_sitenote_active":false,"_monsterinsights_sitenote_note":"","_monsterinsights_sitenote_category":0,"footnotes":""},"categories":[346],"tags":[],"class_list":["post-4320","post","type-post","status-publish","format-standard","hentry","category-viaggi-e-turismo"],"yoast_head":"<!-- This site is optimized with the Yoast SEO plugin v27.3 - https:\/\/yoast.com\/product\/yoast-seo-wordpress\/ -->\n<title>Pronti per l&#039;estate? Prese le creme protettive? - Article Marketing<\/title>\n<meta name=\"robots\" content=\"index, follow, max-snippet:-1, max-image-preview:large, max-video-preview:-1\" \/>\n<link rel=\"canonical\" href=\"https:\/\/www.article-marketing.eu\/comunicatistampa\/pronti-per-lestate-prese-le-creme-protettive\/\" \/>\n<meta property=\"og:locale\" content=\"it_IT\" \/>\n<meta property=\"og:type\" content=\"article\" \/>\n<meta property=\"og:title\" content=\"Pronti per l&#039;estate? Prese le creme protettive? - Article Marketing\" \/>\n<meta property=\"og:description\" content=\"L&#8217;estate \u00e8 sole, mare e &#8230; abbronzatura! Le creme solari sono i migliori alleati per la protezione della pelle e per prevenire eventuali ustioni o macchie della pelle. Perch\u00e9 utilizzare le creme solari? Il sole \u00e8 un elemento fondamentale per la vita, sulla pelle ha un effetto benefico in quanto: aumenta la produzione della vitamina D, \u00e8 coadiuvante in alcune malattie, allevia le contratture muscolari. Inoltre \u00e8 anche benefico perContinue reading...\" \/>\n<meta property=\"og:url\" content=\"https:\/\/www.article-marketing.eu\/comunicatistampa\/pronti-per-lestate-prese-le-creme-protettive\/\" \/>\n<meta property=\"og:site_name\" content=\"Article Marketing\" \/>\n<meta property=\"article:published_time\" content=\"2017-07-26T13:24:10+00:00\" \/>\n<meta name=\"author\" content=\"merellir\" \/>\n<meta name=\"twitter:card\" content=\"summary_large_image\" \/>\n<meta name=\"twitter:label1\" content=\"Scritto da\" \/>\n\t<meta name=\"twitter:data1\" content=\"merellir\" \/>\n\t<meta name=\"twitter:label2\" content=\"Tempo di lettura stimato\" \/>\n\t<meta name=\"twitter:data2\" content=\"2 minuti\" \/>\n<script type=\"application\/ld+json\" class=\"yoast-schema-graph\">{\"@context\":\"https:\\\/\\\/schema.org\",\"@graph\":[{\"@type\":\"Article\",\"@id\":\"https:\\\/\\\/www.article-marketing.eu\\\/comunicatistampa\\\/pronti-per-lestate-prese-le-creme-protettive\\\/#article\",\"isPartOf\":{\"@id\":\"https:\\\/\\\/www.article-marketing.eu\\\/comunicatistampa\\\/pronti-per-lestate-prese-le-creme-protettive\\\/\"},\"author\":{\"name\":\"merellir\",\"@id\":\"https:\\\/\\\/www.article-marketing.eu\\\/comunicatistampa\\\/#\\\/schema\\\/person\\\/ad93a86d6a7760d56d31da897a21ec7b\"},\"headline\":\"Pronti per l&#8217;estate? Prese le creme protettive?\",\"datePublished\":\"2017-07-26T13:24:10+00:00\",\"mainEntityOfPage\":{\"@id\":\"https:\\\/\\\/www.article-marketing.eu\\\/comunicatistampa\\\/pronti-per-lestate-prese-le-creme-protettive\\\/\"},\"wordCount\":418,\"commentCount\":0,\"articleSection\":[\"Viaggi e turismo\"],\"inLanguage\":\"it-IT\",\"potentialAction\":[{\"@type\":\"CommentAction\",\"name\":\"Comment\",\"target\":[\"https:\\\/\\\/www.article-marketing.eu\\\/comunicatistampa\\\/pronti-per-lestate-prese-le-creme-protettive\\\/#respond\"]}]},{\"@type\":\"WebPage\",\"@id\":\"https:\\\/\\\/www.article-marketing.eu\\\/comunicatistampa\\\/pronti-per-lestate-prese-le-creme-protettive\\\/\",\"url\":\"https:\\\/\\\/www.article-marketing.eu\\\/comunicatistampa\\\/pronti-per-lestate-prese-le-creme-protettive\\\/\",\"name\":\"Pronti per l'estate? Prese le creme protettive? - Article Marketing\",\"isPartOf\":{\"@id\":\"https:\\\/\\\/www.article-marketing.eu\\\/comunicatistampa\\\/#website\"},\"datePublished\":\"2017-07-26T13:24:10+00:00\",\"author\":{\"@id\":\"https:\\\/\\\/www.article-marketing.eu\\\/comunicatistampa\\\/#\\\/schema\\\/person\\\/ad93a86d6a7760d56d31da897a21ec7b\"},\"breadcrumb\":{\"@id\":\"https:\\\/\\\/www.article-marketing.eu\\\/comunicatistampa\\\/pronti-per-lestate-prese-le-creme-protettive\\\/#breadcrumb\"},\"inLanguage\":\"it-IT\",\"potentialAction\":[{\"@type\":\"ReadAction\",\"target\":[\"https:\\\/\\\/www.article-marketing.eu\\\/comunicatistampa\\\/pronti-per-lestate-prese-le-creme-protettive\\\/\"]}]},{\"@type\":\"BreadcrumbList\",\"@id\":\"https:\\\/\\\/www.article-marketing.eu\\\/comunicatistampa\\\/pronti-per-lestate-prese-le-creme-protettive\\\/#breadcrumb\",\"itemListElement\":[{\"@type\":\"ListItem\",\"position\":1,\"name\":\"Home\",\"item\":\"https:\\\/\\\/www.article-marketing.eu\\\/comunicatistampa\\\/\"},{\"@type\":\"ListItem\",\"position\":2,\"name\":\"Pronti per l&#8217;estate? Prese le creme protettive?\"}]},{\"@type\":\"WebSite\",\"@id\":\"https:\\\/\\\/www.article-marketing.eu\\\/comunicatistampa\\\/#website\",\"url\":\"https:\\\/\\\/www.article-marketing.eu\\\/comunicatistampa\\\/\",\"name\":\"Article Marketing\",\"description\":\"article marketing &amp; press release\",\"potentialAction\":[{\"@type\":\"SearchAction\",\"target\":{\"@type\":\"EntryPoint\",\"urlTemplate\":\"https:\\\/\\\/www.article-marketing.eu\\\/comunicatistampa\\\/?s={search_term_string}\"},\"query-input\":{\"@type\":\"PropertyValueSpecification\",\"valueRequired\":true,\"valueName\":\"search_term_string\"}}],\"inLanguage\":\"it-IT\"},{\"@type\":\"Person\",\"@id\":\"https:\\\/\\\/www.article-marketing.eu\\\/comunicatistampa\\\/#\\\/schema\\\/person\\\/ad93a86d6a7760d56d31da897a21ec7b\",\"name\":\"merellir\",\"image\":{\"@type\":\"ImageObject\",\"inLanguage\":\"it-IT\",\"@id\":\"https:\\\/\\\/secure.gravatar.com\\\/avatar\\\/1d3d79c36dbe87999cf3070b87dac773df5f04b18fa0d478fd9dcf849b3616a1?s=96&d=mm&r=g\",\"url\":\"https:\\\/\\\/secure.gravatar.com\\\/avatar\\\/1d3d79c36dbe87999cf3070b87dac773df5f04b18fa0d478fd9dcf849b3616a1?s=96&d=mm&r=g\",\"contentUrl\":\"https:\\\/\\\/secure.gravatar.com\\\/avatar\\\/1d3d79c36dbe87999cf3070b87dac773df5f04b18fa0d478fd9dcf849b3616a1?s=96&d=mm&r=g\",\"caption\":\"merellir\"},\"url\":\"https:\\\/\\\/www.article-marketing.eu\\\/comunicatistampa\\\/author\\\/merellir\\\/\"}]}<\/script>\n<!-- \/ Yoast SEO plugin. -->","yoast_head_json":{"title":"Pronti per l'estate? Prese le creme protettive? - Article Marketing","robots":{"index":"index","follow":"follow","max-snippet":"max-snippet:-1","max-image-preview":"max-image-preview:large","max-video-preview":"max-video-preview:-1"},"canonical":"https:\/\/www.article-marketing.eu\/comunicatistampa\/pronti-per-lestate-prese-le-creme-protettive\/","og_locale":"it_IT","og_type":"article","og_title":"Pronti per l'estate? Prese le creme protettive? - Article Marketing","og_description":"L&#8217;estate \u00e8 sole, mare e &#8230; abbronzatura! Le creme solari sono i migliori alleati per la protezione della pelle e per prevenire eventuali ustioni o macchie della pelle. Perch\u00e9 utilizzare le creme solari? Il sole \u00e8 un elemento fondamentale per la vita, sulla pelle ha un effetto benefico in quanto: aumenta la produzione della vitamina D, \u00e8 coadiuvante in alcune malattie, allevia le contratture muscolari. Inoltre \u00e8 anche benefico perContinue reading...","og_url":"https:\/\/www.article-marketing.eu\/comunicatistampa\/pronti-per-lestate-prese-le-creme-protettive\/","og_site_name":"Article Marketing","article_published_time":"2017-07-26T13:24:10+00:00","author":"merellir","twitter_card":"summary_large_image","twitter_misc":{"Scritto da":"merellir","Tempo di lettura stimato":"2 minuti"},"schema":{"@context":"https:\/\/schema.org","@graph":[{"@type":"Article","@id":"https:\/\/www.article-marketing.eu\/comunicatistampa\/pronti-per-lestate-prese-le-creme-protettive\/#article","isPartOf":{"@id":"https:\/\/www.article-marketing.eu\/comunicatistampa\/pronti-per-lestate-prese-le-creme-protettive\/"},"author":{"name":"merellir","@id":"https:\/\/www.article-marketing.eu\/comunicatistampa\/#\/schema\/person\/ad93a86d6a7760d56d31da897a21ec7b"},"headline":"Pronti per l&#8217;estate? Prese le creme protettive?","datePublished":"2017-07-26T13:24:10+00:00","mainEntityOfPage":{"@id":"https:\/\/www.article-marketing.eu\/comunicatistampa\/pronti-per-lestate-prese-le-creme-protettive\/"},"wordCount":418,"commentCount":0,"articleSection":["Viaggi e turismo"],"inLanguage":"it-IT","potentialAction":[{"@type":"CommentAction","name":"Comment","target":["https:\/\/www.article-marketing.eu\/comunicatistampa\/pronti-per-lestate-prese-le-creme-protettive\/#respond"]}]},{"@type":"WebPage","@id":"https:\/\/www.article-marketing.eu\/comunicatistampa\/pronti-per-lestate-prese-le-creme-protettive\/","url":"https:\/\/www.article-marketing.eu\/comunicatistampa\/pronti-per-lestate-prese-le-creme-protettive\/","name":"Pronti per l'estate? Prese le creme protettive? - Article Marketing","isPartOf":{"@id":"https:\/\/www.article-marketing.eu\/comunicatistampa\/#website"},"datePublished":"2017-07-26T13:24:10+00:00","author":{"@id":"https:\/\/www.article-marketing.eu\/comunicatistampa\/#\/schema\/person\/ad93a86d6a7760d56d31da897a21ec7b"},"breadcrumb":{"@id":"https:\/\/www.article-marketing.eu\/comunicatistampa\/pronti-per-lestate-prese-le-creme-protettive\/#breadcrumb"},"inLanguage":"it-IT","potentialAction":[{"@type":"ReadAction","target":["https:\/\/www.article-marketing.eu\/comunicatistampa\/pronti-per-lestate-prese-le-creme-protettive\/"]}]},{"@type":"BreadcrumbList","@id":"https:\/\/www.article-marketing.eu\/comunicatistampa\/pronti-per-lestate-prese-le-creme-protettive\/#breadcrumb","itemListElement":[{"@type":"ListItem","position":1,"name":"Home","item":"https:\/\/www.article-marketing.eu\/comunicatistampa\/"},{"@type":"ListItem","position":2,"name":"Pronti per l&#8217;estate? Prese le creme protettive?"}]},{"@type":"WebSite","@id":"https:\/\/www.article-marketing.eu\/comunicatistampa\/#website","url":"https:\/\/www.article-marketing.eu\/comunicatistampa\/","name":"Article Marketing","description":"article marketing &amp; press release","potentialAction":[{"@type":"SearchAction","target":{"@type":"EntryPoint","urlTemplate":"https:\/\/www.article-marketing.eu\/comunicatistampa\/?s={search_term_string}"},"query-input":{"@type":"PropertyValueSpecification","valueRequired":true,"valueName":"search_term_string"}}],"inLanguage":"it-IT"},{"@type":"Person","@id":"https:\/\/www.article-marketing.eu\/comunicatistampa\/#\/schema\/person\/ad93a86d6a7760d56d31da897a21ec7b","name":"merellir","image":{"@type":"ImageObject","inLanguage":"it-IT","@id":"https:\/\/secure.gravatar.com\/avatar\/1d3d79c36dbe87999cf3070b87dac773df5f04b18fa0d478fd9dcf849b3616a1?s=96&d=mm&r=g","url":"https:\/\/secure.gravatar.com\/avatar\/1d3d79c36dbe87999cf3070b87dac773df5f04b18fa0d478fd9dcf849b3616a1?s=96&d=mm&r=g","contentUrl":"https:\/\/secure.gravatar.com\/avatar\/1d3d79c36dbe87999cf3070b87dac773df5f04b18fa0d478fd9dcf849b3616a1?s=96&d=mm&r=g","caption":"merellir"},"url":"https:\/\/www.article-marketing.eu\/comunicatistampa\/author\/merellir\/"}]}},"_links":{"self":[{"href":"https:\/\/www.article-marketing.eu\/comunicatistampa\/wp-json\/wp\/v2\/posts\/4320","targetHints":{"allow":["GET"]}}],"collection":[{"href":"https:\/\/www.article-marketing.eu\/comunicatistampa\/wp-json\/wp\/v2\/posts"}],"about":[{"href":"https:\/\/www.article-marketing.eu\/comunicatistampa\/wp-json\/wp\/v2\/types\/post"}],"author":[{"embeddable":true,"href":"https:\/\/www.article-marketing.eu\/comunicatistampa\/wp-json\/wp\/v2\/users\/202"}],"replies":[{"embeddable":true,"href":"https:\/\/www.article-marketing.eu\/comunicatistampa\/wp-json\/wp\/v2\/comments?post=4320"}],"version-history":[{"count":2,"href":"https:\/\/www.article-marketing.eu\/comunicatistampa\/wp-json\/wp\/v2\/posts\/4320\/revisions"}],"predecessor-version":[{"id":4371,"href":"https:\/\/www.article-marketing.eu\/comunicatistampa\/wp-json\/wp\/v2\/posts\/4320\/revisions\/4371"}],"wp:attachment":[{"href":"https:\/\/www.article-marketing.eu\/comunicatistampa\/wp-json\/wp\/v2\/media?parent=4320"}],"wp:term":[{"taxonomy":"category","embeddable":true,"href":"https:\/\/www.article-marketing.eu\/comunicatistampa\/wp-json\/wp\/v2\/categories?post=4320"},{"taxonomy":"post_tag","embeddable":true,"href":"https:\/\/www.article-marketing.eu\/comunicatistampa\/wp-json\/wp\/v2\/tags?post=4320"}],"curies":[{"name":"wp","href":"https:\/\/api.w.org\/{rel}","templated":true}]}}