{"id":4352,"date":"2017-07-26T15:27:16","date_gmt":"2017-07-26T13:27:16","guid":{"rendered":"http:\/\/www.article-marketing.eu\/comunicatistampa\/?p=4352"},"modified":"2017-07-26T15:27:16","modified_gmt":"2017-07-26T13:27:16","slug":"facebook-dichiara-guerra-alle-fake-news","status":"publish","type":"post","link":"https:\/\/www.article-marketing.eu\/comunicatistampa\/facebook-dichiara-guerra-alle-fake-news\/","title":{"rendered":"Facebook dichiara guerra alle fake news"},"content":{"rendered":"<p>Da qualche tempo si vociferava che Facebook avrebbe nuovamente modificato il suo algoritmo, con lo scopo di \u201ccostruire una comunit\u00e0 pi\u00f9 informata e combattere la disinformazione\u201d come diceva alcune settimane fa lo stesso Zuckerberg in un lungo post sul suo profilo. Zuckerberg, anche per le numerose pressioni ricevute da pi\u00f9 parti, ha dunque deciso di dichiarare guerra alle bufale, lanciando un nuovo servizio che permette agli utenti di segnalare le notizie false. \u201cFacebook\u201d dice lo stesso fondatore \u201c\u00e8 una piattaforma diversa da qualunque altra cosa l\u2019abbia preceduta. Facebook \u00e8 un\u2019azienda tecnologica, ma devo riconoscere che abbiamo una responsabilit\u00e0 maggiore di chi semplicemente fornisce la tecnologia attraverso la quale viene diffusa l\u2019informazione, infatti, sebbene non scriviamo le notizie che leggete e condividete, riconosciamo che siamo qualcosa di pi\u00f9 di un semplice distributore di notizie\u201d.<br \/>\nDopo un periodo di sperimentazione che ha preceduto il lancio, verr\u00e0 aggiunto un pulsante che consentir\u00e0 agli utenti di segnalare una notizia ritenuta falsa. Le segnalazioni verranno poi sottoposte al vaglio di aziende di comunicazione specializzate in fact-checking che verificheranno se le medesime sono in linea con l\u2019International Fact Checking Code of Principle stilato dal Poynter Institute. Qualora una notizia fosse ritenuta falsa, il post che la contiene sar\u00e0 segnalato come \u201ccontroverso\u201d e corredato di un articolo in cu si spiegano i motivi. Naturalmente tutto il meccanismo funzioner\u00e0, prima e meglio, in lingua inglese, mentre probabilmente ci vorr\u00e0 pi\u00f9 tempo perch\u00e9 il tutto possa avere un impatto significativo sulla diffusione di notizie false o presunte tali nelle altre lingue, incluso l\u2019italiano.<br \/>\n\u00abUtilizzeremo il pugno duro nei confronti di quelli che si spacciano per testate giornalistiche molto conosciute\u00bb, aggiunge Zuckerberg. Infatti, come \u00e8 noto a chiunque abbia un profilo su Facebook, molte delle pagine contenenti bufale hanno nomi simili a quelli di importanti e famose testate giornalistiche, ed anche la satira \u00e8 talvolta solo un pretesto per diffondere notizie false ed attirare clic sfruttando i temi pi\u00f9 \u201ccaldi\u201d. Un altro stratagemma molto diffuso e che verr\u00e0 presumibilmente stroncato dalla nuova policy di Facebook \u00e8 l\u2019utilizzo dei titoli ad effetto: \u201cAbbiamo scoperto\u201d dice Zuckerberg \u201cche se la gente che legge un articolo, spesso lo condivide meno di quelli che leggono solo il titolo, questo pu\u00f2 essere un segno che il titolo \u00e8 fuorviante\u201d, in questo caso la contromisura sar\u00e0 assegnare un punteggio basso alla notizia e renderla automaticamente meno visibile nel News Feed di Facebook.<br \/>\nLa cosiddetta \u2018pulce nell\u2019orecchio\u2019 di Zuckerberg era stata l\u2019accusa, da parte dei sostenitori di Hillary Clinton, di aver permesso sulla piattaforma la diffusione di bufale che, sempre secondo i sostenitori della candidata democratica, avrebbero permesso a Trump di aggiudicarsi la vittoria delle presidenziali. La replica di Zuckerberg era stata che le bufale non avevano influenzato il voto e che, in ogni caso, entrambi gli schieramenti ne avevano fatto abbondante uso. La campagna elettorale americana, dunque, \u00e8 stata lo spunto per una profonda riflessione: pur partendo dall\u2019assunto che Facebook non \u00e8 una news company, Zuckerberg riconosce il ruolo e, soprattutto, la responsabilit\u00e0 colossale che ha nel dibattito pubblico globale uno strumento come Facebook.<br \/>\nUn\u2019altra novit\u00e0 all\u2019orizzonte in casa Facebook, sar\u00e0 il lancio di una selezione di contenuti che si chiamer\u00e0 \u201ccollections\u201d all\u2019interno del News Feed, curati direttamente da editori e media, selezionati dal team di Zuckerberg. Al momento non si hanno certezze sui tempi di rilascio. La mossa mira a rafforzare il ruolo di primissimo piano di Facebook nel panorama mediatico e, ovviamente, a incrementare i suoi introiti: l\u2019ambitissima vetrina di Facebook pu\u00f2 vantare oggi oltre un miliardo e 800 milioni di potenziali lettori in tutto il mondo.<br \/>\nB-Side \u00e8 la web agency che vi aiuter\u00e0 a studiare le <a href=\"http:\/\/www.beside.it\">strategie Facebook marketing<\/a> che rispondano ai nuovi requisiti che l\u2019algoritmo di Facebook richiede.<br \/>\n\u201craccogliere nuovi segnali per identificare meglio e dare maggiore visibilit\u00e0 ai contenuti autentici\u201d e di \u201dintrodurre un nuovo modo di prevedere e posizionare in tempo reale i post che possono essere pi\u00f9 rilevanti per gli utenti\u201d<\/p>\n","protected":false},"excerpt":{"rendered":"<p>Da qualche tempo si vociferava che Facebook avrebbe nuovamente modificato il suo algoritmo, con lo scopo di \u201ccostruire una comunit\u00e0 pi\u00f9 informata e combattere la disinformazione\u201d come diceva alcune settimane fa lo stesso Zuckerberg in un lungo post sul suo profilo. Zuckerberg, anche per le numerose pressioni ricevute da pi\u00f9 parti, ha dunque deciso di dichiarare guerra alle bufale, lanciando un nuovo servizio che permette agli utenti di segnalare le<\/p>\n<p><a class=\"continue-reading\" href=\"https:\/\/www.article-marketing.eu\/comunicatistampa\/facebook-dichiara-guerra-alle-fake-news\/\">Continue reading&#8230;<\/a><\/p>\n","protected":false},"author":467,"featured_media":0,"comment_status":"open","ping_status":"open","sticky":false,"template":"","format":"standard","meta":{"_monsterinsights_skip_tracking":false,"_monsterinsights_sitenote_active":false,"_monsterinsights_sitenote_note":"","_monsterinsights_sitenote_category":0,"footnotes":""},"categories":[389,383,395,385],"tags":[],"class_list":["post-4352","post","type-post","status-publish","format-standard","hentry","category-marketing","category-semseo","category-web","category-web-marketing"],"yoast_head":"<!-- This site is optimized with the Yoast SEO plugin v27.3 - https:\/\/yoast.com\/product\/yoast-seo-wordpress\/ -->\n<title>Facebook dichiara guerra alle fake news - Article Marketing<\/title>\n<meta name=\"robots\" content=\"index, follow, max-snippet:-1, max-image-preview:large, max-video-preview:-1\" \/>\n<link rel=\"canonical\" href=\"https:\/\/www.article-marketing.eu\/comunicatistampa\/facebook-dichiara-guerra-alle-fake-news\/\" \/>\n<meta property=\"og:locale\" content=\"it_IT\" \/>\n<meta property=\"og:type\" content=\"article\" \/>\n<meta property=\"og:title\" content=\"Facebook dichiara guerra alle fake news - Article Marketing\" \/>\n<meta property=\"og:description\" content=\"Da qualche tempo si vociferava che Facebook avrebbe nuovamente modificato il suo algoritmo, con lo scopo di \u201ccostruire una comunit\u00e0 pi\u00f9 informata e combattere la disinformazione\u201d come diceva alcune settimane fa lo stesso Zuckerberg in un lungo post sul suo profilo. Zuckerberg, anche per le numerose pressioni ricevute da pi\u00f9 parti, ha dunque deciso di dichiarare guerra alle bufale, lanciando un nuovo servizio che permette agli utenti di segnalare leContinue reading...\" \/>\n<meta property=\"og:url\" content=\"https:\/\/www.article-marketing.eu\/comunicatistampa\/facebook-dichiara-guerra-alle-fake-news\/\" \/>\n<meta property=\"og:site_name\" content=\"Article Marketing\" \/>\n<meta property=\"article:published_time\" content=\"2017-07-26T13:27:16+00:00\" \/>\n<meta name=\"author\" content=\"a.ghezzi\" \/>\n<meta name=\"twitter:card\" content=\"summary_large_image\" \/>\n<meta name=\"twitter:label1\" content=\"Scritto da\" \/>\n\t<meta name=\"twitter:data1\" content=\"a.ghezzi\" \/>\n\t<meta name=\"twitter:label2\" content=\"Tempo di lettura stimato\" \/>\n\t<meta name=\"twitter:data2\" content=\"3 minuti\" \/>\n<script type=\"application\/ld+json\" class=\"yoast-schema-graph\">{\"@context\":\"https:\\\/\\\/schema.org\",\"@graph\":[{\"@type\":\"Article\",\"@id\":\"https:\\\/\\\/www.article-marketing.eu\\\/comunicatistampa\\\/facebook-dichiara-guerra-alle-fake-news\\\/#article\",\"isPartOf\":{\"@id\":\"https:\\\/\\\/www.article-marketing.eu\\\/comunicatistampa\\\/facebook-dichiara-guerra-alle-fake-news\\\/\"},\"author\":{\"name\":\"a.ghezzi\",\"@id\":\"https:\\\/\\\/www.article-marketing.eu\\\/comunicatistampa\\\/#\\\/schema\\\/person\\\/29baeb9dd3386c851b6632aad3971d88\"},\"headline\":\"Facebook dichiara guerra alle fake news\",\"datePublished\":\"2017-07-26T13:27:16+00:00\",\"mainEntityOfPage\":{\"@id\":\"https:\\\/\\\/www.article-marketing.eu\\\/comunicatistampa\\\/facebook-dichiara-guerra-alle-fake-news\\\/\"},\"wordCount\":663,\"commentCount\":0,\"articleSection\":[\"Marketing\",\"SEM\\\/SEO\",\"Web\",\"Web marketing\"],\"inLanguage\":\"it-IT\",\"potentialAction\":[{\"@type\":\"CommentAction\",\"name\":\"Comment\",\"target\":[\"https:\\\/\\\/www.article-marketing.eu\\\/comunicatistampa\\\/facebook-dichiara-guerra-alle-fake-news\\\/#respond\"]}]},{\"@type\":\"WebPage\",\"@id\":\"https:\\\/\\\/www.article-marketing.eu\\\/comunicatistampa\\\/facebook-dichiara-guerra-alle-fake-news\\\/\",\"url\":\"https:\\\/\\\/www.article-marketing.eu\\\/comunicatistampa\\\/facebook-dichiara-guerra-alle-fake-news\\\/\",\"name\":\"Facebook dichiara guerra alle fake news - Article Marketing\",\"isPartOf\":{\"@id\":\"https:\\\/\\\/www.article-marketing.eu\\\/comunicatistampa\\\/#website\"},\"datePublished\":\"2017-07-26T13:27:16+00:00\",\"author\":{\"@id\":\"https:\\\/\\\/www.article-marketing.eu\\\/comunicatistampa\\\/#\\\/schema\\\/person\\\/29baeb9dd3386c851b6632aad3971d88\"},\"breadcrumb\":{\"@id\":\"https:\\\/\\\/www.article-marketing.eu\\\/comunicatistampa\\\/facebook-dichiara-guerra-alle-fake-news\\\/#breadcrumb\"},\"inLanguage\":\"it-IT\",\"potentialAction\":[{\"@type\":\"ReadAction\",\"target\":[\"https:\\\/\\\/www.article-marketing.eu\\\/comunicatistampa\\\/facebook-dichiara-guerra-alle-fake-news\\\/\"]}]},{\"@type\":\"BreadcrumbList\",\"@id\":\"https:\\\/\\\/www.article-marketing.eu\\\/comunicatistampa\\\/facebook-dichiara-guerra-alle-fake-news\\\/#breadcrumb\",\"itemListElement\":[{\"@type\":\"ListItem\",\"position\":1,\"name\":\"Home\",\"item\":\"https:\\\/\\\/www.article-marketing.eu\\\/comunicatistampa\\\/\"},{\"@type\":\"ListItem\",\"position\":2,\"name\":\"Facebook dichiara guerra alle fake news\"}]},{\"@type\":\"WebSite\",\"@id\":\"https:\\\/\\\/www.article-marketing.eu\\\/comunicatistampa\\\/#website\",\"url\":\"https:\\\/\\\/www.article-marketing.eu\\\/comunicatistampa\\\/\",\"name\":\"Article Marketing\",\"description\":\"article marketing &amp; press release\",\"potentialAction\":[{\"@type\":\"SearchAction\",\"target\":{\"@type\":\"EntryPoint\",\"urlTemplate\":\"https:\\\/\\\/www.article-marketing.eu\\\/comunicatistampa\\\/?s={search_term_string}\"},\"query-input\":{\"@type\":\"PropertyValueSpecification\",\"valueRequired\":true,\"valueName\":\"search_term_string\"}}],\"inLanguage\":\"it-IT\"},{\"@type\":\"Person\",\"@id\":\"https:\\\/\\\/www.article-marketing.eu\\\/comunicatistampa\\\/#\\\/schema\\\/person\\\/29baeb9dd3386c851b6632aad3971d88\",\"name\":\"a.ghezzi\",\"image\":{\"@type\":\"ImageObject\",\"inLanguage\":\"it-IT\",\"@id\":\"https:\\\/\\\/secure.gravatar.com\\\/avatar\\\/71caf4f028759b35adcd34b18a9d20719522ee07a36e671fb9155af22e04b6bd?s=96&d=mm&r=g\",\"url\":\"https:\\\/\\\/secure.gravatar.com\\\/avatar\\\/71caf4f028759b35adcd34b18a9d20719522ee07a36e671fb9155af22e04b6bd?s=96&d=mm&r=g\",\"contentUrl\":\"https:\\\/\\\/secure.gravatar.com\\\/avatar\\\/71caf4f028759b35adcd34b18a9d20719522ee07a36e671fb9155af22e04b6bd?s=96&d=mm&r=g\",\"caption\":\"a.ghezzi\"},\"url\":\"https:\\\/\\\/www.article-marketing.eu\\\/comunicatistampa\\\/author\\\/a-ghezzi\\\/\"}]}<\/script>\n<!-- \/ Yoast SEO plugin. -->","yoast_head_json":{"title":"Facebook dichiara guerra alle fake news - Article Marketing","robots":{"index":"index","follow":"follow","max-snippet":"max-snippet:-1","max-image-preview":"max-image-preview:large","max-video-preview":"max-video-preview:-1"},"canonical":"https:\/\/www.article-marketing.eu\/comunicatistampa\/facebook-dichiara-guerra-alle-fake-news\/","og_locale":"it_IT","og_type":"article","og_title":"Facebook dichiara guerra alle fake news - Article Marketing","og_description":"Da qualche tempo si vociferava che Facebook avrebbe nuovamente modificato il suo algoritmo, con lo scopo di \u201ccostruire una comunit\u00e0 pi\u00f9 informata e combattere la disinformazione\u201d come diceva alcune settimane fa lo stesso Zuckerberg in un lungo post sul suo profilo. Zuckerberg, anche per le numerose pressioni ricevute da pi\u00f9 parti, ha dunque deciso di dichiarare guerra alle bufale, lanciando un nuovo servizio che permette agli utenti di segnalare leContinue reading...","og_url":"https:\/\/www.article-marketing.eu\/comunicatistampa\/facebook-dichiara-guerra-alle-fake-news\/","og_site_name":"Article Marketing","article_published_time":"2017-07-26T13:27:16+00:00","author":"a.ghezzi","twitter_card":"summary_large_image","twitter_misc":{"Scritto da":"a.ghezzi","Tempo di lettura stimato":"3 minuti"},"schema":{"@context":"https:\/\/schema.org","@graph":[{"@type":"Article","@id":"https:\/\/www.article-marketing.eu\/comunicatistampa\/facebook-dichiara-guerra-alle-fake-news\/#article","isPartOf":{"@id":"https:\/\/www.article-marketing.eu\/comunicatistampa\/facebook-dichiara-guerra-alle-fake-news\/"},"author":{"name":"a.ghezzi","@id":"https:\/\/www.article-marketing.eu\/comunicatistampa\/#\/schema\/person\/29baeb9dd3386c851b6632aad3971d88"},"headline":"Facebook dichiara guerra alle fake news","datePublished":"2017-07-26T13:27:16+00:00","mainEntityOfPage":{"@id":"https:\/\/www.article-marketing.eu\/comunicatistampa\/facebook-dichiara-guerra-alle-fake-news\/"},"wordCount":663,"commentCount":0,"articleSection":["Marketing","SEM\/SEO","Web","Web marketing"],"inLanguage":"it-IT","potentialAction":[{"@type":"CommentAction","name":"Comment","target":["https:\/\/www.article-marketing.eu\/comunicatistampa\/facebook-dichiara-guerra-alle-fake-news\/#respond"]}]},{"@type":"WebPage","@id":"https:\/\/www.article-marketing.eu\/comunicatistampa\/facebook-dichiara-guerra-alle-fake-news\/","url":"https:\/\/www.article-marketing.eu\/comunicatistampa\/facebook-dichiara-guerra-alle-fake-news\/","name":"Facebook dichiara guerra alle fake news - Article Marketing","isPartOf":{"@id":"https:\/\/www.article-marketing.eu\/comunicatistampa\/#website"},"datePublished":"2017-07-26T13:27:16+00:00","author":{"@id":"https:\/\/www.article-marketing.eu\/comunicatistampa\/#\/schema\/person\/29baeb9dd3386c851b6632aad3971d88"},"breadcrumb":{"@id":"https:\/\/www.article-marketing.eu\/comunicatistampa\/facebook-dichiara-guerra-alle-fake-news\/#breadcrumb"},"inLanguage":"it-IT","potentialAction":[{"@type":"ReadAction","target":["https:\/\/www.article-marketing.eu\/comunicatistampa\/facebook-dichiara-guerra-alle-fake-news\/"]}]},{"@type":"BreadcrumbList","@id":"https:\/\/www.article-marketing.eu\/comunicatistampa\/facebook-dichiara-guerra-alle-fake-news\/#breadcrumb","itemListElement":[{"@type":"ListItem","position":1,"name":"Home","item":"https:\/\/www.article-marketing.eu\/comunicatistampa\/"},{"@type":"ListItem","position":2,"name":"Facebook dichiara guerra alle fake news"}]},{"@type":"WebSite","@id":"https:\/\/www.article-marketing.eu\/comunicatistampa\/#website","url":"https:\/\/www.article-marketing.eu\/comunicatistampa\/","name":"Article Marketing","description":"article marketing &amp; press release","potentialAction":[{"@type":"SearchAction","target":{"@type":"EntryPoint","urlTemplate":"https:\/\/www.article-marketing.eu\/comunicatistampa\/?s={search_term_string}"},"query-input":{"@type":"PropertyValueSpecification","valueRequired":true,"valueName":"search_term_string"}}],"inLanguage":"it-IT"},{"@type":"Person","@id":"https:\/\/www.article-marketing.eu\/comunicatistampa\/#\/schema\/person\/29baeb9dd3386c851b6632aad3971d88","name":"a.ghezzi","image":{"@type":"ImageObject","inLanguage":"it-IT","@id":"https:\/\/secure.gravatar.com\/avatar\/71caf4f028759b35adcd34b18a9d20719522ee07a36e671fb9155af22e04b6bd?s=96&d=mm&r=g","url":"https:\/\/secure.gravatar.com\/avatar\/71caf4f028759b35adcd34b18a9d20719522ee07a36e671fb9155af22e04b6bd?s=96&d=mm&r=g","contentUrl":"https:\/\/secure.gravatar.com\/avatar\/71caf4f028759b35adcd34b18a9d20719522ee07a36e671fb9155af22e04b6bd?s=96&d=mm&r=g","caption":"a.ghezzi"},"url":"https:\/\/www.article-marketing.eu\/comunicatistampa\/author\/a-ghezzi\/"}]}},"_links":{"self":[{"href":"https:\/\/www.article-marketing.eu\/comunicatistampa\/wp-json\/wp\/v2\/posts\/4352","targetHints":{"allow":["GET"]}}],"collection":[{"href":"https:\/\/www.article-marketing.eu\/comunicatistampa\/wp-json\/wp\/v2\/posts"}],"about":[{"href":"https:\/\/www.article-marketing.eu\/comunicatistampa\/wp-json\/wp\/v2\/types\/post"}],"author":[{"embeddable":true,"href":"https:\/\/www.article-marketing.eu\/comunicatistampa\/wp-json\/wp\/v2\/users\/467"}],"replies":[{"embeddable":true,"href":"https:\/\/www.article-marketing.eu\/comunicatistampa\/wp-json\/wp\/v2\/comments?post=4352"}],"version-history":[{"count":2,"href":"https:\/\/www.article-marketing.eu\/comunicatistampa\/wp-json\/wp\/v2\/posts\/4352\/revisions"}],"predecessor-version":[{"id":4378,"href":"https:\/\/www.article-marketing.eu\/comunicatistampa\/wp-json\/wp\/v2\/posts\/4352\/revisions\/4378"}],"wp:attachment":[{"href":"https:\/\/www.article-marketing.eu\/comunicatistampa\/wp-json\/wp\/v2\/media?parent=4352"}],"wp:term":[{"taxonomy":"category","embeddable":true,"href":"https:\/\/www.article-marketing.eu\/comunicatistampa\/wp-json\/wp\/v2\/categories?post=4352"},{"taxonomy":"post_tag","embeddable":true,"href":"https:\/\/www.article-marketing.eu\/comunicatistampa\/wp-json\/wp\/v2\/tags?post=4352"}],"curies":[{"name":"wp","href":"https:\/\/api.w.org\/{rel}","templated":true}]}}