{"id":4445,"date":"2017-07-28T17:30:07","date_gmt":"2017-07-28T15:30:07","guid":{"rendered":"http:\/\/www.article-marketing.eu\/comunicatistampa\/?p=4445"},"modified":"2017-07-28T17:30:07","modified_gmt":"2017-07-28T15:30:07","slug":"pubblicato-il-bilancio-di-sostenibilita-2016-del-gruppo-varvel","status":"publish","type":"post","link":"https:\/\/www.article-marketing.eu\/comunicatistampa\/pubblicato-il-bilancio-di-sostenibilita-2016-del-gruppo-varvel\/","title":{"rendered":"Pubblicato il Bilancio di Sostenibilit\u00e0 2016 del Gruppo Varvel"},"content":{"rendered":"<p><em>Nuova edizione per il documento ufficiale che racconta il lavoro di un anno del Gruppo Varvel per condividerne i risultati con tutti gli stakeholder<\/em><em>\u00a0<\/em><\/p>\n<p>Come ogni anno, anche nel 2017 il Gruppo Varvel presenta la nuova edizione del <strong>Bilancio di Sostenibilit\u00e0<\/strong> relativo all\u2019andamento dell\u2019anno precedente.<\/p>\n<p>Anno dopo anno, in un\u2019azienda dinamica come Varvel, cambiano molte cose, ma non cambia l\u2019attenzione verso i membri di tutta la squadra e la consapevolezza del valore della condivisione di tutto il lavoro svolto nel corso del 2016.<\/p>\n<p>Il Bilancio di Sostenibilit\u00e0 2016 espone nel dettaglio tutte le attivit\u00e0 che hanno visto l\u2019azienda impegnata nei 12 mesi in esame, tutti gli investimenti effettuati e tutti i traguardi raggiunti, in una logica di <strong>totale trasparenza e apertura nei confronti degli stakeholder<\/strong>, che vengono messi nelle condizioni di conoscere e valutare gli esiti delle iniziative intraprese, l\u2019impatto delle scelte gestionali, gli effetti delle politiche messe in atto. Impegno sociale, progetti di innovazione, investimenti per l\u2019aggiornamento tecnologico e per la formazione delle risorse, continuo impeto all\u2019internazionalizzazione e alla crescita in nuovi mercati: queste le caratteristiche che guidano l\u2019operato di Varvel ogni anno, confermate anche nel 2016.<\/p>\n<p>Il documento \u00e8 anche uno strumento per consolidare valori e obiettivi condivisi da chiunque faccia parte della <strong>community internazionale<\/strong> di Varvel: si ripercorrono infatti anche le iniziative benefiche per il sostegno a realt\u00e0 locali, nazionali o internazionali, l\u2019attenzione per le risorse umane, l\u2019impegno per il continuo miglioramento della sede produttiva. Chiaramente non mancano le informazioni economiche che quantificano i risultati e gli sforzi di tutta la squadra, sia in Italia che negli oltre 60 Paesi dove il Gruppo Varvel arriva tutti i giorni grazie al processo di internazionalizzazione costante.<\/p>\n<p>Il 2016 \u00e8 stato sicuramente un anno ricco di impegni e soddisfazioni: dagli importanti lavori strutturali per l\u2019ampliamento della superficie operativa e logistica alla realizzazione di nuovi materiali per il mercato statunitense, dall\u2019avanzamento del progetto Smart Gearbox alla pubblicazione dei siti locali, nuovi strumenti di comunicazione diretta con il target internazionale.<\/p>\n<p>Per l\u2019edizione 2016 \u00e8 stato ideato un nuovo formato per questo documento: un template quadrato, dal forte impatto visivo, completamente rivisitato nella grafica e nell\u2019organizzazione degli argomenti, realizzato seguendo l\u2019impostazione del GBS 2013 (Gruppo di studio per il bilancio sociale), uno degli standard pi\u00f9 seguiti nella stesura di questo tipo di documentazione.<\/p>\n<p>&nbsp;<\/p>\n<p><a href=\"http:\/\/www.varvel.com\/it\/download\/file\/209\">http:\/\/www.varvel.com\/it\/download\/file\/209<\/a><\/p>\n<p>&nbsp;<\/p>\n<p><a href=\"http:\/\/www.varvel.com\/\">Varvel SpA<\/a>\u00a0&#8211; Via 2 Agosto 1980, 9 &#8211; Loc. Crespellano, 40053 Valsamoggia (BO) &#8211; Italy &#8211; Tel. +39 051 6721811 &#8211; Fax +39 051 6721825 &#8211; varvel@varvel.com<\/p>\n<p>Ufficio Stampa: Borderline &#8211; Via Parisio 16 &#8211; 40137 Bologna &#8211; Tel. 0514450204 &#8211; Matteo Barboni &#8211; 3496172546 m.barboni@borderlineagency.com<\/p>\n","protected":false},"excerpt":{"rendered":"<p>Nuova edizione per il documento ufficiale che racconta il lavoro di un anno del Gruppo Varvel per condividerne i risultati con tutti gli stakeholder\u00a0 Come ogni anno, anche nel 2017 il Gruppo Varvel presenta la nuova edizione del Bilancio di Sostenibilit\u00e0 relativo all\u2019andamento dell\u2019anno precedente. Anno dopo anno, in un\u2019azienda dinamica come Varvel, cambiano molte cose, ma non cambia l\u2019attenzione verso i membri di tutta la squadra e la consapevolezza<\/p>\n<p><a class=\"continue-reading\" href=\"https:\/\/www.article-marketing.eu\/comunicatistampa\/pubblicato-il-bilancio-di-sostenibilita-2016-del-gruppo-varvel\/\">Continue reading&#8230;<\/a><\/p>\n","protected":false},"author":397,"featured_media":0,"comment_status":"open","ping_status":"open","sticky":false,"template":"","format":"standard","meta":{"_monsterinsights_skip_tracking":false,"_monsterinsights_sitenote_active":false,"_monsterinsights_sitenote_note":"","_monsterinsights_sitenote_category":0,"footnotes":""},"categories":[388,386],"tags":[1636,1259,2201,1976,2200],"class_list":["post-4445","post","type-post","status-publish","format-standard","hentry","category-aziende","category-economia-e-lavoro","tag-accesori-e-gioielli-made-in-italy","tag-bilancio-di-sostenibilita","tag-meccanica-di-precisione","tag-responsabilita-sociale-dimpresa","tag-riduttori-di-velocita"],"yoast_head":"<!-- This site is optimized with the Yoast SEO plugin v27.3 - https:\/\/yoast.com\/product\/yoast-seo-wordpress\/ -->\n<title>Pubblicato il Bilancio di Sostenibilit\u00e0 2016 del Gruppo Varvel - Article Marketing<\/title>\n<meta name=\"robots\" content=\"index, follow, max-snippet:-1, max-image-preview:large, max-video-preview:-1\" \/>\n<link rel=\"canonical\" href=\"https:\/\/www.article-marketing.eu\/comunicatistampa\/pubblicato-il-bilancio-di-sostenibilita-2016-del-gruppo-varvel\/\" \/>\n<meta property=\"og:locale\" content=\"it_IT\" \/>\n<meta property=\"og:type\" content=\"article\" \/>\n<meta property=\"og:title\" content=\"Pubblicato il Bilancio di Sostenibilit\u00e0 2016 del Gruppo Varvel - Article Marketing\" \/>\n<meta property=\"og:description\" content=\"Nuova edizione per il documento ufficiale che racconta il lavoro di un anno del Gruppo Varvel per condividerne i risultati con tutti gli stakeholder\u00a0 Come ogni anno, anche nel 2017 il Gruppo Varvel presenta la nuova edizione del Bilancio di Sostenibilit\u00e0 relativo all\u2019andamento dell\u2019anno precedente. Anno dopo anno, in un\u2019azienda dinamica come Varvel, cambiano molte cose, ma non cambia l\u2019attenzione verso i membri di tutta la squadra e la consapevolezzaContinue reading...\" \/>\n<meta property=\"og:url\" content=\"https:\/\/www.article-marketing.eu\/comunicatistampa\/pubblicato-il-bilancio-di-sostenibilita-2016-del-gruppo-varvel\/\" \/>\n<meta property=\"og:site_name\" content=\"Article Marketing\" \/>\n<meta property=\"article:published_time\" content=\"2017-07-28T15:30:07+00:00\" \/>\n<meta name=\"author\" content=\"Borderline Agency\" \/>\n<meta name=\"twitter:card\" content=\"summary_large_image\" \/>\n<meta name=\"twitter:label1\" content=\"Scritto da\" \/>\n\t<meta name=\"twitter:data1\" content=\"Borderline Agency\" \/>\n\t<meta name=\"twitter:label2\" content=\"Tempo di lettura stimato\" \/>\n\t<meta name=\"twitter:data2\" content=\"2 minuti\" \/>\n<script type=\"application\/ld+json\" class=\"yoast-schema-graph\">{\"@context\":\"https:\\\/\\\/schema.org\",\"@graph\":[{\"@type\":\"Article\",\"@id\":\"https:\\\/\\\/www.article-marketing.eu\\\/comunicatistampa\\\/pubblicato-il-bilancio-di-sostenibilita-2016-del-gruppo-varvel\\\/#article\",\"isPartOf\":{\"@id\":\"https:\\\/\\\/www.article-marketing.eu\\\/comunicatistampa\\\/pubblicato-il-bilancio-di-sostenibilita-2016-del-gruppo-varvel\\\/\"},\"author\":{\"name\":\"Borderline Agency\",\"@id\":\"https:\\\/\\\/www.article-marketing.eu\\\/comunicatistampa\\\/#\\\/schema\\\/person\\\/1c4ab1c7aad84347e26e78235da6ff1b\"},\"headline\":\"Pubblicato il Bilancio di Sostenibilit\u00e0 2016 del Gruppo Varvel\",\"datePublished\":\"2017-07-28T15:30:07+00:00\",\"mainEntityOfPage\":{\"@id\":\"https:\\\/\\\/www.article-marketing.eu\\\/comunicatistampa\\\/pubblicato-il-bilancio-di-sostenibilita-2016-del-gruppo-varvel\\\/\"},\"wordCount\":439,\"commentCount\":0,\"keywords\":[\"accesori e gioielli made in italy\",\"bilancio di sostenibilit\u00e0\",\"meccanica di precisione\",\"responsabilit\u00e0 sociale d'impresa\",\"riduttori di velocit\u00e0\"],\"articleSection\":[\"Aziende\",\"Economia e lavoro\"],\"inLanguage\":\"it-IT\",\"potentialAction\":[{\"@type\":\"CommentAction\",\"name\":\"Comment\",\"target\":[\"https:\\\/\\\/www.article-marketing.eu\\\/comunicatistampa\\\/pubblicato-il-bilancio-di-sostenibilita-2016-del-gruppo-varvel\\\/#respond\"]}]},{\"@type\":\"WebPage\",\"@id\":\"https:\\\/\\\/www.article-marketing.eu\\\/comunicatistampa\\\/pubblicato-il-bilancio-di-sostenibilita-2016-del-gruppo-varvel\\\/\",\"url\":\"https:\\\/\\\/www.article-marketing.eu\\\/comunicatistampa\\\/pubblicato-il-bilancio-di-sostenibilita-2016-del-gruppo-varvel\\\/\",\"name\":\"Pubblicato il Bilancio di Sostenibilit\u00e0 2016 del Gruppo Varvel - Article Marketing\",\"isPartOf\":{\"@id\":\"https:\\\/\\\/www.article-marketing.eu\\\/comunicatistampa\\\/#website\"},\"datePublished\":\"2017-07-28T15:30:07+00:00\",\"author\":{\"@id\":\"https:\\\/\\\/www.article-marketing.eu\\\/comunicatistampa\\\/#\\\/schema\\\/person\\\/1c4ab1c7aad84347e26e78235da6ff1b\"},\"breadcrumb\":{\"@id\":\"https:\\\/\\\/www.article-marketing.eu\\\/comunicatistampa\\\/pubblicato-il-bilancio-di-sostenibilita-2016-del-gruppo-varvel\\\/#breadcrumb\"},\"inLanguage\":\"it-IT\",\"potentialAction\":[{\"@type\":\"ReadAction\",\"target\":[\"https:\\\/\\\/www.article-marketing.eu\\\/comunicatistampa\\\/pubblicato-il-bilancio-di-sostenibilita-2016-del-gruppo-varvel\\\/\"]}]},{\"@type\":\"BreadcrumbList\",\"@id\":\"https:\\\/\\\/www.article-marketing.eu\\\/comunicatistampa\\\/pubblicato-il-bilancio-di-sostenibilita-2016-del-gruppo-varvel\\\/#breadcrumb\",\"itemListElement\":[{\"@type\":\"ListItem\",\"position\":1,\"name\":\"Home\",\"item\":\"https:\\\/\\\/www.article-marketing.eu\\\/comunicatistampa\\\/\"},{\"@type\":\"ListItem\",\"position\":2,\"name\":\"Pubblicato il Bilancio di Sostenibilit\u00e0 2016 del Gruppo Varvel\"}]},{\"@type\":\"WebSite\",\"@id\":\"https:\\\/\\\/www.article-marketing.eu\\\/comunicatistampa\\\/#website\",\"url\":\"https:\\\/\\\/www.article-marketing.eu\\\/comunicatistampa\\\/\",\"name\":\"Article Marketing\",\"description\":\"article marketing &amp; press release\",\"potentialAction\":[{\"@type\":\"SearchAction\",\"target\":{\"@type\":\"EntryPoint\",\"urlTemplate\":\"https:\\\/\\\/www.article-marketing.eu\\\/comunicatistampa\\\/?s={search_term_string}\"},\"query-input\":{\"@type\":\"PropertyValueSpecification\",\"valueRequired\":true,\"valueName\":\"search_term_string\"}}],\"inLanguage\":\"it-IT\"},{\"@type\":\"Person\",\"@id\":\"https:\\\/\\\/www.article-marketing.eu\\\/comunicatistampa\\\/#\\\/schema\\\/person\\\/1c4ab1c7aad84347e26e78235da6ff1b\",\"name\":\"Borderline Agency\",\"image\":{\"@type\":\"ImageObject\",\"inLanguage\":\"it-IT\",\"@id\":\"https:\\\/\\\/secure.gravatar.com\\\/avatar\\\/741fa053101610cb0be7dc835c116926549ae4ae2142ff35eac04d78fda61461?s=96&d=mm&r=g\",\"url\":\"https:\\\/\\\/secure.gravatar.com\\\/avatar\\\/741fa053101610cb0be7dc835c116926549ae4ae2142ff35eac04d78fda61461?s=96&d=mm&r=g\",\"contentUrl\":\"https:\\\/\\\/secure.gravatar.com\\\/avatar\\\/741fa053101610cb0be7dc835c116926549ae4ae2142ff35eac04d78fda61461?s=96&d=mm&r=g\",\"caption\":\"Borderline Agency\"},\"url\":\"https:\\\/\\\/www.article-marketing.eu\\\/comunicatistampa\\\/author\\\/borderline-agency\\\/\"}]}<\/script>\n<!-- \/ Yoast SEO plugin. -->","yoast_head_json":{"title":"Pubblicato il Bilancio di Sostenibilit\u00e0 2016 del Gruppo Varvel - Article Marketing","robots":{"index":"index","follow":"follow","max-snippet":"max-snippet:-1","max-image-preview":"max-image-preview:large","max-video-preview":"max-video-preview:-1"},"canonical":"https:\/\/www.article-marketing.eu\/comunicatistampa\/pubblicato-il-bilancio-di-sostenibilita-2016-del-gruppo-varvel\/","og_locale":"it_IT","og_type":"article","og_title":"Pubblicato il Bilancio di Sostenibilit\u00e0 2016 del Gruppo Varvel - Article Marketing","og_description":"Nuova edizione per il documento ufficiale che racconta il lavoro di un anno del Gruppo Varvel per condividerne i risultati con tutti gli stakeholder\u00a0 Come ogni anno, anche nel 2017 il Gruppo Varvel presenta la nuova edizione del Bilancio di Sostenibilit\u00e0 relativo all\u2019andamento dell\u2019anno precedente. Anno dopo anno, in un\u2019azienda dinamica come Varvel, cambiano molte cose, ma non cambia l\u2019attenzione verso i membri di tutta la squadra e la consapevolezzaContinue reading...","og_url":"https:\/\/www.article-marketing.eu\/comunicatistampa\/pubblicato-il-bilancio-di-sostenibilita-2016-del-gruppo-varvel\/","og_site_name":"Article Marketing","article_published_time":"2017-07-28T15:30:07+00:00","author":"Borderline Agency","twitter_card":"summary_large_image","twitter_misc":{"Scritto da":"Borderline Agency","Tempo di lettura stimato":"2 minuti"},"schema":{"@context":"https:\/\/schema.org","@graph":[{"@type":"Article","@id":"https:\/\/www.article-marketing.eu\/comunicatistampa\/pubblicato-il-bilancio-di-sostenibilita-2016-del-gruppo-varvel\/#article","isPartOf":{"@id":"https:\/\/www.article-marketing.eu\/comunicatistampa\/pubblicato-il-bilancio-di-sostenibilita-2016-del-gruppo-varvel\/"},"author":{"name":"Borderline Agency","@id":"https:\/\/www.article-marketing.eu\/comunicatistampa\/#\/schema\/person\/1c4ab1c7aad84347e26e78235da6ff1b"},"headline":"Pubblicato il Bilancio di Sostenibilit\u00e0 2016 del Gruppo Varvel","datePublished":"2017-07-28T15:30:07+00:00","mainEntityOfPage":{"@id":"https:\/\/www.article-marketing.eu\/comunicatistampa\/pubblicato-il-bilancio-di-sostenibilita-2016-del-gruppo-varvel\/"},"wordCount":439,"commentCount":0,"keywords":["accesori e gioielli made in italy","bilancio di sostenibilit\u00e0","meccanica di precisione","responsabilit\u00e0 sociale d'impresa","riduttori di velocit\u00e0"],"articleSection":["Aziende","Economia e lavoro"],"inLanguage":"it-IT","potentialAction":[{"@type":"CommentAction","name":"Comment","target":["https:\/\/www.article-marketing.eu\/comunicatistampa\/pubblicato-il-bilancio-di-sostenibilita-2016-del-gruppo-varvel\/#respond"]}]},{"@type":"WebPage","@id":"https:\/\/www.article-marketing.eu\/comunicatistampa\/pubblicato-il-bilancio-di-sostenibilita-2016-del-gruppo-varvel\/","url":"https:\/\/www.article-marketing.eu\/comunicatistampa\/pubblicato-il-bilancio-di-sostenibilita-2016-del-gruppo-varvel\/","name":"Pubblicato il Bilancio di Sostenibilit\u00e0 2016 del Gruppo Varvel - Article Marketing","isPartOf":{"@id":"https:\/\/www.article-marketing.eu\/comunicatistampa\/#website"},"datePublished":"2017-07-28T15:30:07+00:00","author":{"@id":"https:\/\/www.article-marketing.eu\/comunicatistampa\/#\/schema\/person\/1c4ab1c7aad84347e26e78235da6ff1b"},"breadcrumb":{"@id":"https:\/\/www.article-marketing.eu\/comunicatistampa\/pubblicato-il-bilancio-di-sostenibilita-2016-del-gruppo-varvel\/#breadcrumb"},"inLanguage":"it-IT","potentialAction":[{"@type":"ReadAction","target":["https:\/\/www.article-marketing.eu\/comunicatistampa\/pubblicato-il-bilancio-di-sostenibilita-2016-del-gruppo-varvel\/"]}]},{"@type":"BreadcrumbList","@id":"https:\/\/www.article-marketing.eu\/comunicatistampa\/pubblicato-il-bilancio-di-sostenibilita-2016-del-gruppo-varvel\/#breadcrumb","itemListElement":[{"@type":"ListItem","position":1,"name":"Home","item":"https:\/\/www.article-marketing.eu\/comunicatistampa\/"},{"@type":"ListItem","position":2,"name":"Pubblicato il Bilancio di Sostenibilit\u00e0 2016 del Gruppo Varvel"}]},{"@type":"WebSite","@id":"https:\/\/www.article-marketing.eu\/comunicatistampa\/#website","url":"https:\/\/www.article-marketing.eu\/comunicatistampa\/","name":"Article Marketing","description":"article marketing &amp; press release","potentialAction":[{"@type":"SearchAction","target":{"@type":"EntryPoint","urlTemplate":"https:\/\/www.article-marketing.eu\/comunicatistampa\/?s={search_term_string}"},"query-input":{"@type":"PropertyValueSpecification","valueRequired":true,"valueName":"search_term_string"}}],"inLanguage":"it-IT"},{"@type":"Person","@id":"https:\/\/www.article-marketing.eu\/comunicatistampa\/#\/schema\/person\/1c4ab1c7aad84347e26e78235da6ff1b","name":"Borderline Agency","image":{"@type":"ImageObject","inLanguage":"it-IT","@id":"https:\/\/secure.gravatar.com\/avatar\/741fa053101610cb0be7dc835c116926549ae4ae2142ff35eac04d78fda61461?s=96&d=mm&r=g","url":"https:\/\/secure.gravatar.com\/avatar\/741fa053101610cb0be7dc835c116926549ae4ae2142ff35eac04d78fda61461?s=96&d=mm&r=g","contentUrl":"https:\/\/secure.gravatar.com\/avatar\/741fa053101610cb0be7dc835c116926549ae4ae2142ff35eac04d78fda61461?s=96&d=mm&r=g","caption":"Borderline Agency"},"url":"https:\/\/www.article-marketing.eu\/comunicatistampa\/author\/borderline-agency\/"}]}},"_links":{"self":[{"href":"https:\/\/www.article-marketing.eu\/comunicatistampa\/wp-json\/wp\/v2\/posts\/4445","targetHints":{"allow":["GET"]}}],"collection":[{"href":"https:\/\/www.article-marketing.eu\/comunicatistampa\/wp-json\/wp\/v2\/posts"}],"about":[{"href":"https:\/\/www.article-marketing.eu\/comunicatistampa\/wp-json\/wp\/v2\/types\/post"}],"author":[{"embeddable":true,"href":"https:\/\/www.article-marketing.eu\/comunicatistampa\/wp-json\/wp\/v2\/users\/397"}],"replies":[{"embeddable":true,"href":"https:\/\/www.article-marketing.eu\/comunicatistampa\/wp-json\/wp\/v2\/comments?post=4445"}],"version-history":[{"count":2,"href":"https:\/\/www.article-marketing.eu\/comunicatistampa\/wp-json\/wp\/v2\/posts\/4445\/revisions"}],"predecessor-version":[{"id":4458,"href":"https:\/\/www.article-marketing.eu\/comunicatistampa\/wp-json\/wp\/v2\/posts\/4445\/revisions\/4458"}],"wp:attachment":[{"href":"https:\/\/www.article-marketing.eu\/comunicatistampa\/wp-json\/wp\/v2\/media?parent=4445"}],"wp:term":[{"taxonomy":"category","embeddable":true,"href":"https:\/\/www.article-marketing.eu\/comunicatistampa\/wp-json\/wp\/v2\/categories?post=4445"},{"taxonomy":"post_tag","embeddable":true,"href":"https:\/\/www.article-marketing.eu\/comunicatistampa\/wp-json\/wp\/v2\/tags?post=4445"}],"curies":[{"name":"wp","href":"https:\/\/api.w.org\/{rel}","templated":true}]}}