{"id":4693,"date":"2017-08-16T21:34:05","date_gmt":"2017-08-16T19:34:05","guid":{"rendered":"http:\/\/www.article-marketing.eu\/comunicatistampa\/?p=4693"},"modified":"2017-08-16T21:34:05","modified_gmt":"2017-08-16T19:34:05","slug":"donazioni-in-memoria-con-la-fondazione-sofia","status":"publish","type":"post","link":"https:\/\/www.article-marketing.eu\/comunicatistampa\/donazioni-in-memoria-con-la-fondazione-sofia\/","title":{"rendered":"Donazioni in Memoria con la Fondazione Sofia"},"content":{"rendered":"<p>Tra le difficolt\u00e0 pi\u00f9 grandi della vita, sicuramente c\u2019\u00e8 la fine di questa. Per quanto ci si prepari alla dipartita certa di ogni conoscente e parente, \u00e8 un istinto naturale quello di rimanere legati con la disperazione, il pianto o anche il silenzio alla persona che abbiamo amato e che ormai non c\u2019\u00e8 pi\u00f9. quanto pi\u00f9 possibile alle persone che si \u00e8 voluto bene. Per questo sono importanti i rituali: il\u00a0<strong>funerale e le messe di suffragio<\/strong>, <a href=\"http:\/\/fondazionesofia.org\/sostienici\/non-fiori-ma-opere-di-bene\">le donazioni in memoria<\/a>, per ricordare quanto chi gli era vicino lo ha amato e per potergli dire addio, sapendo che, ovunque possa essere, \u00e8 ormai lontano dal mondo del dolore.<\/p>\n<p>Queste parole tratte da una\u00a0<strong>poesia di Victor Hugo<\/strong>\u00a0sono l\u2019esemplificazione di come tutti noi dovremmo, anche per amore e rispetto di chi non c\u2019\u00e8 pi\u00f9, tornare a vivere come vorremmo che potesse fare il nostro caro estinto.<\/p>\n<p>&nbsp;<\/p>\n<h2>Un Momento di Raccoglimento per Salutare il Caro Estinto<\/h2>\n<p>\u201cIl prodigio di questa grande partenza celeste che si chiama morte, \u00e8 che quelli che partono non si allontanano.<\/p>\n<p>Sono in un mondo di chiarezza, ma assistono, testimoni inteneriti al nostro mondo.<\/p>\n<p>La bellezza della morte, \u00e8 la presenza.<\/p>\n<p>Presenza inesprimibile degli esseri amati, sorridente ai nostri occhi in lacrime.<\/p>\n<p>I morti sono gli invisibili, ma non gli assenti.\u201d<\/p>\n<p>O ancora, pi\u00f9 dolci le\u00a0<strong>parole di Sant\u2019Agostino:<\/strong>\u00a0\u201cLa morte non \u00e8 niente. Sono solamente passato dall&#8217;altra parte: \u00e8 come fossi nascosto nella stanza accanto.<\/p>\n<p>Io sono sempre io e tu sei sempre tu. Quello che eravamo prima l&#8217;uno per l&#8217;altro lo siamo ancora.<\/p>\n<p>Chiamami con il nome che mi hai sempre dato, che ti \u00e8 familiare; parlami nello stesso modo affettuoso che hai sempre usato.<\/p>\n<p>Non cambiare tono di voce, non assumere un&#8217;aria solenne o triste. Continua a ridere di quello che ci faceva ridere, di quelle piccole cose che tanto ci piacevano quando eravamo insieme. Prega, sorridi, pensami!<\/p>\n<p>Perch\u00e9 dovrei essere fuori dai tuoi pensieri e dalla tua mente, solo perch\u00e9 sono fuori dalla tua vista?<\/p>\n<p>Non sono lontano, sono dall&#8217;altra parte, proprio dietro l&#8217;angolo. Rassicurati, va tutto bene. Ritroverai il mio cuore, ne ritroverai la tenerezza purificata. Asciuga le tue lacrime e non piangere, se mi ami: il tuo sorriso \u00e8 la mia pace.\u201d<\/p>\n<p>&nbsp;<\/p>\n<h2>Fare del Bene per Amore di Chi Non c\u2019\u00e8 Pi\u00f9<\/h2>\n<p>Tuttavia ancora\u00a0<strong>dopo la sepoltura il legame rimane presente<\/strong>\u00a0e spesso c\u2019\u00e8 bisogno di conforto. Sentiamo il bisogno di raccoglierci con i nostri cari per ricordare chi non c\u2019\u00e8 pi\u00f9. Per interrompere la quotidianit\u00e0 che ci vuole forti e indistruttibili e lasciarci andare, liberando il dolore. Sollevati e sostenuti dall\u2019amore della comunit\u00e0 che si riunisce accanto a noi per la Messa di Suffragio.<\/p>\n<p><strong>E\u2019 possibile richiedere una\u00a0 messa di suffragio per ricordare i propri cari ai Padri e Fratelli missionari Salvatoriani<\/strong>. Questa verr\u00e0 celebrata in una delle Cappelle della casa madre a Roma e, se lo si desidera, si potr\u00e0 partecipare di persona assieme ai propri cari. Le donazioni per le messe per i defunti e per le preghiere per i malati saranno utilizzate per il sostegno alle missioni.<\/p>\n<p>Con la tua donazione infatti andrai a finanziare molti interventi nella\u00a0<strong>Repubblica Democratica del Congo, India, Filippine, Tanzania e Venezuela\u00a0<\/strong>dove lavorano i missionari salvatoriani.<\/p>\n","protected":false},"excerpt":{"rendered":"<p>Tra le difficolt\u00e0 pi\u00f9 grandi della vita, sicuramente c\u2019\u00e8 la fine di questa. Per quanto ci si prepari alla dipartita certa di ogni conoscente e parente, \u00e8 un istinto naturale quello di rimanere legati con la disperazione, il pianto o anche il silenzio alla persona che abbiamo amato e che ormai non c\u2019\u00e8 pi\u00f9. quanto pi\u00f9 possibile alle persone che si \u00e8 voluto bene. Per questo sono importanti i rituali:<\/p>\n<p><a class=\"continue-reading\" href=\"https:\/\/www.article-marketing.eu\/comunicatistampa\/donazioni-in-memoria-con-la-fondazione-sofia\/\">Continue reading&#8230;<\/a><\/p>\n","protected":false},"author":486,"featured_media":0,"comment_status":"open","ping_status":"open","sticky":false,"template":"","format":"standard","meta":{"_monsterinsights_skip_tracking":false,"_monsterinsights_sitenote_active":false,"_monsterinsights_sitenote_note":"","_monsterinsights_sitenote_category":0,"footnotes":""},"categories":[368],"tags":[2275,2276,2277],"class_list":["post-4693","post","type-post","status-publish","format-standard","hentry","category-persone","tag-donazioni-in-memoria","tag-lasciti","tag-lascito-testamentario"],"yoast_head":"<!-- This site is optimized with the Yoast SEO plugin v27.3 - https:\/\/yoast.com\/product\/yoast-seo-wordpress\/ -->\n<title>Donazioni in Memoria con la Fondazione Sofia - Article Marketing<\/title>\n<meta name=\"robots\" content=\"index, follow, max-snippet:-1, max-image-preview:large, max-video-preview:-1\" \/>\n<link rel=\"canonical\" href=\"https:\/\/www.article-marketing.eu\/comunicatistampa\/donazioni-in-memoria-con-la-fondazione-sofia\/\" \/>\n<meta property=\"og:locale\" content=\"it_IT\" \/>\n<meta property=\"og:type\" content=\"article\" \/>\n<meta property=\"og:title\" content=\"Donazioni in Memoria con la Fondazione Sofia - Article Marketing\" \/>\n<meta property=\"og:description\" content=\"Tra le difficolt\u00e0 pi\u00f9 grandi della vita, sicuramente c\u2019\u00e8 la fine di questa. Per quanto ci si prepari alla dipartita certa di ogni conoscente e parente, \u00e8 un istinto naturale quello di rimanere legati con la disperazione, il pianto o anche il silenzio alla persona che abbiamo amato e che ormai non c\u2019\u00e8 pi\u00f9. quanto pi\u00f9 possibile alle persone che si \u00e8 voluto bene. Per questo sono importanti i rituali:Continue reading...\" \/>\n<meta property=\"og:url\" content=\"https:\/\/www.article-marketing.eu\/comunicatistampa\/donazioni-in-memoria-con-la-fondazione-sofia\/\" \/>\n<meta property=\"og:site_name\" content=\"Article Marketing\" \/>\n<meta property=\"article:published_time\" content=\"2017-08-16T19:34:05+00:00\" \/>\n<meta name=\"author\" content=\"SergioPietra\" \/>\n<meta name=\"twitter:card\" content=\"summary_large_image\" \/>\n<meta name=\"twitter:label1\" content=\"Scritto da\" \/>\n\t<meta name=\"twitter:data1\" content=\"SergioPietra\" \/>\n\t<meta name=\"twitter:label2\" content=\"Tempo di lettura stimato\" \/>\n\t<meta name=\"twitter:data2\" content=\"3 minuti\" \/>\n<script type=\"application\/ld+json\" class=\"yoast-schema-graph\">{\"@context\":\"https:\\\/\\\/schema.org\",\"@graph\":[{\"@type\":\"Article\",\"@id\":\"https:\\\/\\\/www.article-marketing.eu\\\/comunicatistampa\\\/donazioni-in-memoria-con-la-fondazione-sofia\\\/#article\",\"isPartOf\":{\"@id\":\"https:\\\/\\\/www.article-marketing.eu\\\/comunicatistampa\\\/donazioni-in-memoria-con-la-fondazione-sofia\\\/\"},\"author\":{\"name\":\"SergioPietra\",\"@id\":\"https:\\\/\\\/www.article-marketing.eu\\\/comunicatistampa\\\/#\\\/schema\\\/person\\\/4b4a01ea80c437147a1b2c7460f3cd8b\"},\"headline\":\"Donazioni in Memoria con la Fondazione Sofia\",\"datePublished\":\"2017-08-16T19:34:05+00:00\",\"mainEntityOfPage\":{\"@id\":\"https:\\\/\\\/www.article-marketing.eu\\\/comunicatistampa\\\/donazioni-in-memoria-con-la-fondazione-sofia\\\/\"},\"wordCount\":538,\"commentCount\":0,\"keywords\":[\"donazioni in memoria\",\"lasciti\",\"lascito testamentario\"],\"articleSection\":[\"Persone\"],\"inLanguage\":\"it-IT\",\"potentialAction\":[{\"@type\":\"CommentAction\",\"name\":\"Comment\",\"target\":[\"https:\\\/\\\/www.article-marketing.eu\\\/comunicatistampa\\\/donazioni-in-memoria-con-la-fondazione-sofia\\\/#respond\"]}]},{\"@type\":\"WebPage\",\"@id\":\"https:\\\/\\\/www.article-marketing.eu\\\/comunicatistampa\\\/donazioni-in-memoria-con-la-fondazione-sofia\\\/\",\"url\":\"https:\\\/\\\/www.article-marketing.eu\\\/comunicatistampa\\\/donazioni-in-memoria-con-la-fondazione-sofia\\\/\",\"name\":\"Donazioni in Memoria con la Fondazione Sofia - Article Marketing\",\"isPartOf\":{\"@id\":\"https:\\\/\\\/www.article-marketing.eu\\\/comunicatistampa\\\/#website\"},\"datePublished\":\"2017-08-16T19:34:05+00:00\",\"author\":{\"@id\":\"https:\\\/\\\/www.article-marketing.eu\\\/comunicatistampa\\\/#\\\/schema\\\/person\\\/4b4a01ea80c437147a1b2c7460f3cd8b\"},\"breadcrumb\":{\"@id\":\"https:\\\/\\\/www.article-marketing.eu\\\/comunicatistampa\\\/donazioni-in-memoria-con-la-fondazione-sofia\\\/#breadcrumb\"},\"inLanguage\":\"it-IT\",\"potentialAction\":[{\"@type\":\"ReadAction\",\"target\":[\"https:\\\/\\\/www.article-marketing.eu\\\/comunicatistampa\\\/donazioni-in-memoria-con-la-fondazione-sofia\\\/\"]}]},{\"@type\":\"BreadcrumbList\",\"@id\":\"https:\\\/\\\/www.article-marketing.eu\\\/comunicatistampa\\\/donazioni-in-memoria-con-la-fondazione-sofia\\\/#breadcrumb\",\"itemListElement\":[{\"@type\":\"ListItem\",\"position\":1,\"name\":\"Home\",\"item\":\"https:\\\/\\\/www.article-marketing.eu\\\/comunicatistampa\\\/\"},{\"@type\":\"ListItem\",\"position\":2,\"name\":\"Donazioni in Memoria con la Fondazione Sofia\"}]},{\"@type\":\"WebSite\",\"@id\":\"https:\\\/\\\/www.article-marketing.eu\\\/comunicatistampa\\\/#website\",\"url\":\"https:\\\/\\\/www.article-marketing.eu\\\/comunicatistampa\\\/\",\"name\":\"Article Marketing\",\"description\":\"article marketing &amp; press release\",\"potentialAction\":[{\"@type\":\"SearchAction\",\"target\":{\"@type\":\"EntryPoint\",\"urlTemplate\":\"https:\\\/\\\/www.article-marketing.eu\\\/comunicatistampa\\\/?s={search_term_string}\"},\"query-input\":{\"@type\":\"PropertyValueSpecification\",\"valueRequired\":true,\"valueName\":\"search_term_string\"}}],\"inLanguage\":\"it-IT\"},{\"@type\":\"Person\",\"@id\":\"https:\\\/\\\/www.article-marketing.eu\\\/comunicatistampa\\\/#\\\/schema\\\/person\\\/4b4a01ea80c437147a1b2c7460f3cd8b\",\"name\":\"SergioPietra\",\"image\":{\"@type\":\"ImageObject\",\"inLanguage\":\"it-IT\",\"@id\":\"https:\\\/\\\/secure.gravatar.com\\\/avatar\\\/a465bb67c7e2bcdd14e5a8b3e708308d02bf887eb9a9f4daada9450be41e4a60?s=96&d=mm&r=g\",\"url\":\"https:\\\/\\\/secure.gravatar.com\\\/avatar\\\/a465bb67c7e2bcdd14e5a8b3e708308d02bf887eb9a9f4daada9450be41e4a60?s=96&d=mm&r=g\",\"contentUrl\":\"https:\\\/\\\/secure.gravatar.com\\\/avatar\\\/a465bb67c7e2bcdd14e5a8b3e708308d02bf887eb9a9f4daada9450be41e4a60?s=96&d=mm&r=g\",\"caption\":\"SergioPietra\"},\"url\":\"https:\\\/\\\/www.article-marketing.eu\\\/comunicatistampa\\\/author\\\/sergiopietra\\\/\"}]}<\/script>\n<!-- \/ Yoast SEO plugin. -->","yoast_head_json":{"title":"Donazioni in Memoria con la Fondazione Sofia - Article Marketing","robots":{"index":"index","follow":"follow","max-snippet":"max-snippet:-1","max-image-preview":"max-image-preview:large","max-video-preview":"max-video-preview:-1"},"canonical":"https:\/\/www.article-marketing.eu\/comunicatistampa\/donazioni-in-memoria-con-la-fondazione-sofia\/","og_locale":"it_IT","og_type":"article","og_title":"Donazioni in Memoria con la Fondazione Sofia - Article Marketing","og_description":"Tra le difficolt\u00e0 pi\u00f9 grandi della vita, sicuramente c\u2019\u00e8 la fine di questa. Per quanto ci si prepari alla dipartita certa di ogni conoscente e parente, \u00e8 un istinto naturale quello di rimanere legati con la disperazione, il pianto o anche il silenzio alla persona che abbiamo amato e che ormai non c\u2019\u00e8 pi\u00f9. quanto pi\u00f9 possibile alle persone che si \u00e8 voluto bene. Per questo sono importanti i rituali:Continue reading...","og_url":"https:\/\/www.article-marketing.eu\/comunicatistampa\/donazioni-in-memoria-con-la-fondazione-sofia\/","og_site_name":"Article Marketing","article_published_time":"2017-08-16T19:34:05+00:00","author":"SergioPietra","twitter_card":"summary_large_image","twitter_misc":{"Scritto da":"SergioPietra","Tempo di lettura stimato":"3 minuti"},"schema":{"@context":"https:\/\/schema.org","@graph":[{"@type":"Article","@id":"https:\/\/www.article-marketing.eu\/comunicatistampa\/donazioni-in-memoria-con-la-fondazione-sofia\/#article","isPartOf":{"@id":"https:\/\/www.article-marketing.eu\/comunicatistampa\/donazioni-in-memoria-con-la-fondazione-sofia\/"},"author":{"name":"SergioPietra","@id":"https:\/\/www.article-marketing.eu\/comunicatistampa\/#\/schema\/person\/4b4a01ea80c437147a1b2c7460f3cd8b"},"headline":"Donazioni in Memoria con la Fondazione Sofia","datePublished":"2017-08-16T19:34:05+00:00","mainEntityOfPage":{"@id":"https:\/\/www.article-marketing.eu\/comunicatistampa\/donazioni-in-memoria-con-la-fondazione-sofia\/"},"wordCount":538,"commentCount":0,"keywords":["donazioni in memoria","lasciti","lascito testamentario"],"articleSection":["Persone"],"inLanguage":"it-IT","potentialAction":[{"@type":"CommentAction","name":"Comment","target":["https:\/\/www.article-marketing.eu\/comunicatistampa\/donazioni-in-memoria-con-la-fondazione-sofia\/#respond"]}]},{"@type":"WebPage","@id":"https:\/\/www.article-marketing.eu\/comunicatistampa\/donazioni-in-memoria-con-la-fondazione-sofia\/","url":"https:\/\/www.article-marketing.eu\/comunicatistampa\/donazioni-in-memoria-con-la-fondazione-sofia\/","name":"Donazioni in Memoria con la Fondazione Sofia - Article Marketing","isPartOf":{"@id":"https:\/\/www.article-marketing.eu\/comunicatistampa\/#website"},"datePublished":"2017-08-16T19:34:05+00:00","author":{"@id":"https:\/\/www.article-marketing.eu\/comunicatistampa\/#\/schema\/person\/4b4a01ea80c437147a1b2c7460f3cd8b"},"breadcrumb":{"@id":"https:\/\/www.article-marketing.eu\/comunicatistampa\/donazioni-in-memoria-con-la-fondazione-sofia\/#breadcrumb"},"inLanguage":"it-IT","potentialAction":[{"@type":"ReadAction","target":["https:\/\/www.article-marketing.eu\/comunicatistampa\/donazioni-in-memoria-con-la-fondazione-sofia\/"]}]},{"@type":"BreadcrumbList","@id":"https:\/\/www.article-marketing.eu\/comunicatistampa\/donazioni-in-memoria-con-la-fondazione-sofia\/#breadcrumb","itemListElement":[{"@type":"ListItem","position":1,"name":"Home","item":"https:\/\/www.article-marketing.eu\/comunicatistampa\/"},{"@type":"ListItem","position":2,"name":"Donazioni in Memoria con la Fondazione Sofia"}]},{"@type":"WebSite","@id":"https:\/\/www.article-marketing.eu\/comunicatistampa\/#website","url":"https:\/\/www.article-marketing.eu\/comunicatistampa\/","name":"Article Marketing","description":"article marketing &amp; press release","potentialAction":[{"@type":"SearchAction","target":{"@type":"EntryPoint","urlTemplate":"https:\/\/www.article-marketing.eu\/comunicatistampa\/?s={search_term_string}"},"query-input":{"@type":"PropertyValueSpecification","valueRequired":true,"valueName":"search_term_string"}}],"inLanguage":"it-IT"},{"@type":"Person","@id":"https:\/\/www.article-marketing.eu\/comunicatistampa\/#\/schema\/person\/4b4a01ea80c437147a1b2c7460f3cd8b","name":"SergioPietra","image":{"@type":"ImageObject","inLanguage":"it-IT","@id":"https:\/\/secure.gravatar.com\/avatar\/a465bb67c7e2bcdd14e5a8b3e708308d02bf887eb9a9f4daada9450be41e4a60?s=96&d=mm&r=g","url":"https:\/\/secure.gravatar.com\/avatar\/a465bb67c7e2bcdd14e5a8b3e708308d02bf887eb9a9f4daada9450be41e4a60?s=96&d=mm&r=g","contentUrl":"https:\/\/secure.gravatar.com\/avatar\/a465bb67c7e2bcdd14e5a8b3e708308d02bf887eb9a9f4daada9450be41e4a60?s=96&d=mm&r=g","caption":"SergioPietra"},"url":"https:\/\/www.article-marketing.eu\/comunicatistampa\/author\/sergiopietra\/"}]}},"_links":{"self":[{"href":"https:\/\/www.article-marketing.eu\/comunicatistampa\/wp-json\/wp\/v2\/posts\/4693","targetHints":{"allow":["GET"]}}],"collection":[{"href":"https:\/\/www.article-marketing.eu\/comunicatistampa\/wp-json\/wp\/v2\/posts"}],"about":[{"href":"https:\/\/www.article-marketing.eu\/comunicatistampa\/wp-json\/wp\/v2\/types\/post"}],"author":[{"embeddable":true,"href":"https:\/\/www.article-marketing.eu\/comunicatistampa\/wp-json\/wp\/v2\/users\/486"}],"replies":[{"embeddable":true,"href":"https:\/\/www.article-marketing.eu\/comunicatistampa\/wp-json\/wp\/v2\/comments?post=4693"}],"version-history":[{"count":2,"href":"https:\/\/www.article-marketing.eu\/comunicatistampa\/wp-json\/wp\/v2\/posts\/4693\/revisions"}],"predecessor-version":[{"id":4704,"href":"https:\/\/www.article-marketing.eu\/comunicatistampa\/wp-json\/wp\/v2\/posts\/4693\/revisions\/4704"}],"wp:attachment":[{"href":"https:\/\/www.article-marketing.eu\/comunicatistampa\/wp-json\/wp\/v2\/media?parent=4693"}],"wp:term":[{"taxonomy":"category","embeddable":true,"href":"https:\/\/www.article-marketing.eu\/comunicatistampa\/wp-json\/wp\/v2\/categories?post=4693"},{"taxonomy":"post_tag","embeddable":true,"href":"https:\/\/www.article-marketing.eu\/comunicatistampa\/wp-json\/wp\/v2\/tags?post=4693"}],"curies":[{"name":"wp","href":"https:\/\/api.w.org\/{rel}","templated":true}]}}