{"id":4831,"date":"2017-08-25T23:20:22","date_gmt":"2017-08-25T21:20:22","guid":{"rendered":"http:\/\/www.article-marketing.eu\/comunicatistampa\/?p=4831"},"modified":"2017-08-25T23:20:22","modified_gmt":"2017-08-25T21:20:22","slug":"festa-tema-luci-fluo","status":"publish","type":"post","link":"https:\/\/www.article-marketing.eu\/comunicatistampa\/festa-tema-luci-fluo\/","title":{"rendered":"Festa a tema luci e fluo!"},"content":{"rendered":"<h2><span style=\"font-family: Roboto;\"><span style=\"font-size: medium;\"><span style=\"color: #000000;\"><span style=\"font-family: Arial, sans-serif;\"><span style=\"color: #4a4a4a;\">Vuoi rendere brillante la cena all\u2019aperto con i tuoi amici? Allore segui questi semplici consigli!<\/span><\/span><\/span><\/span><\/span><\/h2>\n<h2><span style=\"font-family: Roboto;\"><span style=\"font-size: medium;\"><span style=\"color: #000000;\"><span style=\"font-family: Arial, sans-serif;\"><span style=\"color: #4a4a4a;\">A<\/span><\/span><\/span><span style=\"color: #000000;\"><span style=\"font-family: Arial, sans-serif;\">n<\/span><span style=\"font-family: Arial, sans-serif;\">cora puoi farlo! Bastano pochi <\/span><span style=\"font-family: Arial, sans-serif;\">e <\/span><span style=\"font-family: Arial, sans-serif;\">semplici trucchi e idee fai da te per rendere terrazzo o giardino un <\/span><span style=\"font-family: Arial, sans-serif;\">posto<\/span><span style=\"font-family: Arial, sans-serif;\"> speciale. Apparecchia all\u2019aria aperta e improvvisati a ricreare una festa a tema luminosa e fluorescente con pochi accessori ma di grande effetto.<\/span><\/span><\/span><\/span><\/h2>\n<p>&nbsp;<\/p>\n<p><span style=\"font-family: Roboto;\"><span style=\"font-size: medium;\"><span style=\"color: #000000;\"><span style=\"font-family: Arial, sans-serif;\"><span style=\"color: #4a4a4a;\">Sto parlando delle luci dell\u2019albero di Natale&#8230;chi lo dice che non si pu\u00f2 perch\u00e9 \u00e8 estate? Addobba la location con i fili luci led caldo, freddo o colorato <\/span><\/span><\/span><span style=\"color: #000000;\"><span style=\"font-family: Arial, sans-serif;\">attaccandoli<\/span><span style=\"font-family: Arial, sans-serif;\"> da un albero all\u2019altro, sotto il gazebo o lungo il corrimano delle scale. Saranno dei faretti suggestivi e alternativi alla normale illuminazione esterna.<\/span><\/span><\/span><\/span><\/p>\n<p><span style=\"font-family: Roboto;\"><span style=\"font-size: medium;\"><span style=\"color: #000000;\"><span style=\"font-family: Arial, sans-serif;\"><span style=\"color: #4a4a4a;\">L\u2019effetto finale sar\u00e0 ovviamente molto trendy e alla moda perch\u00e9 avrai ricreato un piccolo <\/span><\/span><\/span><span style=\"color: #000000;\"><span style=\"font-family: Arial, sans-serif;\">angolo<\/span><span style=\"font-family: Arial, sans-serif;\"> in stile shabby chic a casa tua!<\/span><\/span><\/span><\/span><\/p>\n<p><span style=\"font-family: Roboto;\"><span style=\"font-size: medium;\"><span style=\"color: #000000;\"><span style=\"font-family: Arial, sans-serif;\"><span style=\"color: #4a4a4a;\">Oltre ai fili luci led che fanno festa, dai un tocco fluo a tutta l\u2019ambientazione che hai <\/span><\/span><\/span><span style=\"color: #000000;\"><span style=\"font-family: Arial, sans-serif;\">ri<\/span><span style=\"font-family: Arial, sans-serif;\">creato. Usa collane luminose fluorescenti o pi\u00f9 comunemente <\/span><span style=\"font-family: Arial, sans-serif;\">gli<\/span><span style=\"font-family: Arial, sans-serif;\"> starlights <\/span><span style=\"font-family: Arial, sans-serif;\">che si usano ai concerti o in discoteca.<\/span><\/span><\/span><\/span><\/p>\n<p>&nbsp;<\/p>\n<p><span style=\"font-family: Roboto;\"><span style=\"font-size: medium;\"><span style=\"color: #000000;\"><span style=\"font-family: Arial, sans-serif;\"><span style=\"color: #4a4a4a;\">Questi accessori luminosi faranno da decorazione per la festa a tema luminosa, ma saranno anche un ottima idea regalo o piccolo pensiero per i tuoi ospiti. I tuoi amici si divertiranno ad indossarli e scattare tante foto come per un Photo Booth fai da te.<\/span><\/span><\/span><\/span><\/span><\/p>\n<p><span style=\"color: #000000;\"><span style=\"font-family: Arial, sans-serif;\"><span style=\"font-size: medium;\">Se qualche collana ti avanza o ti si rompe in anticipo, versa il liquido fluorescente luminoso contenuto all\u2019interno in barattoli di vetro trasparenti con aggiunta di acqua! L\u2019effetto sar\u00e0 incredibile e <\/span><\/span><\/span><span style=\"color: #000000;\"><span style=\"font-family: Arial, sans-serif;\"><span style=\"font-size: medium;\">scintillante<\/span><\/span><\/span><span style=\"color: #000000;\"><span style=\"font-family: Arial, sans-serif;\"><span style=\"font-size: medium;\">! Attacca i vasi con fili come lanterne luminose dall\u2019alto o nel prato come segnavia luminos<\/span><\/span><\/span><span style=\"color: #000000;\"><span style=\"font-family: Arial, sans-serif;\"><span style=\"font-size: medium;\">i<\/span><\/span><\/span><span style=\"color: #000000;\"><span style=\"font-family: Arial, sans-serif;\"><span style=\"font-size: medium;\">. <\/span><\/span><\/span><span style=\"color: #000000;\"><span style=\"font-family: Arial, sans-serif;\"><span style=\"font-size: medium;\">Regala ai tuoi invitati per concludere la serata, una magica sorpresa: fai esprimere un desiderio a tutti lanciando le Lanterne volanti dei Desideri <\/span><\/span><\/span><span style=\"color: #000000;\"><span style=\"font-family: Arial, sans-serif;\"><span style=\"font-size: medium;\">nel cielo!<\/span><\/span><\/span><\/p>\n<p>Questi sono ottimi accessori per organizzare una festa o cena a tema luci fluo! \u00a0Cosa aspetti!<\/p>\n","protected":false},"excerpt":{"rendered":"<p>Vuoi rendere brillante la cena all\u2019aperto con i tuoi amici? Allore segui questi semplici consigli! Ancora puoi farlo! Bastano pochi e semplici trucchi e idee fai da te per rendere terrazzo o giardino un posto speciale. Apparecchia all\u2019aria aperta e improvvisati a ricreare una festa a tema luminosa e fluorescente con pochi accessori ma di grande effetto. &nbsp; Sto parlando delle luci dell\u2019albero di Natale&#8230;chi lo dice che non si<\/p>\n<p><a class=\"continue-reading\" href=\"https:\/\/www.article-marketing.eu\/comunicatistampa\/festa-tema-luci-fluo\/\">Continue reading&#8230;<\/a><\/p>\n","protected":false},"author":597,"featured_media":0,"comment_status":"open","ping_status":"open","sticky":false,"template":"","format":"link","meta":{"_monsterinsights_skip_tracking":false,"_monsterinsights_sitenote_active":false,"_monsterinsights_sitenote_note":"","_monsterinsights_sitenote_category":0,"footnotes":""},"categories":[78,392,394],"tags":[2335,2331,2332,2330,2329,2334,2333],"class_list":["post-4831","post","type-post","status-publish","format-link","hentry","category-comunicati-stampa","category-eventi","category-servizi","tag-decorazione-terrazzo","tag-festa","tag-festa-a-tema","tag-festa-a-tema-fluo","tag-festa-a-tema-luci","tag-fili-luci","tag-lanterne-volanti","post_format-post-format-link"],"yoast_head":"<!-- This site is optimized with the Yoast SEO plugin v27.3 - https:\/\/yoast.com\/product\/yoast-seo-wordpress\/ -->\n<title>Festa a tema luci e fluo! - Article Marketing<\/title>\n<meta name=\"robots\" content=\"index, follow, max-snippet:-1, max-image-preview:large, max-video-preview:-1\" \/>\n<link rel=\"canonical\" href=\"https:\/\/www.article-marketing.eu\/comunicatistampa\/festa-tema-luci-fluo\/\" \/>\n<meta property=\"og:locale\" content=\"it_IT\" \/>\n<meta property=\"og:type\" content=\"article\" \/>\n<meta property=\"og:title\" content=\"Festa a tema luci e fluo! - Article Marketing\" \/>\n<meta property=\"og:description\" content=\"Vuoi rendere brillante la cena all\u2019aperto con i tuoi amici? Allore segui questi semplici consigli! Ancora puoi farlo! Bastano pochi e semplici trucchi e idee fai da te per rendere terrazzo o giardino un posto speciale. Apparecchia all\u2019aria aperta e improvvisati a ricreare una festa a tema luminosa e fluorescente con pochi accessori ma di grande effetto. &nbsp; Sto parlando delle luci dell\u2019albero di Natale&#8230;chi lo dice che non siContinue reading...\" \/>\n<meta property=\"og:url\" content=\"https:\/\/www.article-marketing.eu\/comunicatistampa\/festa-tema-luci-fluo\/\" \/>\n<meta property=\"og:site_name\" content=\"Article Marketing\" \/>\n<meta property=\"article:published_time\" content=\"2017-08-25T21:20:22+00:00\" \/>\n<meta name=\"author\" content=\"partyngs\" \/>\n<meta name=\"twitter:card\" content=\"summary_large_image\" \/>\n<meta name=\"twitter:label1\" content=\"Scritto da\" \/>\n\t<meta name=\"twitter:data1\" content=\"partyngs\" \/>\n\t<meta name=\"twitter:label2\" content=\"Tempo di lettura stimato\" \/>\n\t<meta name=\"twitter:data2\" content=\"2 minuti\" \/>\n<script type=\"application\/ld+json\" class=\"yoast-schema-graph\">{\"@context\":\"https:\\\/\\\/schema.org\",\"@graph\":[{\"@type\":\"Article\",\"@id\":\"https:\\\/\\\/www.article-marketing.eu\\\/comunicatistampa\\\/festa-tema-luci-fluo\\\/#article\",\"isPartOf\":{\"@id\":\"https:\\\/\\\/www.article-marketing.eu\\\/comunicatistampa\\\/festa-tema-luci-fluo\\\/\"},\"author\":{\"name\":\"partyngs\",\"@id\":\"https:\\\/\\\/www.article-marketing.eu\\\/comunicatistampa\\\/#\\\/schema\\\/person\\\/c8a9b0de4b692bd6942b926013095c9a\"},\"headline\":\"Festa a tema luci e fluo!\",\"datePublished\":\"2017-08-25T21:20:22+00:00\",\"mainEntityOfPage\":{\"@id\":\"https:\\\/\\\/www.article-marketing.eu\\\/comunicatistampa\\\/festa-tema-luci-fluo\\\/\"},\"wordCount\":320,\"commentCount\":0,\"keywords\":[\"decorazione terrazzo\",\"festa\",\"festa a tema\",\"festa a tema fluo\",\"festa a tema luci\",\"fili luci\",\"lanterne volanti\"],\"articleSection\":[\"Comunicati stampa\",\"Eventi\",\"Servizi\"],\"inLanguage\":\"it-IT\",\"potentialAction\":[{\"@type\":\"CommentAction\",\"name\":\"Comment\",\"target\":[\"https:\\\/\\\/www.article-marketing.eu\\\/comunicatistampa\\\/festa-tema-luci-fluo\\\/#respond\"]}]},{\"@type\":\"WebPage\",\"@id\":\"https:\\\/\\\/www.article-marketing.eu\\\/comunicatistampa\\\/festa-tema-luci-fluo\\\/\",\"url\":\"https:\\\/\\\/www.article-marketing.eu\\\/comunicatistampa\\\/festa-tema-luci-fluo\\\/\",\"name\":\"Festa a tema luci e fluo! - Article Marketing\",\"isPartOf\":{\"@id\":\"https:\\\/\\\/www.article-marketing.eu\\\/comunicatistampa\\\/#website\"},\"datePublished\":\"2017-08-25T21:20:22+00:00\",\"author\":{\"@id\":\"https:\\\/\\\/www.article-marketing.eu\\\/comunicatistampa\\\/#\\\/schema\\\/person\\\/c8a9b0de4b692bd6942b926013095c9a\"},\"breadcrumb\":{\"@id\":\"https:\\\/\\\/www.article-marketing.eu\\\/comunicatistampa\\\/festa-tema-luci-fluo\\\/#breadcrumb\"},\"inLanguage\":\"it-IT\",\"potentialAction\":[{\"@type\":\"ReadAction\",\"target\":[\"https:\\\/\\\/www.article-marketing.eu\\\/comunicatistampa\\\/festa-tema-luci-fluo\\\/\"]}]},{\"@type\":\"BreadcrumbList\",\"@id\":\"https:\\\/\\\/www.article-marketing.eu\\\/comunicatistampa\\\/festa-tema-luci-fluo\\\/#breadcrumb\",\"itemListElement\":[{\"@type\":\"ListItem\",\"position\":1,\"name\":\"Home\",\"item\":\"https:\\\/\\\/www.article-marketing.eu\\\/comunicatistampa\\\/\"},{\"@type\":\"ListItem\",\"position\":2,\"name\":\"Festa a tema luci e fluo!\"}]},{\"@type\":\"WebSite\",\"@id\":\"https:\\\/\\\/www.article-marketing.eu\\\/comunicatistampa\\\/#website\",\"url\":\"https:\\\/\\\/www.article-marketing.eu\\\/comunicatistampa\\\/\",\"name\":\"Article Marketing\",\"description\":\"article marketing &amp; press release\",\"potentialAction\":[{\"@type\":\"SearchAction\",\"target\":{\"@type\":\"EntryPoint\",\"urlTemplate\":\"https:\\\/\\\/www.article-marketing.eu\\\/comunicatistampa\\\/?s={search_term_string}\"},\"query-input\":{\"@type\":\"PropertyValueSpecification\",\"valueRequired\":true,\"valueName\":\"search_term_string\"}}],\"inLanguage\":\"it-IT\"},{\"@type\":\"Person\",\"@id\":\"https:\\\/\\\/www.article-marketing.eu\\\/comunicatistampa\\\/#\\\/schema\\\/person\\\/c8a9b0de4b692bd6942b926013095c9a\",\"name\":\"partyngs\",\"image\":{\"@type\":\"ImageObject\",\"inLanguage\":\"it-IT\",\"@id\":\"https:\\\/\\\/secure.gravatar.com\\\/avatar\\\/acb597fcd742bd1228ad926cf2e2e1be1ad83cf492da1ff50f19554879b721de?s=96&d=mm&r=g\",\"url\":\"https:\\\/\\\/secure.gravatar.com\\\/avatar\\\/acb597fcd742bd1228ad926cf2e2e1be1ad83cf492da1ff50f19554879b721de?s=96&d=mm&r=g\",\"contentUrl\":\"https:\\\/\\\/secure.gravatar.com\\\/avatar\\\/acb597fcd742bd1228ad926cf2e2e1be1ad83cf492da1ff50f19554879b721de?s=96&d=mm&r=g\",\"caption\":\"partyngs\"},\"url\":\"https:\\\/\\\/www.article-marketing.eu\\\/comunicatistampa\\\/author\\\/partyngs\\\/\"}]}<\/script>\n<!-- \/ Yoast SEO plugin. -->","yoast_head_json":{"title":"Festa a tema luci e fluo! - Article Marketing","robots":{"index":"index","follow":"follow","max-snippet":"max-snippet:-1","max-image-preview":"max-image-preview:large","max-video-preview":"max-video-preview:-1"},"canonical":"https:\/\/www.article-marketing.eu\/comunicatistampa\/festa-tema-luci-fluo\/","og_locale":"it_IT","og_type":"article","og_title":"Festa a tema luci e fluo! - Article Marketing","og_description":"Vuoi rendere brillante la cena all\u2019aperto con i tuoi amici? Allore segui questi semplici consigli! Ancora puoi farlo! Bastano pochi e semplici trucchi e idee fai da te per rendere terrazzo o giardino un posto speciale. Apparecchia all\u2019aria aperta e improvvisati a ricreare una festa a tema luminosa e fluorescente con pochi accessori ma di grande effetto. &nbsp; Sto parlando delle luci dell\u2019albero di Natale&#8230;chi lo dice che non siContinue reading...","og_url":"https:\/\/www.article-marketing.eu\/comunicatistampa\/festa-tema-luci-fluo\/","og_site_name":"Article Marketing","article_published_time":"2017-08-25T21:20:22+00:00","author":"partyngs","twitter_card":"summary_large_image","twitter_misc":{"Scritto da":"partyngs","Tempo di lettura stimato":"2 minuti"},"schema":{"@context":"https:\/\/schema.org","@graph":[{"@type":"Article","@id":"https:\/\/www.article-marketing.eu\/comunicatistampa\/festa-tema-luci-fluo\/#article","isPartOf":{"@id":"https:\/\/www.article-marketing.eu\/comunicatistampa\/festa-tema-luci-fluo\/"},"author":{"name":"partyngs","@id":"https:\/\/www.article-marketing.eu\/comunicatistampa\/#\/schema\/person\/c8a9b0de4b692bd6942b926013095c9a"},"headline":"Festa a tema luci e fluo!","datePublished":"2017-08-25T21:20:22+00:00","mainEntityOfPage":{"@id":"https:\/\/www.article-marketing.eu\/comunicatistampa\/festa-tema-luci-fluo\/"},"wordCount":320,"commentCount":0,"keywords":["decorazione terrazzo","festa","festa a tema","festa a tema fluo","festa a tema luci","fili luci","lanterne volanti"],"articleSection":["Comunicati stampa","Eventi","Servizi"],"inLanguage":"it-IT","potentialAction":[{"@type":"CommentAction","name":"Comment","target":["https:\/\/www.article-marketing.eu\/comunicatistampa\/festa-tema-luci-fluo\/#respond"]}]},{"@type":"WebPage","@id":"https:\/\/www.article-marketing.eu\/comunicatistampa\/festa-tema-luci-fluo\/","url":"https:\/\/www.article-marketing.eu\/comunicatistampa\/festa-tema-luci-fluo\/","name":"Festa a tema luci e fluo! - Article Marketing","isPartOf":{"@id":"https:\/\/www.article-marketing.eu\/comunicatistampa\/#website"},"datePublished":"2017-08-25T21:20:22+00:00","author":{"@id":"https:\/\/www.article-marketing.eu\/comunicatistampa\/#\/schema\/person\/c8a9b0de4b692bd6942b926013095c9a"},"breadcrumb":{"@id":"https:\/\/www.article-marketing.eu\/comunicatistampa\/festa-tema-luci-fluo\/#breadcrumb"},"inLanguage":"it-IT","potentialAction":[{"@type":"ReadAction","target":["https:\/\/www.article-marketing.eu\/comunicatistampa\/festa-tema-luci-fluo\/"]}]},{"@type":"BreadcrumbList","@id":"https:\/\/www.article-marketing.eu\/comunicatistampa\/festa-tema-luci-fluo\/#breadcrumb","itemListElement":[{"@type":"ListItem","position":1,"name":"Home","item":"https:\/\/www.article-marketing.eu\/comunicatistampa\/"},{"@type":"ListItem","position":2,"name":"Festa a tema luci e fluo!"}]},{"@type":"WebSite","@id":"https:\/\/www.article-marketing.eu\/comunicatistampa\/#website","url":"https:\/\/www.article-marketing.eu\/comunicatistampa\/","name":"Article Marketing","description":"article marketing &amp; press release","potentialAction":[{"@type":"SearchAction","target":{"@type":"EntryPoint","urlTemplate":"https:\/\/www.article-marketing.eu\/comunicatistampa\/?s={search_term_string}"},"query-input":{"@type":"PropertyValueSpecification","valueRequired":true,"valueName":"search_term_string"}}],"inLanguage":"it-IT"},{"@type":"Person","@id":"https:\/\/www.article-marketing.eu\/comunicatistampa\/#\/schema\/person\/c8a9b0de4b692bd6942b926013095c9a","name":"partyngs","image":{"@type":"ImageObject","inLanguage":"it-IT","@id":"https:\/\/secure.gravatar.com\/avatar\/acb597fcd742bd1228ad926cf2e2e1be1ad83cf492da1ff50f19554879b721de?s=96&d=mm&r=g","url":"https:\/\/secure.gravatar.com\/avatar\/acb597fcd742bd1228ad926cf2e2e1be1ad83cf492da1ff50f19554879b721de?s=96&d=mm&r=g","contentUrl":"https:\/\/secure.gravatar.com\/avatar\/acb597fcd742bd1228ad926cf2e2e1be1ad83cf492da1ff50f19554879b721de?s=96&d=mm&r=g","caption":"partyngs"},"url":"https:\/\/www.article-marketing.eu\/comunicatistampa\/author\/partyngs\/"}]}},"_links":{"self":[{"href":"https:\/\/www.article-marketing.eu\/comunicatistampa\/wp-json\/wp\/v2\/posts\/4831","targetHints":{"allow":["GET"]}}],"collection":[{"href":"https:\/\/www.article-marketing.eu\/comunicatistampa\/wp-json\/wp\/v2\/posts"}],"about":[{"href":"https:\/\/www.article-marketing.eu\/comunicatistampa\/wp-json\/wp\/v2\/types\/post"}],"author":[{"embeddable":true,"href":"https:\/\/www.article-marketing.eu\/comunicatistampa\/wp-json\/wp\/v2\/users\/597"}],"replies":[{"embeddable":true,"href":"https:\/\/www.article-marketing.eu\/comunicatistampa\/wp-json\/wp\/v2\/comments?post=4831"}],"version-history":[{"count":4,"href":"https:\/\/www.article-marketing.eu\/comunicatistampa\/wp-json\/wp\/v2\/posts\/4831\/revisions"}],"predecessor-version":[{"id":4845,"href":"https:\/\/www.article-marketing.eu\/comunicatistampa\/wp-json\/wp\/v2\/posts\/4831\/revisions\/4845"}],"wp:attachment":[{"href":"https:\/\/www.article-marketing.eu\/comunicatistampa\/wp-json\/wp\/v2\/media?parent=4831"}],"wp:term":[{"taxonomy":"category","embeddable":true,"href":"https:\/\/www.article-marketing.eu\/comunicatistampa\/wp-json\/wp\/v2\/categories?post=4831"},{"taxonomy":"post_tag","embeddable":true,"href":"https:\/\/www.article-marketing.eu\/comunicatistampa\/wp-json\/wp\/v2\/tags?post=4831"}],"curies":[{"name":"wp","href":"https:\/\/api.w.org\/{rel}","templated":true}]}}